{"id":108609,"date":"2016-05-02T09:39:54","date_gmt":"2016-05-02T12:39:54","guid":{"rendered":"http:\/\/franciscanos.org.br\/?p=108609"},"modified":"2020-02-11T13:10:06","modified_gmt":"2020-02-11T16:10:06","slug":"ordem-franciscana-reforca-presenca-na-amazonia","status":"publish","type":"post","link":"https:\/\/franciscanos.org.br\/noticias\/ordem-franciscana-reforca-presenca-na-amazonia.html","title":{"rendered":"Ordem Franciscana refor\u00e7a presen\u00e7a na Amaz\u00f4nia"},"content":{"rendered":"<p><img loading=\"lazy\" src=\"http:\/\/franciscanos.org.br\/wp-content\/uploads\/2016\/05\/uclaf.jpg\" alt=\"uclaf\" width=\"820\" height=\"371\" \/><\/p>\n<p>Movidos pelo Esp\u00edrito Santo, no contexto do Jubileu da Miseric\u00f3rdia e a comemora\u00e7\u00e3o dos 800 anos do Perd\u00e3o de Assis, os irm\u00e3os franciscanos, Ministros provinciais e Cust\u00f3dios da Am\u00e9rica Latina e do Caribe, se reuniram, de 25 a 29 de abril, em Santa Cruz de la Sierra (Amaz\u00f4nia Boliviana), onde foram generosamente acolhidos pela Prov\u00edncia Mission\u00e1ria Santo Ant\u00f4nio da Bol\u00edvia e pela Confer\u00eancia Bolivariana para a realiza\u00e7\u00e3o da XXIV Assembleia Geral das Confer\u00eancias Latino-americanas Franciscanas da Ordem dos Frades Menores (UCLAF). &#8220;Nos reunimos para contemplar, meditar e celebrar nossa vida e miss\u00e3o nos lugares onde o Senhor nos colocou e relan\u00e7ar-nos criativamente &#8216;\u00e0s periferias, com a alegria do Evangelho&#8217;, informou a mensagem com o lema.<\/p>\n<p>A XXIV Assembleia contou com a presen\u00e7a e anima\u00e7\u00e3o do Ministro Geral, Frei Michael Anthony Perry, dos irm\u00e3os Definidores Gerais, Frei Ignacio Ceja e Frei Valmir Ramos, e do Secret\u00e1rio Geral para as Miss\u00f5es e Evangeliza\u00e7\u00e3o, Frei Lu\u00eds Gallardo, que durante todos os dias, estiveram atentos e dispon\u00edveis para escutar os representantes de cada prov\u00edncia e cust\u00f3dia, e tamb\u00e9m para fazer presente as decis\u00f5es (mandatos) do Cap\u00edtulo Geral de 2015 e as diretrizes de anima\u00e7\u00e3o 2016-2017.\u00a0Reuniram-se no Centro Franciscano da Prov\u00edncia de Santo Ant\u00f4nio: 20 ministros, 4 cust\u00f3dios, 2 vig\u00e1rios provinciais e o presidente da funda\u00e7\u00e3o do Haiti.<\/p>\n<div id=\"attachment_108611\" style=\"width: 510px\" class=\"wp-caption alignright\"><img aria-describedby=\"caption-attachment-108611\" loading=\"lazy\" class=\"wp-image-108611 size-full\" src=\"http:\/\/franciscanos.org.br\/wp-content\/uploads\/2016\/05\/michael.jpg\" alt=\"michael\" width=\"500\" height=\"266\" \/><p id=\"caption-attachment-108611\" class=\"wp-caption-text\">Michael, o primeiro \u00e0 direita, e Frei Valmir, o segundo.<\/p><\/div>\n<p>A Prov\u00edncia da Imaculada Concei\u00e7\u00e3o foi representada pelo Ministro Provincial, Frei Fid\u00eancio Vanboemmel, que apesar do frio nesses dias na cidade boliviana, destacou o esp\u00edrito de fraternidade, a troca de experi\u00eancias e sonhos neste Continente Franciscano.<\/p>\n<p><strong>A PROPOSTA DO MINISTRO GERAL<\/strong><\/p>\n<p>No segundo dia da Assembleia, depois de tomar conhecimento da situa\u00e7\u00e3o das Confer\u00eancias, o Ministro Geral dirigiu uma mensagem aos presentes, na qual manifestou sua alegria e a dos irm\u00e3os vindos da C\u00faria Geral de participar deste encontro fraterno. Recordou-lhes que encontros como este s\u00e3o uma bela oportunidade de unir esfor\u00e7os para buscar formas concretas de aprofundar a identidade franciscana, fortalecer o sentido de perten\u00e7a \u00e0 Fraternidade universal e ampliar os horizontes das pr\u00f3prias fronteiras. &#8220;O Definit\u00f3rio Geral e eu estamos absolutamente convencidos que \u00e9 urgente mudar a concep\u00e7\u00e3o tradicional de Prov\u00edncia ou Cust\u00f3dia chegando a ser mais perme\u00e1veis, de modo que nas\u00e7am novas possibilidades para uma colabora\u00e7\u00e3o inter-entidades como consequ\u00eancia natural da viv\u00eancia da Regra e Vida dos Frades Menores&#8221;, disse.<\/p>\n<p>Os convidou ainda a estarem atentos \u00e0s mudan\u00e7as aceleradas que se d\u00e3o no mundo, na Igreja e na Ordem, e a encontrar ou criar novos horizontes de modo a oferecer novas alternativas que nos permitam reconhecer, celebrar e compartilhar a presen\u00e7a e a obra de Deus com todos aqueles que nos rodeiam. &#8220;Al\u00e9m disso, &#8216;somos miss\u00e3o para o mundo&#8217;, como o Papa Francisco assinalou em sua Exorta\u00e7\u00e3o Apost\u00f3lica Evangelii Gaudium&#8221;.<\/p>\n<p>Falou tamb\u00e9m da situa\u00e7\u00e3o dif\u00edcil por que atravessam os Vicariatos da regi\u00e3o confiados \u00e0 Ordem. Insistiu na necessidade de ir mais al\u00e9m das pr\u00e1ticas atuais que enfatizam o trabalho pastoral e social em detrimento da identidade franciscana e de fazer um estudo, di\u00e1logo e planejamento muito s\u00e9rios que levem, talvez, a uma estrat\u00e9gia central, um plano comum franciscano, que permita apoiar melhor os vicariatos.<\/p>\n<p>Tratou tamb\u00e9m de temas como a falta de f\u00e9, esperan\u00e7a e amor em nossas fraternidades, a incultura\u00e7\u00e3o, a pobreza e a simplicidade de vida, e os novos desafios que enfrenta a Ordem na Europa. Com base nos ensinamentos do Papa Francisco, desenvolveu uma bela reflex\u00e3o sobre &#8220;Ver o mundo a partir da periferia: uma nova hermen\u00eautica para a vida franciscana no mundo de hoje&#8221;.<\/p>\n<p><strong>MENSAGEM FINAL<\/strong><\/p>\n<p>A mensagem final do encontro destacou:<\/p>\n<p>&#8220;Reafirmamos nosso compromisso de apoiar as presen\u00e7as franciscanas na vasta Pan-Amaz\u00f4nia, especialmente a fraternidade constitu\u00edda pelos confrades das nossas Confer\u00eancias (Amaz\u00f4nia peruana); esta nova presen\u00e7a entre os mais pobres, numa Igreja debilitada, desafia-nos a recuperar os tra\u00e7os originais da vida e miss\u00e3o, a n\u00f3s trazidos por Francisco e Clara de Assis e hoje expressos no documento \u201cIte Nuntiate\u201d.<\/p>\n<p><img loading=\"lazy\" class=\"alignleft size-full wp-image-108612\" src=\"http:\/\/franciscanos.org.br\/wp-content\/uploads\/2016\/05\/uclaf_tema.jpg\" alt=\"uclaf_tema\" width=\"338\" height=\"450\" \/>Tamb\u00e9m reiteramos nosso apoio ao Master em Evangelizac\u00e3o (Petr\u00f3polis, Brasil), espa\u00e7o valioso para fortalecer a nossa identidade franciscana, fraterna, minor\u00edtica e evangelizadora, integrando ci\u00eancia, experi\u00eancia e espiritualidade. E ainda refor\u00e7amos a miss\u00e3o evangelizadora da Pastoral Educativa (col\u00e9gios e estudos superiores), t\u00e3o importante e presente na Am\u00e9rica Latina e no Caribe.<\/p>\n<p>Num clima de di\u00e1logo, de m\u00fatuo apoio, de abertura e compromisso de corresponsabilidade fraterna, ouvimos com profunda aten\u00e7\u00e3o o novo desafio apresentado pelo Ministro Geral, pedindo para fortalecer a presen\u00e7a franciscana em Cuba, enviando frades experimentados e qualificados.<\/p>\n<p>Nestes dias sentimos fortemente a presen\u00e7a, a partir da casa do Pai, dos nossos confrades Frei Rodolfo Hern\u00e1ndez (Presidente da UCLAF) e Frei Ant\u00f4nio Moser (grande animador e professor do Master de Petr\u00f3polis), recentemente falecidos. Tamb\u00e9m, desde o in\u00edcio do encontro, estivemos muito unidos \u00e0 dor dos nossos irm\u00e3os do Equador, orando pelas v\u00edtimas do lament\u00e1vel terremoto e juntos buscando formas efetivas de a\u00e7\u00e3o solid\u00e1ria.<\/p>\n<p>A celebra\u00e7\u00e3o das Bodas de Ouro (1967-2018) da UCLAF nos anima a seguir caminhando como irm\u00e3os e menores, em comunh\u00e3o com a Igreja, a servi\u00e7o do Povo de Deus, da humanidade e no cuidado com toda cria\u00e7\u00e3o, a nossa casa comum.<\/p>\n<p>Depositamos toda a nossa confian\u00e7a no Pai, rico em miseric\u00f3rdia, para seguir com \u00e2nimo renovado a Cristo pobre e crucificado, como fez nosso pai Francisco, guiados pelo Esp\u00edrito Santo. Que Maria, m\u00e3e e rainha da Ordem franciscana, nos acompanhe no nosso peregrinar!<\/p>\n<p><strong>VISITA<\/strong><\/p>\n<p>Frei Michael e Frei Valmir, no entanto, chegaram \u00e0 Bol\u00edvia no dia 19 de abril. Neste per\u00edodo que antecedeu a Assembleia, eles visitaram a Fraternidade Provincial da Prov\u00edncia Mission\u00e1ria de Santo Ant\u00f4nio da Bol\u00edvia. Eles foram acolhidos pelo Ministro Provincial Frei Orlando Cabrera. De 18 a 24 de abril, eles conheceram os 121 frades que fazem parte da Prov\u00edncia boliviana, fundada em 1985.<\/p>\n<p>No encontro com os frades desta Prov\u00edncia, Frei Michael\u00a0deu um panorama da Ordem Franciscana hoje e fez alguns questionamentos.\u00a0&#8220;Um dos aspectos mais preocupantes da vida religiosa hoje, e da vida franciscana em particular, \u00e9 que temos gastado muito tempo respondendo a perguntas que as pessoas desta gera\u00e7\u00e3o e da futura, n\u00e3o fazem mais. Gastamos demasiado tempo, discutindo liturgia, \u00a0estrutura da Igreja e de como manter a sua forma original. Discutimos como manter a velha m\u00e1quina que governa a organiza\u00e7\u00e3o de nossas atividades pastorais e franciscanas que, de algum modo, se mant\u00eam para sobreviver no presente mas que n\u00e3o oferecem as mesmas possibilidades e a mesma efetividade do passado&#8221;, disse Frei Michael.<\/p>\n<p>&#8220;Ao que devemos realmente ter medo n\u00e3o s\u00e3o as mudan\u00e7as mas a aus\u00eancia de mudan\u00e7as num processo natural inscrito em toda natureza, em toda a hist\u00f3ria humana. Devemos temer a instabilidade em buscar sempre o Reino de Deus como ponto de partida&#8221;, ensinou.<\/p>\n<blockquote><p>Frei Michael terminou deixando oito pontos para a renova\u00e7\u00e3o da vida franciscana:<br \/>\n1. Primazia de uma vida de ora\u00e7\u00e3o e escuta atenta \u00e0 Palavra de Deus;<br \/>\n2. Cuidado por uma aut\u00eantica e profunda rela\u00e7\u00e3o fraterna que irradie um testemunho que ilumine de vigor a vida fraterna;<br \/>\n3. Um estilo de vida simples e s\u00f3brio, dando testemunho de minoridade, trabalho manual, e proximidade \u00e0 vida dos pobres e marginalizados;<br \/>\n4. Forte sentido de hospitalidade e conviv\u00eancia na vida daqueles que v\u00eam \u00e0s nossas casas, abrindo nossas fraternidades a todas as pessoas, e especialmente aos pobres e marginalizados;<br \/>\n5. Forte esp\u00edrito de evangeliza\u00e7\u00e3o mission\u00e1ria com especial \u00eanfase em uma presen\u00e7a &#8220;inter gentes&#8221;, testemunhnando uma vida itinerante, indo \u00e0s periferias onde ningu\u00e9m quer ir, e buscando criar novas formas de evangeliza\u00e7\u00e3o que toquem profundamente as necessidades da gente de hoje;<br \/>\n6. Esfor\u00e7o para promover um forte sentido de comunh\u00e3o com a Igreja local por meio de um testemunho de fraternidade, minoridade e a promo\u00e7\u00e3o do plano de pastoral da diocese local mas \u00e0 maneira franciscana;<br \/>\n7. Disponibilidade para trabalhar em colabora\u00e7\u00e3o ativa e s\u00e9ria com os leigos, com a fam\u00edlia franciscana, reconhecendo a inerente dignidade batismal e a responsabilidade mission\u00e1ria dos leigos;<br \/>\n8. Comprometer nossas energias no estudo e implementa\u00e7\u00e3o pr\u00e1tica da Doutrina Social da Igreja, no esp\u00edrito do trabalho da Ordem por Justi\u00e7a, Paz e Integridade da Cria\u00e7\u00e3o, aprofundando no compromisso de lutar por uma nova &#8220;ecologia&#8221;, como aponta o Papa Francisco em sua Enc\u00edlica &#8220;Laudato S\u00ed&#8221;.<\/p><\/blockquote>\n","protected":false},"excerpt":{"rendered":"<p>UCLAF<\/p>\n","protected":false},"author":1,"featured_media":219327,"comment_status":"open","ping_status":"open","sticky":false,"template":"","format":"standard","meta":[],"categories":[1],"tags":[],"acf":[],"yoast_head":"<!-- This site is optimized with the Yoast SEO plugin v19.2 - https:\/\/yoast.com\/wordpress\/plugins\/seo\/ -->\n<title>Ordem Franciscana refor\u00e7a presen\u00e7a na Amaz\u00f4nia - Not\u00edcias - Franciscanos<\/title>\n<meta name=\"robots\" content=\"index, follow, max-snippet:-1, max-image-preview:large, max-video-preview:-1\" \/>\n<link rel=\"canonical\" href=\"https:\/\/franciscanos.org.br\/noticias\/ordem-franciscana-reforca-presenca-na-amazonia.html\" \/>\n<meta property=\"og:locale\" content=\"pt_BR\" \/>\n<meta property=\"og:type\" content=\"article\" \/>\n<meta property=\"og:title\" content=\"Ordem Franciscana refor\u00e7a presen\u00e7a na Amaz\u00f4nia - Not\u00edcias - Franciscanos\" \/>\n<meta property=\"og:description\" content=\"UCLAF\" \/>\n<meta property=\"og:url\" content=\"https:\/\/franciscanos.org.br\/noticias\/ordem-franciscana-reforca-presenca-na-amazonia.html\" \/>\n<meta property=\"og:site_name\" content=\"Not\u00edcias - Franciscanos\" \/>\n<meta property=\"article:published_time\" content=\"2016-05-02T12:39:54+00:00\" \/>\n<meta property=\"article:modified_time\" content=\"2020-02-11T16:10:06+00:00\" \/>\n<meta property=\"og:image\" content=\"https:\/\/franciscanos.org.br\/noticias\/wp-content\/uploads\/2016\/05\/michael.jpg\" \/>\n\t<meta property=\"og:image:width\" content=\"273\" \/>\n\t<meta property=\"og:image:height\" content=\"181\" \/>\n\t<meta property=\"og:image:type\" content=\"image\/jpeg\" \/>\n<meta name=\"author\" content=\"admin\" \/>\n<meta name=\"twitter:card\" content=\"summary_large_image\" \/>\n<meta name=\"twitter:label1\" content=\"Escrito por\" \/>\n\t<meta name=\"twitter:data1\" content=\"admin\" \/>\n\t<meta name=\"twitter:label2\" content=\"Est. tempo de leitura\" \/>\n\t<meta name=\"twitter:data2\" content=\"8 minutos\" \/>\n<script type=\"application\/ld+json\" class=\"yoast-schema-graph\">{\"@context\":\"https:\/\/schema.org\",\"@graph\":[{\"@type\":\"WebSite\",\"@id\":\"https:\/\/franciscanos.org.br\/noticias\/#website\",\"url\":\"https:\/\/franciscanos.org.br\/noticias\/\",\"name\":\"Not\u00edcias - Franciscanos\",\"description\":\"Prov\u00edncia Franciscana da Imaculada Concei\u00e7\u00e3o do Brasil - Ordem dos Frades Menores - OFM\",\"potentialAction\":[{\"@type\":\"SearchAction\",\"target\":{\"@type\":\"EntryPoint\",\"urlTemplate\":\"https:\/\/franciscanos.org.br\/noticias\/?s={search_term_string}\"},\"query-input\":\"required name=search_term_string\"}],\"inLanguage\":\"pt-BR\"},{\"@type\":\"ImageObject\",\"inLanguage\":\"pt-BR\",\"@id\":\"https:\/\/franciscanos.org.br\/noticias\/ordem-franciscana-reforca-presenca-na-amazonia.html#primaryimage\",\"url\":\"https:\/\/franciscanos.org.br\/noticias\/wp-content\/uploads\/2016\/05\/michael.jpg\",\"contentUrl\":\"https:\/\/franciscanos.org.br\/noticias\/wp-content\/uploads\/2016\/05\/michael.jpg\",\"width\":273,\"height\":181},{\"@type\":\"WebPage\",\"@id\":\"https:\/\/franciscanos.org.br\/noticias\/ordem-franciscana-reforca-presenca-na-amazonia.html#webpage\",\"url\":\"https:\/\/franciscanos.org.br\/noticias\/ordem-franciscana-reforca-presenca-na-amazonia.html\",\"name\":\"Ordem Franciscana refor\u00e7a presen\u00e7a na Amaz\u00f4nia - Not\u00edcias - Franciscanos\",\"isPartOf\":{\"@id\":\"https:\/\/franciscanos.org.br\/noticias\/#website\"},\"primaryImageOfPage\":{\"@id\":\"https:\/\/franciscanos.org.br\/noticias\/ordem-franciscana-reforca-presenca-na-amazonia.html#primaryimage\"},\"datePublished\":\"2016-05-02T12:39:54+00:00\",\"dateModified\":\"2020-02-11T16:10:06+00:00\",\"author\":{\"@id\":\"https:\/\/franciscanos.org.br\/noticias\/#\/schema\/person\/b38fbf43118f02820bd932f2e4b14ad3\"},\"breadcrumb\":{\"@id\":\"https:\/\/franciscanos.org.br\/noticias\/ordem-franciscana-reforca-presenca-na-amazonia.html#breadcrumb\"},\"inLanguage\":\"pt-BR\",\"potentialAction\":[{\"@type\":\"ReadAction\",\"target\":[\"https:\/\/franciscanos.org.br\/noticias\/ordem-franciscana-reforca-presenca-na-amazonia.html\"]}]},{\"@type\":\"BreadcrumbList\",\"@id\":\"https:\/\/franciscanos.org.br\/noticias\/ordem-franciscana-reforca-presenca-na-amazonia.html#breadcrumb\",\"itemListElement\":[{\"@type\":\"ListItem\",\"position\":1,\"name\":\"Home\",\"item\":\"https:\/\/franciscanos.org.br\/noticias\"},{\"@type\":\"ListItem\",\"position\":2,\"name\":\"Ordem Franciscana refor\u00e7a presen\u00e7a na Amaz\u00f4nia\"}]},{\"@type\":\"Person\",\"@id\":\"https:\/\/franciscanos.org.br\/noticias\/#\/schema\/person\/b38fbf43118f02820bd932f2e4b14ad3\",\"name\":\"admin\",\"image\":{\"@type\":\"ImageObject\",\"inLanguage\":\"pt-BR\",\"@id\":\"https:\/\/franciscanos.org.br\/noticias\/#\/schema\/person\/image\/\",\"url\":\"https:\/\/secure.gravatar.com\/avatar\/e8495742d34d0ba6448ea1c628263b3e?s=96&d=mm&r=g\",\"contentUrl\":\"https:\/\/secure.gravatar.com\/avatar\/e8495742d34d0ba6448ea1c628263b3e?s=96&d=mm&r=g\",\"caption\":\"admin\"},\"url\":\"https:\/\/franciscanos.org.br\/noticias\/author\/admin\"}]}<\/script>\n<!-- \/ Yoast SEO plugin. -->","yoast_head_json":{"title":"Ordem Franciscana refor\u00e7a presen\u00e7a na Amaz\u00f4nia - Not\u00edcias - Franciscanos","robots":{"index":"index","follow":"follow","max-snippet":"max-snippet:-1","max-image-preview":"max-image-preview:large","max-video-preview":"max-video-preview:-1"},"canonical":"https:\/\/franciscanos.org.br\/noticias\/ordem-franciscana-reforca-presenca-na-amazonia.html","og_locale":"pt_BR","og_type":"article","og_title":"Ordem Franciscana refor\u00e7a presen\u00e7a na Amaz\u00f4nia - Not\u00edcias - Franciscanos","og_description":"UCLAF","og_url":"https:\/\/franciscanos.org.br\/noticias\/ordem-franciscana-reforca-presenca-na-amazonia.html","og_site_name":"Not\u00edcias - Franciscanos","article_published_time":"2016-05-02T12:39:54+00:00","article_modified_time":"2020-02-11T16:10:06+00:00","og_image":[{"width":273,"height":181,"url":"https:\/\/franciscanos.org.br\/noticias\/wp-content\/uploads\/2016\/05\/michael.jpg","type":"image\/jpeg"}],"author":"admin","twitter_card":"summary_large_image","twitter_misc":{"Escrito por":"admin","Est. tempo de leitura":"8 minutos"},"schema":{"@context":"https:\/\/schema.org","@graph":[{"@type":"WebSite","@id":"https:\/\/franciscanos.org.br\/noticias\/#website","url":"https:\/\/franciscanos.org.br\/noticias\/","name":"Not\u00edcias - Franciscanos","description":"Prov\u00edncia Franciscana da Imaculada Concei\u00e7\u00e3o do Brasil - Ordem dos Frades Menores - OFM","potentialAction":[{"@type":"SearchAction","target":{"@type":"EntryPoint","urlTemplate":"https:\/\/franciscanos.org.br\/noticias\/?s={search_term_string}"},"query-input":"required name=search_term_string"}],"inLanguage":"pt-BR"},{"@type":"ImageObject","inLanguage":"pt-BR","@id":"https:\/\/franciscanos.org.br\/noticias\/ordem-franciscana-reforca-presenca-na-amazonia.html#primaryimage","url":"https:\/\/franciscanos.org.br\/noticias\/wp-content\/uploads\/2016\/05\/michael.jpg","contentUrl":"https:\/\/franciscanos.org.br\/noticias\/wp-content\/uploads\/2016\/05\/michael.jpg","width":273,"height":181},{"@type":"WebPage","@id":"https:\/\/franciscanos.org.br\/noticias\/ordem-franciscana-reforca-presenca-na-amazonia.html#webpage","url":"https:\/\/franciscanos.org.br\/noticias\/ordem-franciscana-reforca-presenca-na-amazonia.html","name":"Ordem Franciscana refor\u00e7a presen\u00e7a na Amaz\u00f4nia - Not\u00edcias - Franciscanos","isPartOf":{"@id":"https:\/\/franciscanos.org.br\/noticias\/#website"},"primaryImageOfPage":{"@id":"https:\/\/franciscanos.org.br\/noticias\/ordem-franciscana-reforca-presenca-na-amazonia.html#primaryimage"},"datePublished":"2016-05-02T12:39:54+00:00","dateModified":"2020-02-11T16:10:06+00:00","author":{"@id":"https:\/\/franciscanos.org.br\/noticias\/#\/schema\/person\/b38fbf43118f02820bd932f2e4b14ad3"},"breadcrumb":{"@id":"https:\/\/franciscanos.org.br\/noticias\/ordem-franciscana-reforca-presenca-na-amazonia.html#breadcrumb"},"inLanguage":"pt-BR","potentialAction":[{"@type":"ReadAction","target":["https:\/\/franciscanos.org.br\/noticias\/ordem-franciscana-reforca-presenca-na-amazonia.html"]}]},{"@type":"BreadcrumbList","@id":"https:\/\/franciscanos.org.br\/noticias\/ordem-franciscana-reforca-presenca-na-amazonia.html#breadcrumb","itemListElement":[{"@type":"ListItem","position":1,"name":"Home","item":"https:\/\/franciscanos.org.br\/noticias"},{"@type":"ListItem","position":2,"name":"Ordem Franciscana refor\u00e7a presen\u00e7a na Amaz\u00f4nia"}]},{"@type":"Person","@id":"https:\/\/franciscanos.org.br\/noticias\/#\/schema\/person\/b38fbf43118f02820bd932f2e4b14ad3","name":"admin","image":{"@type":"ImageObject","inLanguage":"pt-BR","@id":"https:\/\/franciscanos.org.br\/noticias\/#\/schema\/person\/image\/","url":"https:\/\/secure.gravatar.com\/avatar\/e8495742d34d0ba6448ea1c628263b3e?s=96&d=mm&r=g","contentUrl":"https:\/\/secure.gravatar.com\/avatar\/e8495742d34d0ba6448ea1c628263b3e?s=96&d=mm&r=g","caption":"admin"},"url":"https:\/\/franciscanos.org.br\/noticias\/author\/admin"}]}},"_links":{"self":[{"href":"https:\/\/franciscanos.org.br\/noticias\/wp-json\/wp\/v2\/posts\/108609"}],"collection":[{"href":"https:\/\/franciscanos.org.br\/noticias\/wp-json\/wp\/v2\/posts"}],"about":[{"href":"https:\/\/franciscanos.org.br\/noticias\/wp-json\/wp\/v2\/types\/post"}],"author":[{"embeddable":true,"href":"https:\/\/franciscanos.org.br\/noticias\/wp-json\/wp\/v2\/users\/1"}],"replies":[{"embeddable":true,"href":"https:\/\/franciscanos.org.br\/noticias\/wp-json\/wp\/v2\/comments?post=108609"}],"version-history":[{"count":0,"href":"https:\/\/franciscanos.org.br\/noticias\/wp-json\/wp\/v2\/posts\/108609\/revisions"}],"wp:featuredmedia":[{"embeddable":true,"href":"https:\/\/franciscanos.org.br\/noticias\/wp-json\/wp\/v2\/media\/219327"}],"wp:attachment":[{"href":"https:\/\/franciscanos.org.br\/noticias\/wp-json\/wp\/v2\/media?parent=108609"}],"wp:term":[{"taxonomy":"category","embeddable":true,"href":"https:\/\/franciscanos.org.br\/noticias\/wp-json\/wp\/v2\/categories?post=108609"},{"taxonomy":"post_tag","embeddable":true,"href":"https:\/\/franciscanos.org.br\/noticias\/wp-json\/wp\/v2\/tags?post=108609"}],"curies":[{"name":"wp","href":"https:\/\/api.w.org\/{rel}","templated":true}]}}