{"id":108449,"date":"2016-04-27T07:10:46","date_gmt":"2016-04-27T10:10:46","guid":{"rendered":"http:\/\/franciscanos.org.br\/?p=108449"},"modified":"2020-06-09T18:19:00","modified_gmt":"2020-06-09T21:19:00","slug":"quem-ignora-o-sofrimento-do-homem-ignora-deus","status":"publish","type":"post","link":"https:\/\/franciscanos.org.br\/noticias\/quem-ignora-o-sofrimento-do-homem-ignora-deus.html","title":{"rendered":"&#8220;Quem ignora o sofrimento do homem, ignora Deus&#8221;"},"content":{"rendered":"<p><img loading=\"lazy\" src=\"http:\/\/franciscanos.org.br\/wp-content\/uploads\/2016\/04\/papa_audiencia_27.jpg\" alt=\"papa_audiencia_27\" width=\"820\" height=\"422\" \/><\/p>\n<p><strong>Cidade do Vaticano<\/strong> \u2013 Nesta quarta-feira de sol na Cidade do Vaticano, o Papa concedeu audi\u00eancia a cerca de 25 mi fi\u00e9is, romanos e turistas presentes na Pra\u00e7a S\u00e3o Pedro, e fez uma catequese baseada na par\u00e1bola do Bom Samaritano.<br \/>\nA par\u00e1bola tem origem na pergunta de um Doutor da lei que queria testar Jesus: \u201cQuem \u00e9 o meu pr\u00f3ximo?\u201d. Ele queria uma resposta clara para distinguir os \u2018pr\u00f3ximos\u2019 dos \u2018n\u00e3o-pr\u00f3ximos\u2019, tentava entender se eram seus parentes, compatriotas ou pessoas da mesma religi\u00e3o. Jesus responde com uma par\u00e1bola.<\/p>\n<p>Um homem, viajando no caminho entre Jerusal\u00e9m e Jeric\u00f3, foi interceptado por bandidos que, depois de o roubarem, ainda o deixaram gravemente ferido. Um sacerdote, um levita e um samaritano passam por ali. O sacerdote e o levita eram religiosos. Esperava-se deles que fossem praticantes da palavra de Deus, pois a conheciam, sabiam o que tinham que fazer. J\u00e1 o samaritano era um judeu cism\u00e1tico, visto como estrangeiro, pag\u00e3o e impuro. O sacerdote e o levita ignoram o homem que acabara de ser assaltado e agredido.<\/p>\n<p>\u201cO primeiro ensinamento na par\u00e1bola \u00e9 este: n\u00e3o \u00e9 autom\u00e1tico que quem frequenta a casa de Deus e conhece a sua miseric\u00f3rdia sabe amar o pr\u00f3ximo. Voc\u00ea pode conhecer toda a B\u00edblia, toda a teologia, mas o amor&#8230; vai por outro caminho! Diante do sofrimento de tanta gente que sofre fome, viol\u00eancia e injusti\u00e7as, n\u00e3o podemos ser meros espectadores. Ignorar o sofrimento do homem significa ignorar Deus!\u201d, frisou o Papa.<\/p>\n<p><strong>Agir misericordioso<\/strong><\/p>\n<p>Francisco prosseguiu destacando o centro da par\u00e1bola: o samaritano, o desprezado, aquele que tamb\u00e9m tinha seus afazeres, faz de tudo para salvar esse homem, \u2018moveu-se de compaix\u00e3o\u2019. \u201cEsta \u00e9 a diferen\u00e7a\u201d, disse, \u201cos outros dois viram, mas seus cora\u00e7\u00f5es ficaram impass\u00edveis enquanto o cora\u00e7\u00e3o do bom samaritano estava \u2018sintonizado\u2019 com o cora\u00e7\u00e3o de Deus. Em seus gestos e a\u00e7\u00f5es, identificamos o agir misericordioso de Deus: \u00e9 a mesma compaix\u00e3o com que o Senhor vem ao encontro de cada um de n\u00f3s.<\/p>\n<p>\u201cEle n\u00e3o nos ignora, conhece nossas dores, sabe que precisamos de ajuda e consola\u00e7\u00e3o. Ele vem perto de n\u00f3s e nunca nos abandona\u201d. O samaritano doou-se completamente ao homem que necessitava, empregando cuidado, tempo e at\u00e9 dinheiro. \u201cE isto nos ensina que a compaix\u00e3o, o amor, n\u00e3o \u00e9 um sentimento vago, mas significa cuidar do outro, comprometer-se, identificar-se com ele: \u201cAmar\u00e1s o pr\u00f3ximo como a ti mesmo\u201d, \u00e9 o mandamento do Senhor.<\/p>\n<p><strong>Compaix\u00e3o: sofrer &#8216;com&#8217;<\/strong><br \/>\nConcluindo a par\u00e1bola, Jesus perguntou: \u201cQual dos tr\u00eas foi o pr\u00f3ximo do homem que caiu nas m\u00e3os dos assaltantes?\u201d. E a resposta \u00e9 indiscut\u00edvel: \u201cAquele que teve compaix\u00e3o dele\u201d.<\/p>\n<p>Francisco explicou que o \u2018pr\u00f3ximo\u2019 foi o samaritano, porque se aproximou do moribundo. \u201cN\u00e3o devemos classificar os outros e ver quem \u00e9 pr\u00f3ximo e quem n\u00e3o o \u00e9. Podemos nos tornar pr\u00f3ximos de quem quer que esteja em necessidade, e o seremos se tivermos compaix\u00e3o em nosso cora\u00e7\u00e3o\u201d.<\/p>\n<p><strong>Amar como Ele nos amou<\/strong><br \/>\n\u201cEsta par\u00e1bola \u2013 concluiu \u2013 \u00e9 um lindo presente, e um compromisso, para todos n\u00f3s. \u201cVai e faze tu a mesma coisa\u201d, disse Jesus ao Doutor da lei. Somos todos chamados a percorrer o mesmo caminho do samaritano, que retrata Cristo: \u201cJesus se inclinou sobre n\u00f3s, se fez nosso servo, e assim nos salvou, para que n\u00f3s possamos nos amar, como Ele nos amou\u201d.<\/p>\n<hr \/>\n<p><em>Fonte: R\u00e1dio Vaticano<\/em><\/p>\n","protected":false},"excerpt":{"rendered":"<p>Audi\u00eancia Geral<\/p>\n","protected":false},"author":1,"featured_media":222728,"comment_status":"open","ping_status":"open","sticky":false,"template":"","format":"standard","meta":[],"categories":[1428],"tags":[487],"acf":[],"yoast_head":"<!-- This site is optimized with the Yoast SEO plugin v19.2 - https:\/\/yoast.com\/wordpress\/plugins\/seo\/ -->\n<title>&quot;Quem ignora o sofrimento do homem, ignora Deus&quot; - Not\u00edcias - Franciscanos<\/title>\n<meta name=\"robots\" content=\"index, follow, max-snippet:-1, max-image-preview:large, max-video-preview:-1\" \/>\n<link rel=\"canonical\" href=\"https:\/\/franciscanos.org.br\/noticias\/quem-ignora-o-sofrimento-do-homem-ignora-deus.html\" \/>\n<meta property=\"og:locale\" content=\"pt_BR\" \/>\n<meta property=\"og:type\" content=\"article\" \/>\n<meta property=\"og:title\" content=\"&quot;Quem ignora o sofrimento do homem, ignora Deus&quot; - Not\u00edcias - Franciscanos\" \/>\n<meta property=\"og:description\" content=\"Audi\u00eancia Geral\" \/>\n<meta property=\"og:url\" content=\"https:\/\/franciscanos.org.br\/noticias\/quem-ignora-o-sofrimento-do-homem-ignora-deus.html\" \/>\n<meta property=\"og:site_name\" content=\"Not\u00edcias - Franciscanos\" \/>\n<meta property=\"article:published_time\" content=\"2016-04-27T10:10:46+00:00\" \/>\n<meta property=\"article:modified_time\" content=\"2020-06-09T21:19:00+00:00\" \/>\n<meta property=\"og:image\" content=\"https:\/\/franciscanos.org.br\/noticias\/wp-content\/uploads\/2016\/04\/papa_audiencia_27.jpg\" \/>\n\t<meta property=\"og:image:width\" content=\"273\" \/>\n\t<meta property=\"og:image:height\" content=\"181\" \/>\n\t<meta property=\"og:image:type\" content=\"image\/jpeg\" \/>\n<meta name=\"author\" content=\"admin\" \/>\n<meta name=\"twitter:card\" content=\"summary_large_image\" \/>\n<meta name=\"twitter:label1\" content=\"Escrito por\" \/>\n\t<meta name=\"twitter:data1\" content=\"admin\" \/>\n\t<meta name=\"twitter:label2\" content=\"Est. tempo de leitura\" \/>\n\t<meta name=\"twitter:data2\" content=\"3 minutos\" \/>\n<script type=\"application\/ld+json\" class=\"yoast-schema-graph\">{\"@context\":\"https:\/\/schema.org\",\"@graph\":[{\"@type\":\"WebSite\",\"@id\":\"https:\/\/franciscanos.org.br\/noticias\/#website\",\"url\":\"https:\/\/franciscanos.org.br\/noticias\/\",\"name\":\"Not\u00edcias - Franciscanos\",\"description\":\"Prov\u00edncia Franciscana da Imaculada Concei\u00e7\u00e3o do Brasil - Ordem dos Frades Menores - OFM\",\"potentialAction\":[{\"@type\":\"SearchAction\",\"target\":{\"@type\":\"EntryPoint\",\"urlTemplate\":\"https:\/\/franciscanos.org.br\/noticias\/?s={search_term_string}\"},\"query-input\":\"required name=search_term_string\"}],\"inLanguage\":\"pt-BR\"},{\"@type\":\"ImageObject\",\"inLanguage\":\"pt-BR\",\"@id\":\"https:\/\/franciscanos.org.br\/noticias\/quem-ignora-o-sofrimento-do-homem-ignora-deus.html#primaryimage\",\"url\":\"https:\/\/franciscanos.org.br\/noticias\/wp-content\/uploads\/2016\/04\/papa_audiencia_27.jpg\",\"contentUrl\":\"https:\/\/franciscanos.org.br\/noticias\/wp-content\/uploads\/2016\/04\/papa_audiencia_27.jpg\",\"width\":273,\"height\":181},{\"@type\":\"WebPage\",\"@id\":\"https:\/\/franciscanos.org.br\/noticias\/quem-ignora-o-sofrimento-do-homem-ignora-deus.html#webpage\",\"url\":\"https:\/\/franciscanos.org.br\/noticias\/quem-ignora-o-sofrimento-do-homem-ignora-deus.html\",\"name\":\"\\\"Quem ignora o sofrimento do homem, ignora Deus\\\" - Not\u00edcias - Franciscanos\",\"isPartOf\":{\"@id\":\"https:\/\/franciscanos.org.br\/noticias\/#website\"},\"primaryImageOfPage\":{\"@id\":\"https:\/\/franciscanos.org.br\/noticias\/quem-ignora-o-sofrimento-do-homem-ignora-deus.html#primaryimage\"},\"datePublished\":\"2016-04-27T10:10:46+00:00\",\"dateModified\":\"2020-06-09T21:19:00+00:00\",\"author\":{\"@id\":\"https:\/\/franciscanos.org.br\/noticias\/#\/schema\/person\/b38fbf43118f02820bd932f2e4b14ad3\"},\"breadcrumb\":{\"@id\":\"https:\/\/franciscanos.org.br\/noticias\/quem-ignora-o-sofrimento-do-homem-ignora-deus.html#breadcrumb\"},\"inLanguage\":\"pt-BR\",\"potentialAction\":[{\"@type\":\"ReadAction\",\"target\":[\"https:\/\/franciscanos.org.br\/noticias\/quem-ignora-o-sofrimento-do-homem-ignora-deus.html\"]}]},{\"@type\":\"BreadcrumbList\",\"@id\":\"https:\/\/franciscanos.org.br\/noticias\/quem-ignora-o-sofrimento-do-homem-ignora-deus.html#breadcrumb\",\"itemListElement\":[{\"@type\":\"ListItem\",\"position\":1,\"name\":\"Home\",\"item\":\"https:\/\/franciscanos.org.br\/noticias\"},{\"@type\":\"ListItem\",\"position\":2,\"name\":\"&#8220;Quem ignora o sofrimento do homem, ignora Deus&#8221;\"}]},{\"@type\":\"Person\",\"@id\":\"https:\/\/franciscanos.org.br\/noticias\/#\/schema\/person\/b38fbf43118f02820bd932f2e4b14ad3\",\"name\":\"admin\",\"image\":{\"@type\":\"ImageObject\",\"inLanguage\":\"pt-BR\",\"@id\":\"https:\/\/franciscanos.org.br\/noticias\/#\/schema\/person\/image\/\",\"url\":\"https:\/\/secure.gravatar.com\/avatar\/e8495742d34d0ba6448ea1c628263b3e?s=96&d=mm&r=g\",\"contentUrl\":\"https:\/\/secure.gravatar.com\/avatar\/e8495742d34d0ba6448ea1c628263b3e?s=96&d=mm&r=g\",\"caption\":\"admin\"},\"url\":\"https:\/\/franciscanos.org.br\/noticias\/author\/admin\"}]}<\/script>\n<!-- \/ Yoast SEO plugin. -->","yoast_head_json":{"title":"\"Quem ignora o sofrimento do homem, ignora Deus\" - Not\u00edcias - Franciscanos","robots":{"index":"index","follow":"follow","max-snippet":"max-snippet:-1","max-image-preview":"max-image-preview:large","max-video-preview":"max-video-preview:-1"},"canonical":"https:\/\/franciscanos.org.br\/noticias\/quem-ignora-o-sofrimento-do-homem-ignora-deus.html","og_locale":"pt_BR","og_type":"article","og_title":"\"Quem ignora o sofrimento do homem, ignora Deus\" - Not\u00edcias - Franciscanos","og_description":"Audi\u00eancia Geral","og_url":"https:\/\/franciscanos.org.br\/noticias\/quem-ignora-o-sofrimento-do-homem-ignora-deus.html","og_site_name":"Not\u00edcias - Franciscanos","article_published_time":"2016-04-27T10:10:46+00:00","article_modified_time":"2020-06-09T21:19:00+00:00","og_image":[{"width":273,"height":181,"url":"https:\/\/franciscanos.org.br\/noticias\/wp-content\/uploads\/2016\/04\/papa_audiencia_27.jpg","type":"image\/jpeg"}],"author":"admin","twitter_card":"summary_large_image","twitter_misc":{"Escrito por":"admin","Est. tempo de leitura":"3 minutos"},"schema":{"@context":"https:\/\/schema.org","@graph":[{"@type":"WebSite","@id":"https:\/\/franciscanos.org.br\/noticias\/#website","url":"https:\/\/franciscanos.org.br\/noticias\/","name":"Not\u00edcias - Franciscanos","description":"Prov\u00edncia Franciscana da Imaculada Concei\u00e7\u00e3o do Brasil - Ordem dos Frades Menores - OFM","potentialAction":[{"@type":"SearchAction","target":{"@type":"EntryPoint","urlTemplate":"https:\/\/franciscanos.org.br\/noticias\/?s={search_term_string}"},"query-input":"required name=search_term_string"}],"inLanguage":"pt-BR"},{"@type":"ImageObject","inLanguage":"pt-BR","@id":"https:\/\/franciscanos.org.br\/noticias\/quem-ignora-o-sofrimento-do-homem-ignora-deus.html#primaryimage","url":"https:\/\/franciscanos.org.br\/noticias\/wp-content\/uploads\/2016\/04\/papa_audiencia_27.jpg","contentUrl":"https:\/\/franciscanos.org.br\/noticias\/wp-content\/uploads\/2016\/04\/papa_audiencia_27.jpg","width":273,"height":181},{"@type":"WebPage","@id":"https:\/\/franciscanos.org.br\/noticias\/quem-ignora-o-sofrimento-do-homem-ignora-deus.html#webpage","url":"https:\/\/franciscanos.org.br\/noticias\/quem-ignora-o-sofrimento-do-homem-ignora-deus.html","name":"\"Quem ignora o sofrimento do homem, ignora Deus\" - Not\u00edcias - Franciscanos","isPartOf":{"@id":"https:\/\/franciscanos.org.br\/noticias\/#website"},"primaryImageOfPage":{"@id":"https:\/\/franciscanos.org.br\/noticias\/quem-ignora-o-sofrimento-do-homem-ignora-deus.html#primaryimage"},"datePublished":"2016-04-27T10:10:46+00:00","dateModified":"2020-06-09T21:19:00+00:00","author":{"@id":"https:\/\/franciscanos.org.br\/noticias\/#\/schema\/person\/b38fbf43118f02820bd932f2e4b14ad3"},"breadcrumb":{"@id":"https:\/\/franciscanos.org.br\/noticias\/quem-ignora-o-sofrimento-do-homem-ignora-deus.html#breadcrumb"},"inLanguage":"pt-BR","potentialAction":[{"@type":"ReadAction","target":["https:\/\/franciscanos.org.br\/noticias\/quem-ignora-o-sofrimento-do-homem-ignora-deus.html"]}]},{"@type":"BreadcrumbList","@id":"https:\/\/franciscanos.org.br\/noticias\/quem-ignora-o-sofrimento-do-homem-ignora-deus.html#breadcrumb","itemListElement":[{"@type":"ListItem","position":1,"name":"Home","item":"https:\/\/franciscanos.org.br\/noticias"},{"@type":"ListItem","position":2,"name":"&#8220;Quem ignora o sofrimento do homem, ignora Deus&#8221;"}]},{"@type":"Person","@id":"https:\/\/franciscanos.org.br\/noticias\/#\/schema\/person\/b38fbf43118f02820bd932f2e4b14ad3","name":"admin","image":{"@type":"ImageObject","inLanguage":"pt-BR","@id":"https:\/\/franciscanos.org.br\/noticias\/#\/schema\/person\/image\/","url":"https:\/\/secure.gravatar.com\/avatar\/e8495742d34d0ba6448ea1c628263b3e?s=96&d=mm&r=g","contentUrl":"https:\/\/secure.gravatar.com\/avatar\/e8495742d34d0ba6448ea1c628263b3e?s=96&d=mm&r=g","caption":"admin"},"url":"https:\/\/franciscanos.org.br\/noticias\/author\/admin"}]}},"_links":{"self":[{"href":"https:\/\/franciscanos.org.br\/noticias\/wp-json\/wp\/v2\/posts\/108449"}],"collection":[{"href":"https:\/\/franciscanos.org.br\/noticias\/wp-json\/wp\/v2\/posts"}],"about":[{"href":"https:\/\/franciscanos.org.br\/noticias\/wp-json\/wp\/v2\/types\/post"}],"author":[{"embeddable":true,"href":"https:\/\/franciscanos.org.br\/noticias\/wp-json\/wp\/v2\/users\/1"}],"replies":[{"embeddable":true,"href":"https:\/\/franciscanos.org.br\/noticias\/wp-json\/wp\/v2\/comments?post=108449"}],"version-history":[{"count":2,"href":"https:\/\/franciscanos.org.br\/noticias\/wp-json\/wp\/v2\/posts\/108449\/revisions"}],"predecessor-version":[{"id":225720,"href":"https:\/\/franciscanos.org.br\/noticias\/wp-json\/wp\/v2\/posts\/108449\/revisions\/225720"}],"wp:featuredmedia":[{"embeddable":true,"href":"https:\/\/franciscanos.org.br\/noticias\/wp-json\/wp\/v2\/media\/222728"}],"wp:attachment":[{"href":"https:\/\/franciscanos.org.br\/noticias\/wp-json\/wp\/v2\/media?parent=108449"}],"wp:term":[{"taxonomy":"category","embeddable":true,"href":"https:\/\/franciscanos.org.br\/noticias\/wp-json\/wp\/v2\/categories?post=108449"},{"taxonomy":"post_tag","embeddable":true,"href":"https:\/\/franciscanos.org.br\/noticias\/wp-json\/wp\/v2\/tags?post=108449"}],"curies":[{"name":"wp","href":"https:\/\/api.w.org\/{rel}","templated":true}]}}