{"id":10825,"date":"2012-01-13T17:58:45","date_gmt":"2012-01-13T19:58:45","guid":{"rendered":"http:\/\/new.franciscanos.org.br\/?p=10825"},"modified":"2023-01-09T11:18:47","modified_gmt":"2023-01-09T14:18:47","slug":"provincial-recebe-os-novicos-de-2012","status":"publish","type":"post","link":"https:\/\/franciscanos.org.br\/noticias\/provincial-recebe-os-novicos-de-2012.html","title":{"rendered":"Provincial recebe os novi\u00e7os de 2012"},"content":{"rendered":"<p><img loading=\"lazy\" class=\"alignnone size-full wp-image-199125\" src=\"https:\/\/franciscanos.org.br\/noticias\/wp-content\/uploads\/2012\/01\/novicos_g130112.jpg\" alt=\"\" width=\"830\" height=\"400\" srcset=\"https:\/\/franciscanos.org.br\/noticias\/wp-content\/uploads\/2012\/01\/novicos_g130112.jpg 830w, https:\/\/franciscanos.org.br\/noticias\/wp-content\/uploads\/2012\/01\/novicos_g130112-450x217.jpg 450w, https:\/\/franciscanos.org.br\/noticias\/wp-content\/uploads\/2012\/01\/novicos_g130112-768x370.jpg 768w, https:\/\/franciscanos.org.br\/noticias\/wp-content\/uploads\/2012\/01\/novicos_g130112-150x72.jpg 150w\" sizes=\"(max-width: 830px) 100vw, 830px\" \/><\/p>\n<p><em>&#8221; Se queres ser perfeito, vai, vende os teus bens, d\u00e1 o dinheiro aos pobres,\u00a0<\/em><em>e ter\u00e1s um tesouro no c\u00e9u. Depois, vem e segue-me.&#8221; (Mt 19, 21)<\/em><\/p>\n<p>Eis as palavras de Jesus, lembradas pelo Ministro Provincial, Frei Fid\u00eancio Vanboemmel, na celebra\u00e7\u00e3o eucar\u00edstica, aos 12 de janeiro de 2012, na Igreja Matriz de S\u00e3o Francisco de Assis, em Rodeio \u2013 SC, na qual 14 postulantes foram acolhidos ao Noviciado S\u00e3o Jos\u00e9, da Prov\u00edncia da Imaculada Concei\u00e7\u00e3o do Brasil.<\/p>\n<p>O Esp\u00edrito do Senhor conduziu cada candidato a seguir os passos de Nosso Senhor Jesus Cristo, vivendo o seu Evangelho ao modo do Pai Ser\u00e1fico S\u00e3o Francisco de Assis. Assim sendo, na presen\u00e7a de uma significativa representa\u00e7\u00e3o de frades e um expressivo n\u00famero de fi\u00e9is, deu-se o Rito de Inicia\u00e7\u00e3o \u00e0 Vida Religiosa.<\/p>\n<p>Na ocasi\u00e3o, 12 postulantes da Prov\u00edncia Franciscana da Imaculada Concei\u00e7\u00e3o do Brasil e 2 postulantes da Funda\u00e7\u00e3o Franciscana Nossa Senhora de F\u00e1tima do Brasil pediram ao Ministro Provincial, Frei Fid\u00eancio Vanboemmel, e o Presidente Frei Ezimar Alves Pereira, para serem admitidos ao Noviciado.<\/p>\n<p>Em seguida, receberam o h\u00e1bito da prova\u00e7\u00e3o, assinaram a ata com a designa\u00e7\u00e3o religiosa \u201cFrei\u201d e, posteriormente, os frades novi\u00e7os foram entregues ao Mestre, Frei Samuel Ferreira de Lima, e \u00e0 fraternidade formadora.<\/p>\n<p><strong><img loading=\"lazy\" class=\"alignright size-full wp-image-199126\" src=\"https:\/\/franciscanos.org.br\/noticias\/wp-content\/uploads\/2012\/01\/03-2.jpg\" alt=\"\" width=\"600\" height=\"450\" srcset=\"https:\/\/franciscanos.org.br\/noticias\/wp-content\/uploads\/2012\/01\/03-2.jpg 600w, https:\/\/franciscanos.org.br\/noticias\/wp-content\/uploads\/2012\/01\/03-2-450x338.jpg 450w, https:\/\/franciscanos.org.br\/noticias\/wp-content\/uploads\/2012\/01\/03-2-150x113.jpg 150w\" sizes=\"(max-width: 600px) 100vw, 600px\" \/>\u00a0 \u00a0Frades novi\u00e7os da Prov\u00edncia Franciscana da Imaculada Concei\u00e7\u00e3o do Brasil:<\/strong><br \/>\n&#8211; Frei Alan Leal de Mattos, OFM \u2013 Petr\u00f3polis-RJ;<br \/>\n&#8211; Frei Eduardo Augusto Schiehl, OFM \u2013 S\u00e3o Bento do Sul-SC;<br \/>\n&#8211; Frei Fernando Dala Rosa Silva, OFM \u2013 S\u00e3o Jos\u00e9 dos Campos-SP;<br \/>\n&#8211; Frei Jefferson Max Nunes Maciel, OFM \u2013 Aurac\u00e1ria-PR;<br \/>\n&#8211; Frei Jhones Lucas Martins, OFM \u2013 Macatuba-SP;<br \/>\n&#8211; Frei Jo\u00e3o Pedro In\u00e1cio Silva de Almeida, OFM \u2013 Nil\u00f3polis-RJ;<br \/>\n&#8211; Frei Josemberg Cardozo Aranha, OFM \u2013 Duque de Caxias-RJ;<br \/>\n&#8211; Frei Junior Mendes, OFM \u2013 Santo Amaro da Imperatriz-SC;<br \/>\n&#8211; Frei Le\u00f4nidas In\u00e1cio F\u00e9lix, OFM \u2013 S\u00e3o Paulo-SP<br \/>\n&#8211; Frei Marcelo da Silva Mendes, OFM \u2013 Rio de Janeiro-RJ;<br \/>\n&#8211; Frei Paulo C\u00e9sar Rodrigues da Silva, OFM \u2013 Cruzeiro-SP;<br \/>\n&#8211; Frei Roger Strapazzon, OFM \u2013 Blumenau-SC.<\/p>\n<p><strong>\u00a0 \u00a0 \u00a0Frades Novi\u00e7os da Funda\u00e7\u00e3o Franciscana Nossa Senhora de F\u00e1tima do Brasil:<\/strong><br \/>\n&#8211; Frei Jos\u00e9 A\u00e9cio de Oliveira Filho, ofm \u2013 Campin\u00f3polis-MG;<br \/>\n&#8211; Frei Patrick Roberto de Sousa, ofm \u2013 Uberl\u00e2ndia-MG.<br \/>\nSuplicamos ao Senhor, a fim de que os frades novi\u00e7os sejam perseverantes e possam testemunhar o Evangelho de Cristo, na Ordem dos Frades Menores.<\/p>\n<p><strong>\u00a0\u00a0 Frei Le\u00f4nidas F\u00e9lix, OFM<\/strong><br \/>\n<img loading=\"lazy\" class=\"alignleft size-full wp-image-199128\" src=\"https:\/\/franciscanos.org.br\/noticias\/wp-content\/uploads\/2012\/01\/16-1.jpg\" alt=\"\" width=\"600\" height=\"450\" srcset=\"https:\/\/franciscanos.org.br\/noticias\/wp-content\/uploads\/2012\/01\/16-1.jpg 600w, https:\/\/franciscanos.org.br\/noticias\/wp-content\/uploads\/2012\/01\/16-1-450x338.jpg 450w, https:\/\/franciscanos.org.br\/noticias\/wp-content\/uploads\/2012\/01\/16-1-150x113.jpg 150w\" sizes=\"(max-width: 600px) 100vw, 600px\" \/><\/p>\n","protected":false},"excerpt":{"rendered":"<p>SAV<\/p>\n","protected":false},"author":1,"featured_media":209164,"comment_status":"closed","ping_status":"open","sticky":false,"template":"","format":"standard","meta":[],"categories":[1],"tags":[1270,127,620],"acf":[],"yoast_head":"<!-- This site is optimized with the Yoast SEO plugin v19.2 - https:\/\/yoast.com\/wordpress\/plugins\/seo\/ -->\n<title>Provincial recebe os novi\u00e7os de 2012 - Not\u00edcias - Franciscanos<\/title>\n<meta name=\"robots\" content=\"index, follow, max-snippet:-1, max-image-preview:large, max-video-preview:-1\" \/>\n<link rel=\"canonical\" href=\"https:\/\/franciscanos.org.br\/noticias\/provincial-recebe-os-novicos-de-2012.html\" \/>\n<meta property=\"og:locale\" content=\"pt_BR\" \/>\n<meta property=\"og:type\" content=\"article\" \/>\n<meta property=\"og:title\" content=\"Provincial recebe os novi\u00e7os de 2012 - Not\u00edcias - Franciscanos\" \/>\n<meta property=\"og:description\" content=\"SAV\" \/>\n<meta property=\"og:url\" content=\"https:\/\/franciscanos.org.br\/noticias\/provincial-recebe-os-novicos-de-2012.html\" \/>\n<meta property=\"og:site_name\" content=\"Not\u00edcias - Franciscanos\" \/>\n<meta property=\"article:published_time\" content=\"2012-01-13T19:58:45+00:00\" \/>\n<meta property=\"article:modified_time\" content=\"2023-01-09T14:18:47+00:00\" \/>\n<meta property=\"og:image\" content=\"https:\/\/franciscanos.org.br\/noticias\/wp-content\/uploads\/2012\/01\/novicos_g130112-1.jpg\" \/>\n\t<meta property=\"og:image:width\" content=\"273\" \/>\n\t<meta property=\"og:image:height\" content=\"180\" \/>\n\t<meta property=\"og:image:type\" content=\"image\/jpeg\" \/>\n<meta name=\"author\" content=\"admin\" \/>\n<meta name=\"twitter:card\" content=\"summary_large_image\" \/>\n<meta name=\"twitter:label1\" content=\"Escrito por\" \/>\n\t<meta name=\"twitter:data1\" content=\"admin\" \/>\n\t<meta name=\"twitter:label2\" content=\"Est. tempo de leitura\" \/>\n\t<meta name=\"twitter:data2\" content=\"2 minutos\" \/>\n<script type=\"application\/ld+json\" class=\"yoast-schema-graph\">{\"@context\":\"https:\/\/schema.org\",\"@graph\":[{\"@type\":\"WebSite\",\"@id\":\"https:\/\/franciscanos.org.br\/noticias\/#website\",\"url\":\"https:\/\/franciscanos.org.br\/noticias\/\",\"name\":\"Not\u00edcias - Franciscanos\",\"description\":\"Prov\u00edncia Franciscana da Imaculada Concei\u00e7\u00e3o do Brasil - Ordem dos Frades Menores - OFM\",\"potentialAction\":[{\"@type\":\"SearchAction\",\"target\":{\"@type\":\"EntryPoint\",\"urlTemplate\":\"https:\/\/franciscanos.org.br\/noticias\/?s={search_term_string}\"},\"query-input\":\"required name=search_term_string\"}],\"inLanguage\":\"pt-BR\"},{\"@type\":\"ImageObject\",\"inLanguage\":\"pt-BR\",\"@id\":\"https:\/\/franciscanos.org.br\/noticias\/provincial-recebe-os-novicos-de-2012.html#primaryimage\",\"url\":\"https:\/\/franciscanos.org.br\/noticias\/wp-content\/uploads\/2012\/01\/novicos_g130112-1.jpg\",\"contentUrl\":\"https:\/\/franciscanos.org.br\/noticias\/wp-content\/uploads\/2012\/01\/novicos_g130112-1.jpg\",\"width\":273,\"height\":180},{\"@type\":\"WebPage\",\"@id\":\"https:\/\/franciscanos.org.br\/noticias\/provincial-recebe-os-novicos-de-2012.html#webpage\",\"url\":\"https:\/\/franciscanos.org.br\/noticias\/provincial-recebe-os-novicos-de-2012.html\",\"name\":\"Provincial recebe os novi\u00e7os de 2012 - Not\u00edcias - Franciscanos\",\"isPartOf\":{\"@id\":\"https:\/\/franciscanos.org.br\/noticias\/#website\"},\"primaryImageOfPage\":{\"@id\":\"https:\/\/franciscanos.org.br\/noticias\/provincial-recebe-os-novicos-de-2012.html#primaryimage\"},\"datePublished\":\"2012-01-13T19:58:45+00:00\",\"dateModified\":\"2023-01-09T14:18:47+00:00\",\"author\":{\"@id\":\"https:\/\/franciscanos.org.br\/noticias\/#\/schema\/person\/b38fbf43118f02820bd932f2e4b14ad3\"},\"breadcrumb\":{\"@id\":\"https:\/\/franciscanos.org.br\/noticias\/provincial-recebe-os-novicos-de-2012.html#breadcrumb\"},\"inLanguage\":\"pt-BR\",\"potentialAction\":[{\"@type\":\"ReadAction\",\"target\":[\"https:\/\/franciscanos.org.br\/noticias\/provincial-recebe-os-novicos-de-2012.html\"]}]},{\"@type\":\"BreadcrumbList\",\"@id\":\"https:\/\/franciscanos.org.br\/noticias\/provincial-recebe-os-novicos-de-2012.html#breadcrumb\",\"itemListElement\":[{\"@type\":\"ListItem\",\"position\":1,\"name\":\"Home\",\"item\":\"https:\/\/franciscanos.org.br\/noticias\"},{\"@type\":\"ListItem\",\"position\":2,\"name\":\"Provincial recebe os novi\u00e7os de 2012\"}]},{\"@type\":\"Person\",\"@id\":\"https:\/\/franciscanos.org.br\/noticias\/#\/schema\/person\/b38fbf43118f02820bd932f2e4b14ad3\",\"name\":\"admin\",\"image\":{\"@type\":\"ImageObject\",\"inLanguage\":\"pt-BR\",\"@id\":\"https:\/\/franciscanos.org.br\/noticias\/#\/schema\/person\/image\/\",\"url\":\"https:\/\/secure.gravatar.com\/avatar\/e8495742d34d0ba6448ea1c628263b3e?s=96&d=mm&r=g\",\"contentUrl\":\"https:\/\/secure.gravatar.com\/avatar\/e8495742d34d0ba6448ea1c628263b3e?s=96&d=mm&r=g\",\"caption\":\"admin\"},\"url\":\"https:\/\/franciscanos.org.br\/noticias\/author\/admin\"}]}<\/script>\n<!-- \/ Yoast SEO plugin. -->","yoast_head_json":{"title":"Provincial recebe os novi\u00e7os de 2012 - Not\u00edcias - Franciscanos","robots":{"index":"index","follow":"follow","max-snippet":"max-snippet:-1","max-image-preview":"max-image-preview:large","max-video-preview":"max-video-preview:-1"},"canonical":"https:\/\/franciscanos.org.br\/noticias\/provincial-recebe-os-novicos-de-2012.html","og_locale":"pt_BR","og_type":"article","og_title":"Provincial recebe os novi\u00e7os de 2012 - Not\u00edcias - Franciscanos","og_description":"SAV","og_url":"https:\/\/franciscanos.org.br\/noticias\/provincial-recebe-os-novicos-de-2012.html","og_site_name":"Not\u00edcias - Franciscanos","article_published_time":"2012-01-13T19:58:45+00:00","article_modified_time":"2023-01-09T14:18:47+00:00","og_image":[{"width":273,"height":180,"url":"https:\/\/franciscanos.org.br\/noticias\/wp-content\/uploads\/2012\/01\/novicos_g130112-1.jpg","type":"image\/jpeg"}],"author":"admin","twitter_card":"summary_large_image","twitter_misc":{"Escrito por":"admin","Est. tempo de leitura":"2 minutos"},"schema":{"@context":"https:\/\/schema.org","@graph":[{"@type":"WebSite","@id":"https:\/\/franciscanos.org.br\/noticias\/#website","url":"https:\/\/franciscanos.org.br\/noticias\/","name":"Not\u00edcias - Franciscanos","description":"Prov\u00edncia Franciscana da Imaculada Concei\u00e7\u00e3o do Brasil - Ordem dos Frades Menores - OFM","potentialAction":[{"@type":"SearchAction","target":{"@type":"EntryPoint","urlTemplate":"https:\/\/franciscanos.org.br\/noticias\/?s={search_term_string}"},"query-input":"required name=search_term_string"}],"inLanguage":"pt-BR"},{"@type":"ImageObject","inLanguage":"pt-BR","@id":"https:\/\/franciscanos.org.br\/noticias\/provincial-recebe-os-novicos-de-2012.html#primaryimage","url":"https:\/\/franciscanos.org.br\/noticias\/wp-content\/uploads\/2012\/01\/novicos_g130112-1.jpg","contentUrl":"https:\/\/franciscanos.org.br\/noticias\/wp-content\/uploads\/2012\/01\/novicos_g130112-1.jpg","width":273,"height":180},{"@type":"WebPage","@id":"https:\/\/franciscanos.org.br\/noticias\/provincial-recebe-os-novicos-de-2012.html#webpage","url":"https:\/\/franciscanos.org.br\/noticias\/provincial-recebe-os-novicos-de-2012.html","name":"Provincial recebe os novi\u00e7os de 2012 - Not\u00edcias - Franciscanos","isPartOf":{"@id":"https:\/\/franciscanos.org.br\/noticias\/#website"},"primaryImageOfPage":{"@id":"https:\/\/franciscanos.org.br\/noticias\/provincial-recebe-os-novicos-de-2012.html#primaryimage"},"datePublished":"2012-01-13T19:58:45+00:00","dateModified":"2023-01-09T14:18:47+00:00","author":{"@id":"https:\/\/franciscanos.org.br\/noticias\/#\/schema\/person\/b38fbf43118f02820bd932f2e4b14ad3"},"breadcrumb":{"@id":"https:\/\/franciscanos.org.br\/noticias\/provincial-recebe-os-novicos-de-2012.html#breadcrumb"},"inLanguage":"pt-BR","potentialAction":[{"@type":"ReadAction","target":["https:\/\/franciscanos.org.br\/noticias\/provincial-recebe-os-novicos-de-2012.html"]}]},{"@type":"BreadcrumbList","@id":"https:\/\/franciscanos.org.br\/noticias\/provincial-recebe-os-novicos-de-2012.html#breadcrumb","itemListElement":[{"@type":"ListItem","position":1,"name":"Home","item":"https:\/\/franciscanos.org.br\/noticias"},{"@type":"ListItem","position":2,"name":"Provincial recebe os novi\u00e7os de 2012"}]},{"@type":"Person","@id":"https:\/\/franciscanos.org.br\/noticias\/#\/schema\/person\/b38fbf43118f02820bd932f2e4b14ad3","name":"admin","image":{"@type":"ImageObject","inLanguage":"pt-BR","@id":"https:\/\/franciscanos.org.br\/noticias\/#\/schema\/person\/image\/","url":"https:\/\/secure.gravatar.com\/avatar\/e8495742d34d0ba6448ea1c628263b3e?s=96&d=mm&r=g","contentUrl":"https:\/\/secure.gravatar.com\/avatar\/e8495742d34d0ba6448ea1c628263b3e?s=96&d=mm&r=g","caption":"admin"},"url":"https:\/\/franciscanos.org.br\/noticias\/author\/admin"}]}},"_links":{"self":[{"href":"https:\/\/franciscanos.org.br\/noticias\/wp-json\/wp\/v2\/posts\/10825"}],"collection":[{"href":"https:\/\/franciscanos.org.br\/noticias\/wp-json\/wp\/v2\/posts"}],"about":[{"href":"https:\/\/franciscanos.org.br\/noticias\/wp-json\/wp\/v2\/types\/post"}],"author":[{"embeddable":true,"href":"https:\/\/franciscanos.org.br\/noticias\/wp-json\/wp\/v2\/users\/1"}],"replies":[{"embeddable":true,"href":"https:\/\/franciscanos.org.br\/noticias\/wp-json\/wp\/v2\/comments?post=10825"}],"version-history":[{"count":1,"href":"https:\/\/franciscanos.org.br\/noticias\/wp-json\/wp\/v2\/posts\/10825\/revisions"}],"predecessor-version":[{"id":241610,"href":"https:\/\/franciscanos.org.br\/noticias\/wp-json\/wp\/v2\/posts\/10825\/revisions\/241610"}],"wp:featuredmedia":[{"embeddable":true,"href":"https:\/\/franciscanos.org.br\/noticias\/wp-json\/wp\/v2\/media\/209164"}],"wp:attachment":[{"href":"https:\/\/franciscanos.org.br\/noticias\/wp-json\/wp\/v2\/media?parent=10825"}],"wp:term":[{"taxonomy":"category","embeddable":true,"href":"https:\/\/franciscanos.org.br\/noticias\/wp-json\/wp\/v2\/categories?post=10825"},{"taxonomy":"post_tag","embeddable":true,"href":"https:\/\/franciscanos.org.br\/noticias\/wp-json\/wp\/v2\/tags?post=10825"}],"curies":[{"name":"wp","href":"https:\/\/api.w.org\/{rel}","templated":true}]}}