{"id":107964,"date":"2016-04-24T23:52:35","date_gmt":"2016-04-25T02:52:35","guid":{"rendered":"http:\/\/franciscanos.org.br\/?p=107964"},"modified":"2020-05-14T13:09:31","modified_gmt":"2020-05-14T16:09:31","slug":"frei-valdeci-chega-frei-ishara-ovacionado-parte","status":"publish","type":"post","link":"https:\/\/franciscanos.org.br\/noticias\/frei-valdeci-chega-frei-ishara-ovacionado-parte.html","title":{"rendered":"Frei Valdecir chega; Frei Ishara, ovacionado, parte"},"content":{"rendered":"<p><img loading=\"lazy\" src=\"http:\/\/franciscanos.org.br\/wp-content\/uploads\/2016\/04\/alto22.jpg\" alt=\"alto2\" width=\"820\" height=\"491\" \/><\/p>\n<p><strong>Moacir Beggo<\/strong><\/p>\n<p><strong>\u00a0<\/strong><strong>S\u00e3o Paulo (SP<\/strong>) &#8211; A festa segundo o script era para a tomada de posse do p\u00e1roco da Par\u00f3quia S\u00e3o Francisco de Assis, Frei Valdecir Schwambach, mas no final da celebra\u00e7\u00e3o quem roubou a cena foi Frei Roberto Ishara, que se despediu do povo paulistano depois de quatro anos de evangeliza\u00e7\u00e3o na Vila Clementino.<\/p>\n<p>Velho conhecido dos fi\u00e9is, seja nas celebra\u00e7\u00f5es, seja nas visitas pastorais a dezenas de hospitais na regi\u00e3o da Par\u00f3quia, Frei Ishara parte nesta segunda-feira para a Miss\u00e3o de Angola, junto com Frei Angelo Jos\u00e9 Luiz e Frei Andr\u00e9 Luiz Henriques.<\/p>\n<p>Frei Valdecir, depois de dez anos trabalhando no Santu\u00e1rio da Penha de Vila Velha (ES), tomou posse neste domingo, 24 de abril, na Par\u00f3quia S\u00e3o Francisco de Assis. A Missa do rito de posse de Frei Valdecir foi presidida por Dom Jos\u00e9 Roberto Fortes Palau, bispo Auxiliar de S\u00e3o Paulo da Regi\u00e3o Ipiranga, tendo como concelebrantes o Vig\u00e1rio Provincial Frei Evaristo Spengler, os frades da Vila, do Convento S\u00e3o Francisco e da Par\u00f3quia do Pari.\u00a0 No in\u00edcio da celebra\u00e7\u00e3o, Frei Evaristo leu o documento de nomea\u00e7\u00e3o e provis\u00e3o de p\u00e1roco, atendendo ao pedido feito pelo Ministro Provincial da Prov\u00edncia Franciscana da Imaculada Concei\u00e7\u00e3o, Frei Fid\u00eancio Vanboemmel, \u00e0 Arquidiocese de S\u00e3o Paulo.<\/p>\n<p><img loading=\"lazy\" src=\"http:\/\/franciscanos.org.br\/wp-content\/uploads\/2016\/04\/alto42.jpg\" alt=\"alto4\" width=\"820\" height=\"455\" \/><\/p>\n<p>No in\u00edcio da celebra\u00e7\u00e3o, Frei Valdecir fez a profiss\u00e3o de f\u00e9 e, em seguida, Dom Jos\u00e9 entregou o Evangelho ao novo p\u00e1roco recomendando a &#8220;transformar em f\u00e9 viva o que l\u00eas, ensinar aquilo que cr\u00eas e procurar realizar o que ensinas\u201d.<\/p>\n<p>Na sua homilia, Dom Jos\u00e9 Roberto fez uma reflex\u00e3o detalhada sobre a palavra &#8220;novo&#8221; quando Jesus diz &#8220;novo mandamento&#8221;. &#8220;O novo cria expectativas. Voc\u00eas est\u00e3o recebendo um novo p\u00e1roco. Certamente, a vinda dele vai criar expectativas. Isso \u00e9 bom. Tamb\u00e9m o Frei Valdecir est\u00e1 assumindo nova Par\u00f3quia. Est\u00e1 criando novas expectativas, novos sonhos. Isso faz bem&#8221;, disse.<\/p>\n<p>Dom Jos\u00e9, referindo ao evangelho deste domingo, lembrou que Cristo amou o pr\u00f3ximo com pura benevol\u00eancia, pura gratuidade. &#8220;N\u00e3o por interesse. Amai-vos uns aos outros inclusive aqueles que falam mal de voc\u00ea. Ah, mas \u00e9 dif\u00edcil! Eu sei disso. S\u00f3 com as nossas pr\u00f3prias for\u00e7as n\u00e3o conseguir\u00edamos amar o outro. N\u00f3s precisamos da ajuda de Deus. Sem o Esp\u00edrito Santo seria imposs\u00edvel amar como o Cristo amou&#8221;, destacou.<\/p>\n<p><img loading=\"lazy\" src=\"http:\/\/franciscanos.org.br\/wp-content\/uploads\/2016\/04\/alto51.jpg\" alt=\"alto5\" width=\"820\" height=\"508\" \/><\/p>\n<p>Terminada a homilia, o novo p\u00e1roco renovou as promessas que fez na sua ordena\u00e7\u00e3o. O rito de posse, ent\u00e3o, ganhou em simbolismo. Primeiro, \u00a0Frei Valdecir recebeu das m\u00e3os do bispo as chaves da Par\u00f3quia, depois a chave do Sacr\u00e1rio, a estola e os \u00f3leos do batismo.<\/p>\n<p>Frei Valdecir, ent\u00e3o, manifestou toda a sua gratid\u00e3o ao se sentir acolhido pela Arquidiocese de S\u00e3o Paulo, na pessoa do bispo Dom Jos\u00e9, acolhido pela Fraternidade Franciscana da Vila Clementino, e acolhido pelos fi\u00e9is paroquianos.<\/p>\n<p>&#8220;Voc\u00eas sabem que uma andorinha n\u00e3o faz ver\u00e3o. O novo p\u00e1roco precisa da ajuda de todos para caminhar juntos. Voc\u00eas me receberam desde o dia que cheguei de cora\u00e7\u00e3o aberto. Pois saibam que eu tamb\u00e9m estou de cora\u00e7\u00e3o aberto para receber voc\u00eas, para caminhar com voc\u00eas. Conto com o apoio, sugest\u00f5es, quero que caminhemos juntos&#8221;, pediu o novo p\u00e1roco, lembrando a longa presen\u00e7a franciscana na Vila Clementino. &#8220;Que a Palavra de Deus seja semeada no cora\u00e7\u00e3o de cada um de n\u00f3s&#8221;, completou.<\/p>\n<p>A posse de Frei Valdecir completa as mudan\u00e7as nas Par\u00f3quias de S\u00e3o Paulo que foram tomadas durante o Cap\u00edtulo Provincial e o Congresso Capitular, realizados em janeiro e fevereiro \u00a0\u00faltimos, pelos Frades Menores da Prov\u00edncia da Imaculada Concei\u00e7\u00e3o.<\/p>\n<p><img loading=\"lazy\" src=\"http:\/\/franciscanos.org.br\/wp-content\/uploads\/2016\/04\/alto11.jpg\" alt=\"alto1\" width=\"820\" height=\"413\" \/><\/p>\n<p><strong>DESPEDIDA<\/strong><\/p>\n<p>Frei Ishara, com seu jeito carism\u00e1tico, foi ovacionado pelos fi\u00e9is. &#8220;Quero agradecer o carinho que recebi de voc\u00eas nesses quatro anos. Tive uma experi\u00eancia muita grande de f\u00e9 com voc\u00eas. Quero tamb\u00e9m agradecer porque foi com voc\u00eas que eu aprendi a ser franciscano, foi com voc\u00eas que eu aprendi a ser padre. Obrigado por tudo e reze por n\u00f3s!&#8221;, pediu o novo mission\u00e1rio em Angola.<\/p>\n<p><img class=\"ngg_displayed_gallery mceItem\" src=\"http:\/\/franciscanos.org.br\/index.php\/nextgen-attach_to_post\/preview\/id--108044\" alt=\"\" \/><\/p>\n","protected":false},"excerpt":{"rendered":"<p>Posse<\/p>\n","protected":false},"author":1,"featured_media":223682,"comment_status":"open","ping_status":"open","sticky":false,"template":"","format":"standard","meta":[],"categories":[1],"tags":[],"acf":[],"yoast_head":"<!-- This site is optimized with the Yoast SEO plugin v19.2 - https:\/\/yoast.com\/wordpress\/plugins\/seo\/ -->\n<title>Frei Valdecir chega; Frei Ishara, ovacionado, parte - Not\u00edcias - Franciscanos<\/title>\n<meta name=\"robots\" content=\"index, follow, max-snippet:-1, max-image-preview:large, max-video-preview:-1\" \/>\n<link rel=\"canonical\" href=\"https:\/\/franciscanos.org.br\/noticias\/frei-valdeci-chega-frei-ishara-ovacionado-parte.html\" \/>\n<meta property=\"og:locale\" content=\"pt_BR\" \/>\n<meta property=\"og:type\" content=\"article\" \/>\n<meta property=\"og:title\" content=\"Frei Valdecir chega; Frei Ishara, ovacionado, parte - Not\u00edcias - Franciscanos\" \/>\n<meta property=\"og:description\" content=\"Posse\" \/>\n<meta property=\"og:url\" content=\"https:\/\/franciscanos.org.br\/noticias\/frei-valdeci-chega-frei-ishara-ovacionado-parte.html\" \/>\n<meta property=\"og:site_name\" content=\"Not\u00edcias - Franciscanos\" \/>\n<meta property=\"article:published_time\" content=\"2016-04-25T02:52:35+00:00\" \/>\n<meta property=\"article:modified_time\" content=\"2020-05-14T16:09:31+00:00\" \/>\n<meta property=\"og:image\" content=\"https:\/\/franciscanos.org.br\/noticias\/wp-content\/uploads\/2016\/04\/alto22.jpg\" \/>\n\t<meta property=\"og:image:width\" content=\"800\" \/>\n\t<meta property=\"og:image:height\" content=\"601\" \/>\n\t<meta property=\"og:image:type\" content=\"image\/jpeg\" \/>\n<meta name=\"author\" content=\"admin\" \/>\n<meta name=\"twitter:card\" content=\"summary_large_image\" \/>\n<meta name=\"twitter:label1\" content=\"Escrito por\" \/>\n\t<meta name=\"twitter:data1\" content=\"admin\" \/>\n\t<meta name=\"twitter:label2\" content=\"Est. tempo de leitura\" \/>\n\t<meta name=\"twitter:data2\" content=\"4 minutos\" \/>\n<script type=\"application\/ld+json\" class=\"yoast-schema-graph\">{\"@context\":\"https:\/\/schema.org\",\"@graph\":[{\"@type\":\"WebSite\",\"@id\":\"https:\/\/franciscanos.org.br\/noticias\/#website\",\"url\":\"https:\/\/franciscanos.org.br\/noticias\/\",\"name\":\"Not\u00edcias - Franciscanos\",\"description\":\"Prov\u00edncia Franciscana da Imaculada Concei\u00e7\u00e3o do Brasil - Ordem dos Frades Menores - OFM\",\"potentialAction\":[{\"@type\":\"SearchAction\",\"target\":{\"@type\":\"EntryPoint\",\"urlTemplate\":\"https:\/\/franciscanos.org.br\/noticias\/?s={search_term_string}\"},\"query-input\":\"required name=search_term_string\"}],\"inLanguage\":\"pt-BR\"},{\"@type\":\"ImageObject\",\"inLanguage\":\"pt-BR\",\"@id\":\"https:\/\/franciscanos.org.br\/noticias\/frei-valdeci-chega-frei-ishara-ovacionado-parte.html#primaryimage\",\"url\":\"https:\/\/franciscanos.org.br\/noticias\/wp-content\/uploads\/2016\/04\/alto22.jpg\",\"contentUrl\":\"https:\/\/franciscanos.org.br\/noticias\/wp-content\/uploads\/2016\/04\/alto22.jpg\",\"width\":800,\"height\":601},{\"@type\":\"WebPage\",\"@id\":\"https:\/\/franciscanos.org.br\/noticias\/frei-valdeci-chega-frei-ishara-ovacionado-parte.html#webpage\",\"url\":\"https:\/\/franciscanos.org.br\/noticias\/frei-valdeci-chega-frei-ishara-ovacionado-parte.html\",\"name\":\"Frei Valdecir chega; Frei Ishara, ovacionado, parte - Not\u00edcias - Franciscanos\",\"isPartOf\":{\"@id\":\"https:\/\/franciscanos.org.br\/noticias\/#website\"},\"primaryImageOfPage\":{\"@id\":\"https:\/\/franciscanos.org.br\/noticias\/frei-valdeci-chega-frei-ishara-ovacionado-parte.html#primaryimage\"},\"datePublished\":\"2016-04-25T02:52:35+00:00\",\"dateModified\":\"2020-05-14T16:09:31+00:00\",\"author\":{\"@id\":\"https:\/\/franciscanos.org.br\/noticias\/#\/schema\/person\/b38fbf43118f02820bd932f2e4b14ad3\"},\"breadcrumb\":{\"@id\":\"https:\/\/franciscanos.org.br\/noticias\/frei-valdeci-chega-frei-ishara-ovacionado-parte.html#breadcrumb\"},\"inLanguage\":\"pt-BR\",\"potentialAction\":[{\"@type\":\"ReadAction\",\"target\":[\"https:\/\/franciscanos.org.br\/noticias\/frei-valdeci-chega-frei-ishara-ovacionado-parte.html\"]}]},{\"@type\":\"BreadcrumbList\",\"@id\":\"https:\/\/franciscanos.org.br\/noticias\/frei-valdeci-chega-frei-ishara-ovacionado-parte.html#breadcrumb\",\"itemListElement\":[{\"@type\":\"ListItem\",\"position\":1,\"name\":\"Home\",\"item\":\"https:\/\/franciscanos.org.br\/noticias\"},{\"@type\":\"ListItem\",\"position\":2,\"name\":\"Frei Valdecir chega; Frei Ishara, ovacionado, parte\"}]},{\"@type\":\"Person\",\"@id\":\"https:\/\/franciscanos.org.br\/noticias\/#\/schema\/person\/b38fbf43118f02820bd932f2e4b14ad3\",\"name\":\"admin\",\"image\":{\"@type\":\"ImageObject\",\"inLanguage\":\"pt-BR\",\"@id\":\"https:\/\/franciscanos.org.br\/noticias\/#\/schema\/person\/image\/\",\"url\":\"https:\/\/secure.gravatar.com\/avatar\/e8495742d34d0ba6448ea1c628263b3e?s=96&d=mm&r=g\",\"contentUrl\":\"https:\/\/secure.gravatar.com\/avatar\/e8495742d34d0ba6448ea1c628263b3e?s=96&d=mm&r=g\",\"caption\":\"admin\"},\"url\":\"https:\/\/franciscanos.org.br\/noticias\/author\/admin\"}]}<\/script>\n<!-- \/ Yoast SEO plugin. -->","yoast_head_json":{"title":"Frei Valdecir chega; Frei Ishara, ovacionado, parte - Not\u00edcias - Franciscanos","robots":{"index":"index","follow":"follow","max-snippet":"max-snippet:-1","max-image-preview":"max-image-preview:large","max-video-preview":"max-video-preview:-1"},"canonical":"https:\/\/franciscanos.org.br\/noticias\/frei-valdeci-chega-frei-ishara-ovacionado-parte.html","og_locale":"pt_BR","og_type":"article","og_title":"Frei Valdecir chega; Frei Ishara, ovacionado, parte - Not\u00edcias - Franciscanos","og_description":"Posse","og_url":"https:\/\/franciscanos.org.br\/noticias\/frei-valdeci-chega-frei-ishara-ovacionado-parte.html","og_site_name":"Not\u00edcias - Franciscanos","article_published_time":"2016-04-25T02:52:35+00:00","article_modified_time":"2020-05-14T16:09:31+00:00","og_image":[{"width":800,"height":601,"url":"https:\/\/franciscanos.org.br\/noticias\/wp-content\/uploads\/2016\/04\/alto22.jpg","type":"image\/jpeg"}],"author":"admin","twitter_card":"summary_large_image","twitter_misc":{"Escrito por":"admin","Est. tempo de leitura":"4 minutos"},"schema":{"@context":"https:\/\/schema.org","@graph":[{"@type":"WebSite","@id":"https:\/\/franciscanos.org.br\/noticias\/#website","url":"https:\/\/franciscanos.org.br\/noticias\/","name":"Not\u00edcias - Franciscanos","description":"Prov\u00edncia Franciscana da Imaculada Concei\u00e7\u00e3o do Brasil - Ordem dos Frades Menores - OFM","potentialAction":[{"@type":"SearchAction","target":{"@type":"EntryPoint","urlTemplate":"https:\/\/franciscanos.org.br\/noticias\/?s={search_term_string}"},"query-input":"required name=search_term_string"}],"inLanguage":"pt-BR"},{"@type":"ImageObject","inLanguage":"pt-BR","@id":"https:\/\/franciscanos.org.br\/noticias\/frei-valdeci-chega-frei-ishara-ovacionado-parte.html#primaryimage","url":"https:\/\/franciscanos.org.br\/noticias\/wp-content\/uploads\/2016\/04\/alto22.jpg","contentUrl":"https:\/\/franciscanos.org.br\/noticias\/wp-content\/uploads\/2016\/04\/alto22.jpg","width":800,"height":601},{"@type":"WebPage","@id":"https:\/\/franciscanos.org.br\/noticias\/frei-valdeci-chega-frei-ishara-ovacionado-parte.html#webpage","url":"https:\/\/franciscanos.org.br\/noticias\/frei-valdeci-chega-frei-ishara-ovacionado-parte.html","name":"Frei Valdecir chega; Frei Ishara, ovacionado, parte - Not\u00edcias - Franciscanos","isPartOf":{"@id":"https:\/\/franciscanos.org.br\/noticias\/#website"},"primaryImageOfPage":{"@id":"https:\/\/franciscanos.org.br\/noticias\/frei-valdeci-chega-frei-ishara-ovacionado-parte.html#primaryimage"},"datePublished":"2016-04-25T02:52:35+00:00","dateModified":"2020-05-14T16:09:31+00:00","author":{"@id":"https:\/\/franciscanos.org.br\/noticias\/#\/schema\/person\/b38fbf43118f02820bd932f2e4b14ad3"},"breadcrumb":{"@id":"https:\/\/franciscanos.org.br\/noticias\/frei-valdeci-chega-frei-ishara-ovacionado-parte.html#breadcrumb"},"inLanguage":"pt-BR","potentialAction":[{"@type":"ReadAction","target":["https:\/\/franciscanos.org.br\/noticias\/frei-valdeci-chega-frei-ishara-ovacionado-parte.html"]}]},{"@type":"BreadcrumbList","@id":"https:\/\/franciscanos.org.br\/noticias\/frei-valdeci-chega-frei-ishara-ovacionado-parte.html#breadcrumb","itemListElement":[{"@type":"ListItem","position":1,"name":"Home","item":"https:\/\/franciscanos.org.br\/noticias"},{"@type":"ListItem","position":2,"name":"Frei Valdecir chega; Frei Ishara, ovacionado, parte"}]},{"@type":"Person","@id":"https:\/\/franciscanos.org.br\/noticias\/#\/schema\/person\/b38fbf43118f02820bd932f2e4b14ad3","name":"admin","image":{"@type":"ImageObject","inLanguage":"pt-BR","@id":"https:\/\/franciscanos.org.br\/noticias\/#\/schema\/person\/image\/","url":"https:\/\/secure.gravatar.com\/avatar\/e8495742d34d0ba6448ea1c628263b3e?s=96&d=mm&r=g","contentUrl":"https:\/\/secure.gravatar.com\/avatar\/e8495742d34d0ba6448ea1c628263b3e?s=96&d=mm&r=g","caption":"admin"},"url":"https:\/\/franciscanos.org.br\/noticias\/author\/admin"}]}},"_links":{"self":[{"href":"https:\/\/franciscanos.org.br\/noticias\/wp-json\/wp\/v2\/posts\/107964"}],"collection":[{"href":"https:\/\/franciscanos.org.br\/noticias\/wp-json\/wp\/v2\/posts"}],"about":[{"href":"https:\/\/franciscanos.org.br\/noticias\/wp-json\/wp\/v2\/types\/post"}],"author":[{"embeddable":true,"href":"https:\/\/franciscanos.org.br\/noticias\/wp-json\/wp\/v2\/users\/1"}],"replies":[{"embeddable":true,"href":"https:\/\/franciscanos.org.br\/noticias\/wp-json\/wp\/v2\/comments?post=107964"}],"version-history":[{"count":1,"href":"https:\/\/franciscanos.org.br\/noticias\/wp-json\/wp\/v2\/posts\/107964\/revisions"}],"predecessor-version":[{"id":223683,"href":"https:\/\/franciscanos.org.br\/noticias\/wp-json\/wp\/v2\/posts\/107964\/revisions\/223683"}],"wp:featuredmedia":[{"embeddable":true,"href":"https:\/\/franciscanos.org.br\/noticias\/wp-json\/wp\/v2\/media\/223682"}],"wp:attachment":[{"href":"https:\/\/franciscanos.org.br\/noticias\/wp-json\/wp\/v2\/media?parent=107964"}],"wp:term":[{"taxonomy":"category","embeddable":true,"href":"https:\/\/franciscanos.org.br\/noticias\/wp-json\/wp\/v2\/categories?post=107964"},{"taxonomy":"post_tag","embeddable":true,"href":"https:\/\/franciscanos.org.br\/noticias\/wp-json\/wp\/v2\/tags?post=107964"}],"curies":[{"name":"wp","href":"https:\/\/api.w.org\/{rel}","templated":true}]}}