{"id":107722,"date":"2016-04-17T10:00:19","date_gmt":"2016-04-17T13:00:19","guid":{"rendered":"http:\/\/franciscanos.org.br\/?p=107722"},"modified":"2020-06-09T18:24:34","modified_gmt":"2020-06-09T21:24:34","slug":"papa-aos-refugiados-nao-percam-a-esperanca","status":"publish","type":"post","link":"https:\/\/franciscanos.org.br\/noticias\/papa-aos-refugiados-nao-percam-a-esperanca.html","title":{"rendered":"Papa aos refugiados: N\u00e3o percam a esperan\u00e7a"},"content":{"rendered":"<p><img loading=\"lazy\" src=\"http:\/\/franciscanos.org.br\/wp-content\/uploads\/2016\/04\/alto.jpg\" alt=\"alto\" width=\"820\" height=\"387\" \/><\/p>\n<p><strong>Cidade do Vaticano<\/strong> &#8211; O primeiro compromisso de Francisco, em Lesbos, na manh\u00e3 de s\u00e1bado (16\/04), foi a visita ao campo de refugiados de M\u00f2ria, onde cumprimentou 150 menores e 250 pessoas que pedem asilo pol\u00edtico. O encontro foi marcado pelas s\u00faplicas de alguns refugiados ao encontrarem os l\u00edderes religiosos.<\/p>\n<p>Em seu discurso aos migrantes, o Papa expressou sua alegria por estar ali e reafirmou sua solidariedade para com eles: \u201cHoje quis estar aqui com voc\u00eas. Quero dizer-lhes que n\u00e3o est\u00e3o sozinhos. Ao longo destes meses e semanas, voc\u00eas sofreram in\u00fameras tribula\u00e7\u00f5es em busca de uma vida melhor. Muitos se sentiram obrigados a fugir de situa\u00e7\u00f5es de conflito e persegui\u00e7\u00e3o, sobretudo por amor aos seus filhos pequeninos. Suportaram grandes sacrif\u00edcios por amor das suas fam\u00edlias; sentiram a amargura de deixar todos os seus bens, sem saber qual o destino que lhes aguarda\u201d.<\/p>\n<p>\u201cVim aqui, disse Francisco, com meus irm\u00e3os, o Patriarca Bartolomeu I e o Arcebispo Hieronymos II, para estar com voc\u00eas e ouvir seus dramas. Viemos para chamar a aten\u00e7\u00e3o do mundo para esta grave crise humanit\u00e1ria e solicitar uma resolu\u00e7\u00e3o\u201d.<\/p>\n<p><strong>Esfor\u00e7o mundial<\/strong><br \/>\n\u201cComo pessoas de f\u00e9, acrescentou o Papa, queremos unir nossas vozes para falar abertamente em nome de voc\u00eas, esperando que o mundo preste aten\u00e7\u00e3o a estas situa\u00e7\u00f5es tr\u00e1gicas e as resolva de modo digno\u201d.<\/p>\n<p>Muitos, afirmou o Pont\u00edfice, aproveitam de tais tribula\u00e7\u00f5es, mas outros tentam ajudar com generosidade. E deixou a seguinte mensagem aos refugiados:<em> \u201cN\u00e3o percam a esperan\u00e7a! O maior dom que podemos dar uns aos outros \u00e9 o amor; um olhar misericordioso; a solicitude de ouvirmos e compreendermos; uma palavra de encorajamento; uma ora\u00e7\u00e3o. Oxal\u00e1 possam partilhar este dom uns com os outros\u201d.<\/em><\/p>\n<p><em>Aqui, o Santo Padre recordou o epis\u00f3dio do Bom Samaritano, uma par\u00e1bola alusiva \u00e0 miseric\u00f3rdia de Deus, destinada a todos. Ele \u00e9 Misericordioso! E concluiu: \u201cQue todos os nossos irm\u00e3os e irm\u00e3s, neste continente, possam \u2013 \u00e0 semelhan\u00e7a do Bom Samaritano \u2013 ir ao seu aux\u00edlio, animados por aquele esp\u00edrito de fraternidade, solidariedade e respeito pela dignidade humana, que caracterizou a sua longa hist\u00f3ria. Queridos amigos, que Deus os aben\u00e7oe, especialmente as crian\u00e7as, os idosos e os que sofrem no corpo e no esp\u00edrito. Sobre voc\u00eas e quem os acompanha, invoco os dons divinos da fortaleza e da paz\u201d.<\/em><\/p>\n<p><em>Ap\u00f3s o discurso, foi assinada uma Declara\u00e7\u00e3o Conjunta entre Francisco, o Patriarca Bartolomeu I e o Arcebispo Hieronymos II.<\/em><\/p>\n<p><em><img loading=\"lazy\" src=\"http:\/\/franciscanos.org.br\/wp-content\/uploads\/2016\/04\/alto6.jpg\" alt=\"alto6\" width=\"820\" height=\"356\" \/><\/em><\/p>\n<h3><em>ORA\u00c7\u00c3O PELOS REFUGIADOS<\/em><\/h3>\n<p><em>No Porto de Lesbos, o Papa, acompanhado dos outros dois l\u00edderes religiosos, Bartolomeu I e Hieronymus II, recitou a seguinte ora\u00e7\u00e3o pelas v\u00edtimas das migra\u00e7\u00f5es:<\/em><\/p>\n<p><em>\u201cDeus de miseric\u00f3rdia, pedimo-vos por todos os homens, mulheres e crian\u00e7as, que morreram depois de ter deixado as suas terras \u00e0 procura de uma vida melhor.<\/em><br \/>\n<em> Embora muitos dos seus t\u00famulos n\u00e3o tenham nome, cada um \u00e9 conhecido, amado e querido por v\u00f3s. Que nunca sejam esquecidos por n\u00f3s, mas possamos honrar o seu sacrif\u00edcio mais com as obras do que com as palavras.<\/em><\/p>\n<p><em>Confiamo-vos todos aqueles que realizaram esta viagem, suportando medos, incertezas e humilha\u00e7\u00f5es, para chegar a um lugar seguro e esperan\u00e7oso.<\/em><\/p>\n<p><em>Como v\u00f3s n\u00e3o abandonastes o vosso Filho quando foi levado para um lugar seguro por Maria e Jos\u00e9, assim agora mantende-vos perto destes vossos filhos e filhas atrav\u00e9s da nossa ternura e prote\u00e7\u00e3o. Fazei que, cuidando deles, possamos promover um mundo onde ningu\u00e9m seja for\u00e7ado a deixar a sua casa e onde todos possam viver em liberdade, dignidade e paz.<\/em><\/p>\n<p><em>Deus de miseric\u00f3rdia e Pai de todos, acordai-nos do sono da indiferen\u00e7a, abri os nossos olhos \u00e0s suas tribula\u00e7\u00f5es e libertai-nos da insensibilidade, fruto do bem-estar mundano e do confinamento em n\u00f3s mesmos.<\/em><\/p>\n<p><em>Dai inspira\u00e7\u00e3o a todos n\u00f3s, na\u00e7\u00f5es, comunidades e indiv\u00edduos, para reconhecer que, quantos atingem as nossas costas, s\u00e3o nossos irm\u00e3os e irm\u00e3s.<\/em><\/p>\n<p><em>Ajudai-nos a partilhar com eles as b\u00ean\u00e7\u00e3os que recebemos das vossas m\u00e3os e a reconhecer que juntos, como uma \u00fanica fam\u00edlia humana, somos todos migrantes, viajantes de esperan\u00e7a rumo a v\u00f3s, que sois a nossa verdadeira casa, onde todas as l\u00e1grimas ser\u00e3o enxugadas, onde estaremos na paz, seguros no vosso abra\u00e7o\u201d.<\/em><\/p>\n<p>Depois das ora\u00e7\u00f5es, o Papa Francisco, o Patriarca Bartolomeu I e o Arcebispo de Atenas Hieronymos II lan\u00e7aram tr\u00eas coroas de louro no mar, em mem\u00f3ria das v\u00edtimas das migra\u00e7\u00f5es.<\/p>\n<p>&nbsp;<\/p>\n<h3>TR\u00caS FAM\u00cdLIAS<\/h3>\n<p>O avi\u00e3o papal decolou do aeroporto de Mitilene \u00e0s 15h30 (hora local) em dire\u00e7\u00e3o a Roma. A bordo, 3 fam\u00edlias de refugiados s\u00edrios, 12 pessoas no total, dentre as quais 6 menores, todos mu\u00e7ulmanos.<\/p>\n<p>\u201cO Papa quis realizar um gesto de acolhida em rela\u00e7\u00e3o aos refugiados. S\u00e3o pessoas que j\u00e1 estavam em Lesbos antes do acordo entre a Uni\u00e3o Europeia e a Turquia\u201d, precisou o Diretor da Sala de Imprensa da Santa S\u00e9, Pe. Federico Lombardi.<\/p>\n<p>As negocia\u00e7\u00f5es foram intermediadas pela Secretaria de Estado junto \u00e0s autoridades gregas e italianas. Duas das fam\u00edlias s\u00e3o origin\u00e1rias de Damasco e a outra de Deir Azzor \u2013 regi\u00e3o ocupada pelos extremistas do auto-proclamado Estado Isl\u00e2mico: as tr\u00eas fam\u00edlias tiveram as casas bombardeadas.<br \/>\n&#8220;A acolhida e ajuda \u00e0s fam\u00edlias ficar\u00e3o a cargo do Vaticano. A hospitalidade inicial ser\u00e1 garantida pela Comunidade de Santo Eg\u00eddio\u201d, finalizou Pe. Lombardi.<\/p>\n<p>&nbsp;<\/p>\n<h3>ENTREVISTA NO VOO DE RETORNO<\/h3>\n<p><strong>Apesar de breve, o voo de retorno da Gr\u00e9cia para Roma teve espa\u00e7o para uma coletiva de imprensa do Papa com os jornalistas a bordo. Francisco passou em resenha alguns pontos gerais, sobretudo sobre a crise migrat\u00f3ria. O Papa defendeu uma pol\u00edtica de integra\u00e7\u00e3o para os migrantes da Europa, respondeu \u00e0 quest\u00f5es sobre a Exorta\u00e7\u00e3o Amoris Laetitia e porqu\u00ea trouxe a Roma tr\u00eas fam\u00edlias mu\u00e7ulmanas.<\/strong><\/p>\n<h3>Abaixo, a \u00edntegra das perguntas e respostas. A tradu\u00e7\u00e3o \u00e9 da reda\u00e7\u00e3o do Programa Brasileiro.<\/h3>\n<p><em> In\u00eas San Mart\u00edn: Santo Padre, espero n\u00e3o incomodar mas lhe farei duas perguntas sobre dois argumentos distintos. A primeira espec\u00edfica em rela\u00e7\u00e3o \u00e0 viagem: esta viagem acontece depois do acordo entre a Uni\u00e3o Europeia e a Turquia na tentativa de resolver a quest\u00e3o dos refugiados na Gr\u00e9cia. Acredita que este plano possa funcionar, o que seja uma quest\u00e3o pol\u00edtica para ganhar tempo e ver o que acontece? A segunda pergunta, se posso, \u00e9 esta: esta manh\u00e3 o senhor encontrou o candidato \u00e0 presid\u00eancia dos Estados Unidos, Bernie Sanders, na Casa Santa Marta. Gostaria de pedir um coment\u00e1rio sobre este encontro e se este \u00e9 o seu modo de se inserir na pol\u00edtica dos Estados Unidos. Pe\u00e7o, por favor, que responda em italiano. Obrigada.<\/em><\/p>\n<p><strong>Papa Francisco<\/strong>: N\u00e3o, antes de tudo n\u00e3o h\u00e1 nenhuma especula\u00e7\u00e3o pol\u00edtica porque estes acordos entre a Turquia e a Gr\u00e9cia eu n\u00e3o conhecia bem; mas, li nos jornais, mas nada: \u00e9 uma coisa puramente humana. \u00c9 humanit\u00e1rio, foi uma inspira\u00e7\u00e3o de uma semana atr\u00e1s que veio de um meu colaborador, e eu aceitei imediatamente, imediatamente, imediatamente, porque vi que era o Esp\u00edrito que falava. Todas as coisas foram feitas regularmente: eles v\u00eam com os documentos, os tr\u00eas governos \u2013 o Estado da Cidade do Vaticano, o governo italiano e o governo grego \u2013 tudo, inspecionaram tudo, inspecionaram tudo e deram o visto. Ser\u00e3o acolhidos pelo Vaticano: ser\u00e1 o Vaticano, com a colabora\u00e7\u00e3o da Comunidade de Santo Eg\u00eddio a procurar um trabalho a eles, se h\u00e1, ou o mantimento, ou o que for. Mas s\u00e3o h\u00f3spedes do Vaticano, e se somam \u00e0s duas fam\u00edlias s\u00edrias que j\u00e1 foram acolhidas nas duas par\u00f3quias vaticanas. Segundo. Esta manh\u00e3, quando sa\u00eda, estava l\u00e1 o senador Sanders que veio para o congresso da \u201cCentesimus Annus\u201d. Ele sabia que eu sairia \u00e0quela hora e teve a gentileza de me saudar. O saudei, apertei a sua m\u00e3o, de sua esposa e a um outro casal que estava com ele, que se alojaram na Casa Santa Marta: porque todos os membros, exceto os dois presidentes participantes que penso terem sido h\u00f3spedes de suas embaixadas, todos ficaram na Casa Santa Marta. E eu, quando desci, ele se apresentou, saudou, um aperto de m\u00e3o e nada mais. \u00c9 educa\u00e7\u00e3o esta; chama-se \u2018educa\u00e7\u00e3o\u2019 e n\u00e3o se meter em pol\u00edtica, eh? E se algu\u00e9m pensa que um aperto de m\u00e3o seja se meter em pol\u00edtica, mas&#8230; penso que deva procurar um psiquiatra&#8230;(risos).<\/p>\n<p><em>Franca Giansoldati: O senhor fala muito de \u2018acolhida\u2019, mas talvez muito pouco de \u2018integra\u00e7\u00e3o\u2019. Vendo o que est\u00e1 acontecendo na Europa, especificamente sob este maci\u00e7o fluxo de migrantes, vemos que h\u00e1 muitas cidades em que existem bairros-guetos. Em tudo isso, \u00e9 claro que os migrantes mu\u00e7ulmanos s\u00e3o aqueles que mais t\u00eam dificuldade em se integrar com os nossos valores, com os valores ocidentais. Gostaria de perguntar: n\u00e3o seria talvez mais \u00fatil para a integra\u00e7\u00e3o privilegiar a chegada, privilegiar a emigra\u00e7\u00e3o dos migrantes mu\u00e7ulmanos. E ainda: porque hoje com este gesto t\u00e3o bonito, muito nobre, privilegiou tr\u00eas fam\u00edlias inteiramente mu\u00e7ulmanas?<\/em><\/p>\n<p><strong>Papa Francisco<\/strong>: n\u00e3o escolhi entre crist\u00e3os \u2013 mas, permanece&#8230; \u2013 entre crist\u00e3os e mu\u00e7ulmanos; estas tr\u00eas fam\u00edlias tinham os documentos v\u00e1lidos e se podia proceder. Havia, por exemplo, duas fam\u00edlias crist\u00e3s na primeira lista que n\u00e3o tinham os documentos: n\u00e3o \u00e9 um privil\u00e9gio. Todos os 12 s\u00e3o filhos de Deus. O privil\u00e9gio \u00e9 o fato de serem filhos de Deus: isso \u00e9 verdade. Sobre a integra\u00e7\u00e3o: \u00e9 muito inteligente aquilo que dizes e agrade\u00e7o por o dizer. Falaste uma palavra que na nossa cultura atual parece ter sido esquecida, depois da guerra&#8230; Mas hoje existem os guetos. E alguns dos terroristas que perpetraram atos terroristas \u2013 alguns \u2013 s\u00e3o filhos e netos de nascidos no pa\u00eds, na Europa. E o que aconteceu? N\u00e3o houve uma pol\u00edtica de integra\u00e7\u00e3o e isso para mim \u00e9 fundamental, a tal ponto que se leres na Exorta\u00e7\u00e3o p\u00f3s-sinodal sobre a fam\u00edlia \u2013 este \u00e9 um outro problema \u2013 mas uma das tr\u00eas dimens\u00f5es pastorais para as fam\u00edlias em dificuldade \u00e9 a integra\u00e7\u00e3o na vida da Igreja. Hoje, a Europa deve retomar esta capacidade que sempre teve, de integrar. Porque \u00e0 Europa chegaram os n\u00f4mades, os Normandos e todas estas pessoas, e foram integradas e isso enriqueceu a sua cultura&#8230; Acredito que precisamos de um ensinamento e de uma educa\u00e7\u00e3o \u00e0 integra\u00e7\u00e3o. Obrigado.<\/p>\n<p><em>Elena Pinardi: Santo Padre, fala-se em refor\u00e7os nas fronteiras de v\u00e1rios pa\u00edses da Europa, de controles, de deslocamento de tropas para as fronteiras da Europa. \u00c9 o fim de Schengen, \u00e9 o fim do sonho Europeu?<\/em><\/p>\n<p><strong>Papa Francisco<\/strong>: N\u00e3o sei. Mas, eu entendo os governos, e tamb\u00e9m os povos, que t\u00eam um certo medo. Isso eu entendo e devemos ter uma grande responsabilidade na acolhida. Uma das coisas desta responsabilidade \u00e9 esta: como se integram estas pessoas e n\u00f3s? Sempre disse que construir muros n\u00e3o \u00e9 a solu\u00e7\u00e3o: vimos, no s\u00e9culo passado, a queda de um. N\u00e3o resolve nada. Devemos construir pontes. Mas as pontes se fazem de maneira inteligente, com o di\u00e1logo, com a integra\u00e7\u00e3o. E, por isso, eu entendo um certo temor, n\u00e3o: Mas fechar as fronteiras n\u00e3o resolve nada, porque este fechamento a longo prazo faz mal ao pr\u00f3prio povo. A Europa deve urgentemente realizar pol\u00edticas de acolhida e integra\u00e7\u00e3o, de crescimento, de trabalho, de reforma da economia\u2026 Todas estas coisas s\u00e3o as pontes que nos levar\u00e3o a n\u00e3o construir muros. Mas, o medo tem toda a minha compreens\u00e3o. Mas depois de tudo que vi \u2013 e mudo o tema, mas devo dizer hoje \u2013 e voc\u00eas tamb\u00e9m viram naquele campo de refugiados&#8230; mas era de chorar! As crian\u00e7as&#8230; trouxe comigo os desenhos que as crian\u00e7as me deram. Um: que querem as crian\u00e7as? Paz, porque sofrem. \u00c9 verdade que l\u00e1 elas t\u00eam cursos de educa\u00e7\u00e3o\u2026 O que viram as crian\u00e7as? Olhem este: tamb\u00e9m, viram uma crian\u00e7a se afogar&#8230; Isto as crian\u00e7as trazem no cora\u00e7\u00e3o, eh? Realmente, hoje era de chorar. Era de chorar. O mesmo tema fez esta crian\u00e7a do Afeganist\u00e3o, que o barco que vem do Afeganist\u00e3o volta \u00e0 Gr\u00e9cia: mas, estas crian\u00e7as t\u00eam, no primeiro \u2013 n\u00e3o este, o outro: \u00e9 este \u2013 estas crian\u00e7as t\u00eam uma mem\u00f3ria disto! E ser\u00e1 preciso tempo para elaborar aquilo. Este, o sol que v\u00ea e chora: mas se o sol \u00e9 capaz de chorar, tamb\u00e9m n\u00f3s: uma l\u00e1grima nos far\u00e1 bem.<\/p>\n<p><img loading=\"lazy\" src=\"http:\/\/franciscanos.org.br\/wp-content\/uploads\/2016\/04\/alto4.jpg\" alt=\"alto4\" width=\"820\" height=\"545\" \/><br \/>\n<em>Fanny Carrier: Bom dia. Por que o senhor n\u00e3o faz diferen\u00e7a entre aqueles que fogem da guerra e aqueles que fogem da fome? A Europa pode acolher toda a mis\u00e9ria do mundo?<\/em><\/p>\n<p><strong>Papa Francisco:<\/strong> \u00c9 verdade. Hoje disse no discurso \u201calguns que fogem das guerras, outros que fogem da fome\u201d. Ambos s\u00e3o efeito da explora\u00e7\u00e3o seja da terra&#8230; Me dizia um chefe de governo da \u00c1frica, h\u00e1 mais ou menos um m\u00eas, que a primeira decis\u00e3o do seu governo era reflorestar porque a terra morreu com a desfloresta\u00e7\u00e3o. Boas obras devem ser feitas com todos os dois. Mas algum foge pela fome e outros da guerra. Eu convidaria os traficantes de armas \u2013 porque as armas, at\u00e9 um certo ponto, existem acordos, se fabricam, mas os traficantes, aqueles que traficam para fazer as guerras em diversos lugares, por exemplo, na S\u00edria: quem d\u00e1 as armas aos diversos grupos \u2013 eu convidaria a passar um dia naquele campo. Acredito que far\u00e1 bem \u00e0 sa\u00fade!<\/p>\n<p><img loading=\"lazy\" src=\"http:\/\/franciscanos.org.br\/wp-content\/uploads\/2016\/04\/alto2.jpg\" alt=\"alto2\" width=\"820\" height=\"347\" \/><br \/>\n<em>N\u00e9stor Pongut\u00e1: Santidade, boa noite. Pergunto em espanhol mas pode responder em italiano. Esta manh\u00e3 o senhor disse algo de muito especial que me chamou muito a aten\u00e7\u00e3o: \u201cque esta era uma viagem triste\u201d, que esta era uma viagem&#8230; \u2013 e demostrou por meio de suas palavras, porque esta muito comovido&#8230; Por\u00e9m, algo deve ter mudado tamb\u00e9m no seu cora\u00e7\u00e3o, sabendo que existem 12 pessoas que com este pequeno gesto d\u00e3o uma li\u00e7\u00e3o \u00e0queles que \u2013 \u00e0s vezes \u2013 d\u00e3o as costas diante de tanta dor, a esta terceira guerra mundial fragmentada que o senhor anunciou&#8230;<\/em><\/p>\n<p><strong>Papa Francisco:<\/strong> Fa\u00e7o um pl\u00e1gio. Respondo com uma frase que n\u00e3o \u00e9 minha. Perguntaram a mesma coisa para Madre Teresa: \u2018Mas a senhora, tanto esfor\u00e7o, tanto trabalho, para ajudar a gente a morrer, somente. Aquilo que a senhora faz n\u00e3o serve! \u00c9 tanto o mar! E ela respondeu: \u2018\u00c9 uma gota naquele mar! Mas depois desta gota o mar n\u00e3o ser\u00e1 mais o mesmo\u201d. Respondo assim. \u00c9 um pequeno gesto. Mas aqueles pequenos gestos que todos n\u00f3s devemos fazer, homens e mulher, para estender a m\u00e3o a quem precisa.<\/p>\n<p><em>Jornalista do grupo das Am\u00e9ricas: Obrigado, Santo Padre. Viemos a um pa\u00eds de migra\u00e7\u00e3o, mas tamb\u00e9m de pol\u00edtica econ\u00f4mica de austeridade. Gostaria de perguntar se o senhor tem um pensamento sobre a economia de austeridade? Tamb\u00e9m por outra ilha, Porto Rico? Se h\u00e1 um pensamento sobre esta pol\u00edtica de austeridade?<\/em><\/p>\n<p><strong>Papa Francisco:<\/strong> A palavra austeridade tem um significado e segundo o ponto de vista de quem a interpreta: economicamente significa um cap\u00edtulo de um programa; politicamente significa uma outra coisa, crist\u00e3 e espiritualmente uma outra ainda. Quando falo de austeridade, falo de austeridade em rela\u00e7\u00e3o ao desperd\u00edcio. Ouvi dizer na FAO \u2013 acho que era na FAO; n\u00e3o sei bem, mas em uma reuni\u00e3o \u2013que com o desperd\u00edcio de alimentos se poderia \u201calimentar\u201d toda a fome do mundo. E n\u00f3s, em casa, quanto desperd\u00edcio \u2013 quanto desperd\u00edcio! \u2013 fazemos sem querer, n\u00e3o? E esta cultura do descarte, do desperd\u00edcio: falo de austeridade neste sentido, no sentido crist\u00e3o. Paremos aqui e vivamos com um pouco de austeridade.<\/p>\n<p><em>Francisco Romero: Santidade, gostaria de simplesmente dizer que o senhor disse que esta crise dos refugiados \u00e9 a pior depois da II Guerra Mundial. Gostaria de perguntar: o que pensa da crise dos migrantes que chegam nos Estados Unidos, do M\u00e9xico, da Am\u00e9rica Latina.<\/em><\/p>\n<p><strong>Papa Francisco<\/strong>: \u00c9 a mesma coisa, porque ali chegam fugindo da fome, tamb\u00e9m. \u00c9 o mesmo problema. Em Ciudad Ju\u00e1rez celebrei a Missa a menos de 100 metros da cerca. Do outro lado havia cerca de 50 bispos dos Estados Unidos e um est\u00e1dio com 50 mil pessoas que seguiam a missa nos tel\u00f5es; do lado de c\u00e1, no M\u00e9xico, havia aquele campo cheio de pessoas&#8230; Mas \u00e9 o mesmo! Chegam ao M\u00e9xico da Am\u00e9rica Central. O senhor se lembra, dois meses atr\u00e1s, de um conflito com a Nicar\u00e1gua porque n\u00e3o queria que os refugiados transitassem: foi resolvido. Os levavam de avi\u00e3o a um outro pa\u00eds, sem passar pela Nicar\u00e1gua. \u00c9 um problema mundial. Falei sobre isso l\u00e1 com os bispos mexicanos; pedi que cuidassem bem dos refugiados l\u00e1.<\/p>\n<p><img loading=\"lazy\" class=\"alignnone size-full wp-image-107729\" src=\"http:\/\/franciscanos.org.br\/wp-content\/uploads\/2016\/04\/alto7.jpg\" alt=\"alto7\" width=\"820\" height=\"343\" \/><\/p>\n<p><em>Francis Rocca: Obrigado Santo Padre! Vejo que as perguntas sobre imigra\u00e7\u00e3o que havia pensado j\u00e1 foram feitas e as respondidas muito bem. Portanto, se me permite, gostaria de fazer uma pergunta sobre a Exorta\u00e7\u00e3o Apost\u00f3lica. Como o senhor bem sabe, houve muita discuss\u00e3o sobre um dos ponto \u2013 sei que nos concentramos muito sobre ele \u2013 depois da publica\u00e7\u00e3o: alguns sustentam que nada tenha mudado em rela\u00e7\u00e3o \u00e0 disciplina que governa o acesso aos Sacramentos para os divorciados e recasados, e que a lei e a pr\u00e1xis pastoral e, obviamente, a doutrina continuam assim; outros defender ao inv\u00e9s que muito tenha mudado e que existem tantas novas aberturas e possibilidades. A pergunta \u00e9 para uma pessoa, um cat\u00f3lico que quer saber: existem novas possibilidades concretas, que n\u00e3o existiam antes da publica\u00e7\u00e3o da Exorta\u00e7\u00e3o, ou n\u00e3o?<\/em><\/p>\n<p><strong>Papa Francisco:<\/strong> Eu posso dizer sim! E ponto.. Mas seria uma resposta muito breve. Aconselho a todos que leiam a apresenta\u00e7\u00e3o que fez o cardeal Sch\u00f6nborn, que \u00e9 um grande te\u00f3logo. Ele foi secret\u00e1rio da Congrega\u00e7\u00e3o para a Doutrina da F\u00e9 e conhece bem a doutrina da Igreja. Naquela apresenta\u00e7\u00e3o a sua pergunta ter\u00e1 uma resposta. Obrigado!<\/p>\n<p><em>Gu\u00e9nard: Havia a mesma pergunta, mas \u00e9 uma pergunta complementar, porque n\u00e3o se entendeu o porqu\u00ea o senhor escreveu esta famosa nota na \u201cAmoris Laetitia\u201d sobre o problema dos divorciados e recasados, a nota 351&#8230;<\/em><\/p>\n<p><strong>Papa Francisco:<\/strong> que mem\u00f3ria!<\/p>\n<p><em>Gu\u00e9nard: Sim, a pergunta: porque uma coisa t\u00e3o importante em uma pequena nota? O senhor previu oposi\u00e7\u00f5es ou quis dizer que este ponto n\u00e3o \u00e9 assim t\u00e3o importante.<\/em><\/p>\n<p><strong>Papa Francisco<\/strong>: Escute, um dos \u00faltimos Papa, falando sobre o Conc\u00edlio, disse que havia dois Conc\u00edlio: aquele Vaticano II, que se fazia na Bas\u00edlica de S\u00e3o Pedro, e o outro, o Conc\u00edlio dos M\u00eddia. Quando convoquei o primeiro S\u00ednodo, a grande preocupa\u00e7\u00e3o da maioria da m\u00eddia era: \u201cAh, poder\u00e3o comungar os divorciados e os recasados?\u201d. E como n\u00e3o sou santo, isso me incomodou um pouco, e depois um pouco de tristeza. Porque penso: \u201cMas aquela m\u00eddia diz isso, aquilo e tudo, n\u00e3o se d\u00e1 conta que n\u00e3o \u00e9 um problema importante? N\u00e3o se d\u00e1 conta que a fam\u00edlia, no mundo inteiro, est\u00e1 em crise? E a fam\u00edlia \u00e9 a base da sociedade! N\u00e3o se d\u00e1 conta que os jovens n\u00e3o querem se casar? N\u00e3o se d\u00e1 conta que a queda da natalidade na Europa faz chorar? N\u00e3o se d\u00e1 conta que a falta de trabalho e que as possibilidade de emprego fazem sim que o pai e a m\u00e3e tenham dois trabalhos e as crian\u00e7as cres\u00e7am sozinhas e n\u00e3o aprendem a crescer em di\u00e1logo com o pai e a m\u00e3e? Estes s\u00e3o os grandes problemas! Eu n\u00e3o recordo daquela nota, mas com certeza se algo do g\u00eanero est\u00e1 em uma nota \u00e9 porque foi dita na Evangelii Gaudium&#8230;com certeza! Deve ser uma cita\u00e7\u00e3o da Evangelii Gaudium, com certeza! N\u00e3o recordo o n\u00famero, mas com certeza \u00e9!<\/p>\n<p><img loading=\"lazy\" src=\"http:\/\/franciscanos.org.br\/wp-content\/uploads\/2016\/04\/alto8.jpg\" alt=\"alto8\" width=\"820\" height=\"461\" \/><\/p>\n<hr \/>\n<p><em>Fonte: R\u00e1dio Vaticano<\/em><\/p>\n","protected":false},"excerpt":{"rendered":"<p>Viagem a Lesbos<\/p>\n","protected":false},"author":1,"featured_media":0,"comment_status":"open","ping_status":"open","sticky":false,"template":"","format":"standard","meta":[],"categories":[1428],"tags":[1696],"acf":[],"yoast_head":"<!-- This site is optimized with the Yoast SEO plugin v19.2 - https:\/\/yoast.com\/wordpress\/plugins\/seo\/ -->\n<title>Papa aos refugiados: N\u00e3o percam a esperan\u00e7a - Not\u00edcias - Franciscanos<\/title>\n<meta name=\"robots\" content=\"index, follow, max-snippet:-1, max-image-preview:large, max-video-preview:-1\" \/>\n<link rel=\"canonical\" href=\"https:\/\/franciscanos.org.br\/noticias\/papa-aos-refugiados-nao-percam-a-esperanca.html\" \/>\n<meta property=\"og:locale\" content=\"pt_BR\" \/>\n<meta property=\"og:type\" content=\"article\" \/>\n<meta property=\"og:title\" content=\"Papa aos refugiados: N\u00e3o percam a esperan\u00e7a - Not\u00edcias - Franciscanos\" \/>\n<meta property=\"og:description\" content=\"Viagem a Lesbos\" \/>\n<meta property=\"og:url\" content=\"https:\/\/franciscanos.org.br\/noticias\/papa-aos-refugiados-nao-percam-a-esperanca.html\" \/>\n<meta property=\"og:site_name\" content=\"Not\u00edcias - Franciscanos\" \/>\n<meta property=\"article:published_time\" content=\"2016-04-17T13:00:19+00:00\" \/>\n<meta property=\"article:modified_time\" content=\"2020-06-09T21:24:34+00:00\" \/>\n<meta property=\"og:image\" content=\"http:\/\/franciscanos.org.br\/wp-content\/uploads\/2016\/04\/alto.jpg\" \/>\n<meta name=\"author\" content=\"admin\" \/>\n<meta name=\"twitter:card\" content=\"summary_large_image\" \/>\n<meta name=\"twitter:label1\" content=\"Escrito por\" \/>\n\t<meta name=\"twitter:data1\" content=\"admin\" \/>\n\t<meta name=\"twitter:label2\" content=\"Est. tempo de leitura\" \/>\n\t<meta name=\"twitter:data2\" content=\"17 minutos\" \/>\n<script type=\"application\/ld+json\" class=\"yoast-schema-graph\">{\"@context\":\"https:\/\/schema.org\",\"@graph\":[{\"@type\":\"WebSite\",\"@id\":\"https:\/\/franciscanos.org.br\/noticias\/#website\",\"url\":\"https:\/\/franciscanos.org.br\/noticias\/\",\"name\":\"Not\u00edcias - Franciscanos\",\"description\":\"Prov\u00edncia Franciscana da Imaculada Concei\u00e7\u00e3o do Brasil - Ordem dos Frades Menores - OFM\",\"potentialAction\":[{\"@type\":\"SearchAction\",\"target\":{\"@type\":\"EntryPoint\",\"urlTemplate\":\"https:\/\/franciscanos.org.br\/noticias\/?s={search_term_string}\"},\"query-input\":\"required name=search_term_string\"}],\"inLanguage\":\"pt-BR\"},{\"@type\":\"ImageObject\",\"inLanguage\":\"pt-BR\",\"@id\":\"https:\/\/franciscanos.org.br\/noticias\/papa-aos-refugiados-nao-percam-a-esperanca.html#primaryimage\",\"url\":\"http:\/\/franciscanos.org.br\/wp-content\/uploads\/2016\/04\/alto.jpg\",\"contentUrl\":\"http:\/\/franciscanos.org.br\/wp-content\/uploads\/2016\/04\/alto.jpg\"},{\"@type\":\"WebPage\",\"@id\":\"https:\/\/franciscanos.org.br\/noticias\/papa-aos-refugiados-nao-percam-a-esperanca.html#webpage\",\"url\":\"https:\/\/franciscanos.org.br\/noticias\/papa-aos-refugiados-nao-percam-a-esperanca.html\",\"name\":\"Papa aos refugiados: N\u00e3o percam a esperan\u00e7a - Not\u00edcias - Franciscanos\",\"isPartOf\":{\"@id\":\"https:\/\/franciscanos.org.br\/noticias\/#website\"},\"primaryImageOfPage\":{\"@id\":\"https:\/\/franciscanos.org.br\/noticias\/papa-aos-refugiados-nao-percam-a-esperanca.html#primaryimage\"},\"datePublished\":\"2016-04-17T13:00:19+00:00\",\"dateModified\":\"2020-06-09T21:24:34+00:00\",\"author\":{\"@id\":\"https:\/\/franciscanos.org.br\/noticias\/#\/schema\/person\/b38fbf43118f02820bd932f2e4b14ad3\"},\"breadcrumb\":{\"@id\":\"https:\/\/franciscanos.org.br\/noticias\/papa-aos-refugiados-nao-percam-a-esperanca.html#breadcrumb\"},\"inLanguage\":\"pt-BR\",\"potentialAction\":[{\"@type\":\"ReadAction\",\"target\":[\"https:\/\/franciscanos.org.br\/noticias\/papa-aos-refugiados-nao-percam-a-esperanca.html\"]}]},{\"@type\":\"BreadcrumbList\",\"@id\":\"https:\/\/franciscanos.org.br\/noticias\/papa-aos-refugiados-nao-percam-a-esperanca.html#breadcrumb\",\"itemListElement\":[{\"@type\":\"ListItem\",\"position\":1,\"name\":\"Home\",\"item\":\"https:\/\/franciscanos.org.br\/noticias\"},{\"@type\":\"ListItem\",\"position\":2,\"name\":\"Papa aos refugiados: N\u00e3o percam a esperan\u00e7a\"}]},{\"@type\":\"Person\",\"@id\":\"https:\/\/franciscanos.org.br\/noticias\/#\/schema\/person\/b38fbf43118f02820bd932f2e4b14ad3\",\"name\":\"admin\",\"image\":{\"@type\":\"ImageObject\",\"inLanguage\":\"pt-BR\",\"@id\":\"https:\/\/franciscanos.org.br\/noticias\/#\/schema\/person\/image\/\",\"url\":\"https:\/\/secure.gravatar.com\/avatar\/e8495742d34d0ba6448ea1c628263b3e?s=96&d=mm&r=g\",\"contentUrl\":\"https:\/\/secure.gravatar.com\/avatar\/e8495742d34d0ba6448ea1c628263b3e?s=96&d=mm&r=g\",\"caption\":\"admin\"},\"url\":\"https:\/\/franciscanos.org.br\/noticias\/author\/admin\"}]}<\/script>\n<!-- \/ Yoast SEO plugin. -->","yoast_head_json":{"title":"Papa aos refugiados: N\u00e3o percam a esperan\u00e7a - Not\u00edcias - Franciscanos","robots":{"index":"index","follow":"follow","max-snippet":"max-snippet:-1","max-image-preview":"max-image-preview:large","max-video-preview":"max-video-preview:-1"},"canonical":"https:\/\/franciscanos.org.br\/noticias\/papa-aos-refugiados-nao-percam-a-esperanca.html","og_locale":"pt_BR","og_type":"article","og_title":"Papa aos refugiados: N\u00e3o percam a esperan\u00e7a - Not\u00edcias - Franciscanos","og_description":"Viagem a Lesbos","og_url":"https:\/\/franciscanos.org.br\/noticias\/papa-aos-refugiados-nao-percam-a-esperanca.html","og_site_name":"Not\u00edcias - Franciscanos","article_published_time":"2016-04-17T13:00:19+00:00","article_modified_time":"2020-06-09T21:24:34+00:00","og_image":[{"url":"http:\/\/franciscanos.org.br\/wp-content\/uploads\/2016\/04\/alto.jpg"}],"author":"admin","twitter_card":"summary_large_image","twitter_misc":{"Escrito por":"admin","Est. tempo de leitura":"17 minutos"},"schema":{"@context":"https:\/\/schema.org","@graph":[{"@type":"WebSite","@id":"https:\/\/franciscanos.org.br\/noticias\/#website","url":"https:\/\/franciscanos.org.br\/noticias\/","name":"Not\u00edcias - Franciscanos","description":"Prov\u00edncia Franciscana da Imaculada Concei\u00e7\u00e3o do Brasil - Ordem dos Frades Menores - OFM","potentialAction":[{"@type":"SearchAction","target":{"@type":"EntryPoint","urlTemplate":"https:\/\/franciscanos.org.br\/noticias\/?s={search_term_string}"},"query-input":"required name=search_term_string"}],"inLanguage":"pt-BR"},{"@type":"ImageObject","inLanguage":"pt-BR","@id":"https:\/\/franciscanos.org.br\/noticias\/papa-aos-refugiados-nao-percam-a-esperanca.html#primaryimage","url":"http:\/\/franciscanos.org.br\/wp-content\/uploads\/2016\/04\/alto.jpg","contentUrl":"http:\/\/franciscanos.org.br\/wp-content\/uploads\/2016\/04\/alto.jpg"},{"@type":"WebPage","@id":"https:\/\/franciscanos.org.br\/noticias\/papa-aos-refugiados-nao-percam-a-esperanca.html#webpage","url":"https:\/\/franciscanos.org.br\/noticias\/papa-aos-refugiados-nao-percam-a-esperanca.html","name":"Papa aos refugiados: N\u00e3o percam a esperan\u00e7a - Not\u00edcias - Franciscanos","isPartOf":{"@id":"https:\/\/franciscanos.org.br\/noticias\/#website"},"primaryImageOfPage":{"@id":"https:\/\/franciscanos.org.br\/noticias\/papa-aos-refugiados-nao-percam-a-esperanca.html#primaryimage"},"datePublished":"2016-04-17T13:00:19+00:00","dateModified":"2020-06-09T21:24:34+00:00","author":{"@id":"https:\/\/franciscanos.org.br\/noticias\/#\/schema\/person\/b38fbf43118f02820bd932f2e4b14ad3"},"breadcrumb":{"@id":"https:\/\/franciscanos.org.br\/noticias\/papa-aos-refugiados-nao-percam-a-esperanca.html#breadcrumb"},"inLanguage":"pt-BR","potentialAction":[{"@type":"ReadAction","target":["https:\/\/franciscanos.org.br\/noticias\/papa-aos-refugiados-nao-percam-a-esperanca.html"]}]},{"@type":"BreadcrumbList","@id":"https:\/\/franciscanos.org.br\/noticias\/papa-aos-refugiados-nao-percam-a-esperanca.html#breadcrumb","itemListElement":[{"@type":"ListItem","position":1,"name":"Home","item":"https:\/\/franciscanos.org.br\/noticias"},{"@type":"ListItem","position":2,"name":"Papa aos refugiados: N\u00e3o percam a esperan\u00e7a"}]},{"@type":"Person","@id":"https:\/\/franciscanos.org.br\/noticias\/#\/schema\/person\/b38fbf43118f02820bd932f2e4b14ad3","name":"admin","image":{"@type":"ImageObject","inLanguage":"pt-BR","@id":"https:\/\/franciscanos.org.br\/noticias\/#\/schema\/person\/image\/","url":"https:\/\/secure.gravatar.com\/avatar\/e8495742d34d0ba6448ea1c628263b3e?s=96&d=mm&r=g","contentUrl":"https:\/\/secure.gravatar.com\/avatar\/e8495742d34d0ba6448ea1c628263b3e?s=96&d=mm&r=g","caption":"admin"},"url":"https:\/\/franciscanos.org.br\/noticias\/author\/admin"}]}},"_links":{"self":[{"href":"https:\/\/franciscanos.org.br\/noticias\/wp-json\/wp\/v2\/posts\/107722"}],"collection":[{"href":"https:\/\/franciscanos.org.br\/noticias\/wp-json\/wp\/v2\/posts"}],"about":[{"href":"https:\/\/franciscanos.org.br\/noticias\/wp-json\/wp\/v2\/types\/post"}],"author":[{"embeddable":true,"href":"https:\/\/franciscanos.org.br\/noticias\/wp-json\/wp\/v2\/users\/1"}],"replies":[{"embeddable":true,"href":"https:\/\/franciscanos.org.br\/noticias\/wp-json\/wp\/v2\/comments?post=107722"}],"version-history":[{"count":2,"href":"https:\/\/franciscanos.org.br\/noticias\/wp-json\/wp\/v2\/posts\/107722\/revisions"}],"predecessor-version":[{"id":225725,"href":"https:\/\/franciscanos.org.br\/noticias\/wp-json\/wp\/v2\/posts\/107722\/revisions\/225725"}],"wp:attachment":[{"href":"https:\/\/franciscanos.org.br\/noticias\/wp-json\/wp\/v2\/media?parent=107722"}],"wp:term":[{"taxonomy":"category","embeddable":true,"href":"https:\/\/franciscanos.org.br\/noticias\/wp-json\/wp\/v2\/categories?post=107722"},{"taxonomy":"post_tag","embeddable":true,"href":"https:\/\/franciscanos.org.br\/noticias\/wp-json\/wp\/v2\/tags?post=107722"}],"curies":[{"name":"wp","href":"https:\/\/api.w.org\/{rel}","templated":true}]}}