{"id":107663,"date":"2016-04-15T08:19:08","date_gmt":"2016-04-15T11:19:08","guid":{"rendered":"http:\/\/franciscanos.org.br\/?p=107663"},"modified":"2019-05-06T18:20:16","modified_gmt":"2019-05-06T21:20:16","slug":"declaracao-da-cnbb-sobre-o-momento-nacional","status":"publish","type":"post","link":"https:\/\/franciscanos.org.br\/noticias\/declaracao-da-cnbb-sobre-o-momento-nacional.html","title":{"rendered":"Declara\u00e7\u00e3o da CNBB sobre o momento nacional"},"content":{"rendered":"<p><img loading=\"lazy\" src=\"http:\/\/franciscanos.org.br\/wp-content\/uploads\/2016\/04\/cnbb.jpg\" alt=\"cnbb\" width=\"820\" height=\"291\" \/><\/p>\n<p>A Presid\u00eancia da Confer\u00eancia Nacional dos Bispos do Brasil (CNBB) divulgou,\u00a0na tarde desta quinta-feira, 14 de abril, Declara\u00e7\u00e3o sobre o momento nacional, dentro das atividades da\u00a054\u00aa Assembleia Geral da CNBB, que acontece em Aparecida (SP), de 6 a 15 de abril. Na ocasi\u00e3o, participaram o\u00a0arcebispo de Bras\u00edlia (DF) e presidente da CNBB, Dom Sergio da Rocha; o arcebispo de Salvador (BA) e vice-presidente, Dom Murilo Krieger; o bispo auxiliar de Bras\u00edlia e secret\u00e1rio geral, Dom Leonardo Steiner.<\/p>\n<p>Frente \u00e0 crise \u00e9tica, pol\u00edtica, econ\u00f4mica e institucional pela qual passa o pa\u00eds, o episcopado brasileiro conclama &#8220;o povo brasileiro a preservar os altos valores da conviv\u00eancia democr\u00e1tica, do respeito ao pr\u00f3ximo, da toler\u00e2ncia e do sadio pluralismo, promovendo o debate pol\u00edtico com serenidade. Manifesta\u00e7\u00f5es populares pac\u00edficas contribuem para o fortalecimento da democracia. Os meios de comunica\u00e7\u00e3o social t\u00eam o importante papel de informar e formar a opini\u00e3o p\u00fablica com fidelidade aos fatos e respeito \u00e0 verdade&#8221;.<\/p>\n<p>Confira a \u00edntegra do texto:<\/p>\n<p><b><strong>DECLARA\u00c7\u00c3O DA CNBB SOBRE O MOMENTO NACIONAL<\/strong><\/b><\/p>\n<p><em>\u201cQuem pratica a verdade aproxima-se da luz\u201d (Jo 3,21).<\/em><\/p>\n<p>N\u00f3s, bispos cat\u00f3licos do Brasil, reunidos em Aparecida, na 54\u00aa Assembleia Geral da Confer\u00eancia Nacional dos Bispos do Brasil (CNBB), frente \u00e0 profunda crise \u00e9tica, pol\u00edtica, econ\u00f4mica e institucional pela qual passa o pa\u00eds, trazemos, em nossas reflex\u00f5es, ora\u00e7\u00f5es e preocupa\u00e7\u00f5es de pastores, todo o povo brasileiro, pois, \u201cas alegrias e as esperan\u00e7as, as tristezas e as ang\u00fastias dos homens e mulheres de hoje, sobretudo dos pobres e de todos aqueles que sofrem, s\u00e3o tamb\u00e9m as alegrias e as esperan\u00e7as, as tristezas e as ang\u00fastias dos disc\u00edpulos de Cristo\u201d (Gaudium et Spes, 1).<\/p>\n<p>Depois de vinte anos de regime de exce\u00e7\u00e3o, o Brasil retomou a experi\u00eancia de um Estado democr\u00e1tico de direito. Os movimentos populares, organiza\u00e7\u00f5es estudantis, oper\u00e1rias, camponesas, art\u00edsticas, religiosas, dentre outras, tiveram participa\u00e7\u00e3o determinante nessa conquista. Desde ent\u00e3o, o pa\u00eds vive um dos mais longos per\u00edodos democr\u00e1ticos da sua hist\u00f3ria republicana, no qual muitos acontecimentos ajudaram no fortalecimento da democracia brasileira. Entre eles, o movimento \u201cDiretas J\u00e1!\u201d, a elabora\u00e7\u00e3o da Carta Cidad\u00e3, a experi\u00eancia das primeiras elei\u00e7\u00f5es diretas e outras mobiliza\u00e7\u00f5es pac\u00edficas.<\/p>\n<p>Neste momento, mais uma vez, o Brasil se defronta com uma conjuntura desafiadora. V\u00eam \u00e0 tona esc\u00e2ndalos de corrup\u00e7\u00e3o sem precedentes na hist\u00f3ria do pa\u00eds. \u00c9 verdade que esc\u00e2ndalos dessa natureza n\u00e3o tiveram in\u00edcio agora; entretanto, o que se revela no quadro atual tem conota\u00e7\u00f5es pr\u00f3prias e impacto devastador. S\u00e3o cifras que fogem \u00e0 compreens\u00e3o da maioria da popula\u00e7\u00e3o. Empres\u00e1rios, pol\u00edticos, agentes p\u00fablicos est\u00e3o envolvidos num esquema que, al\u00e9m de imoral e criminoso, cobra seu pre\u00e7o.<\/p>\n<p>Quem paga pela corrup\u00e7\u00e3o? Certamente s\u00e3o os pobres, \u201cos m\u00e1rtires da corrup\u00e7\u00e3o\u201d (Papa Francisco). Como pastores, solidarizamo-nos com os sofrimentos do povo. As suspeitas de corrup\u00e7\u00e3o devem continuar sendo rigorosamente apuradas. Os acusados sejam julgados pelas inst\u00e2ncias competentes, respeitado o seu direito de defesa; os culpados, punidos e os danos, devidamente reparados, a fim de que sejam garantidas a transpar\u00eancia, a recupera\u00e7\u00e3o da credibilidade das institui\u00e7\u00f5es e restabelecida a justi\u00e7a.<\/p>\n<p>A forma como se realizam as campanhas eleitorais favorece um fisiologismo que contribui fortemente para crises como a que o pa\u00eds est\u00e1 enfrentando neste momento.<\/p>\n<p>Uma das manifesta\u00e7\u00f5es mais evidentes da crise atual \u00e9 o processo de impeachment da Presidente da Rep\u00fablica. A Confer\u00eancia Nacional dos Bispos do Brasil acompanha atentamente esse processo e espera o correto procedimento das inst\u00e2ncias competentes, respeitado o ordenamento jur\u00eddico do Estado democr\u00e1tico de direito.<\/p>\n<p>A crise atual evidencia a necessidade de uma aut\u00eantica e profunda reforma pol\u00edtica, que assegure efetiva participa\u00e7\u00e3o popular, favore\u00e7a a autonomia dos Poderes da Rep\u00fablica, restaure a credibilidade das institui\u00e7\u00f5es, assegure a governabilidade e garanta os direitos sociais.<\/p>\n<p>De acordo com a Constitui\u00e7\u00e3o Federal, os tr\u00eas Poderes da Rep\u00fablica cumpram integralmente suas responsabilidades. O bem da na\u00e7\u00e3o requer de todos a supera\u00e7\u00e3o de interesses pessoais, partid\u00e1rios e corporativistas. A polariza\u00e7\u00e3o de posi\u00e7\u00f5es ideol\u00f3gicas, em clima fortemente emocional, gera a perda de objetividade e pode levar a divis\u00f5es e viol\u00eancias que amea\u00e7am a paz social.<\/p>\n<p>Conclamamos o povo brasileiro a preservar os altos valores da conviv\u00eancia democr\u00e1tica, do respeito ao pr\u00f3ximo, da toler\u00e2ncia e do sadio pluralismo, promovendo o debate pol\u00edtico com serenidade. Manifesta\u00e7\u00f5es populares pac\u00edficas contribuem para o fortalecimento da democracia. Os meios de comunica\u00e7\u00e3o social t\u00eam o importante papel de informar e formar a opini\u00e3o p\u00fablica com fidelidade aos fatos e respeito \u00e0 verdade.<\/p>\n<p>Acreditamos no di\u00e1logo, na sabedoria do povo brasileiro e no discernimento das lideran\u00e7as na busca de caminhos que garantam a supera\u00e7\u00e3o da atual crise e a preserva\u00e7\u00e3o da paz em nosso pa\u00eds. \u201cTodos os crist\u00e3os, incluindo os Pastores, s\u00e3o chamados a se preocupar com a constru\u00e7\u00e3o de um mundo melhor\u201d (Papa Francisco).<\/p>\n<p>Pedimos a ora\u00e7\u00e3o de todos pela nossa P\u00e1tria. Do Santu\u00e1rio de Nossa Senhora Aparecida, invocamos a b\u00ean\u00e7\u00e3o e a prote\u00e7\u00e3o de Deus sobre toda a na\u00e7\u00e3o brasileira.<\/p>\n<p>Aparecida &#8211; SP, 13 de abril de 2016.<\/p>\n<table width=\"98%\">\n<tbody>\n<tr>\n<td width=\"53%\"><b><strong>Dom Sergio da Rocha<\/strong><\/b>Arcebispo de Bras\u00edliaPresidente da CNBB<\/td>\n<td width=\"46%\"><b><strong>Dom Murilo Sebasti\u00e3o Ramos Krieger, SCJ<\/strong><\/b>Arcebispo de\u00a0S\u00e3o Salvador da BahiaVice-Presidente da CNBB<\/td>\n<\/tr>\n<tr>\n<td colspan=\"2\" width=\"100%\"><b><strong>Dom Leonardo Ulrich Steiner<\/strong><\/b>Bispo Auxiliar de Bras\u00edliaSecret\u00e1rio-Geral da CNBB<\/td>\n<\/tr>\n<\/tbody>\n<\/table>\n","protected":false},"excerpt":{"rendered":"<p>Assembleia Geral<\/p>\n","protected":false},"author":1,"featured_media":204450,"comment_status":"open","ping_status":"open","sticky":false,"template":"","format":"standard","meta":[],"categories":[1],"tags":[29],"acf":[],"yoast_head":"<!-- This site is optimized with the Yoast SEO plugin v19.2 - https:\/\/yoast.com\/wordpress\/plugins\/seo\/ -->\n<title>Declara\u00e7\u00e3o da CNBB sobre o momento nacional - Not\u00edcias - Franciscanos<\/title>\n<meta name=\"robots\" content=\"index, follow, max-snippet:-1, max-image-preview:large, max-video-preview:-1\" \/>\n<link rel=\"canonical\" href=\"https:\/\/franciscanos.org.br\/noticias\/declaracao-da-cnbb-sobre-o-momento-nacional.html\" \/>\n<meta property=\"og:locale\" content=\"pt_BR\" \/>\n<meta property=\"og:type\" content=\"article\" \/>\n<meta property=\"og:title\" content=\"Declara\u00e7\u00e3o da CNBB sobre o momento nacional - Not\u00edcias - Franciscanos\" \/>\n<meta property=\"og:description\" content=\"Assembleia Geral\" \/>\n<meta property=\"og:url\" content=\"https:\/\/franciscanos.org.br\/noticias\/declaracao-da-cnbb-sobre-o-momento-nacional.html\" \/>\n<meta property=\"og:site_name\" content=\"Not\u00edcias - Franciscanos\" \/>\n<meta property=\"article:published_time\" content=\"2016-04-15T11:19:08+00:00\" \/>\n<meta property=\"article:modified_time\" content=\"2019-05-06T21:20:16+00:00\" \/>\n<meta property=\"og:image\" content=\"https:\/\/franciscanos.org.br\/noticias\/wp-content\/uploads\/2016\/04\/cnbb.jpg\" \/>\n\t<meta property=\"og:image:width\" content=\"273\" \/>\n\t<meta property=\"og:image:height\" content=\"181\" \/>\n\t<meta property=\"og:image:type\" content=\"image\/jpeg\" \/>\n<meta name=\"author\" content=\"admin\" \/>\n<meta name=\"twitter:card\" content=\"summary_large_image\" \/>\n<meta name=\"twitter:label1\" content=\"Escrito por\" \/>\n\t<meta name=\"twitter:data1\" content=\"admin\" \/>\n\t<meta name=\"twitter:label2\" content=\"Est. tempo de leitura\" \/>\n\t<meta name=\"twitter:data2\" content=\"5 minutos\" \/>\n<script type=\"application\/ld+json\" class=\"yoast-schema-graph\">{\"@context\":\"https:\/\/schema.org\",\"@graph\":[{\"@type\":\"WebSite\",\"@id\":\"https:\/\/franciscanos.org.br\/noticias\/#website\",\"url\":\"https:\/\/franciscanos.org.br\/noticias\/\",\"name\":\"Not\u00edcias - Franciscanos\",\"description\":\"Prov\u00edncia Franciscana da Imaculada Concei\u00e7\u00e3o do Brasil - Ordem dos Frades Menores - OFM\",\"potentialAction\":[{\"@type\":\"SearchAction\",\"target\":{\"@type\":\"EntryPoint\",\"urlTemplate\":\"https:\/\/franciscanos.org.br\/noticias\/?s={search_term_string}\"},\"query-input\":\"required name=search_term_string\"}],\"inLanguage\":\"pt-BR\"},{\"@type\":\"ImageObject\",\"inLanguage\":\"pt-BR\",\"@id\":\"https:\/\/franciscanos.org.br\/noticias\/declaracao-da-cnbb-sobre-o-momento-nacional.html#primaryimage\",\"url\":\"https:\/\/franciscanos.org.br\/noticias\/wp-content\/uploads\/2016\/04\/cnbb.jpg\",\"contentUrl\":\"https:\/\/franciscanos.org.br\/noticias\/wp-content\/uploads\/2016\/04\/cnbb.jpg\",\"width\":273,\"height\":181},{\"@type\":\"WebPage\",\"@id\":\"https:\/\/franciscanos.org.br\/noticias\/declaracao-da-cnbb-sobre-o-momento-nacional.html#webpage\",\"url\":\"https:\/\/franciscanos.org.br\/noticias\/declaracao-da-cnbb-sobre-o-momento-nacional.html\",\"name\":\"Declara\u00e7\u00e3o da CNBB sobre o momento nacional - Not\u00edcias - Franciscanos\",\"isPartOf\":{\"@id\":\"https:\/\/franciscanos.org.br\/noticias\/#website\"},\"primaryImageOfPage\":{\"@id\":\"https:\/\/franciscanos.org.br\/noticias\/declaracao-da-cnbb-sobre-o-momento-nacional.html#primaryimage\"},\"datePublished\":\"2016-04-15T11:19:08+00:00\",\"dateModified\":\"2019-05-06T21:20:16+00:00\",\"author\":{\"@id\":\"https:\/\/franciscanos.org.br\/noticias\/#\/schema\/person\/b38fbf43118f02820bd932f2e4b14ad3\"},\"breadcrumb\":{\"@id\":\"https:\/\/franciscanos.org.br\/noticias\/declaracao-da-cnbb-sobre-o-momento-nacional.html#breadcrumb\"},\"inLanguage\":\"pt-BR\",\"potentialAction\":[{\"@type\":\"ReadAction\",\"target\":[\"https:\/\/franciscanos.org.br\/noticias\/declaracao-da-cnbb-sobre-o-momento-nacional.html\"]}]},{\"@type\":\"BreadcrumbList\",\"@id\":\"https:\/\/franciscanos.org.br\/noticias\/declaracao-da-cnbb-sobre-o-momento-nacional.html#breadcrumb\",\"itemListElement\":[{\"@type\":\"ListItem\",\"position\":1,\"name\":\"Home\",\"item\":\"https:\/\/franciscanos.org.br\/noticias\"},{\"@type\":\"ListItem\",\"position\":2,\"name\":\"Declara\u00e7\u00e3o da CNBB sobre o momento nacional\"}]},{\"@type\":\"Person\",\"@id\":\"https:\/\/franciscanos.org.br\/noticias\/#\/schema\/person\/b38fbf43118f02820bd932f2e4b14ad3\",\"name\":\"admin\",\"image\":{\"@type\":\"ImageObject\",\"inLanguage\":\"pt-BR\",\"@id\":\"https:\/\/franciscanos.org.br\/noticias\/#\/schema\/person\/image\/\",\"url\":\"https:\/\/secure.gravatar.com\/avatar\/e8495742d34d0ba6448ea1c628263b3e?s=96&d=mm&r=g\",\"contentUrl\":\"https:\/\/secure.gravatar.com\/avatar\/e8495742d34d0ba6448ea1c628263b3e?s=96&d=mm&r=g\",\"caption\":\"admin\"},\"url\":\"https:\/\/franciscanos.org.br\/noticias\/author\/admin\"}]}<\/script>\n<!-- \/ Yoast SEO plugin. -->","yoast_head_json":{"title":"Declara\u00e7\u00e3o da CNBB sobre o momento nacional - Not\u00edcias - Franciscanos","robots":{"index":"index","follow":"follow","max-snippet":"max-snippet:-1","max-image-preview":"max-image-preview:large","max-video-preview":"max-video-preview:-1"},"canonical":"https:\/\/franciscanos.org.br\/noticias\/declaracao-da-cnbb-sobre-o-momento-nacional.html","og_locale":"pt_BR","og_type":"article","og_title":"Declara\u00e7\u00e3o da CNBB sobre o momento nacional - Not\u00edcias - Franciscanos","og_description":"Assembleia Geral","og_url":"https:\/\/franciscanos.org.br\/noticias\/declaracao-da-cnbb-sobre-o-momento-nacional.html","og_site_name":"Not\u00edcias - Franciscanos","article_published_time":"2016-04-15T11:19:08+00:00","article_modified_time":"2019-05-06T21:20:16+00:00","og_image":[{"width":273,"height":181,"url":"https:\/\/franciscanos.org.br\/noticias\/wp-content\/uploads\/2016\/04\/cnbb.jpg","type":"image\/jpeg"}],"author":"admin","twitter_card":"summary_large_image","twitter_misc":{"Escrito por":"admin","Est. tempo de leitura":"5 minutos"},"schema":{"@context":"https:\/\/schema.org","@graph":[{"@type":"WebSite","@id":"https:\/\/franciscanos.org.br\/noticias\/#website","url":"https:\/\/franciscanos.org.br\/noticias\/","name":"Not\u00edcias - Franciscanos","description":"Prov\u00edncia Franciscana da Imaculada Concei\u00e7\u00e3o do Brasil - Ordem dos Frades Menores - OFM","potentialAction":[{"@type":"SearchAction","target":{"@type":"EntryPoint","urlTemplate":"https:\/\/franciscanos.org.br\/noticias\/?s={search_term_string}"},"query-input":"required name=search_term_string"}],"inLanguage":"pt-BR"},{"@type":"ImageObject","inLanguage":"pt-BR","@id":"https:\/\/franciscanos.org.br\/noticias\/declaracao-da-cnbb-sobre-o-momento-nacional.html#primaryimage","url":"https:\/\/franciscanos.org.br\/noticias\/wp-content\/uploads\/2016\/04\/cnbb.jpg","contentUrl":"https:\/\/franciscanos.org.br\/noticias\/wp-content\/uploads\/2016\/04\/cnbb.jpg","width":273,"height":181},{"@type":"WebPage","@id":"https:\/\/franciscanos.org.br\/noticias\/declaracao-da-cnbb-sobre-o-momento-nacional.html#webpage","url":"https:\/\/franciscanos.org.br\/noticias\/declaracao-da-cnbb-sobre-o-momento-nacional.html","name":"Declara\u00e7\u00e3o da CNBB sobre o momento nacional - Not\u00edcias - Franciscanos","isPartOf":{"@id":"https:\/\/franciscanos.org.br\/noticias\/#website"},"primaryImageOfPage":{"@id":"https:\/\/franciscanos.org.br\/noticias\/declaracao-da-cnbb-sobre-o-momento-nacional.html#primaryimage"},"datePublished":"2016-04-15T11:19:08+00:00","dateModified":"2019-05-06T21:20:16+00:00","author":{"@id":"https:\/\/franciscanos.org.br\/noticias\/#\/schema\/person\/b38fbf43118f02820bd932f2e4b14ad3"},"breadcrumb":{"@id":"https:\/\/franciscanos.org.br\/noticias\/declaracao-da-cnbb-sobre-o-momento-nacional.html#breadcrumb"},"inLanguage":"pt-BR","potentialAction":[{"@type":"ReadAction","target":["https:\/\/franciscanos.org.br\/noticias\/declaracao-da-cnbb-sobre-o-momento-nacional.html"]}]},{"@type":"BreadcrumbList","@id":"https:\/\/franciscanos.org.br\/noticias\/declaracao-da-cnbb-sobre-o-momento-nacional.html#breadcrumb","itemListElement":[{"@type":"ListItem","position":1,"name":"Home","item":"https:\/\/franciscanos.org.br\/noticias"},{"@type":"ListItem","position":2,"name":"Declara\u00e7\u00e3o da CNBB sobre o momento nacional"}]},{"@type":"Person","@id":"https:\/\/franciscanos.org.br\/noticias\/#\/schema\/person\/b38fbf43118f02820bd932f2e4b14ad3","name":"admin","image":{"@type":"ImageObject","inLanguage":"pt-BR","@id":"https:\/\/franciscanos.org.br\/noticias\/#\/schema\/person\/image\/","url":"https:\/\/secure.gravatar.com\/avatar\/e8495742d34d0ba6448ea1c628263b3e?s=96&d=mm&r=g","contentUrl":"https:\/\/secure.gravatar.com\/avatar\/e8495742d34d0ba6448ea1c628263b3e?s=96&d=mm&r=g","caption":"admin"},"url":"https:\/\/franciscanos.org.br\/noticias\/author\/admin"}]}},"_links":{"self":[{"href":"https:\/\/franciscanos.org.br\/noticias\/wp-json\/wp\/v2\/posts\/107663"}],"collection":[{"href":"https:\/\/franciscanos.org.br\/noticias\/wp-json\/wp\/v2\/posts"}],"about":[{"href":"https:\/\/franciscanos.org.br\/noticias\/wp-json\/wp\/v2\/types\/post"}],"author":[{"embeddable":true,"href":"https:\/\/franciscanos.org.br\/noticias\/wp-json\/wp\/v2\/users\/1"}],"replies":[{"embeddable":true,"href":"https:\/\/franciscanos.org.br\/noticias\/wp-json\/wp\/v2\/comments?post=107663"}],"version-history":[{"count":0,"href":"https:\/\/franciscanos.org.br\/noticias\/wp-json\/wp\/v2\/posts\/107663\/revisions"}],"wp:featuredmedia":[{"embeddable":true,"href":"https:\/\/franciscanos.org.br\/noticias\/wp-json\/wp\/v2\/media\/204450"}],"wp:attachment":[{"href":"https:\/\/franciscanos.org.br\/noticias\/wp-json\/wp\/v2\/media?parent=107663"}],"wp:term":[{"taxonomy":"category","embeddable":true,"href":"https:\/\/franciscanos.org.br\/noticias\/wp-json\/wp\/v2\/categories?post=107663"},{"taxonomy":"post_tag","embeddable":true,"href":"https:\/\/franciscanos.org.br\/noticias\/wp-json\/wp\/v2\/tags?post=107663"}],"curies":[{"name":"wp","href":"https:\/\/api.w.org\/{rel}","templated":true}]}}