{"id":107652,"date":"2016-04-14T10:15:04","date_gmt":"2016-04-14T13:15:04","guid":{"rendered":"http:\/\/franciscanos.org.br\/?p=107652"},"modified":"2019-07-02T08:29:34","modified_gmt":"2019-07-02T11:29:34","slug":"nota-da-cffb-sobre-a-atual-conjuntura-politica-brasileira","status":"publish","type":"post","link":"https:\/\/franciscanos.org.br\/noticias\/nota-da-cffb-sobre-a-atual-conjuntura-politica-brasileira.html","title":{"rendered":"Nota da CFFB sobre a atual conjuntura pol\u00edtica brasileira"},"content":{"rendered":"<p><img loading=\"lazy\" src=\"http:\/\/franciscanos.org.br\/wp-content\/uploads\/2016\/04\/bandeira.jpg\" alt=\"bandeira\" width=\"820\" height=\"246\" \/><\/p>\n<p><img loading=\"lazy\" class=\"alignleft wp-image-107655 \" src=\"http:\/\/franciscanos.org.br\/wp-content\/uploads\/2016\/04\/logo-FFB.jpg\" alt=\"logo-FFB\" width=\"141\" height=\"116\" \/>A Confer\u00eancia da Fam\u00edlia Franciscana do Brasil &#8211; CFFB reafirma sua posi\u00e7\u00e3o em defesa do Estado Democr\u00e1tico de Direito. Nesse domingo, dia 17, ser\u00e1 votado na C\u00e2mara dos Deputados o processo de impeachment da Presidenta da Republica. Precisamos ter clareza e serenidade no debate para n\u00e3o cometermos um grave erro.<\/p>\n<p>A corrup\u00e7\u00e3o n\u00e3o \u00e9 um fato novo na hist\u00f3ria do Brasil e deve ser combatida vigorosamente. Contudo, medidas arbitr\u00e1rias sem imparcialidade, como as a\u00e7\u00f5es coercitivas em rela\u00e7\u00e3o aos investigados, pedidos de pris\u00e3o preventiva sem fundamentos jur\u00eddicos adequados e a relativiza\u00e7\u00e3o da presun\u00e7\u00e3o de inoc\u00eancia atentam contra o Estado de Direito. Deve-se garantir aos acusados a ampla defesa e julgamento justo sem sofrerem coa\u00e7\u00f5es, amea\u00e7as e condena\u00e7\u00f5es antecipadas pela m\u00eddia.<\/p>\n<p>A judicializa\u00e7\u00e3o da pol\u00edtica, a partidariza\u00e7\u00e3o da justi\u00e7a em alian\u00e7a com a grande M\u00eddia vai contra os princ\u00edpios democr\u00e1ticos. Os vazamentos seletivos, diuturnamente espetacularizados pelo notici\u00e1rio, de testemunhos, investiga\u00e7\u00f5es e dela\u00e7\u00f5es, visam acuar institui\u00e7\u00f5es, destruir reputa\u00e7\u00f5es, interferir no debate pol\u00edtico e criar um clima de hostiliza\u00e7\u00e3o e de convencimento na opini\u00e3o p\u00fablica, para se obter uma unanimidade, a da necessidade do impeachment.<\/p>\n<p>O clima de intoler\u00e2ncia e \u00f3dio no debate pol\u00edtico que essa opera\u00e7\u00e3o vem alimentando, encontrou lastro, infelizmente, numa cultura de viol\u00eancia ainda entranhada em nossa sociedade, que perpetua uma ordem social de profundas desigualdades. Os sinais est\u00e3o a\u00ed, dentre eles, o espancamento de pessoas nas ruas, o assassinato de trabalhadores sem-terra no Paran\u00e1 e de agricultor na Para\u00edba.<\/p>\n<p>Diante deste quadro, a CFFB se soma \u00e0 CNBB, pastorais, aos movimentos sociais, organiza\u00e7\u00f5es de base, sindicatos, artistas, intelectuais que defendem a democracia, conquistada no Brasil com uma longa e intensa luta social e pol\u00edtica. Acreditamos que s\u00f3 a democracia, o respeito e o estimulo \u00e0 participa\u00e7\u00e3o ativa da cidadania poder\u00e3o fazer frente \u00e0s injusti\u00e7as e desigualdades que ainda marcam nossa sociedade. Em sintonia com o Papa Francisco e com a tradi\u00e7\u00e3o franciscana, de compromisso com a constru\u00e7\u00e3o de um mundo de paz e justi\u00e7a, nos comprometemos ativamente com a defesa da ordem democr\u00e1tica no Brasil.<\/p>\n<p><strong>Bras\u00edlia, 14 de abril de 2016<\/strong><\/p>\n<p><strong>Conselho Diretor<\/strong><\/p>\n<p><strong>CONFER\u00caNCIA DA FAM\u00cdLIA FRANCISCANA DO BRASIL<\/strong><\/p>\n","protected":false},"excerpt":{"rendered":"<p>Confer\u00eancia da Fam\u00edlia Franciscana do Brasil<\/p>\n","protected":false},"author":1,"featured_media":207064,"comment_status":"open","ping_status":"open","sticky":false,"template":"","format":"standard","meta":[],"categories":[1],"tags":[203],"acf":[],"yoast_head":"<!-- This site is optimized with the Yoast SEO plugin v19.2 - https:\/\/yoast.com\/wordpress\/plugins\/seo\/ -->\n<title>Nota da CFFB sobre a atual conjuntura pol\u00edtica brasileira - Not\u00edcias - Franciscanos<\/title>\n<meta name=\"robots\" content=\"index, follow, max-snippet:-1, max-image-preview:large, max-video-preview:-1\" \/>\n<link rel=\"canonical\" href=\"https:\/\/franciscanos.org.br\/noticias\/nota-da-cffb-sobre-a-atual-conjuntura-politica-brasileira.html\" \/>\n<meta property=\"og:locale\" content=\"pt_BR\" \/>\n<meta property=\"og:type\" content=\"article\" \/>\n<meta property=\"og:title\" content=\"Nota da CFFB sobre a atual conjuntura pol\u00edtica brasileira - Not\u00edcias - Franciscanos\" \/>\n<meta property=\"og:description\" content=\"Confer\u00eancia da Fam\u00edlia Franciscana do Brasil\" \/>\n<meta property=\"og:url\" content=\"https:\/\/franciscanos.org.br\/noticias\/nota-da-cffb-sobre-a-atual-conjuntura-politica-brasileira.html\" \/>\n<meta property=\"og:site_name\" content=\"Not\u00edcias - Franciscanos\" \/>\n<meta property=\"article:published_time\" content=\"2016-04-14T13:15:04+00:00\" \/>\n<meta property=\"article:modified_time\" content=\"2019-07-02T11:29:34+00:00\" \/>\n<meta property=\"og:image\" content=\"https:\/\/franciscanos.org.br\/noticias\/wp-content\/uploads\/2016\/04\/bandeira.jpg\" \/>\n\t<meta property=\"og:image:width\" content=\"273\" \/>\n\t<meta property=\"og:image:height\" content=\"181\" \/>\n\t<meta property=\"og:image:type\" content=\"image\/jpeg\" \/>\n<meta name=\"author\" content=\"admin\" \/>\n<meta name=\"twitter:card\" content=\"summary_large_image\" \/>\n<meta name=\"twitter:label1\" content=\"Escrito por\" \/>\n\t<meta name=\"twitter:data1\" content=\"admin\" \/>\n\t<meta name=\"twitter:label2\" content=\"Est. tempo de leitura\" \/>\n\t<meta name=\"twitter:data2\" content=\"2 minutos\" \/>\n<script type=\"application\/ld+json\" class=\"yoast-schema-graph\">{\"@context\":\"https:\/\/schema.org\",\"@graph\":[{\"@type\":\"WebSite\",\"@id\":\"https:\/\/franciscanos.org.br\/noticias\/#website\",\"url\":\"https:\/\/franciscanos.org.br\/noticias\/\",\"name\":\"Not\u00edcias - Franciscanos\",\"description\":\"Prov\u00edncia Franciscana da Imaculada Concei\u00e7\u00e3o do Brasil - Ordem dos Frades Menores - OFM\",\"potentialAction\":[{\"@type\":\"SearchAction\",\"target\":{\"@type\":\"EntryPoint\",\"urlTemplate\":\"https:\/\/franciscanos.org.br\/noticias\/?s={search_term_string}\"},\"query-input\":\"required name=search_term_string\"}],\"inLanguage\":\"pt-BR\"},{\"@type\":\"ImageObject\",\"inLanguage\":\"pt-BR\",\"@id\":\"https:\/\/franciscanos.org.br\/noticias\/nota-da-cffb-sobre-a-atual-conjuntura-politica-brasileira.html#primaryimage\",\"url\":\"https:\/\/franciscanos.org.br\/noticias\/wp-content\/uploads\/2016\/04\/bandeira.jpg\",\"contentUrl\":\"https:\/\/franciscanos.org.br\/noticias\/wp-content\/uploads\/2016\/04\/bandeira.jpg\",\"width\":273,\"height\":181},{\"@type\":\"WebPage\",\"@id\":\"https:\/\/franciscanos.org.br\/noticias\/nota-da-cffb-sobre-a-atual-conjuntura-politica-brasileira.html#webpage\",\"url\":\"https:\/\/franciscanos.org.br\/noticias\/nota-da-cffb-sobre-a-atual-conjuntura-politica-brasileira.html\",\"name\":\"Nota da CFFB sobre a atual conjuntura pol\u00edtica brasileira - Not\u00edcias - Franciscanos\",\"isPartOf\":{\"@id\":\"https:\/\/franciscanos.org.br\/noticias\/#website\"},\"primaryImageOfPage\":{\"@id\":\"https:\/\/franciscanos.org.br\/noticias\/nota-da-cffb-sobre-a-atual-conjuntura-politica-brasileira.html#primaryimage\"},\"datePublished\":\"2016-04-14T13:15:04+00:00\",\"dateModified\":\"2019-07-02T11:29:34+00:00\",\"author\":{\"@id\":\"https:\/\/franciscanos.org.br\/noticias\/#\/schema\/person\/b38fbf43118f02820bd932f2e4b14ad3\"},\"breadcrumb\":{\"@id\":\"https:\/\/franciscanos.org.br\/noticias\/nota-da-cffb-sobre-a-atual-conjuntura-politica-brasileira.html#breadcrumb\"},\"inLanguage\":\"pt-BR\",\"potentialAction\":[{\"@type\":\"ReadAction\",\"target\":[\"https:\/\/franciscanos.org.br\/noticias\/nota-da-cffb-sobre-a-atual-conjuntura-politica-brasileira.html\"]}]},{\"@type\":\"BreadcrumbList\",\"@id\":\"https:\/\/franciscanos.org.br\/noticias\/nota-da-cffb-sobre-a-atual-conjuntura-politica-brasileira.html#breadcrumb\",\"itemListElement\":[{\"@type\":\"ListItem\",\"position\":1,\"name\":\"Home\",\"item\":\"https:\/\/franciscanos.org.br\/noticias\"},{\"@type\":\"ListItem\",\"position\":2,\"name\":\"Nota da CFFB sobre a atual conjuntura pol\u00edtica brasileira\"}]},{\"@type\":\"Person\",\"@id\":\"https:\/\/franciscanos.org.br\/noticias\/#\/schema\/person\/b38fbf43118f02820bd932f2e4b14ad3\",\"name\":\"admin\",\"image\":{\"@type\":\"ImageObject\",\"inLanguage\":\"pt-BR\",\"@id\":\"https:\/\/franciscanos.org.br\/noticias\/#\/schema\/person\/image\/\",\"url\":\"https:\/\/secure.gravatar.com\/avatar\/e8495742d34d0ba6448ea1c628263b3e?s=96&d=mm&r=g\",\"contentUrl\":\"https:\/\/secure.gravatar.com\/avatar\/e8495742d34d0ba6448ea1c628263b3e?s=96&d=mm&r=g\",\"caption\":\"admin\"},\"url\":\"https:\/\/franciscanos.org.br\/noticias\/author\/admin\"}]}<\/script>\n<!-- \/ Yoast SEO plugin. -->","yoast_head_json":{"title":"Nota da CFFB sobre a atual conjuntura pol\u00edtica brasileira - Not\u00edcias - Franciscanos","robots":{"index":"index","follow":"follow","max-snippet":"max-snippet:-1","max-image-preview":"max-image-preview:large","max-video-preview":"max-video-preview:-1"},"canonical":"https:\/\/franciscanos.org.br\/noticias\/nota-da-cffb-sobre-a-atual-conjuntura-politica-brasileira.html","og_locale":"pt_BR","og_type":"article","og_title":"Nota da CFFB sobre a atual conjuntura pol\u00edtica brasileira - Not\u00edcias - Franciscanos","og_description":"Confer\u00eancia da Fam\u00edlia Franciscana do Brasil","og_url":"https:\/\/franciscanos.org.br\/noticias\/nota-da-cffb-sobre-a-atual-conjuntura-politica-brasileira.html","og_site_name":"Not\u00edcias - Franciscanos","article_published_time":"2016-04-14T13:15:04+00:00","article_modified_time":"2019-07-02T11:29:34+00:00","og_image":[{"width":273,"height":181,"url":"https:\/\/franciscanos.org.br\/noticias\/wp-content\/uploads\/2016\/04\/bandeira.jpg","type":"image\/jpeg"}],"author":"admin","twitter_card":"summary_large_image","twitter_misc":{"Escrito por":"admin","Est. tempo de leitura":"2 minutos"},"schema":{"@context":"https:\/\/schema.org","@graph":[{"@type":"WebSite","@id":"https:\/\/franciscanos.org.br\/noticias\/#website","url":"https:\/\/franciscanos.org.br\/noticias\/","name":"Not\u00edcias - Franciscanos","description":"Prov\u00edncia Franciscana da Imaculada Concei\u00e7\u00e3o do Brasil - Ordem dos Frades Menores - OFM","potentialAction":[{"@type":"SearchAction","target":{"@type":"EntryPoint","urlTemplate":"https:\/\/franciscanos.org.br\/noticias\/?s={search_term_string}"},"query-input":"required name=search_term_string"}],"inLanguage":"pt-BR"},{"@type":"ImageObject","inLanguage":"pt-BR","@id":"https:\/\/franciscanos.org.br\/noticias\/nota-da-cffb-sobre-a-atual-conjuntura-politica-brasileira.html#primaryimage","url":"https:\/\/franciscanos.org.br\/noticias\/wp-content\/uploads\/2016\/04\/bandeira.jpg","contentUrl":"https:\/\/franciscanos.org.br\/noticias\/wp-content\/uploads\/2016\/04\/bandeira.jpg","width":273,"height":181},{"@type":"WebPage","@id":"https:\/\/franciscanos.org.br\/noticias\/nota-da-cffb-sobre-a-atual-conjuntura-politica-brasileira.html#webpage","url":"https:\/\/franciscanos.org.br\/noticias\/nota-da-cffb-sobre-a-atual-conjuntura-politica-brasileira.html","name":"Nota da CFFB sobre a atual conjuntura pol\u00edtica brasileira - Not\u00edcias - Franciscanos","isPartOf":{"@id":"https:\/\/franciscanos.org.br\/noticias\/#website"},"primaryImageOfPage":{"@id":"https:\/\/franciscanos.org.br\/noticias\/nota-da-cffb-sobre-a-atual-conjuntura-politica-brasileira.html#primaryimage"},"datePublished":"2016-04-14T13:15:04+00:00","dateModified":"2019-07-02T11:29:34+00:00","author":{"@id":"https:\/\/franciscanos.org.br\/noticias\/#\/schema\/person\/b38fbf43118f02820bd932f2e4b14ad3"},"breadcrumb":{"@id":"https:\/\/franciscanos.org.br\/noticias\/nota-da-cffb-sobre-a-atual-conjuntura-politica-brasileira.html#breadcrumb"},"inLanguage":"pt-BR","potentialAction":[{"@type":"ReadAction","target":["https:\/\/franciscanos.org.br\/noticias\/nota-da-cffb-sobre-a-atual-conjuntura-politica-brasileira.html"]}]},{"@type":"BreadcrumbList","@id":"https:\/\/franciscanos.org.br\/noticias\/nota-da-cffb-sobre-a-atual-conjuntura-politica-brasileira.html#breadcrumb","itemListElement":[{"@type":"ListItem","position":1,"name":"Home","item":"https:\/\/franciscanos.org.br\/noticias"},{"@type":"ListItem","position":2,"name":"Nota da CFFB sobre a atual conjuntura pol\u00edtica brasileira"}]},{"@type":"Person","@id":"https:\/\/franciscanos.org.br\/noticias\/#\/schema\/person\/b38fbf43118f02820bd932f2e4b14ad3","name":"admin","image":{"@type":"ImageObject","inLanguage":"pt-BR","@id":"https:\/\/franciscanos.org.br\/noticias\/#\/schema\/person\/image\/","url":"https:\/\/secure.gravatar.com\/avatar\/e8495742d34d0ba6448ea1c628263b3e?s=96&d=mm&r=g","contentUrl":"https:\/\/secure.gravatar.com\/avatar\/e8495742d34d0ba6448ea1c628263b3e?s=96&d=mm&r=g","caption":"admin"},"url":"https:\/\/franciscanos.org.br\/noticias\/author\/admin"}]}},"_links":{"self":[{"href":"https:\/\/franciscanos.org.br\/noticias\/wp-json\/wp\/v2\/posts\/107652"}],"collection":[{"href":"https:\/\/franciscanos.org.br\/noticias\/wp-json\/wp\/v2\/posts"}],"about":[{"href":"https:\/\/franciscanos.org.br\/noticias\/wp-json\/wp\/v2\/types\/post"}],"author":[{"embeddable":true,"href":"https:\/\/franciscanos.org.br\/noticias\/wp-json\/wp\/v2\/users\/1"}],"replies":[{"embeddable":true,"href":"https:\/\/franciscanos.org.br\/noticias\/wp-json\/wp\/v2\/comments?post=107652"}],"version-history":[{"count":0,"href":"https:\/\/franciscanos.org.br\/noticias\/wp-json\/wp\/v2\/posts\/107652\/revisions"}],"wp:featuredmedia":[{"embeddable":true,"href":"https:\/\/franciscanos.org.br\/noticias\/wp-json\/wp\/v2\/media\/207064"}],"wp:attachment":[{"href":"https:\/\/franciscanos.org.br\/noticias\/wp-json\/wp\/v2\/media?parent=107652"}],"wp:term":[{"taxonomy":"category","embeddable":true,"href":"https:\/\/franciscanos.org.br\/noticias\/wp-json\/wp\/v2\/categories?post=107652"},{"taxonomy":"post_tag","embeddable":true,"href":"https:\/\/franciscanos.org.br\/noticias\/wp-json\/wp\/v2\/tags?post=107652"}],"curies":[{"name":"wp","href":"https:\/\/api.w.org\/{rel}","templated":true}]}}