{"id":107592,"date":"2016-04-12T08:14:14","date_gmt":"2016-04-12T11:14:14","guid":{"rendered":"http:\/\/franciscanos.org.br\/?p=107592"},"modified":"2020-06-09T18:28:18","modified_gmt":"2020-06-09T21:28:18","slug":"papa-faca-da-perseguicao-educada-aos-cristaos","status":"publish","type":"post","link":"https:\/\/franciscanos.org.br\/noticias\/papa-faca-da-perseguicao-educada-aos-cristaos.html","title":{"rendered":"Papa fala da persegui\u00e7\u00e3o &#8216;educada&#8217; aos crist\u00e3os"},"content":{"rendered":"<p><img loading=\"lazy\" src=\"http:\/\/franciscanos.org.br\/wp-content\/uploads\/2016\/04\/papa_12.jpg\" alt=\"papa_12\" width=\"820\" height=\"452\" \/><\/p>\n<p><strong>Cidade do Vaticano \u00a0<\/strong>&#8211; \u201cA persegui\u00e7\u00e3o \u00e9 o p\u00e3o cotidiano da Igreja\u201d. Foi o que disse o Papa Francisco na homilia da Missa celebrada na manh\u00e3 de ter\u00e7a-feira, (12\/04), na capela da Casa Santa Marta.<\/p>\n<p>Assim como aconteceu com Est\u00eav\u00e3o, o primeiro m\u00e1rtir, ou com os \u201cpequenos m\u00e1rtires\u201d assassinados por Herodes, tamb\u00e9m hoje \u2013 afirmou o Papa \u2013 muitos crist\u00e3os s\u00e3o mortos por causa de sua f\u00e9 em Cristo e outros ainda s\u00e3o perseguidos \u201ceducadamente\u201d porque querem manifestar o valor de serem \u201cfilhos de Deus\u201d.<\/p>\n<p>Francisco falou de dois tipos de persegui\u00e7\u00e3o: aquelas sangrentas, com seres dilacerados por animais selvagens para a alegria do p\u00fablico ou que explodem por uma bomba na sa\u00edda da Missa. E persegui\u00e7\u00f5es com \u201cluvas brancas\u201d, disfar\u00e7adas \u201cde cultura\u201d, que confinam num \u00e2ngulo da sociedade, que fazem perder o trabalho por n\u00e3o se adequar a leis que \u201cv\u00e3o contra Deus Criador\u201d.<\/p>\n<p><strong>M\u00e1rtires de todos os dias<\/strong><br \/>\nA narra\u00e7\u00e3o do mart\u00edrio de Est\u00eav\u00e3o, descrito no trecho dos Atos dos Ap\u00f3stolos proposto pela liturgia, leva o Papa a considera\u00e7\u00f5es sobre uma realidade que h\u00e1 2 mil anos \u00e9 uma hist\u00f3ria dentro da hist\u00f3ria da f\u00e9 crist\u00e3: a persegui\u00e7\u00e3o.<\/p>\n<p>\u201cA persegui\u00e7\u00e3o, eu diria, \u00e9 o p\u00e3o cotidiano da Igreja. Jesus o disse. N\u00f3s, quando fazemos um pouco de turismo por Roma e visitamos o Coliseu, pensamos que os m\u00e1rtires eram aqueles mortos com os le\u00f5es. Mas os m\u00e1rtires n\u00e3o foram somente aqueles ali ou outros. S\u00e3o homens e mulheres de todos os dias: hoje, no dia de P\u00e1scoa, somente tr\u00eas semanas atr\u00e1s&#8230; aqueles crist\u00e3os que festejavam a P\u00e1scoa no Paquist\u00e3o foram martirizados justamente porque festejavam o Cristo Ressuscitado. E assim a hist\u00f3ria da Igreja vai avante com os seus m\u00e1rtires\u201d.<\/p>\n<p><strong>\u201cPersegui\u00e7\u00f5es educadas\u201d<\/strong><br \/>\nO mart\u00edrio de Est\u00eav\u00e3o provocou uma cruel persegui\u00e7\u00e3o anticrist\u00e3 em Jerusal\u00e9m, an\u00e1loga \u00e0s que sofrem quem n\u00e3o \u00e9 hoje livre de professar a sua f\u00e9 em Jesus. \u201cMas \u2013 observa Francisco \u2013 existe outra persegui\u00e7\u00e3o, da qual n\u00e3o se fala muito: a persegui\u00e7\u00e3o mascarada de cultura, de modernidade, de progresso\u201d: \u201c\u00c9 uma persegui\u00e7\u00e3o \u2013 diria com um pouco de ironia \u2013 \u2018educada\u2019. \u00c9 quando o homem n\u00e3o \u00e9 perseguido por confessar o nome de Cristo, mas porque quer ter e manifestar os valores do Filho de Deus. \u00c9 uma persegui\u00e7\u00e3o contra Deus Criador na pessoa de seus filhos! E assim, vemos todos os dias que as pot\u00eancias fazem leis que obrigam a seguir este caminho e a na\u00e7\u00e3o que n\u00e3o respeita estas leis modernas, cultas, ou que n\u00e3o quer t\u00ea-las em sua legisla\u00e7\u00e3o, \u00e9 acusada, perseguida educadamente. \u00c9 a persegui\u00e7\u00e3o que tira do homem a liberdade, inclusive de objetar com a consci\u00eancia!\u201d.<\/p>\n<p><strong>A grande apostasia<\/strong><br \/>\n\u201cEsta \u00e9 a persegui\u00e7\u00e3o do mundo que tira a liberdade\u201d, enquanto \u201cDeus nos fez livres de dar testemunho do Pai que nos criou e de Cristo que nos salvou\u201d, disse o Papa, acrescentando que \u201cesta persegui\u00e7\u00e3o tem at\u00e9 um l\u00edder\u201d:<br \/>\n\u201cO l\u00edder da persegui\u00e7\u00e3o \u2018educada\u2019, Jesus o nomeou: \u00e9 o pr\u00edncipe deste mundo. Quando as pot\u00eancias querem impor comportamentos e leis contra a dignidade do Filho de Deus, perseguem-no e v\u00e3o contra o Deus Criador. \u00c9 a grande apostasia. Assim, a vida dos crist\u00e3os vai avante, com estas duas persegui\u00e7\u00f5es. O Senhor nos prometeu que n\u00e3o se afastar\u00e1 de n\u00f3s. \u201cEstejam atentos, aten\u00e7\u00e3o!\u201d N\u00e3o caiam no esp\u00edrito do mundo. Estejam atentos, mas prossigam, Eu estarei com voc\u00eas!&#8221;.<\/p>\n<h3>MURO DA INDIFEREN\u00c7A<\/h3>\n<p>Remover o \u2018muro da indiferen\u00e7a\u2019 e \u201cse falo de muro, n\u00e3o uso s\u00f3 uma linguagem figurada, mas \u00e9 a triste realidade\u201d.<\/p>\n<p>Foi o que disse o Papa Francisco em mensagem \u00e0 confer\u00eancia em andamento em Roma com o tema \u201cN\u00e3o viol\u00eancia e justa paz: contribuindo para uma compreens\u00e3o cat\u00f3lica do compromisso com a n\u00e3o-viol\u00eancia\u201d.<\/p>\n<p>\u201cComo crist\u00e3os, sabemos que o grande obst\u00e1culo a ser removido para superar guerras e conflitos \u00e9 o erigido pelo muro da indiferen\u00e7a. A cr\u00f4nica dos tempos recentes\u201d, escreve ainda o Papa, que s\u00e1bado visitar\u00e1 os refugiados na ilha grega de Lesbos, \u201cnos demonstra que quando falo de muros, falo da triste realidade da indiferen\u00e7a, que n\u00e3o ataca apenas os seres humanos, mas tamb\u00e9m o ambiente natural, com consequ\u00eancias muitas vezes nefastas em termos de seguran\u00e7a e paz social. Venceremos a indiferen\u00e7a somente se soubermos usar a miseric\u00f3rdia. A miseric\u00f3rdia encontra a sua express\u00e3o \u2018pol\u00edtica\u2019 na solidariedade: uma resposta moral e social \u00e0s chagas de nosso tempo; a tomada de consci\u00eancia da correla\u00e7\u00e3o entre a vida do cidad\u00e3o e da comunidade familiar, local ou global\u201d.<\/p>\n<p>Para Francisco, o caminho a percorrer \u00e9 o do \u201cdesarme integral, construindo pontes, combatendo o medo e insistindo num di\u00e1logo aberto e sincero: um percurso realmente \u00e1rduo\u201d, define.<\/p>\n<p>\u201cDialogar \u00e9 dif\u00edcil, \u00e9 preciso estar prontos para dar e tamb\u00e9m receber, a n\u00e3o partir do pressuposto que \u00e9 o outro que erra, mas das nossas diferen\u00e7as. \u00c9 necess\u00e1rio agir em prol de uma paz verdadeira, atrav\u00e9s do encontro entre as pessoas e a reconcilia\u00e7\u00e3o entre povos e grupos que se enfrentam de posi\u00e7\u00f5es ideol\u00f3gicas opostas\u201d.<\/p>\n<p>O Pont\u00edfice convoca a um esfor\u00e7o sapiente da fantasia criativa que chamamos diplomacia, que deve ser continuamente alimentado, e \u00e0 promo\u00e7\u00e3o da justi\u00e7a no mundo globalizado. \u201cRenovar todos os instrumentos adequados para concretizar a aspira\u00e7\u00e3o \u00e0 justi\u00e7a e \u00e1 paz dos homens e mulheres de hoje\u201d.<\/p>\n<p>A Confer\u00eancia sobre a n\u00e3o-viol\u00eancia \u00e9 organizada pelo Pontif\u00edcio Conselho da Justi\u00e7a e da Paz e o movimento cat\u00f3lico internacional Pax Christi.<\/p>\n<hr \/>\n<p><em>Fonte: R\u00e1dio Vaticano<\/em><\/p>\n","protected":false},"excerpt":{"rendered":"<p>Missa em Santa Marta<\/p>\n","protected":false},"author":1,"featured_media":203054,"comment_status":"open","ping_status":"open","sticky":false,"template":"","format":"standard","meta":[],"categories":[1428],"tags":[1586],"acf":[],"yoast_head":"<!-- This site is optimized with the Yoast SEO plugin v19.2 - https:\/\/yoast.com\/wordpress\/plugins\/seo\/ -->\n<title>Papa fala da persegui\u00e7\u00e3o &#039;educada&#039; aos crist\u00e3os - Not\u00edcias - Franciscanos<\/title>\n<meta name=\"robots\" content=\"index, follow, max-snippet:-1, max-image-preview:large, max-video-preview:-1\" \/>\n<link rel=\"canonical\" href=\"https:\/\/franciscanos.org.br\/noticias\/papa-faca-da-perseguicao-educada-aos-cristaos.html\" \/>\n<meta property=\"og:locale\" content=\"pt_BR\" \/>\n<meta property=\"og:type\" content=\"article\" \/>\n<meta property=\"og:title\" content=\"Papa fala da persegui\u00e7\u00e3o &#039;educada&#039; aos crist\u00e3os - Not\u00edcias - Franciscanos\" \/>\n<meta property=\"og:description\" content=\"Missa em Santa Marta\" \/>\n<meta property=\"og:url\" content=\"https:\/\/franciscanos.org.br\/noticias\/papa-faca-da-perseguicao-educada-aos-cristaos.html\" \/>\n<meta property=\"og:site_name\" content=\"Not\u00edcias - Franciscanos\" \/>\n<meta property=\"article:published_time\" content=\"2016-04-12T11:14:14+00:00\" \/>\n<meta property=\"article:modified_time\" content=\"2020-06-09T21:28:18+00:00\" \/>\n<meta property=\"og:image\" content=\"https:\/\/franciscanos.org.br\/noticias\/wp-content\/uploads\/2016\/04\/papa_12.jpg\" \/>\n\t<meta property=\"og:image:width\" content=\"273\" \/>\n\t<meta property=\"og:image:height\" content=\"181\" \/>\n\t<meta property=\"og:image:type\" content=\"image\/jpeg\" \/>\n<meta name=\"author\" content=\"admin\" \/>\n<meta name=\"twitter:card\" content=\"summary_large_image\" \/>\n<meta name=\"twitter:label1\" content=\"Escrito por\" \/>\n\t<meta name=\"twitter:data1\" content=\"admin\" \/>\n\t<meta name=\"twitter:label2\" content=\"Est. tempo de leitura\" \/>\n\t<meta name=\"twitter:data2\" content=\"5 minutos\" \/>\n<script type=\"application\/ld+json\" class=\"yoast-schema-graph\">{\"@context\":\"https:\/\/schema.org\",\"@graph\":[{\"@type\":\"WebSite\",\"@id\":\"https:\/\/franciscanos.org.br\/noticias\/#website\",\"url\":\"https:\/\/franciscanos.org.br\/noticias\/\",\"name\":\"Not\u00edcias - Franciscanos\",\"description\":\"Prov\u00edncia Franciscana da Imaculada Concei\u00e7\u00e3o do Brasil - Ordem dos Frades Menores - OFM\",\"potentialAction\":[{\"@type\":\"SearchAction\",\"target\":{\"@type\":\"EntryPoint\",\"urlTemplate\":\"https:\/\/franciscanos.org.br\/noticias\/?s={search_term_string}\"},\"query-input\":\"required name=search_term_string\"}],\"inLanguage\":\"pt-BR\"},{\"@type\":\"ImageObject\",\"inLanguage\":\"pt-BR\",\"@id\":\"https:\/\/franciscanos.org.br\/noticias\/papa-faca-da-perseguicao-educada-aos-cristaos.html#primaryimage\",\"url\":\"https:\/\/franciscanos.org.br\/noticias\/wp-content\/uploads\/2016\/04\/papa_12.jpg\",\"contentUrl\":\"https:\/\/franciscanos.org.br\/noticias\/wp-content\/uploads\/2016\/04\/papa_12.jpg\",\"width\":273,\"height\":181},{\"@type\":\"WebPage\",\"@id\":\"https:\/\/franciscanos.org.br\/noticias\/papa-faca-da-perseguicao-educada-aos-cristaos.html#webpage\",\"url\":\"https:\/\/franciscanos.org.br\/noticias\/papa-faca-da-perseguicao-educada-aos-cristaos.html\",\"name\":\"Papa fala da persegui\u00e7\u00e3o 'educada' aos crist\u00e3os - Not\u00edcias - Franciscanos\",\"isPartOf\":{\"@id\":\"https:\/\/franciscanos.org.br\/noticias\/#website\"},\"primaryImageOfPage\":{\"@id\":\"https:\/\/franciscanos.org.br\/noticias\/papa-faca-da-perseguicao-educada-aos-cristaos.html#primaryimage\"},\"datePublished\":\"2016-04-12T11:14:14+00:00\",\"dateModified\":\"2020-06-09T21:28:18+00:00\",\"author\":{\"@id\":\"https:\/\/franciscanos.org.br\/noticias\/#\/schema\/person\/b38fbf43118f02820bd932f2e4b14ad3\"},\"breadcrumb\":{\"@id\":\"https:\/\/franciscanos.org.br\/noticias\/papa-faca-da-perseguicao-educada-aos-cristaos.html#breadcrumb\"},\"inLanguage\":\"pt-BR\",\"potentialAction\":[{\"@type\":\"ReadAction\",\"target\":[\"https:\/\/franciscanos.org.br\/noticias\/papa-faca-da-perseguicao-educada-aos-cristaos.html\"]}]},{\"@type\":\"BreadcrumbList\",\"@id\":\"https:\/\/franciscanos.org.br\/noticias\/papa-faca-da-perseguicao-educada-aos-cristaos.html#breadcrumb\",\"itemListElement\":[{\"@type\":\"ListItem\",\"position\":1,\"name\":\"Home\",\"item\":\"https:\/\/franciscanos.org.br\/noticias\"},{\"@type\":\"ListItem\",\"position\":2,\"name\":\"Papa fala da persegui\u00e7\u00e3o &#8216;educada&#8217; aos crist\u00e3os\"}]},{\"@type\":\"Person\",\"@id\":\"https:\/\/franciscanos.org.br\/noticias\/#\/schema\/person\/b38fbf43118f02820bd932f2e4b14ad3\",\"name\":\"admin\",\"image\":{\"@type\":\"ImageObject\",\"inLanguage\":\"pt-BR\",\"@id\":\"https:\/\/franciscanos.org.br\/noticias\/#\/schema\/person\/image\/\",\"url\":\"https:\/\/secure.gravatar.com\/avatar\/e8495742d34d0ba6448ea1c628263b3e?s=96&d=mm&r=g\",\"contentUrl\":\"https:\/\/secure.gravatar.com\/avatar\/e8495742d34d0ba6448ea1c628263b3e?s=96&d=mm&r=g\",\"caption\":\"admin\"},\"url\":\"https:\/\/franciscanos.org.br\/noticias\/author\/admin\"}]}<\/script>\n<!-- \/ Yoast SEO plugin. -->","yoast_head_json":{"title":"Papa fala da persegui\u00e7\u00e3o 'educada' aos crist\u00e3os - Not\u00edcias - Franciscanos","robots":{"index":"index","follow":"follow","max-snippet":"max-snippet:-1","max-image-preview":"max-image-preview:large","max-video-preview":"max-video-preview:-1"},"canonical":"https:\/\/franciscanos.org.br\/noticias\/papa-faca-da-perseguicao-educada-aos-cristaos.html","og_locale":"pt_BR","og_type":"article","og_title":"Papa fala da persegui\u00e7\u00e3o 'educada' aos crist\u00e3os - Not\u00edcias - Franciscanos","og_description":"Missa em Santa Marta","og_url":"https:\/\/franciscanos.org.br\/noticias\/papa-faca-da-perseguicao-educada-aos-cristaos.html","og_site_name":"Not\u00edcias - Franciscanos","article_published_time":"2016-04-12T11:14:14+00:00","article_modified_time":"2020-06-09T21:28:18+00:00","og_image":[{"width":273,"height":181,"url":"https:\/\/franciscanos.org.br\/noticias\/wp-content\/uploads\/2016\/04\/papa_12.jpg","type":"image\/jpeg"}],"author":"admin","twitter_card":"summary_large_image","twitter_misc":{"Escrito por":"admin","Est. tempo de leitura":"5 minutos"},"schema":{"@context":"https:\/\/schema.org","@graph":[{"@type":"WebSite","@id":"https:\/\/franciscanos.org.br\/noticias\/#website","url":"https:\/\/franciscanos.org.br\/noticias\/","name":"Not\u00edcias - Franciscanos","description":"Prov\u00edncia Franciscana da Imaculada Concei\u00e7\u00e3o do Brasil - Ordem dos Frades Menores - OFM","potentialAction":[{"@type":"SearchAction","target":{"@type":"EntryPoint","urlTemplate":"https:\/\/franciscanos.org.br\/noticias\/?s={search_term_string}"},"query-input":"required name=search_term_string"}],"inLanguage":"pt-BR"},{"@type":"ImageObject","inLanguage":"pt-BR","@id":"https:\/\/franciscanos.org.br\/noticias\/papa-faca-da-perseguicao-educada-aos-cristaos.html#primaryimage","url":"https:\/\/franciscanos.org.br\/noticias\/wp-content\/uploads\/2016\/04\/papa_12.jpg","contentUrl":"https:\/\/franciscanos.org.br\/noticias\/wp-content\/uploads\/2016\/04\/papa_12.jpg","width":273,"height":181},{"@type":"WebPage","@id":"https:\/\/franciscanos.org.br\/noticias\/papa-faca-da-perseguicao-educada-aos-cristaos.html#webpage","url":"https:\/\/franciscanos.org.br\/noticias\/papa-faca-da-perseguicao-educada-aos-cristaos.html","name":"Papa fala da persegui\u00e7\u00e3o 'educada' aos crist\u00e3os - Not\u00edcias - Franciscanos","isPartOf":{"@id":"https:\/\/franciscanos.org.br\/noticias\/#website"},"primaryImageOfPage":{"@id":"https:\/\/franciscanos.org.br\/noticias\/papa-faca-da-perseguicao-educada-aos-cristaos.html#primaryimage"},"datePublished":"2016-04-12T11:14:14+00:00","dateModified":"2020-06-09T21:28:18+00:00","author":{"@id":"https:\/\/franciscanos.org.br\/noticias\/#\/schema\/person\/b38fbf43118f02820bd932f2e4b14ad3"},"breadcrumb":{"@id":"https:\/\/franciscanos.org.br\/noticias\/papa-faca-da-perseguicao-educada-aos-cristaos.html#breadcrumb"},"inLanguage":"pt-BR","potentialAction":[{"@type":"ReadAction","target":["https:\/\/franciscanos.org.br\/noticias\/papa-faca-da-perseguicao-educada-aos-cristaos.html"]}]},{"@type":"BreadcrumbList","@id":"https:\/\/franciscanos.org.br\/noticias\/papa-faca-da-perseguicao-educada-aos-cristaos.html#breadcrumb","itemListElement":[{"@type":"ListItem","position":1,"name":"Home","item":"https:\/\/franciscanos.org.br\/noticias"},{"@type":"ListItem","position":2,"name":"Papa fala da persegui\u00e7\u00e3o &#8216;educada&#8217; aos crist\u00e3os"}]},{"@type":"Person","@id":"https:\/\/franciscanos.org.br\/noticias\/#\/schema\/person\/b38fbf43118f02820bd932f2e4b14ad3","name":"admin","image":{"@type":"ImageObject","inLanguage":"pt-BR","@id":"https:\/\/franciscanos.org.br\/noticias\/#\/schema\/person\/image\/","url":"https:\/\/secure.gravatar.com\/avatar\/e8495742d34d0ba6448ea1c628263b3e?s=96&d=mm&r=g","contentUrl":"https:\/\/secure.gravatar.com\/avatar\/e8495742d34d0ba6448ea1c628263b3e?s=96&d=mm&r=g","caption":"admin"},"url":"https:\/\/franciscanos.org.br\/noticias\/author\/admin"}]}},"_links":{"self":[{"href":"https:\/\/franciscanos.org.br\/noticias\/wp-json\/wp\/v2\/posts\/107592"}],"collection":[{"href":"https:\/\/franciscanos.org.br\/noticias\/wp-json\/wp\/v2\/posts"}],"about":[{"href":"https:\/\/franciscanos.org.br\/noticias\/wp-json\/wp\/v2\/types\/post"}],"author":[{"embeddable":true,"href":"https:\/\/franciscanos.org.br\/noticias\/wp-json\/wp\/v2\/users\/1"}],"replies":[{"embeddable":true,"href":"https:\/\/franciscanos.org.br\/noticias\/wp-json\/wp\/v2\/comments?post=107592"}],"version-history":[{"count":1,"href":"https:\/\/franciscanos.org.br\/noticias\/wp-json\/wp\/v2\/posts\/107592\/revisions"}],"predecessor-version":[{"id":225729,"href":"https:\/\/franciscanos.org.br\/noticias\/wp-json\/wp\/v2\/posts\/107592\/revisions\/225729"}],"wp:featuredmedia":[{"embeddable":true,"href":"https:\/\/franciscanos.org.br\/noticias\/wp-json\/wp\/v2\/media\/203054"}],"wp:attachment":[{"href":"https:\/\/franciscanos.org.br\/noticias\/wp-json\/wp\/v2\/media?parent=107592"}],"wp:term":[{"taxonomy":"category","embeddable":true,"href":"https:\/\/franciscanos.org.br\/noticias\/wp-json\/wp\/v2\/categories?post=107592"},{"taxonomy":"post_tag","embeddable":true,"href":"https:\/\/franciscanos.org.br\/noticias\/wp-json\/wp\/v2\/tags?post=107592"}],"curies":[{"name":"wp","href":"https:\/\/api.w.org\/{rel}","templated":true}]}}