{"id":107566,"date":"2016-04-11T13:55:42","date_gmt":"2016-04-11T16:55:42","guid":{"rendered":"http:\/\/franciscanos.org.br\/?p=107566"},"modified":"2020-05-14T13:26:10","modified_gmt":"2020-05-14T16:26:10","slug":"diversas-dioceses-do-brasil-recebem-imagem-jubilar-para-peregrinacao","status":"publish","type":"post","link":"https:\/\/franciscanos.org.br\/noticias\/diversas-dioceses-do-brasil-recebem-imagem-jubilar-para-peregrinacao.html","title":{"rendered":"Diversas dioceses do Brasil recebem imagem jubilar para peregrina\u00e7\u00e3o"},"content":{"rendered":"<p><img loading=\"lazy\" src=\"http:\/\/franciscanos.org.br\/wp-content\/uploads\/2016\/04\/jubileu_820.jpg\" alt=\"jubileu_820\" width=\"820\" height=\"325\" \/><\/p>\n<p>No domingo, 10 de abril, as Dioceses de Barra do Gar\u00e7a (MS), Montenegro (RS), Duque de Caxias (RJ), Ourinhos (SP), Apucarana (SP), Cachoeira do Sul (RS), Os\u00f3rio (RS), Tubar\u00e3o (SC), Floresta (PE), Bom Jesus da Lapa (BA), Barreiras (BA), Est\u00e2ncia (SE), Abaetetuba (PA) e Almenara (MG) receberam a imagem jubilar de Nossa Senhora Aparecida que segue em peregrina\u00e7\u00e3o por v\u00e1rias regi\u00f5es do Brasil, dentro do projeto Jubileu dos 300 anos.<\/p>\n<p>As imagens foram entregues durante a missa de encerramento da Romaria Nacional da Juventude, realizada durante a 54\u00aa Assembleia Geral da CNBB. A Santa Missa foi presidida pelo Cardeal Arcebispo de Aparecida, dom Raymundo Damasceno Assis e concelebrada pelo Arcebispo em\u00e9rito da arquidiocese de S\u00e3o Paulo, Cardeal Dom Cl\u00e1udio Hummes e pelo Presidente do Pontif\u00edcio Conselho para a Cultura do Vaticano, Cardeal Gianfranco Ravasi.<\/p>\n<p>Dom Raymundo Damasceno Assis entregou as imagens aos bispos para seguirem em peregrina\u00e7\u00e3o, preparando os fi\u00e9is para o jubileu dos 300 anos do encontro da Imagem da Virgem de Aparecida nas \u00e1guas do Rio Para\u00edba do Sul.<\/p>\n<p>No ano de 1717, tr\u00eas pescadores, levados por necessidades hist\u00f3ricas e econ\u00f4micas, sa\u00edram a pescar, numa \u00e9poca escassa de peixes. Por a\u00e7\u00e3o misteriosa de Deus, chegando ao \u201cPorto de Itaguassu\u201d, a primeira coisa que caiu em suas redes foi o corpo de uma imagem quebrada, na altura do pesco\u00e7o. Num segundo lance de rede, pescaram a cabe\u00e7a da mesma imagem.<\/p>\n<p>Juntando as duas partes viu-se que se tratava da Senhora da Concei\u00e7\u00e3o. Depois do encontro da Imagem, a pesca de peixes foi abundante e os pescadores intu\u00edram a presen\u00e7a e a\u00e7\u00e3o de Deus naquele singular evento.<\/p>\n<p>Por assim ter aparecido, o povo chamou-a de \u201cAparecida\u201d, nome consagrado pela devo\u00e7\u00e3o popular, chegando a ser proclamada Rainha em 1904, e Padroeira do Brasil em 1930.<\/p>\n<p><strong>Duque de Caxias<img loading=\"lazy\" class=\"alignright size-full wp-image-107568\" src=\"http:\/\/franciscanos.org.br\/wp-content\/uploads\/2016\/04\/N.S.APARECIDA-2-3.jpg\" alt=\"N.S.APARECIDA 2 (3)\" width=\"228\" height=\"300\" \/><\/strong><\/p>\n<p>Ainda no domingo, na Catedral de Santo Ant\u00f4nio, em Duque de Caxias (RJ), toda a diocese se reuniu, \u00e0 noite, para saudar, com grande f\u00e9 e devo\u00e7\u00e3o, a imagem jubilar de Nossa Senhora da Concei\u00e7\u00e3o Aparecida. A solene recep\u00e7\u00e3o da imagem contou com a presen\u00e7a de irm\u00e3os da Fraternidade Santo Ant\u00f4nio, vinculada \u00e0 Ordem Franciscana Secular (OFS), que saudaram Nossa Senhora, a quem o Ser\u00e1fico S\u00e3o Francisco de Assis confiou a prote\u00e7\u00e3o da Ordem Franciscana.<\/p>\n<p>A Santa Missa foi presidida pelo padre Alcindo Martins Milena e concelebrada pelo padre Daniel Felix e pelo di\u00e1cono permanente Jo\u00e3o Quirino. Em sua homilia, padre Alcindo destacou que a devo\u00e7\u00e3o mariana sempre esteve presente na hist\u00f3ria da Igreja e que os incont\u00e1veis t\u00edtulos atribu\u00eddos \u00e0 Maria s\u00e3o uma revela\u00e7\u00e3o do imenso amor dos crist\u00e3os pela Virgem em todo o mundo, como a devo\u00e7\u00e3o do povo brasileiro a Nossa Senhora Aparecida, que em 2017 comemorar\u00e1 trezentos anos.<\/p>\n<p>A celebra\u00e7\u00e3o foi encerrada com a tradicional Consagra\u00e7\u00e3o \u00e0 Nossa Senhora, confiando todos os fi\u00e9is \u00e0 santa prote\u00e7\u00e3o da M\u00e3e de Deus. A peregrina\u00e7\u00e3o da imagem jubilar em Duque de Caxias continua durante a semana. Traga a sua fam\u00edlia e participe desse importante momento de f\u00e9 e devo\u00e7\u00e3o.<\/p>\n<p><strong>Programa\u00e7\u00e3o:<\/strong><\/p>\n<p><strong>13\/04, quarta-feira:<\/strong><br \/>\n14h &#8211; Visita ao Hospital Infantil.<\/p>\n<p><strong>16\/04, s\u00e1bado:<\/strong><br \/>\n9h30 &#8211; Missa das crian\u00e7as e adolescentes, na Catedral de Santo Ant\u00f4nio.<br \/>\n18h &#8211; Ora\u00e7\u00e3o do Santo Ter\u00e7o, na Pra\u00e7a do Pacificador.<\/p>\n<p><strong>Cl\u00e1udio Santos, OFS \u2013 especial para este site<\/strong><\/p>\n","protected":false},"excerpt":{"rendered":"<p>Duque de Caxias<\/p>\n","protected":false},"author":1,"featured_media":213398,"comment_status":"open","ping_status":"open","sticky":false,"template":"","format":"standard","meta":[],"categories":[1],"tags":[],"acf":[],"yoast_head":"<!-- This site is optimized with the Yoast SEO plugin v19.2 - https:\/\/yoast.com\/wordpress\/plugins\/seo\/ -->\n<title>Diversas dioceses do Brasil recebem imagem jubilar para peregrina\u00e7\u00e3o - Not\u00edcias - Franciscanos<\/title>\n<meta name=\"robots\" content=\"index, follow, max-snippet:-1, max-image-preview:large, max-video-preview:-1\" \/>\n<link rel=\"canonical\" href=\"https:\/\/franciscanos.org.br\/noticias\/diversas-dioceses-do-brasil-recebem-imagem-jubilar-para-peregrinacao.html\" \/>\n<meta property=\"og:locale\" content=\"pt_BR\" \/>\n<meta property=\"og:type\" content=\"article\" \/>\n<meta property=\"og:title\" content=\"Diversas dioceses do Brasil recebem imagem jubilar para peregrina\u00e7\u00e3o - Not\u00edcias - Franciscanos\" \/>\n<meta property=\"og:description\" content=\"Duque de Caxias\" \/>\n<meta property=\"og:url\" content=\"https:\/\/franciscanos.org.br\/noticias\/diversas-dioceses-do-brasil-recebem-imagem-jubilar-para-peregrinacao.html\" \/>\n<meta property=\"og:site_name\" content=\"Not\u00edcias - Franciscanos\" \/>\n<meta property=\"article:published_time\" content=\"2016-04-11T16:55:42+00:00\" \/>\n<meta property=\"article:modified_time\" content=\"2020-05-14T16:26:10+00:00\" \/>\n<meta property=\"og:image\" content=\"https:\/\/franciscanos.org.br\/noticias\/wp-content\/uploads\/2016\/04\/jubileu_820.jpg\" \/>\n\t<meta property=\"og:image:width\" content=\"273\" \/>\n\t<meta property=\"og:image:height\" content=\"181\" \/>\n\t<meta property=\"og:image:type\" content=\"image\/jpeg\" \/>\n<meta name=\"author\" content=\"admin\" \/>\n<meta name=\"twitter:card\" content=\"summary_large_image\" \/>\n<meta name=\"twitter:label1\" content=\"Escrito por\" \/>\n\t<meta name=\"twitter:data1\" content=\"admin\" \/>\n\t<meta name=\"twitter:label2\" content=\"Est. tempo de leitura\" \/>\n\t<meta name=\"twitter:data2\" content=\"3 minutos\" \/>\n<script type=\"application\/ld+json\" class=\"yoast-schema-graph\">{\"@context\":\"https:\/\/schema.org\",\"@graph\":[{\"@type\":\"WebSite\",\"@id\":\"https:\/\/franciscanos.org.br\/noticias\/#website\",\"url\":\"https:\/\/franciscanos.org.br\/noticias\/\",\"name\":\"Not\u00edcias - Franciscanos\",\"description\":\"Prov\u00edncia Franciscana da Imaculada Concei\u00e7\u00e3o do Brasil - Ordem dos Frades Menores - OFM\",\"potentialAction\":[{\"@type\":\"SearchAction\",\"target\":{\"@type\":\"EntryPoint\",\"urlTemplate\":\"https:\/\/franciscanos.org.br\/noticias\/?s={search_term_string}\"},\"query-input\":\"required name=search_term_string\"}],\"inLanguage\":\"pt-BR\"},{\"@type\":\"ImageObject\",\"inLanguage\":\"pt-BR\",\"@id\":\"https:\/\/franciscanos.org.br\/noticias\/diversas-dioceses-do-brasil-recebem-imagem-jubilar-para-peregrinacao.html#primaryimage\",\"url\":\"https:\/\/franciscanos.org.br\/noticias\/wp-content\/uploads\/2016\/04\/jubileu_820.jpg\",\"contentUrl\":\"https:\/\/franciscanos.org.br\/noticias\/wp-content\/uploads\/2016\/04\/jubileu_820.jpg\",\"width\":273,\"height\":181},{\"@type\":\"WebPage\",\"@id\":\"https:\/\/franciscanos.org.br\/noticias\/diversas-dioceses-do-brasil-recebem-imagem-jubilar-para-peregrinacao.html#webpage\",\"url\":\"https:\/\/franciscanos.org.br\/noticias\/diversas-dioceses-do-brasil-recebem-imagem-jubilar-para-peregrinacao.html\",\"name\":\"Diversas dioceses do Brasil recebem imagem jubilar para peregrina\u00e7\u00e3o - Not\u00edcias - Franciscanos\",\"isPartOf\":{\"@id\":\"https:\/\/franciscanos.org.br\/noticias\/#website\"},\"primaryImageOfPage\":{\"@id\":\"https:\/\/franciscanos.org.br\/noticias\/diversas-dioceses-do-brasil-recebem-imagem-jubilar-para-peregrinacao.html#primaryimage\"},\"datePublished\":\"2016-04-11T16:55:42+00:00\",\"dateModified\":\"2020-05-14T16:26:10+00:00\",\"author\":{\"@id\":\"https:\/\/franciscanos.org.br\/noticias\/#\/schema\/person\/b38fbf43118f02820bd932f2e4b14ad3\"},\"breadcrumb\":{\"@id\":\"https:\/\/franciscanos.org.br\/noticias\/diversas-dioceses-do-brasil-recebem-imagem-jubilar-para-peregrinacao.html#breadcrumb\"},\"inLanguage\":\"pt-BR\",\"potentialAction\":[{\"@type\":\"ReadAction\",\"target\":[\"https:\/\/franciscanos.org.br\/noticias\/diversas-dioceses-do-brasil-recebem-imagem-jubilar-para-peregrinacao.html\"]}]},{\"@type\":\"BreadcrumbList\",\"@id\":\"https:\/\/franciscanos.org.br\/noticias\/diversas-dioceses-do-brasil-recebem-imagem-jubilar-para-peregrinacao.html#breadcrumb\",\"itemListElement\":[{\"@type\":\"ListItem\",\"position\":1,\"name\":\"Home\",\"item\":\"https:\/\/franciscanos.org.br\/noticias\"},{\"@type\":\"ListItem\",\"position\":2,\"name\":\"Diversas dioceses do Brasil recebem imagem jubilar para peregrina\u00e7\u00e3o\"}]},{\"@type\":\"Person\",\"@id\":\"https:\/\/franciscanos.org.br\/noticias\/#\/schema\/person\/b38fbf43118f02820bd932f2e4b14ad3\",\"name\":\"admin\",\"image\":{\"@type\":\"ImageObject\",\"inLanguage\":\"pt-BR\",\"@id\":\"https:\/\/franciscanos.org.br\/noticias\/#\/schema\/person\/image\/\",\"url\":\"https:\/\/secure.gravatar.com\/avatar\/e8495742d34d0ba6448ea1c628263b3e?s=96&d=mm&r=g\",\"contentUrl\":\"https:\/\/secure.gravatar.com\/avatar\/e8495742d34d0ba6448ea1c628263b3e?s=96&d=mm&r=g\",\"caption\":\"admin\"},\"url\":\"https:\/\/franciscanos.org.br\/noticias\/author\/admin\"}]}<\/script>\n<!-- \/ Yoast SEO plugin. -->","yoast_head_json":{"title":"Diversas dioceses do Brasil recebem imagem jubilar para peregrina\u00e7\u00e3o - Not\u00edcias - Franciscanos","robots":{"index":"index","follow":"follow","max-snippet":"max-snippet:-1","max-image-preview":"max-image-preview:large","max-video-preview":"max-video-preview:-1"},"canonical":"https:\/\/franciscanos.org.br\/noticias\/diversas-dioceses-do-brasil-recebem-imagem-jubilar-para-peregrinacao.html","og_locale":"pt_BR","og_type":"article","og_title":"Diversas dioceses do Brasil recebem imagem jubilar para peregrina\u00e7\u00e3o - Not\u00edcias - Franciscanos","og_description":"Duque de Caxias","og_url":"https:\/\/franciscanos.org.br\/noticias\/diversas-dioceses-do-brasil-recebem-imagem-jubilar-para-peregrinacao.html","og_site_name":"Not\u00edcias - Franciscanos","article_published_time":"2016-04-11T16:55:42+00:00","article_modified_time":"2020-05-14T16:26:10+00:00","og_image":[{"width":273,"height":181,"url":"https:\/\/franciscanos.org.br\/noticias\/wp-content\/uploads\/2016\/04\/jubileu_820.jpg","type":"image\/jpeg"}],"author":"admin","twitter_card":"summary_large_image","twitter_misc":{"Escrito por":"admin","Est. tempo de leitura":"3 minutos"},"schema":{"@context":"https:\/\/schema.org","@graph":[{"@type":"WebSite","@id":"https:\/\/franciscanos.org.br\/noticias\/#website","url":"https:\/\/franciscanos.org.br\/noticias\/","name":"Not\u00edcias - Franciscanos","description":"Prov\u00edncia Franciscana da Imaculada Concei\u00e7\u00e3o do Brasil - Ordem dos Frades Menores - OFM","potentialAction":[{"@type":"SearchAction","target":{"@type":"EntryPoint","urlTemplate":"https:\/\/franciscanos.org.br\/noticias\/?s={search_term_string}"},"query-input":"required name=search_term_string"}],"inLanguage":"pt-BR"},{"@type":"ImageObject","inLanguage":"pt-BR","@id":"https:\/\/franciscanos.org.br\/noticias\/diversas-dioceses-do-brasil-recebem-imagem-jubilar-para-peregrinacao.html#primaryimage","url":"https:\/\/franciscanos.org.br\/noticias\/wp-content\/uploads\/2016\/04\/jubileu_820.jpg","contentUrl":"https:\/\/franciscanos.org.br\/noticias\/wp-content\/uploads\/2016\/04\/jubileu_820.jpg","width":273,"height":181},{"@type":"WebPage","@id":"https:\/\/franciscanos.org.br\/noticias\/diversas-dioceses-do-brasil-recebem-imagem-jubilar-para-peregrinacao.html#webpage","url":"https:\/\/franciscanos.org.br\/noticias\/diversas-dioceses-do-brasil-recebem-imagem-jubilar-para-peregrinacao.html","name":"Diversas dioceses do Brasil recebem imagem jubilar para peregrina\u00e7\u00e3o - Not\u00edcias - Franciscanos","isPartOf":{"@id":"https:\/\/franciscanos.org.br\/noticias\/#website"},"primaryImageOfPage":{"@id":"https:\/\/franciscanos.org.br\/noticias\/diversas-dioceses-do-brasil-recebem-imagem-jubilar-para-peregrinacao.html#primaryimage"},"datePublished":"2016-04-11T16:55:42+00:00","dateModified":"2020-05-14T16:26:10+00:00","author":{"@id":"https:\/\/franciscanos.org.br\/noticias\/#\/schema\/person\/b38fbf43118f02820bd932f2e4b14ad3"},"breadcrumb":{"@id":"https:\/\/franciscanos.org.br\/noticias\/diversas-dioceses-do-brasil-recebem-imagem-jubilar-para-peregrinacao.html#breadcrumb"},"inLanguage":"pt-BR","potentialAction":[{"@type":"ReadAction","target":["https:\/\/franciscanos.org.br\/noticias\/diversas-dioceses-do-brasil-recebem-imagem-jubilar-para-peregrinacao.html"]}]},{"@type":"BreadcrumbList","@id":"https:\/\/franciscanos.org.br\/noticias\/diversas-dioceses-do-brasil-recebem-imagem-jubilar-para-peregrinacao.html#breadcrumb","itemListElement":[{"@type":"ListItem","position":1,"name":"Home","item":"https:\/\/franciscanos.org.br\/noticias"},{"@type":"ListItem","position":2,"name":"Diversas dioceses do Brasil recebem imagem jubilar para peregrina\u00e7\u00e3o"}]},{"@type":"Person","@id":"https:\/\/franciscanos.org.br\/noticias\/#\/schema\/person\/b38fbf43118f02820bd932f2e4b14ad3","name":"admin","image":{"@type":"ImageObject","inLanguage":"pt-BR","@id":"https:\/\/franciscanos.org.br\/noticias\/#\/schema\/person\/image\/","url":"https:\/\/secure.gravatar.com\/avatar\/e8495742d34d0ba6448ea1c628263b3e?s=96&d=mm&r=g","contentUrl":"https:\/\/secure.gravatar.com\/avatar\/e8495742d34d0ba6448ea1c628263b3e?s=96&d=mm&r=g","caption":"admin"},"url":"https:\/\/franciscanos.org.br\/noticias\/author\/admin"}]}},"_links":{"self":[{"href":"https:\/\/franciscanos.org.br\/noticias\/wp-json\/wp\/v2\/posts\/107566"}],"collection":[{"href":"https:\/\/franciscanos.org.br\/noticias\/wp-json\/wp\/v2\/posts"}],"about":[{"href":"https:\/\/franciscanos.org.br\/noticias\/wp-json\/wp\/v2\/types\/post"}],"author":[{"embeddable":true,"href":"https:\/\/franciscanos.org.br\/noticias\/wp-json\/wp\/v2\/users\/1"}],"replies":[{"embeddable":true,"href":"https:\/\/franciscanos.org.br\/noticias\/wp-json\/wp\/v2\/comments?post=107566"}],"version-history":[{"count":1,"href":"https:\/\/franciscanos.org.br\/noticias\/wp-json\/wp\/v2\/posts\/107566\/revisions"}],"predecessor-version":[{"id":223694,"href":"https:\/\/franciscanos.org.br\/noticias\/wp-json\/wp\/v2\/posts\/107566\/revisions\/223694"}],"wp:featuredmedia":[{"embeddable":true,"href":"https:\/\/franciscanos.org.br\/noticias\/wp-json\/wp\/v2\/media\/213398"}],"wp:attachment":[{"href":"https:\/\/franciscanos.org.br\/noticias\/wp-json\/wp\/v2\/media?parent=107566"}],"wp:term":[{"taxonomy":"category","embeddable":true,"href":"https:\/\/franciscanos.org.br\/noticias\/wp-json\/wp\/v2\/categories?post=107566"},{"taxonomy":"post_tag","embeddable":true,"href":"https:\/\/franciscanos.org.br\/noticias\/wp-json\/wp\/v2\/tags?post=107566"}],"curies":[{"name":"wp","href":"https:\/\/api.w.org\/{rel}","templated":true}]}}