{"id":107454,"date":"2016-04-11T06:51:26","date_gmt":"2016-04-11T09:51:26","guid":{"rendered":"http:\/\/franciscanos.org.br\/?p=107454"},"modified":"2020-05-14T13:29:12","modified_gmt":"2020-05-14T16:29:12","slug":"falece-frei-antonio-rosolem-em-braganca","status":"publish","type":"post","link":"https:\/\/franciscanos.org.br\/noticias\/falece-frei-antonio-rosolem-em-braganca.html","title":{"rendered":"Falece Frei Ant\u00f4nio Rosol\u00e9m em Bragan\u00e7a"},"content":{"rendered":"<p><img loading=\"lazy\" src=\"http:\/\/franciscanos.org.br\/wp-content\/uploads\/2016\/04\/rosolem.jpg\" alt=\"rosolem\" width=\"820\" height=\"382\" \/><\/p>\n<table border=\"0\" width=\"450\" cellspacing=\"3\" cellpadding=\"3\" align=\"right\">\n<tbody>\n<tr>\n<td bgcolor=\"#FFF8DC\">\n<h4><span style=\"color: #993300;\">Dados pessoais, forma\u00e7\u00e3o e atividades<\/span><\/h4>\n<ul>\n<li style=\"list-style-type: none\">\n<ul>\u00b7 Nascimento: 28.02.1928 (88 anos de idade), em Pirassununga \u2013 SP;<\/ul>\n<\/li>\n<\/ul>\n<p><span style=\"font-family: inherit; font-size: inherit; background-color: #ffffff;\">\u00b7 Vesti\u00e7\u00e3o na Ordem III: 03.05.1957;<br \/>\n<\/span><span style=\"background-color: #ffffff; font-family: inherit; font-size: inherit;\">\u00b7 Profiss\u00e3o na Ordem III: 04.05.1958; (57 anos de Vida Franciscana);<br \/>\n<\/span><span style=\"font-family: inherit; font-size: inherit; background-color: #ffffff;\">\u00b7 Admiss\u00e3o ao Noviciado: 06.05.1962, em Rodeio, SC;<br \/>\n<\/span><span style=\"font-family: inherit; font-size: inherit; background-color: #ffffff;\">\u00b7 Primeira Profiss\u00e3o: 07.05.1963;<br \/>\n<\/span><span style=\"font-family: inherit; font-size: inherit; background-color: #ffffff;\">\u00b7 Profiss\u00e3o Solene: 07.05.1966;<br \/>\n<\/span><span style=\"font-family: inherit; font-size: inherit; background-color: #ffffff;\">\u00b7 Ordena\u00e7\u00e3o Presbiteral: 26.07.1986 (29 anos de Sacerd\u00f3cio);<br \/>\n<\/span><span style=\"font-family: inherit; font-size: inherit; background-color: #ffffff;\">\u00b7 1957 \u2013 1961 \u2013 Campos do Jord\u00e3o;<br \/>\n<\/span><span style=\"font-family: inherit; font-size: inherit; background-color: #ffffff;\">\u00b7 1961 \u2013 1962 \u2013 S\u00e3o Paulo \u2013 S\u00e3o Francisco;<br \/>\n<\/span><span style=\"font-family: inherit; font-size: inherit; background-color: #ffffff;\">\u00b7 1962 \u2013 1963 \u2013 Rodeio;<br \/>\n<\/span><span style=\"font-family: inherit; font-size: inherit; background-color: #ffffff;\">\u00b7 1963 \u2013 S\u00e3o Paulo \u2013 S. Francisco;<br \/>\n<\/span><span style=\"font-family: inherit; font-size: inherit; background-color: #ffffff;\">\u00b7 14\/12\/1982 \u2013 Santar\u00e9m \u2013 PA, a servi\u00e7o do bispo diocesano;<br \/>\n<\/span><span style=\"font-family: inherit; font-size: inherit; background-color: #ffffff;\">\u00b7 1982 \u2013 1986 \u2013 Curso de Filosofia e Teologia no Semin\u00e1rio Pio X, em Santar\u00e9m -PA;<br \/>\n<\/span><span style=\"font-family: inherit; font-size: inherit; background-color: #ffffff;\">\u00b7 julho a dezembro de 1986 \u2013 vig\u00e1rio paroquial em Caranasal, Santar\u00e9m;<br \/>\n<\/span><span style=\"font-family: inherit; font-size: inherit; background-color: #ffffff;\">\u00b7 1987 a fevereiro de 1995 \u2013 p\u00e1roco em Monte Alegre, diocese de Santar\u00e9m;<br \/>\n<\/span><span style=\"font-family: inherit; font-size: inherit; background-color: #ffffff;\">\u00b7 1995 a mar\u00e7o de 2005 \u2013 p\u00e1roco da Par\u00f3quia N. Sra. Do Bom Rem\u00e9dio, na Prelazia de Itaituba \u2013 PA;<br \/>\n<\/span><span style=\"font-family: inherit; font-size: inherit; background-color: #ffffff;\">\u00b7 11.04.2005 \u2013 S\u00e3o Paulo \u2013 S\u00e3o Francisco \u2013 atendente conventual.\u00b7 20.02.2014 \u2013 Bragan\u00e7a Paulista, para tratamento de sa\u00fade.<\/span><\/td>\n<\/tr>\n<\/tbody>\n<\/table>\n<p>Faleceu na noite de s\u00e1bado, 9 de abril, em Bragan\u00e7a Paulista, Frei Ant\u00f4nio F. Rosol\u00e9m. H\u00e1 quatro dias, por informa\u00e7\u00f5es dadas por Frei Carlos K\u00f6rber, soubemos que Frei Ant\u00f4nio se encontrava internado, com edema pulmonar agudo e que a sua situa\u00e7\u00e3o era muito grave. Recomendemos ao Senhor o nosso irm\u00e3o que com simplicidade, alegria e generosidade viveu sua voca\u00e7\u00e3o franciscana entre n\u00f3s e nos deixa marcante testemunho. Frei Ant\u00f4nio acolhia a todos com singelo sorriso. Ao seu lado, sent\u00edamo-nos sempre bem.<\/p>\n<p>O corpo de Frei Ant\u00f4nio foi velado na Fraternidade de Bragan\u00e7a e foi transladado para o cemit\u00e9rio do Sant\u00edssimo Sacramento, em S\u00e3o Paulo, onde houve Missa de Ex\u00e9quias \u00e0s 16h00.<\/p>\n<p>R.I.P.<\/p>\n","protected":false},"excerpt":{"rendered":"<p>Falecimento<\/p>\n","protected":false},"author":1,"featured_media":216830,"comment_status":"open","ping_status":"open","sticky":false,"template":"","format":"standard","meta":[],"categories":[1],"tags":[],"acf":[],"yoast_head":"<!-- This site is optimized with the Yoast SEO plugin v19.2 - https:\/\/yoast.com\/wordpress\/plugins\/seo\/ -->\n<title>Falece Frei Ant\u00f4nio Rosol\u00e9m em Bragan\u00e7a - Not\u00edcias - Franciscanos<\/title>\n<meta name=\"robots\" content=\"index, follow, max-snippet:-1, max-image-preview:large, max-video-preview:-1\" \/>\n<link rel=\"canonical\" href=\"https:\/\/franciscanos.org.br\/noticias\/falece-frei-antonio-rosolem-em-braganca.html\" \/>\n<meta property=\"og:locale\" content=\"pt_BR\" \/>\n<meta property=\"og:type\" content=\"article\" \/>\n<meta property=\"og:title\" content=\"Falece Frei Ant\u00f4nio Rosol\u00e9m em Bragan\u00e7a - Not\u00edcias - Franciscanos\" \/>\n<meta property=\"og:description\" content=\"Falecimento\" \/>\n<meta property=\"og:url\" content=\"https:\/\/franciscanos.org.br\/noticias\/falece-frei-antonio-rosolem-em-braganca.html\" \/>\n<meta property=\"og:site_name\" content=\"Not\u00edcias - Franciscanos\" \/>\n<meta property=\"article:published_time\" content=\"2016-04-11T09:51:26+00:00\" \/>\n<meta property=\"article:modified_time\" content=\"2020-05-14T16:29:12+00:00\" \/>\n<meta property=\"og:image\" content=\"https:\/\/franciscanos.org.br\/noticias\/wp-content\/uploads\/2016\/04\/rosolem.jpg\" \/>\n\t<meta property=\"og:image:width\" content=\"273\" \/>\n\t<meta property=\"og:image:height\" content=\"181\" \/>\n\t<meta property=\"og:image:type\" content=\"image\/jpeg\" \/>\n<meta name=\"author\" content=\"admin\" \/>\n<meta name=\"twitter:card\" content=\"summary_large_image\" \/>\n<meta name=\"twitter:label1\" content=\"Escrito por\" \/>\n\t<meta name=\"twitter:data1\" content=\"admin\" \/>\n\t<meta name=\"twitter:label2\" content=\"Est. tempo de leitura\" \/>\n\t<meta name=\"twitter:data2\" content=\"1 minuto\" \/>\n<script type=\"application\/ld+json\" class=\"yoast-schema-graph\">{\"@context\":\"https:\/\/schema.org\",\"@graph\":[{\"@type\":\"WebSite\",\"@id\":\"https:\/\/franciscanos.org.br\/noticias\/#website\",\"url\":\"https:\/\/franciscanos.org.br\/noticias\/\",\"name\":\"Not\u00edcias - Franciscanos\",\"description\":\"Prov\u00edncia Franciscana da Imaculada Concei\u00e7\u00e3o do Brasil - Ordem dos Frades Menores - OFM\",\"potentialAction\":[{\"@type\":\"SearchAction\",\"target\":{\"@type\":\"EntryPoint\",\"urlTemplate\":\"https:\/\/franciscanos.org.br\/noticias\/?s={search_term_string}\"},\"query-input\":\"required name=search_term_string\"}],\"inLanguage\":\"pt-BR\"},{\"@type\":\"ImageObject\",\"inLanguage\":\"pt-BR\",\"@id\":\"https:\/\/franciscanos.org.br\/noticias\/falece-frei-antonio-rosolem-em-braganca.html#primaryimage\",\"url\":\"https:\/\/franciscanos.org.br\/noticias\/wp-content\/uploads\/2016\/04\/rosolem.jpg\",\"contentUrl\":\"https:\/\/franciscanos.org.br\/noticias\/wp-content\/uploads\/2016\/04\/rosolem.jpg\",\"width\":273,\"height\":181},{\"@type\":\"WebPage\",\"@id\":\"https:\/\/franciscanos.org.br\/noticias\/falece-frei-antonio-rosolem-em-braganca.html#webpage\",\"url\":\"https:\/\/franciscanos.org.br\/noticias\/falece-frei-antonio-rosolem-em-braganca.html\",\"name\":\"Falece Frei Ant\u00f4nio Rosol\u00e9m em Bragan\u00e7a - Not\u00edcias - Franciscanos\",\"isPartOf\":{\"@id\":\"https:\/\/franciscanos.org.br\/noticias\/#website\"},\"primaryImageOfPage\":{\"@id\":\"https:\/\/franciscanos.org.br\/noticias\/falece-frei-antonio-rosolem-em-braganca.html#primaryimage\"},\"datePublished\":\"2016-04-11T09:51:26+00:00\",\"dateModified\":\"2020-05-14T16:29:12+00:00\",\"author\":{\"@id\":\"https:\/\/franciscanos.org.br\/noticias\/#\/schema\/person\/b38fbf43118f02820bd932f2e4b14ad3\"},\"breadcrumb\":{\"@id\":\"https:\/\/franciscanos.org.br\/noticias\/falece-frei-antonio-rosolem-em-braganca.html#breadcrumb\"},\"inLanguage\":\"pt-BR\",\"potentialAction\":[{\"@type\":\"ReadAction\",\"target\":[\"https:\/\/franciscanos.org.br\/noticias\/falece-frei-antonio-rosolem-em-braganca.html\"]}]},{\"@type\":\"BreadcrumbList\",\"@id\":\"https:\/\/franciscanos.org.br\/noticias\/falece-frei-antonio-rosolem-em-braganca.html#breadcrumb\",\"itemListElement\":[{\"@type\":\"ListItem\",\"position\":1,\"name\":\"Home\",\"item\":\"https:\/\/franciscanos.org.br\/noticias\"},{\"@type\":\"ListItem\",\"position\":2,\"name\":\"Falece Frei Ant\u00f4nio Rosol\u00e9m em Bragan\u00e7a\"}]},{\"@type\":\"Person\",\"@id\":\"https:\/\/franciscanos.org.br\/noticias\/#\/schema\/person\/b38fbf43118f02820bd932f2e4b14ad3\",\"name\":\"admin\",\"image\":{\"@type\":\"ImageObject\",\"inLanguage\":\"pt-BR\",\"@id\":\"https:\/\/franciscanos.org.br\/noticias\/#\/schema\/person\/image\/\",\"url\":\"https:\/\/secure.gravatar.com\/avatar\/e8495742d34d0ba6448ea1c628263b3e?s=96&d=mm&r=g\",\"contentUrl\":\"https:\/\/secure.gravatar.com\/avatar\/e8495742d34d0ba6448ea1c628263b3e?s=96&d=mm&r=g\",\"caption\":\"admin\"},\"url\":\"https:\/\/franciscanos.org.br\/noticias\/author\/admin\"}]}<\/script>\n<!-- \/ Yoast SEO plugin. -->","yoast_head_json":{"title":"Falece Frei Ant\u00f4nio Rosol\u00e9m em Bragan\u00e7a - Not\u00edcias - Franciscanos","robots":{"index":"index","follow":"follow","max-snippet":"max-snippet:-1","max-image-preview":"max-image-preview:large","max-video-preview":"max-video-preview:-1"},"canonical":"https:\/\/franciscanos.org.br\/noticias\/falece-frei-antonio-rosolem-em-braganca.html","og_locale":"pt_BR","og_type":"article","og_title":"Falece Frei Ant\u00f4nio Rosol\u00e9m em Bragan\u00e7a - Not\u00edcias - Franciscanos","og_description":"Falecimento","og_url":"https:\/\/franciscanos.org.br\/noticias\/falece-frei-antonio-rosolem-em-braganca.html","og_site_name":"Not\u00edcias - Franciscanos","article_published_time":"2016-04-11T09:51:26+00:00","article_modified_time":"2020-05-14T16:29:12+00:00","og_image":[{"width":273,"height":181,"url":"https:\/\/franciscanos.org.br\/noticias\/wp-content\/uploads\/2016\/04\/rosolem.jpg","type":"image\/jpeg"}],"author":"admin","twitter_card":"summary_large_image","twitter_misc":{"Escrito por":"admin","Est. tempo de leitura":"1 minuto"},"schema":{"@context":"https:\/\/schema.org","@graph":[{"@type":"WebSite","@id":"https:\/\/franciscanos.org.br\/noticias\/#website","url":"https:\/\/franciscanos.org.br\/noticias\/","name":"Not\u00edcias - Franciscanos","description":"Prov\u00edncia Franciscana da Imaculada Concei\u00e7\u00e3o do Brasil - Ordem dos Frades Menores - OFM","potentialAction":[{"@type":"SearchAction","target":{"@type":"EntryPoint","urlTemplate":"https:\/\/franciscanos.org.br\/noticias\/?s={search_term_string}"},"query-input":"required name=search_term_string"}],"inLanguage":"pt-BR"},{"@type":"ImageObject","inLanguage":"pt-BR","@id":"https:\/\/franciscanos.org.br\/noticias\/falece-frei-antonio-rosolem-em-braganca.html#primaryimage","url":"https:\/\/franciscanos.org.br\/noticias\/wp-content\/uploads\/2016\/04\/rosolem.jpg","contentUrl":"https:\/\/franciscanos.org.br\/noticias\/wp-content\/uploads\/2016\/04\/rosolem.jpg","width":273,"height":181},{"@type":"WebPage","@id":"https:\/\/franciscanos.org.br\/noticias\/falece-frei-antonio-rosolem-em-braganca.html#webpage","url":"https:\/\/franciscanos.org.br\/noticias\/falece-frei-antonio-rosolem-em-braganca.html","name":"Falece Frei Ant\u00f4nio Rosol\u00e9m em Bragan\u00e7a - Not\u00edcias - Franciscanos","isPartOf":{"@id":"https:\/\/franciscanos.org.br\/noticias\/#website"},"primaryImageOfPage":{"@id":"https:\/\/franciscanos.org.br\/noticias\/falece-frei-antonio-rosolem-em-braganca.html#primaryimage"},"datePublished":"2016-04-11T09:51:26+00:00","dateModified":"2020-05-14T16:29:12+00:00","author":{"@id":"https:\/\/franciscanos.org.br\/noticias\/#\/schema\/person\/b38fbf43118f02820bd932f2e4b14ad3"},"breadcrumb":{"@id":"https:\/\/franciscanos.org.br\/noticias\/falece-frei-antonio-rosolem-em-braganca.html#breadcrumb"},"inLanguage":"pt-BR","potentialAction":[{"@type":"ReadAction","target":["https:\/\/franciscanos.org.br\/noticias\/falece-frei-antonio-rosolem-em-braganca.html"]}]},{"@type":"BreadcrumbList","@id":"https:\/\/franciscanos.org.br\/noticias\/falece-frei-antonio-rosolem-em-braganca.html#breadcrumb","itemListElement":[{"@type":"ListItem","position":1,"name":"Home","item":"https:\/\/franciscanos.org.br\/noticias"},{"@type":"ListItem","position":2,"name":"Falece Frei Ant\u00f4nio Rosol\u00e9m em Bragan\u00e7a"}]},{"@type":"Person","@id":"https:\/\/franciscanos.org.br\/noticias\/#\/schema\/person\/b38fbf43118f02820bd932f2e4b14ad3","name":"admin","image":{"@type":"ImageObject","inLanguage":"pt-BR","@id":"https:\/\/franciscanos.org.br\/noticias\/#\/schema\/person\/image\/","url":"https:\/\/secure.gravatar.com\/avatar\/e8495742d34d0ba6448ea1c628263b3e?s=96&d=mm&r=g","contentUrl":"https:\/\/secure.gravatar.com\/avatar\/e8495742d34d0ba6448ea1c628263b3e?s=96&d=mm&r=g","caption":"admin"},"url":"https:\/\/franciscanos.org.br\/noticias\/author\/admin"}]}},"_links":{"self":[{"href":"https:\/\/franciscanos.org.br\/noticias\/wp-json\/wp\/v2\/posts\/107454"}],"collection":[{"href":"https:\/\/franciscanos.org.br\/noticias\/wp-json\/wp\/v2\/posts"}],"about":[{"href":"https:\/\/franciscanos.org.br\/noticias\/wp-json\/wp\/v2\/types\/post"}],"author":[{"embeddable":true,"href":"https:\/\/franciscanos.org.br\/noticias\/wp-json\/wp\/v2\/users\/1"}],"replies":[{"embeddable":true,"href":"https:\/\/franciscanos.org.br\/noticias\/wp-json\/wp\/v2\/comments?post=107454"}],"version-history":[{"count":2,"href":"https:\/\/franciscanos.org.br\/noticias\/wp-json\/wp\/v2\/posts\/107454\/revisions"}],"predecessor-version":[{"id":223698,"href":"https:\/\/franciscanos.org.br\/noticias\/wp-json\/wp\/v2\/posts\/107454\/revisions\/223698"}],"wp:featuredmedia":[{"embeddable":true,"href":"https:\/\/franciscanos.org.br\/noticias\/wp-json\/wp\/v2\/media\/216830"}],"wp:attachment":[{"href":"https:\/\/franciscanos.org.br\/noticias\/wp-json\/wp\/v2\/media?parent=107454"}],"wp:term":[{"taxonomy":"category","embeddable":true,"href":"https:\/\/franciscanos.org.br\/noticias\/wp-json\/wp\/v2\/categories?post=107454"},{"taxonomy":"post_tag","embeddable":true,"href":"https:\/\/franciscanos.org.br\/noticias\/wp-json\/wp\/v2\/tags?post=107454"}],"curies":[{"name":"wp","href":"https:\/\/api.w.org\/{rel}","templated":true}]}}