{"id":107449,"date":"2016-04-10T20:41:17","date_gmt":"2016-04-10T23:41:17","guid":{"rendered":"http:\/\/franciscanos.org.br\/?p=107449"},"modified":"2020-06-09T18:31:35","modified_gmt":"2020-06-09T21:31:35","slug":"a-fe-pascal-traz-uma-nova-esperanca","status":"publish","type":"post","link":"https:\/\/franciscanos.org.br\/noticias\/a-fe-pascal-traz-uma-nova-esperanca.html","title":{"rendered":"A f\u00e9 pascal traz uma nova esperan\u00e7a"},"content":{"rendered":"<p><img loading=\"lazy\" src=\"http:\/\/franciscanos.org.br\/wp-content\/uploads\/2016\/04\/papa_10_alto.jpg\" alt=\"papa_10_alto\" width=\"820\" height=\"365\" \/><\/p>\n<p><strong>Cidade do Vaticano<\/strong> \u2013 Como crist\u00e3os, somos todos chamados a fazer chegar um raio da luz de Cristo ressuscitado a todos. A presen\u00e7a de Jesus ressuscitado transforma todas as coisas e a f\u00e9 pascal traz uma nova esperan\u00e7a \u00e0s nossas vidas. Em s\u00edntese, este foi o teor da reflex\u00e3o do Papa Francisco neste III Domingo da P\u00e1scoa, ao encontrar os 50 mil fi\u00e9is de todas as partes do mundo na Pra\u00e7a S\u00e3o Pedro, para a tradicional ora\u00e7\u00e3o do <em>Regina Coeli.<\/em><\/p>\n<p>Inspirado no Evangelho do dia, que narra a pesca milagrosa, Francisco mergulhou nos sentimentos que brotaram no cora\u00e7\u00e3o dos disc\u00edpulos ap\u00f3s a ressurrei\u00e7\u00e3o: \u201cO conheceram, haviam deixado tudo para segui-lo, cheios de esperan\u00e7a, e agora? O haviam visto ressuscitado, mas depois pensavam: &#8220;Foi embora e nos deixou&#8230;.Foi como um sonho&#8221;. As redes vazias, representavam, num certo sentido, &#8220;o balan\u00e7o de sua experi\u00eancia com Jesus&#8221;.<\/p>\n<p>Mas \u00e9 o Senhor que vai novamente procur\u00e1-los, e no amanhecer, se apresenta na margem do lago, pedindo para que joguem novamente as redes. Eles n\u00e3o o reconheceram, mas o milagre da pesca abundante, transforma o sentimento de desola\u00e7\u00e3o que imperava. \u201c\u00c9 o Senhor\u201d, disse Jo\u00e3o a Pedro, que \u201cpula na \u00e1gua e nada at\u00e9 a margem, ao encontro a Jesus\u201d: \u201cNaquela exclama\u00e7\u00e3o: \u201c\u00c9 o Senhor!\u201d, h\u00e1 todo o entusiasmo da f\u00e9 pascal, plena de alegria e de estupor, que contrasta fortemente com a perda, o desconforto, o sentimento de impot\u00eancia, que haviam se acumulado na alma dos disc\u00edpulos. A presen\u00e7a de Jesus ressuscitado transforma todas as coisas: a escurid\u00e3o \u00e9 vencida pela luz, o trabalho in\u00fatil torna-se novamente frutuoso e prometedor, o sentimento de cansa\u00e7o e de abandono d\u00e1 lugar a um novo \u00edmpeto e \u00e0 certeza de que Ele est\u00e1 conosco\u201d.<\/p>\n<p>Francisco recorda, que desde ent\u00e3o estes mesmos sentimentos animam a Igreja, animam a n\u00f3s, que somos a Comunidade do Ressuscitado: \u201cSe num olhar superficial pode parecer \u00e0s vezes que as trevas do mal e o cansa\u00e7o do viver cotidiano t\u00eam a supremacia, a Igreja sabe com certeza, que sobre aqueles que seguem o Senhor Jesus, resplandece a luz da P\u00e1scoa que n\u00e3o se apaga mais. O grande an\u00fancio da Ressurrei\u00e7\u00e3o infunde nos cora\u00e7\u00f5es dos fi\u00e9is uma \u00edntima alegria e uma esperan\u00e7a invenc\u00edvel. Cristo est\u00e1 realmente ressuscitado! Tamb\u00e9m hoje a Igreja continua a ecoar este an\u00fancio festivo: a alegria e a esperan\u00e7a continuam a jorrar nos cora\u00e7\u00f5es, nos rostos, nos gestos, nas palavras\u201d.<\/p>\n<p>Daqui, o chamado aos crist\u00e3os, para que levem a mensagem da ressurrei\u00e7\u00e3o: \u201cTodos n\u00f3s crist\u00e3os somos chamados a comunicar esta mensagem de ressurrei\u00e7\u00e3o \u00e0queles que encontramos, especialmente a quem sofre, a quem \u00e9 solit\u00e1rio, a quem se encontra em condi\u00e7\u00f5es prec\u00e1rias, aos doentes, aos refugiados, aos marginalizados. A todos fazemos chegar um raio da luz de Cristo ressuscitado, um sinal de seu misericordioso poder\u201d.<\/p>\n<p>Ao concluir, o Santo Padre pediu que \u201co Senhor renove em n\u00f3s a f\u00e9 pascal. Nos torne sempre mais conscientes da nossa miss\u00e3o a servi\u00e7o do Evangelho e dos irm\u00e3os; nos preencha com seu Santo Esp\u00edrito para que, apoiados pela intercess\u00e3o de Maria, com toda a Igreja possamos proclamar a grandeza de seu amor e a riqueza da sua miseric\u00f3rdia\u201d.<\/p>\n<p>Ap\u00f3s recitar a Ora\u00e7\u00e3o do <em>Regina Coeli,<\/em> o Pont\u00edfice lan\u00e7ou um veemente apelo pela liberta\u00e7\u00e3o de todas as pessoas sequestradas em zonas de conflito: \u201cNa esperan\u00e7a a n\u00f3s doada por Cristo ressuscitado, renovo o meu apelo pela liberta\u00e7\u00e3o de todas as pessoas sequestradas em zonas de conflito armado; em particular desejo recordar o sacerdote salesiano Tom Uzhunnalil, sequestrado em Aden, no Yemen, em 4 de mar\u00e7o passado&#8221;.<\/p>\n<p>Ao concluir o encontro dominical, o Papa saudou os grupos presentes, com especial men\u00e7\u00e3o ao Dia Nacional para a Universidade Cat\u00f3lica do Sagrado Cora\u00e7\u00e3o e aos participantes da Maratona de Roma.<\/p>\n<hr \/>\n<p><em>Fonte: R\u00e1dio Vaticano<\/em><\/p>\n","protected":false},"excerpt":{"rendered":"<p>Regina Coeli<\/p>\n","protected":false},"author":1,"featured_media":223699,"comment_status":"open","ping_status":"open","sticky":false,"template":"","format":"standard","meta":[],"categories":[1428],"tags":[564],"acf":[],"yoast_head":"<!-- This site is optimized with the Yoast SEO plugin v19.2 - https:\/\/yoast.com\/wordpress\/plugins\/seo\/ -->\n<title>A f\u00e9 pascal traz uma nova esperan\u00e7a - Not\u00edcias - Franciscanos<\/title>\n<meta name=\"robots\" content=\"index, follow, max-snippet:-1, max-image-preview:large, max-video-preview:-1\" \/>\n<link rel=\"canonical\" href=\"https:\/\/franciscanos.org.br\/noticias\/a-fe-pascal-traz-uma-nova-esperanca.html\" \/>\n<meta property=\"og:locale\" content=\"pt_BR\" \/>\n<meta property=\"og:type\" content=\"article\" \/>\n<meta property=\"og:title\" content=\"A f\u00e9 pascal traz uma nova esperan\u00e7a - Not\u00edcias - Franciscanos\" \/>\n<meta property=\"og:description\" content=\"Regina Coeli\" \/>\n<meta property=\"og:url\" content=\"https:\/\/franciscanos.org.br\/noticias\/a-fe-pascal-traz-uma-nova-esperanca.html\" \/>\n<meta property=\"og:site_name\" content=\"Not\u00edcias - Franciscanos\" \/>\n<meta property=\"article:published_time\" content=\"2016-04-10T23:41:17+00:00\" \/>\n<meta property=\"article:modified_time\" content=\"2020-06-09T21:31:35+00:00\" \/>\n<meta property=\"og:image\" content=\"https:\/\/franciscanos.org.br\/noticias\/wp-content\/uploads\/2016\/04\/papa_10_alto.jpg\" \/>\n\t<meta property=\"og:image:width\" content=\"800\" \/>\n\t<meta property=\"og:image:height\" content=\"601\" \/>\n\t<meta property=\"og:image:type\" content=\"image\/jpeg\" \/>\n<meta name=\"author\" content=\"admin\" \/>\n<meta name=\"twitter:card\" content=\"summary_large_image\" \/>\n<meta name=\"twitter:label1\" content=\"Escrito por\" \/>\n\t<meta name=\"twitter:data1\" content=\"admin\" \/>\n\t<meta name=\"twitter:label2\" content=\"Est. tempo de leitura\" \/>\n\t<meta name=\"twitter:data2\" content=\"3 minutos\" \/>\n<script type=\"application\/ld+json\" class=\"yoast-schema-graph\">{\"@context\":\"https:\/\/schema.org\",\"@graph\":[{\"@type\":\"WebSite\",\"@id\":\"https:\/\/franciscanos.org.br\/noticias\/#website\",\"url\":\"https:\/\/franciscanos.org.br\/noticias\/\",\"name\":\"Not\u00edcias - Franciscanos\",\"description\":\"Prov\u00edncia Franciscana da Imaculada Concei\u00e7\u00e3o do Brasil - Ordem dos Frades Menores - OFM\",\"potentialAction\":[{\"@type\":\"SearchAction\",\"target\":{\"@type\":\"EntryPoint\",\"urlTemplate\":\"https:\/\/franciscanos.org.br\/noticias\/?s={search_term_string}\"},\"query-input\":\"required name=search_term_string\"}],\"inLanguage\":\"pt-BR\"},{\"@type\":\"ImageObject\",\"inLanguage\":\"pt-BR\",\"@id\":\"https:\/\/franciscanos.org.br\/noticias\/a-fe-pascal-traz-uma-nova-esperanca.html#primaryimage\",\"url\":\"https:\/\/franciscanos.org.br\/noticias\/wp-content\/uploads\/2016\/04\/papa_10_alto.jpg\",\"contentUrl\":\"https:\/\/franciscanos.org.br\/noticias\/wp-content\/uploads\/2016\/04\/papa_10_alto.jpg\",\"width\":800,\"height\":601},{\"@type\":\"WebPage\",\"@id\":\"https:\/\/franciscanos.org.br\/noticias\/a-fe-pascal-traz-uma-nova-esperanca.html#webpage\",\"url\":\"https:\/\/franciscanos.org.br\/noticias\/a-fe-pascal-traz-uma-nova-esperanca.html\",\"name\":\"A f\u00e9 pascal traz uma nova esperan\u00e7a - Not\u00edcias - Franciscanos\",\"isPartOf\":{\"@id\":\"https:\/\/franciscanos.org.br\/noticias\/#website\"},\"primaryImageOfPage\":{\"@id\":\"https:\/\/franciscanos.org.br\/noticias\/a-fe-pascal-traz-uma-nova-esperanca.html#primaryimage\"},\"datePublished\":\"2016-04-10T23:41:17+00:00\",\"dateModified\":\"2020-06-09T21:31:35+00:00\",\"author\":{\"@id\":\"https:\/\/franciscanos.org.br\/noticias\/#\/schema\/person\/b38fbf43118f02820bd932f2e4b14ad3\"},\"breadcrumb\":{\"@id\":\"https:\/\/franciscanos.org.br\/noticias\/a-fe-pascal-traz-uma-nova-esperanca.html#breadcrumb\"},\"inLanguage\":\"pt-BR\",\"potentialAction\":[{\"@type\":\"ReadAction\",\"target\":[\"https:\/\/franciscanos.org.br\/noticias\/a-fe-pascal-traz-uma-nova-esperanca.html\"]}]},{\"@type\":\"BreadcrumbList\",\"@id\":\"https:\/\/franciscanos.org.br\/noticias\/a-fe-pascal-traz-uma-nova-esperanca.html#breadcrumb\",\"itemListElement\":[{\"@type\":\"ListItem\",\"position\":1,\"name\":\"Home\",\"item\":\"https:\/\/franciscanos.org.br\/noticias\"},{\"@type\":\"ListItem\",\"position\":2,\"name\":\"A f\u00e9 pascal traz uma nova esperan\u00e7a\"}]},{\"@type\":\"Person\",\"@id\":\"https:\/\/franciscanos.org.br\/noticias\/#\/schema\/person\/b38fbf43118f02820bd932f2e4b14ad3\",\"name\":\"admin\",\"image\":{\"@type\":\"ImageObject\",\"inLanguage\":\"pt-BR\",\"@id\":\"https:\/\/franciscanos.org.br\/noticias\/#\/schema\/person\/image\/\",\"url\":\"https:\/\/secure.gravatar.com\/avatar\/e8495742d34d0ba6448ea1c628263b3e?s=96&d=mm&r=g\",\"contentUrl\":\"https:\/\/secure.gravatar.com\/avatar\/e8495742d34d0ba6448ea1c628263b3e?s=96&d=mm&r=g\",\"caption\":\"admin\"},\"url\":\"https:\/\/franciscanos.org.br\/noticias\/author\/admin\"}]}<\/script>\n<!-- \/ Yoast SEO plugin. -->","yoast_head_json":{"title":"A f\u00e9 pascal traz uma nova esperan\u00e7a - Not\u00edcias - Franciscanos","robots":{"index":"index","follow":"follow","max-snippet":"max-snippet:-1","max-image-preview":"max-image-preview:large","max-video-preview":"max-video-preview:-1"},"canonical":"https:\/\/franciscanos.org.br\/noticias\/a-fe-pascal-traz-uma-nova-esperanca.html","og_locale":"pt_BR","og_type":"article","og_title":"A f\u00e9 pascal traz uma nova esperan\u00e7a - Not\u00edcias - Franciscanos","og_description":"Regina Coeli","og_url":"https:\/\/franciscanos.org.br\/noticias\/a-fe-pascal-traz-uma-nova-esperanca.html","og_site_name":"Not\u00edcias - Franciscanos","article_published_time":"2016-04-10T23:41:17+00:00","article_modified_time":"2020-06-09T21:31:35+00:00","og_image":[{"width":800,"height":601,"url":"https:\/\/franciscanos.org.br\/noticias\/wp-content\/uploads\/2016\/04\/papa_10_alto.jpg","type":"image\/jpeg"}],"author":"admin","twitter_card":"summary_large_image","twitter_misc":{"Escrito por":"admin","Est. tempo de leitura":"3 minutos"},"schema":{"@context":"https:\/\/schema.org","@graph":[{"@type":"WebSite","@id":"https:\/\/franciscanos.org.br\/noticias\/#website","url":"https:\/\/franciscanos.org.br\/noticias\/","name":"Not\u00edcias - Franciscanos","description":"Prov\u00edncia Franciscana da Imaculada Concei\u00e7\u00e3o do Brasil - Ordem dos Frades Menores - OFM","potentialAction":[{"@type":"SearchAction","target":{"@type":"EntryPoint","urlTemplate":"https:\/\/franciscanos.org.br\/noticias\/?s={search_term_string}"},"query-input":"required name=search_term_string"}],"inLanguage":"pt-BR"},{"@type":"ImageObject","inLanguage":"pt-BR","@id":"https:\/\/franciscanos.org.br\/noticias\/a-fe-pascal-traz-uma-nova-esperanca.html#primaryimage","url":"https:\/\/franciscanos.org.br\/noticias\/wp-content\/uploads\/2016\/04\/papa_10_alto.jpg","contentUrl":"https:\/\/franciscanos.org.br\/noticias\/wp-content\/uploads\/2016\/04\/papa_10_alto.jpg","width":800,"height":601},{"@type":"WebPage","@id":"https:\/\/franciscanos.org.br\/noticias\/a-fe-pascal-traz-uma-nova-esperanca.html#webpage","url":"https:\/\/franciscanos.org.br\/noticias\/a-fe-pascal-traz-uma-nova-esperanca.html","name":"A f\u00e9 pascal traz uma nova esperan\u00e7a - Not\u00edcias - Franciscanos","isPartOf":{"@id":"https:\/\/franciscanos.org.br\/noticias\/#website"},"primaryImageOfPage":{"@id":"https:\/\/franciscanos.org.br\/noticias\/a-fe-pascal-traz-uma-nova-esperanca.html#primaryimage"},"datePublished":"2016-04-10T23:41:17+00:00","dateModified":"2020-06-09T21:31:35+00:00","author":{"@id":"https:\/\/franciscanos.org.br\/noticias\/#\/schema\/person\/b38fbf43118f02820bd932f2e4b14ad3"},"breadcrumb":{"@id":"https:\/\/franciscanos.org.br\/noticias\/a-fe-pascal-traz-uma-nova-esperanca.html#breadcrumb"},"inLanguage":"pt-BR","potentialAction":[{"@type":"ReadAction","target":["https:\/\/franciscanos.org.br\/noticias\/a-fe-pascal-traz-uma-nova-esperanca.html"]}]},{"@type":"BreadcrumbList","@id":"https:\/\/franciscanos.org.br\/noticias\/a-fe-pascal-traz-uma-nova-esperanca.html#breadcrumb","itemListElement":[{"@type":"ListItem","position":1,"name":"Home","item":"https:\/\/franciscanos.org.br\/noticias"},{"@type":"ListItem","position":2,"name":"A f\u00e9 pascal traz uma nova esperan\u00e7a"}]},{"@type":"Person","@id":"https:\/\/franciscanos.org.br\/noticias\/#\/schema\/person\/b38fbf43118f02820bd932f2e4b14ad3","name":"admin","image":{"@type":"ImageObject","inLanguage":"pt-BR","@id":"https:\/\/franciscanos.org.br\/noticias\/#\/schema\/person\/image\/","url":"https:\/\/secure.gravatar.com\/avatar\/e8495742d34d0ba6448ea1c628263b3e?s=96&d=mm&r=g","contentUrl":"https:\/\/secure.gravatar.com\/avatar\/e8495742d34d0ba6448ea1c628263b3e?s=96&d=mm&r=g","caption":"admin"},"url":"https:\/\/franciscanos.org.br\/noticias\/author\/admin"}]}},"_links":{"self":[{"href":"https:\/\/franciscanos.org.br\/noticias\/wp-json\/wp\/v2\/posts\/107449"}],"collection":[{"href":"https:\/\/franciscanos.org.br\/noticias\/wp-json\/wp\/v2\/posts"}],"about":[{"href":"https:\/\/franciscanos.org.br\/noticias\/wp-json\/wp\/v2\/types\/post"}],"author":[{"embeddable":true,"href":"https:\/\/franciscanos.org.br\/noticias\/wp-json\/wp\/v2\/users\/1"}],"replies":[{"embeddable":true,"href":"https:\/\/franciscanos.org.br\/noticias\/wp-json\/wp\/v2\/comments?post=107449"}],"version-history":[{"count":2,"href":"https:\/\/franciscanos.org.br\/noticias\/wp-json\/wp\/v2\/posts\/107449\/revisions"}],"predecessor-version":[{"id":225730,"href":"https:\/\/franciscanos.org.br\/noticias\/wp-json\/wp\/v2\/posts\/107449\/revisions\/225730"}],"wp:featuredmedia":[{"embeddable":true,"href":"https:\/\/franciscanos.org.br\/noticias\/wp-json\/wp\/v2\/media\/223699"}],"wp:attachment":[{"href":"https:\/\/franciscanos.org.br\/noticias\/wp-json\/wp\/v2\/media?parent=107449"}],"wp:term":[{"taxonomy":"category","embeddable":true,"href":"https:\/\/franciscanos.org.br\/noticias\/wp-json\/wp\/v2\/categories?post=107449"},{"taxonomy":"post_tag","embeddable":true,"href":"https:\/\/franciscanos.org.br\/noticias\/wp-json\/wp\/v2\/tags?post=107449"}],"curies":[{"name":"wp","href":"https:\/\/api.w.org\/{rel}","templated":true}]}}