{"id":107250,"date":"2016-04-08T07:36:43","date_gmt":"2016-04-08T10:36:43","guid":{"rendered":"http:\/\/franciscanos.org.br\/?p=107250"},"modified":"2020-06-09T18:36:17","modified_gmt":"2020-06-09T21:36:17","slug":"a-alegria-do-amor-misericordia-e-integracao-para-todas-as-familias","status":"publish","type":"post","link":"https:\/\/franciscanos.org.br\/noticias\/a-alegria-do-amor-misericordia-e-integracao-para-todas-as-familias.html","title":{"rendered":"A alegria do amor:  integra\u00e7\u00e3o para todas as fam\u00edlias"},"content":{"rendered":"<p><img loading=\"lazy\" src=\"http:\/\/franciscanos.org.br\/wp-content\/uploads\/2016\/04\/exorta.jpg\" alt=\"exorta\" width=\"820\" height=\"439\" \/><\/p>\n<p><strong>Cidade do Vaticano<\/strong> \u2013 \u201cA alegria do amor\u201d <em>(Amoris Laetitia<\/em>) \u00e9 o t\u00edtulo da<a href=\"http:\/\/w2.vatican.va\/content\/dam\/francesco\/pdf\/apost_exhortations\/documents\/papa-francesco_esortazione-ap_20160319_amoris-laetitia_po.pdf\"><strong> Exorta\u00e7\u00e3o Apost\u00f3lica<\/strong><\/a> p\u00f3s-sinodal que o Papa Francisco assinou em 19 de mar\u00e7o passado, Solenidade de S\u00e3o Jos\u00e9, e que foi apresentada nesta sexta-feira, 8 de abril, no Vaticano. A Exorta\u00e7\u00e3o tem nove cap\u00edtulos e a ora\u00e7\u00e3o final \u00e0 Santa Fam\u00edlia. O documento re\u00fane os resultados dos dois S\u00ednodos sobre a fam\u00edlia convocados pelo Papa Francisco em 2014 e 2015.<\/p>\n<p><strong>\u201c\u00c0 luz da Palavra\u201d<\/strong><br \/>\nNo primeiro cap\u00edtulo, o Papa indica a Palavra de Deus como uma \u201ccompanheira de viagem para as fam\u00edlias que est\u00e3o em crise ou imersas em alguma tribula\u00e7\u00e3o, mostrando-lhes a meta do caminho\u201d.<\/p>\n<p><strong>\u201cA realidade e os desafios das fam\u00edlias\u201d<\/strong><br \/>\nPartindo do terreno b\u00edblico, no segundo cap\u00edtulo, o Papa insiste no car\u00e1ter concreto, que estabelece uma diferen\u00e7a substancial entre teorias de interpreta\u00e7\u00e3o da realidade e ideologias. \u201cSem escutar a realidade n\u00e3o \u00e9 poss\u00edvel compreender nem as exig\u00eancias do presente nem os apelos do Esp\u00edrito\u201d, aponta. \u201cJesus propunha um ideal exigente, mas n\u00e3o perdia jamais a proximidade compassiva \u00e0s pessoas fr\u00e1geis\u201d.<\/p>\n<p><strong>&#8220;O olhar fixo em Jesus: a voca\u00e7\u00e3o da fam\u00edlia\u201d<\/strong><br \/>\nO terceiro cap\u00edtulo \u00e9 dedicado a alguns elementos essenciais do ensinamento da Igreja sobre o matrim\u00f4nio e a fam\u00edlia. Ilustra a voca\u00e7\u00e3o \u00e0 fam\u00edlia assim como ela foi recebida pela Igreja ao longo do tempo, sobretudo quanto ao tema da indissolubilidade, da sacramentalidade do matrim\u00f4nio, da transmiss\u00e3o da vida e da educa\u00e7\u00e3o dos filhos. A reflex\u00e3o inclui ainda as fam\u00edlias feridas e o Papa recorda aos pastores que, \u201cpor amor \u00e0 verdade, est\u00e3o obrigados a discernir bem as situa\u00e7\u00f5es\u201d, j\u00e1 que o grau de responsabilidade n\u00e3o \u00e9 igual em todos os casos: \u201c \u00c9 preciso estar atentos ao modo como as pessoas vivem e sofrem por causa da sua condi\u00e7\u00e3o\u201d.<\/p>\n<p><iframe loading=\"lazy\" title=\"Uma carta do Papa ao mundo: a alegria do amor\" width=\"500\" height=\"281\" src=\"https:\/\/www.youtube.com\/embed\/FRrSQmGzwz8?feature=oembed\" frameborder=\"0\" allow=\"accelerometer; autoplay; encrypted-media; gyroscope; picture-in-picture\" allowfullscreen><\/iframe><\/p>\n<p><strong>\u201cO amor no matrim\u00f4nio\u201d<\/strong><br \/>\nO quarto cap\u00edtulo trata do amor no matrim\u00f4nio. O Papa faz uma reflex\u00e3o acerca da \u00abtransforma\u00e7\u00e3o do amor\u00bb ao longo do casamento. A apar\u00eancia f\u00edsica transforma-se e a atra\u00e7\u00e3o amorosa n\u00e3o desaparece, mas muda. \u00abN\u00e3o \u00e9 poss\u00edvel prometer que teremos os mesmos sentimentos durante a vida inteira; mas podemos ter um projeto comum est\u00e1vel.<\/p>\n<p><strong>\u201cO amor que se torna fecundo\u201d<\/strong><br \/>\nO quinto cap\u00edtulo centra-se por completo na fecundidade e no car\u00e1ter gerador do amor. Fala-se de gesta\u00e7\u00e3o e ado\u00e7\u00e3o. A <em>Amoris laetitia<\/em> n\u00e3o toma em considera\u00e7\u00e3o a fam\u00edlia \u00abmononuclear\u00bb, mas est\u00e1 consciente da fam\u00edlia como rede de rela\u00e7\u00f5es alargadas.<\/p>\n<p><strong>\u201cAlgumas perspectivas pastorais\u201d<\/strong><br \/>\nNo sexto cap\u00edtulo, o Papa aborda algumas vias pastorais que orientam para a edifica\u00e7\u00e3o de fam\u00edlias s\u00f3lidas. Fala-se tamb\u00e9m do acompanhamento das pessoas separadas ou divorciadas e sublinha-se a import\u00e2ncia da recente reforma dos procedimentos para o reconhecimento dos casos de nulidade matrimonial. Coloca-se em relevo o sofrimento dos filhos nas situa\u00e7\u00f5es de conflito e conclui-se: &#8220;O div\u00f3rcio \u00e9 um mal&#8221;. Fala-se da situa\u00e7\u00e3o das fam\u00edlias com pessoas com tend\u00eancia homossexual, insistindo na recusa de qualquer discrimina\u00e7\u00e3o.<\/p>\n<p><strong>\u201cRefor\u00e7ar a educa\u00e7\u00e3o dos filhos\u201d<\/strong><br \/>\nO s\u00e9timo cap\u00edtulo \u00e9 totalmente dedicado \u00e0 educa\u00e7\u00e3o dos filhos, em todos os \u00e2mbitos, inclusive sexual. \u00c9 feita uma advert\u00eancia em rela\u00e7\u00e3o \u00e0 express\u00e3o \u00absexo seguro\u00bb, pois transmite \u00abuma atitude negativa a respeito da finalidade procriadora natural da sexualidade.<\/p>\n<p><strong>\u201cAcompanhar, discernir e integrar a fragilidade\u201d<\/strong><br \/>\nO cap\u00edtulo oitavo \u00e9 muito delicado, representa um convite \u00e0 miseric\u00f3rdia e ao discernimento pastoral. O Papa usa aqui tr\u00eas verbos muito importantes: \u00abacompanhar, discernir e integrar\u00bb. O Papa escreve: \u00abOs divorciados que vivem numa nova uni\u00e3o, por exemplo, podem encontrar-se em situa\u00e7\u00f5es muito diferentes, que n\u00e3o devem ser catalogadas ou encerradas em afirma\u00e7\u00f5es demasiado r\u00edgidas, sem deixar espa\u00e7o para um adequado discernimento pessoal e pastoral\u00bb.<br \/>\nO Papa afirma que \u00abos batizados que se divorciaram e voltaram a casar civilmente devem ser mais integrados na comunidade crist\u00e3 sob as diferentes formas poss\u00edveis, evitando toda a ocasi\u00e3o de esc\u00e2ndalo\u00bb. \u00abA sua participa\u00e7\u00e3o pode exprimir-se em diferentes servi\u00e7os eclesiais.<\/p>\n<p>Francisco profere uma afirma\u00e7\u00e3o extremamente importante para que se compreenda a orienta\u00e7\u00e3o e o sentido da Exorta\u00e7\u00e3o: \u00abSe se tiver em conta a variedade inumer\u00e1vel de situa\u00e7\u00f5es concretas (\u2026) \u00e9 compreens\u00edvel que se n\u00e3o devia esperar do S\u00ednodo ou desta Exorta\u00e7\u00e3o uma nova normativa geral de tipo can\u00f4nico, aplic\u00e1vel a todos os casos. \u00c9 poss\u00edvel apenas um novo encorajamento a um respons\u00e1vel discernimento pessoal e pastoral dos casos particulares.<\/p>\n<p><strong>\u201cEspiritualidade conjugal e familiar\u201d<\/strong><br \/>\nO nono cap\u00edtulo \u00e9 dedicado \u00e0 espiritualidade conjugal e familiar. O Papa afirma: \u00abNenhuma fam\u00edlia \u00e9 uma realidade perfeita, mas requer um progressivo amadurecimento da sua capacidade de amar.<\/p>\n<p><strong>Nota<\/strong><br \/>\nComo j\u00e1 se pode depreender a partir de um r\u00e1pido exame dos seus conte\u00fados, a Exorta\u00e7\u00e3o apost\u00f3lica n\u00e3o pretende reafirmar com for\u00e7a o \u00abideal\u00bb da fam\u00edlia, mas a sua realidade rica e complexa. H\u00e1 nas suas p\u00e1ginas um olhar aberto, profundamente positivo, que n\u00e3o se nutre de abstra\u00e7\u00f5es ou proje\u00e7\u00f5es ideais, mas de uma aten\u00e7\u00e3o pastoral \u00e0 realidade. O documento \u00e9 uma leitura densa de motivos espirituais e de sabedoria pr\u00e1tica \u00fatil a cada casal ou a pessoas que desejam construir uma fam\u00edlia. Nota-se sobretudo que foi fruto de uma experi\u00eancia concreta com pessoas que sabem a partir da experi\u00eancia o que \u00e9 a fam\u00edlia e o viver juntos durante muitos anos. A Exorta\u00e7\u00e3o fala a linguagem da experi\u00eancia e da esperan\u00e7a.<\/p>\n<hr \/>\n<p><em>Fonte: R\u00e1dio Vaticano<\/em><\/p>\n","protected":false},"excerpt":{"rendered":"<p>Exorta\u00e7\u00e3o Apost\u00f3lica<\/p>\n","protected":false},"author":1,"featured_media":223703,"comment_status":"open","ping_status":"open","sticky":false,"template":"","format":"standard","meta":[],"categories":[1428],"tags":[1697],"acf":[],"yoast_head":"<!-- This site is optimized with the Yoast SEO plugin v19.2 - https:\/\/yoast.com\/wordpress\/plugins\/seo\/ -->\n<title>A alegria do amor: integra\u00e7\u00e3o para todas as fam\u00edlias - Not\u00edcias - Franciscanos<\/title>\n<meta name=\"robots\" content=\"index, follow, max-snippet:-1, max-image-preview:large, max-video-preview:-1\" \/>\n<link rel=\"canonical\" href=\"https:\/\/franciscanos.org.br\/noticias\/a-alegria-do-amor-misericordia-e-integracao-para-todas-as-familias.html\" \/>\n<meta property=\"og:locale\" content=\"pt_BR\" \/>\n<meta property=\"og:type\" content=\"article\" \/>\n<meta property=\"og:title\" content=\"A alegria do amor: integra\u00e7\u00e3o para todas as fam\u00edlias - Not\u00edcias - Franciscanos\" \/>\n<meta property=\"og:description\" content=\"Exorta\u00e7\u00e3o Apost\u00f3lica\" \/>\n<meta property=\"og:url\" content=\"https:\/\/franciscanos.org.br\/noticias\/a-alegria-do-amor-misericordia-e-integracao-para-todas-as-familias.html\" \/>\n<meta property=\"og:site_name\" content=\"Not\u00edcias - Franciscanos\" \/>\n<meta property=\"article:published_time\" content=\"2016-04-08T10:36:43+00:00\" \/>\n<meta property=\"article:modified_time\" content=\"2020-06-09T21:36:17+00:00\" \/>\n<meta property=\"og:image\" content=\"https:\/\/franciscanos.org.br\/noticias\/wp-content\/uploads\/2016\/04\/exorta.jpg\" \/>\n\t<meta property=\"og:image:width\" content=\"800\" \/>\n\t<meta property=\"og:image:height\" content=\"599\" \/>\n\t<meta property=\"og:image:type\" content=\"image\/jpeg\" \/>\n<meta name=\"author\" content=\"admin\" \/>\n<meta name=\"twitter:card\" content=\"summary_large_image\" \/>\n<meta name=\"twitter:label1\" content=\"Escrito por\" \/>\n\t<meta name=\"twitter:data1\" content=\"admin\" \/>\n\t<meta name=\"twitter:label2\" content=\"Est. tempo de leitura\" \/>\n\t<meta name=\"twitter:data2\" content=\"5 minutos\" \/>\n<script type=\"application\/ld+json\" class=\"yoast-schema-graph\">{\"@context\":\"https:\/\/schema.org\",\"@graph\":[{\"@type\":\"WebSite\",\"@id\":\"https:\/\/franciscanos.org.br\/noticias\/#website\",\"url\":\"https:\/\/franciscanos.org.br\/noticias\/\",\"name\":\"Not\u00edcias - Franciscanos\",\"description\":\"Prov\u00edncia Franciscana da Imaculada Concei\u00e7\u00e3o do Brasil - Ordem dos Frades Menores - OFM\",\"potentialAction\":[{\"@type\":\"SearchAction\",\"target\":{\"@type\":\"EntryPoint\",\"urlTemplate\":\"https:\/\/franciscanos.org.br\/noticias\/?s={search_term_string}\"},\"query-input\":\"required name=search_term_string\"}],\"inLanguage\":\"pt-BR\"},{\"@type\":\"ImageObject\",\"inLanguage\":\"pt-BR\",\"@id\":\"https:\/\/franciscanos.org.br\/noticias\/a-alegria-do-amor-misericordia-e-integracao-para-todas-as-familias.html#primaryimage\",\"url\":\"https:\/\/franciscanos.org.br\/noticias\/wp-content\/uploads\/2016\/04\/exorta.jpg\",\"contentUrl\":\"https:\/\/franciscanos.org.br\/noticias\/wp-content\/uploads\/2016\/04\/exorta.jpg\",\"width\":800,\"height\":599},{\"@type\":\"WebPage\",\"@id\":\"https:\/\/franciscanos.org.br\/noticias\/a-alegria-do-amor-misericordia-e-integracao-para-todas-as-familias.html#webpage\",\"url\":\"https:\/\/franciscanos.org.br\/noticias\/a-alegria-do-amor-misericordia-e-integracao-para-todas-as-familias.html\",\"name\":\"A alegria do amor: integra\u00e7\u00e3o para todas as fam\u00edlias - Not\u00edcias - Franciscanos\",\"isPartOf\":{\"@id\":\"https:\/\/franciscanos.org.br\/noticias\/#website\"},\"primaryImageOfPage\":{\"@id\":\"https:\/\/franciscanos.org.br\/noticias\/a-alegria-do-amor-misericordia-e-integracao-para-todas-as-familias.html#primaryimage\"},\"datePublished\":\"2016-04-08T10:36:43+00:00\",\"dateModified\":\"2020-06-09T21:36:17+00:00\",\"author\":{\"@id\":\"https:\/\/franciscanos.org.br\/noticias\/#\/schema\/person\/b38fbf43118f02820bd932f2e4b14ad3\"},\"breadcrumb\":{\"@id\":\"https:\/\/franciscanos.org.br\/noticias\/a-alegria-do-amor-misericordia-e-integracao-para-todas-as-familias.html#breadcrumb\"},\"inLanguage\":\"pt-BR\",\"potentialAction\":[{\"@type\":\"ReadAction\",\"target\":[\"https:\/\/franciscanos.org.br\/noticias\/a-alegria-do-amor-misericordia-e-integracao-para-todas-as-familias.html\"]}]},{\"@type\":\"BreadcrumbList\",\"@id\":\"https:\/\/franciscanos.org.br\/noticias\/a-alegria-do-amor-misericordia-e-integracao-para-todas-as-familias.html#breadcrumb\",\"itemListElement\":[{\"@type\":\"ListItem\",\"position\":1,\"name\":\"Home\",\"item\":\"https:\/\/franciscanos.org.br\/noticias\"},{\"@type\":\"ListItem\",\"position\":2,\"name\":\"A alegria do amor: integra\u00e7\u00e3o para todas as fam\u00edlias\"}]},{\"@type\":\"Person\",\"@id\":\"https:\/\/franciscanos.org.br\/noticias\/#\/schema\/person\/b38fbf43118f02820bd932f2e4b14ad3\",\"name\":\"admin\",\"image\":{\"@type\":\"ImageObject\",\"inLanguage\":\"pt-BR\",\"@id\":\"https:\/\/franciscanos.org.br\/noticias\/#\/schema\/person\/image\/\",\"url\":\"https:\/\/secure.gravatar.com\/avatar\/e8495742d34d0ba6448ea1c628263b3e?s=96&d=mm&r=g\",\"contentUrl\":\"https:\/\/secure.gravatar.com\/avatar\/e8495742d34d0ba6448ea1c628263b3e?s=96&d=mm&r=g\",\"caption\":\"admin\"},\"url\":\"https:\/\/franciscanos.org.br\/noticias\/author\/admin\"}]}<\/script>\n<!-- \/ Yoast SEO plugin. -->","yoast_head_json":{"title":"A alegria do amor: integra\u00e7\u00e3o para todas as fam\u00edlias - Not\u00edcias - Franciscanos","robots":{"index":"index","follow":"follow","max-snippet":"max-snippet:-1","max-image-preview":"max-image-preview:large","max-video-preview":"max-video-preview:-1"},"canonical":"https:\/\/franciscanos.org.br\/noticias\/a-alegria-do-amor-misericordia-e-integracao-para-todas-as-familias.html","og_locale":"pt_BR","og_type":"article","og_title":"A alegria do amor: integra\u00e7\u00e3o para todas as fam\u00edlias - Not\u00edcias - Franciscanos","og_description":"Exorta\u00e7\u00e3o Apost\u00f3lica","og_url":"https:\/\/franciscanos.org.br\/noticias\/a-alegria-do-amor-misericordia-e-integracao-para-todas-as-familias.html","og_site_name":"Not\u00edcias - Franciscanos","article_published_time":"2016-04-08T10:36:43+00:00","article_modified_time":"2020-06-09T21:36:17+00:00","og_image":[{"width":800,"height":599,"url":"https:\/\/franciscanos.org.br\/noticias\/wp-content\/uploads\/2016\/04\/exorta.jpg","type":"image\/jpeg"}],"author":"admin","twitter_card":"summary_large_image","twitter_misc":{"Escrito por":"admin","Est. tempo de leitura":"5 minutos"},"schema":{"@context":"https:\/\/schema.org","@graph":[{"@type":"WebSite","@id":"https:\/\/franciscanos.org.br\/noticias\/#website","url":"https:\/\/franciscanos.org.br\/noticias\/","name":"Not\u00edcias - Franciscanos","description":"Prov\u00edncia Franciscana da Imaculada Concei\u00e7\u00e3o do Brasil - Ordem dos Frades Menores - OFM","potentialAction":[{"@type":"SearchAction","target":{"@type":"EntryPoint","urlTemplate":"https:\/\/franciscanos.org.br\/noticias\/?s={search_term_string}"},"query-input":"required name=search_term_string"}],"inLanguage":"pt-BR"},{"@type":"ImageObject","inLanguage":"pt-BR","@id":"https:\/\/franciscanos.org.br\/noticias\/a-alegria-do-amor-misericordia-e-integracao-para-todas-as-familias.html#primaryimage","url":"https:\/\/franciscanos.org.br\/noticias\/wp-content\/uploads\/2016\/04\/exorta.jpg","contentUrl":"https:\/\/franciscanos.org.br\/noticias\/wp-content\/uploads\/2016\/04\/exorta.jpg","width":800,"height":599},{"@type":"WebPage","@id":"https:\/\/franciscanos.org.br\/noticias\/a-alegria-do-amor-misericordia-e-integracao-para-todas-as-familias.html#webpage","url":"https:\/\/franciscanos.org.br\/noticias\/a-alegria-do-amor-misericordia-e-integracao-para-todas-as-familias.html","name":"A alegria do amor: integra\u00e7\u00e3o para todas as fam\u00edlias - Not\u00edcias - Franciscanos","isPartOf":{"@id":"https:\/\/franciscanos.org.br\/noticias\/#website"},"primaryImageOfPage":{"@id":"https:\/\/franciscanos.org.br\/noticias\/a-alegria-do-amor-misericordia-e-integracao-para-todas-as-familias.html#primaryimage"},"datePublished":"2016-04-08T10:36:43+00:00","dateModified":"2020-06-09T21:36:17+00:00","author":{"@id":"https:\/\/franciscanos.org.br\/noticias\/#\/schema\/person\/b38fbf43118f02820bd932f2e4b14ad3"},"breadcrumb":{"@id":"https:\/\/franciscanos.org.br\/noticias\/a-alegria-do-amor-misericordia-e-integracao-para-todas-as-familias.html#breadcrumb"},"inLanguage":"pt-BR","potentialAction":[{"@type":"ReadAction","target":["https:\/\/franciscanos.org.br\/noticias\/a-alegria-do-amor-misericordia-e-integracao-para-todas-as-familias.html"]}]},{"@type":"BreadcrumbList","@id":"https:\/\/franciscanos.org.br\/noticias\/a-alegria-do-amor-misericordia-e-integracao-para-todas-as-familias.html#breadcrumb","itemListElement":[{"@type":"ListItem","position":1,"name":"Home","item":"https:\/\/franciscanos.org.br\/noticias"},{"@type":"ListItem","position":2,"name":"A alegria do amor: integra\u00e7\u00e3o para todas as fam\u00edlias"}]},{"@type":"Person","@id":"https:\/\/franciscanos.org.br\/noticias\/#\/schema\/person\/b38fbf43118f02820bd932f2e4b14ad3","name":"admin","image":{"@type":"ImageObject","inLanguage":"pt-BR","@id":"https:\/\/franciscanos.org.br\/noticias\/#\/schema\/person\/image\/","url":"https:\/\/secure.gravatar.com\/avatar\/e8495742d34d0ba6448ea1c628263b3e?s=96&d=mm&r=g","contentUrl":"https:\/\/secure.gravatar.com\/avatar\/e8495742d34d0ba6448ea1c628263b3e?s=96&d=mm&r=g","caption":"admin"},"url":"https:\/\/franciscanos.org.br\/noticias\/author\/admin"}]}},"_links":{"self":[{"href":"https:\/\/franciscanos.org.br\/noticias\/wp-json\/wp\/v2\/posts\/107250"}],"collection":[{"href":"https:\/\/franciscanos.org.br\/noticias\/wp-json\/wp\/v2\/posts"}],"about":[{"href":"https:\/\/franciscanos.org.br\/noticias\/wp-json\/wp\/v2\/types\/post"}],"author":[{"embeddable":true,"href":"https:\/\/franciscanos.org.br\/noticias\/wp-json\/wp\/v2\/users\/1"}],"replies":[{"embeddable":true,"href":"https:\/\/franciscanos.org.br\/noticias\/wp-json\/wp\/v2\/comments?post=107250"}],"version-history":[{"count":2,"href":"https:\/\/franciscanos.org.br\/noticias\/wp-json\/wp\/v2\/posts\/107250\/revisions"}],"predecessor-version":[{"id":225732,"href":"https:\/\/franciscanos.org.br\/noticias\/wp-json\/wp\/v2\/posts\/107250\/revisions\/225732"}],"wp:featuredmedia":[{"embeddable":true,"href":"https:\/\/franciscanos.org.br\/noticias\/wp-json\/wp\/v2\/media\/223703"}],"wp:attachment":[{"href":"https:\/\/franciscanos.org.br\/noticias\/wp-json\/wp\/v2\/media?parent=107250"}],"wp:term":[{"taxonomy":"category","embeddable":true,"href":"https:\/\/franciscanos.org.br\/noticias\/wp-json\/wp\/v2\/categories?post=107250"},{"taxonomy":"post_tag","embeddable":true,"href":"https:\/\/franciscanos.org.br\/noticias\/wp-json\/wp\/v2\/tags?post=107250"}],"curies":[{"name":"wp","href":"https:\/\/api.w.org\/{rel}","templated":true}]}}