{"id":107116,"date":"2016-04-07T07:20:49","date_gmt":"2016-04-07T10:20:49","guid":{"rendered":"http:\/\/franciscanos.org.br\/?p=107116"},"modified":"2020-06-09T18:41:33","modified_gmt":"2020-06-09T21:41:33","slug":"a-igreja-precisa-dos-santos-da-vida-cotidiana","status":"publish","type":"post","link":"https:\/\/franciscanos.org.br\/noticias\/a-igreja-precisa-dos-santos-da-vida-cotidiana.html","title":{"rendered":"A Igreja precisa dos santos da vida cotidiana"},"content":{"rendered":"<p><img loading=\"lazy\" src=\"http:\/\/franciscanos.org.br\/wp-content\/uploads\/2016\/04\/papa_07.jpg\" alt=\"papa_07\" width=\"820\" height=\"457\" \/><\/p>\n<p><strong>Cidade do Vaticano<\/strong> \u2013 S\u00e3o os santos da vida ordin\u00e1ria e os m\u00e1rtires de hoje que levam avante a Igreja com a coer\u00eancia e o corajoso testemunho de Jesus ressuscitado, gra\u00e7as \u00e0 obra do Esp\u00edrito Santo: foi o que disse em s\u00edntese o Papa Francisco na homilia da Missa celebrada na manh\u00e3 desta quinta-feira (07\/04) na Casa Santa Marta.<\/p>\n<p>A primeira leitura, extra\u00edda dos Atos dos Ap\u00f3stolos, fala da coragem de Pedro que, depois da cura do paral\u00edtico, anuncia a Ressurrei\u00e7\u00e3o de Jesus diante dos chefes do Sin\u00e9drio que, furiosos, queriam mat\u00e1-lo. Ele foi proibido de pregar em nome de Jesus, mas continuou a proclamar o Evangelho porque \u2013 afirma \u2013 \u201c\u00e9 preciso obedecer a Deus e n\u00e3o aos homens\u201d. Este Pedro \u201ccorajoso\u201d \u2013 disse o Papa Francisco \u2013 n\u00e3o tem nada a ver com o \u201cPedro covarde\u201d da noite da Quinta-feira Santa, \u201cquando, repleto de medo, renega o Senhor tr\u00eas vezes\u201d. Agora, Pedro se tornou forte no testemunho. \u201cO testemunho crist\u00e3o \u2013 observou o Papa \u2013 tem o mesmo caminho de Jesus: dar a vida\u201d. Num modo ou no outro, o crist\u00e3o \u201ccoloca a vida em jogo no verdadeiro testemunho\u201d: \u201cA coer\u00eancia entre a vida e aquilo que vimos e ouvimos \u00e9 justamente o in\u00edcio do testemunho. Mas o testemunho crist\u00e3o tem outro aspecto, n\u00e3o \u00e9 somente de quem o d\u00e1: o testemunho crist\u00e3o, sempre, \u00e9 feito por duas pessoas. \u2018E desses fatos somos testemunhas n\u00f3s e o Esp\u00edrito Santo\u2019. Sem o Esp\u00edrito Santo n\u00e3o h\u00e1 testemunho crist\u00e3o. Porque o testemunho crist\u00e3o, a vida crist\u00e3 \u00e9 uma gra\u00e7a, \u00e9 uma gra\u00e7a que o Senhor nos d\u00e1 com o Esp\u00edrito Santo\u201d.<\/p>\n<p>\u201cSem o Esp\u00edrito\u201d, ressalta o Papa, \u201cn\u00e3o conseguimos ser testemunhas\u201d. A testemunha \u00e9 aquele que \u00e9 \u201ccoerente com aquilo que diz, com o que faz e com o que recebeu, ou seja, o Esp\u00edrito Santo\u201d. \u201cEsta \u00e9 a coragem crist\u00e3, este \u00e9 o testemunho\u201d: \u201c\u00c9 o testemunho de nossos m\u00e1rtires hoje. Muitos, expulsos de suas terras, deslocados, decapitados e perseguidos, t\u00eam a coragem de confessar Jesus at\u00e9 o momento da morte. \u00c9 o testemunho daqueles crist\u00e3os que vivem sua vida seriamente e dizem: \u2018Eu n\u00e3o posso fazer isto, eu n\u00e3o posso fazer o mal ao outro; eu n\u00e3o posso trapacear; eu n\u00e3o posso conduzir uma vida pela metade, eu devo dar o meu testemunho\u2019. E o testemunho \u00e9 dizer o que viu e ouviu na f\u00e9, ou seja, Jesus Ressuscitado, com o Esp\u00edrito Santo que recebeu como dom.\u201d<\/p>\n<p>\u201cNos momentos dif\u00edceis da hist\u00f3ria\u201d, sublinha o Papa, se ouve dizer que \u201ca p\u00e1tria precisa de her\u00f3is. Isso \u00e9 verdade. \u00c9 justo\u201d. Mas do que a Igreja precisa hoje? De testemunhas, de m\u00e1rtires\u201d: \u201cS\u00e3o as testemunhas, ou seja, os santos, os santos de todos os dias, os da vida cotidiana, mas com coer\u00eancia, e tamb\u00e9m as testemunhas at\u00e9 o fim, at\u00e9 a morte. Estes s\u00e3o o sangue vivo da Igreja; estes s\u00e3o aqueles que levam a Igreja adiante, as testemunhas; aqueles que atestam que Jesus ressuscitou, que Jesus est\u00e1 vivo, e o testemunham com a coer\u00eancia de vida e com o Esp\u00edrito Santo que receberam como dom.\u201d<\/p>\n<hr \/>\n<h3>\u00a0<strong>PAPA RECEBE METODISTAS<\/strong><\/h3>\n<p><strong>Papa a metodistas: &#8220;Servindo juntos, nossa comunh\u00e3o aumenta&#8221;<\/strong><\/p>\n<p>Cidade do Vaticano \u2013 O Papa Francisco recebeu na manh\u00e3 desta quinta-feira (07\/04) uma delega\u00e7\u00e3o de representantes do Conselho Metodista Mundial, que acaba de abrir em Roma um escrit\u00f3rio ecum\u00eanico.<\/p>\n<p>A Comiss\u00e3o teol\u00f3gica conjunta de cat\u00f3licos e metodistas est\u00e1 preparando um documento, \u201cO chamado \u00e0 santidade\u201d, que deve estar pronto at\u00e9 o final deste ano. \u201cUns t\u00eam muito a aprender com os outros sobre como compreender e viver a santidade; a Declara\u00e7\u00e3o Comum encorajar\u00e1 a ajuda m\u00fatua na vida de ora\u00e7\u00e3o e na devo\u00e7\u00e3o\u201d, disse o Pont\u00edfice, discursando ao grupo.<\/p>\n<p>Francisco mencionou John Wesley, um cl\u00e9rigo anglicano e te\u00f3logo brit\u00e2nico, precursor do movimento metodista, e sua \u201cCarta a um cat\u00f3lico romano\u201d: Cat\u00f3licos e metodistas s\u00e3o chamados a ajudar-se reciprocamente em qualquer coisa&#8230; que conduza ao Reino\u201d.<\/p>\n<p>\u201c\u00c9 verdade que n\u00e3o pensamos da mesma maneira a respeito de muitas quest\u00f5es relativas aos minist\u00e9rios ordenados e \u00e0 \u00e9tica; ainda h\u00e1 muito o que fazer, mas nenhuma destas diferen\u00e7as \u00e9 obst\u00e1culo para amarmos e darmos um testemunho comum diante do mundo. Nossa vida na santidade deve sempre incluir o servi\u00e7o de amor ao mundo. Quando servimos juntos quem precisa, nossa comunh\u00e3o aumenta\u201d, completou o Papa.<\/p>\n<p>O Presidente do Conselho Metodista Mundial \u00e9 o Bispo brasileiro Paulo Tarso de Oliveira Lockmann, que estava na audi\u00eancia com o Pont\u00edfice.<\/p>\n<hr \/>\n<h3>\u00a0<strong>TRAPISTAS ASSASSINADOS NA ARG\u00c9LIA<\/strong><\/h3>\n<p>Cidade do Vaticano &#8211; \u201cEm Tibhirine se vivia o di\u00e1logo da vida com os mu\u00e7ulmanos; n\u00f3s, crist\u00e3os, queremos ir de encontro ao outro, onde quer que ele esteja, para estabelecer la\u00e7os de amizade espiritual e o di\u00e1logo fraterno que poder\u00e3o vencer a viol\u00eancia\u201d. Foi o que escreveu o Papa Francisco no Pref\u00e1cio do livro <em>\u201cTibhirine. L\u2019heritage\u201d<\/em> (Tibhirine. A heran\u00e7a), organizado por Christophe Henning. A obra recolhe testemunhos de diversas personalidades sobre os frutos da mensagem de paz e de conviv\u00eancia entre cristianismo e isl\u00e3, dos sete monges trapistas sequestrados e mortos na Arg\u00e9lia em 1996. O Pref\u00e1cio, com data de 2 de janeiro de 2016, intitulado \u201cUm sinal sobre a montanha\u201d, foi publicado no L\u2019Osservatore Romano.<\/p>\n<p>\u201cN\u00e3o fugiram diante da viol\u00eancia: combateram com as armas do amor, da acolhida fraterna, da ora\u00e7\u00e3o comunit\u00e1ria\u201d, comenta o Papa Francisco. \u201cDeram testemunho com o seu sangue\u201d, \u201cna sua carne\u201d, venceram o \u00f3dio no dia da grande prova\u00e7\u00e3o\u201d. \u201cMas \u00e9 com toda a sua vida que s\u00e3o testemunhas (m\u00e1rtires) do amor \u2013 recorda o Papa \u2013 e n\u00e3o sem dificuldades\u201d. \u201cDoamos o nosso cora\u00e7\u00e3o inteiramente a Deus, e j\u00e1 muito nos custa que no lo tome para si em parte\u201d, afirmava Padre Christian de Cherg\u00e9, Prior da pequena comunidade. Isto n\u00e3o diz respeito somente aos monges e monjas: todos n\u00f3s somos chamados a dar a nossa vida no detalhe de nossos dias, em fam\u00edlia, no trabalho, na sociedade, a servi\u00e7o da \u201ccasa comum\u201d e do bem de todos\u201d, escreveu Francisco.<\/p>\n<p><strong>\u00cdNTEGRA DA INTRODU\u00c7\u00c3O &#8211; Um sinal sobre a montanha<\/strong><\/p>\n<p><em>\u201cNingu\u00e9m tem amor maior que este: dar a vida pelos pr\u00f3prios amigos\u201d (Jo\u00e3o 15,13).<\/em><\/p>\n<p><em>Christian de Cherg\u00e9 e os seus companheiros escolheram viver de modo simples a sua voca\u00e7\u00e3o contemplativa naquela bela e \u00e1rida regi\u00e3o do Atlas argelino. Os monges estavam presentes em Tibhirine desde 1938, mas o mosteiro era fr\u00e1gil: eram os \u201ch\u00f3spedes\u201d da casa do isl\u00e3, trabalhavam a terra e compartilhavam a vida pobre dos camponeses. Os irm\u00e3os levavam uma vida comunit\u00e1ria despojada, irredutivelmente voltada a Deus que os unia. Sete vezes ao dia, em sua capela, elevava-se o louvor de sua ora\u00e7\u00e3o.<\/em><\/p>\n<p><em>Sequestrados na noite entre 26 e 27 de mar\u00e7o de 1996, os sete monges de Tibhirine foram assassinados ap\u00f3s longos dias de sequestro, v\u00edtimas da luta fratricida que dilacerava o pa\u00eds. Mas n\u00e3o foram os assassinos que tomaram-lhes a vida: a haviam dado antecipadamente, precisamente como os outros doze religiosos e religiosas, entre os quais o nosso irm\u00e3o bispo Pierre Claverie, morto na Arg\u00e9lia durante aqueles anos escuros.<\/em><br \/>\n<em> N\u00e3o fugiram diante da viol\u00eancia: a combateram com as armas do amor, da acolhida fraterna, da ora\u00e7\u00e3o comunit\u00e1ria. Instrumento de paz, de di\u00e1logo e de amizade, os monges responderam assim ao convite dirigido por S\u00e3o Jo\u00e3o Paulo II aos bispos do Maghreb durante sua visita ad limina em 1986: \u201cVoc\u00eas vivem aquilo que o Conc\u00edlio diz da Igreja. Ela \u00e9 um sacramento, ou seja, um sinal, e n\u00e3o se pede a um sinal para fazer n\u00famero\u201d. Pequena Igreja orante em meio a um povo de orantes, os monges eram um sinal sobre a montanha.<\/em><\/p>\n<p><em>Os irm\u00e3os cistercienses do Atlas deram testemunho com o seu sangue, vivendo em modo tr\u00e1gico esta prescri\u00e7\u00e3o da Regra de S\u00e3o Bento: que \u201cCristo (\u2026) nos conduza a todos \u00e0 vida eterna\u201d (Cap\u00edtulo 72). Na sua carne, venceram o \u00f3dio no dia da grande prova. Mas \u00e9 com toda a sua vida que s\u00e3o testemunhas (m\u00e1rtires). E n\u00e3o sem dificuldades. \u201cDoamos o nosso cora\u00e7\u00e3o inteiramente a Deus, e j\u00e1 muito nos custa que no lo tome para si em parte\u201d, afirmava Padre Christian de Cherg\u00e9, Prior da pequena comunidade. Isto n\u00e3o diz respeito somente aos monges e monjas: todos n\u00f3s somos chamados a dar a nossa vida no detalhe de nossos dias, em fam\u00edlia, no trabalho, na sociedade, a servi\u00e7o da \u201ccasa comum\u201d e do bem de todos\u201d.<\/em><br \/>\n<em> Vinte anos ap\u00f3s a sua morte, somos convidados a ser sinais de simplicidade e de miseric\u00f3rdia, no exerc\u00edcio cotidiano do dom de si, a exemplo de Cristo. N\u00e3o haver\u00e1 outro modo de combater o mal que tece a sua teia em nosso mundo. Em Tibhirine se vivia o di\u00e1logo da vida com os mu\u00e7ulmanos; n\u00f3s, crist\u00e3os, queremos ir de encontro ao outro, onde quer que esteja, para estabelecer la\u00e7os de amizade espiritual e di\u00e1logo fraterno, que poder\u00e3o vencer a viol\u00eancia. \u201cPara conquistar o cora\u00e7\u00e3o do homem, \u00e9 necess\u00e1rio amar\u201d, confidenciava Christophe, o mais jovem da comunidade. Eis a mensagem que podemos conservar em nosso cora\u00e7\u00e3o. \u00c9 simples e grande: \u00e0 exemplo de Jesus, fazer de nossa vida um \u201cTe amo\u201d.<\/em><\/p>\n<p><em>Papa Francisco<\/em><\/p>\n<hr \/>\n<p><em>Fonte: R\u00e1dio Vaticano<\/em><\/p>\n","protected":false},"excerpt":{"rendered":"<p>Missa em Santa Marta<\/p>\n","protected":false},"author":1,"featured_media":203517,"comment_status":"open","ping_status":"open","sticky":false,"template":"","format":"standard","meta":[],"categories":[1428],"tags":[1586],"acf":[],"yoast_head":"<!-- This site is optimized with the Yoast SEO plugin v19.2 - https:\/\/yoast.com\/wordpress\/plugins\/seo\/ -->\n<title>A Igreja precisa dos santos da vida cotidiana - Not\u00edcias - Franciscanos<\/title>\n<meta name=\"robots\" content=\"index, follow, max-snippet:-1, max-image-preview:large, max-video-preview:-1\" \/>\n<link rel=\"canonical\" href=\"https:\/\/franciscanos.org.br\/noticias\/a-igreja-precisa-dos-santos-da-vida-cotidiana.html\" \/>\n<meta property=\"og:locale\" content=\"pt_BR\" \/>\n<meta property=\"og:type\" content=\"article\" \/>\n<meta property=\"og:title\" content=\"A Igreja precisa dos santos da vida cotidiana - Not\u00edcias - Franciscanos\" \/>\n<meta property=\"og:description\" content=\"Missa em Santa Marta\" \/>\n<meta property=\"og:url\" content=\"https:\/\/franciscanos.org.br\/noticias\/a-igreja-precisa-dos-santos-da-vida-cotidiana.html\" \/>\n<meta property=\"og:site_name\" content=\"Not\u00edcias - Franciscanos\" \/>\n<meta property=\"article:published_time\" content=\"2016-04-07T10:20:49+00:00\" \/>\n<meta property=\"article:modified_time\" content=\"2020-06-09T21:41:33+00:00\" \/>\n<meta property=\"og:image\" content=\"https:\/\/franciscanos.org.br\/noticias\/wp-content\/uploads\/2016\/04\/papa_07.jpg\" \/>\n\t<meta property=\"og:image:width\" content=\"273\" \/>\n\t<meta property=\"og:image:height\" content=\"181\" \/>\n\t<meta property=\"og:image:type\" content=\"image\/jpeg\" \/>\n<meta name=\"author\" content=\"admin\" \/>\n<meta name=\"twitter:card\" content=\"summary_large_image\" \/>\n<meta name=\"twitter:label1\" content=\"Escrito por\" \/>\n\t<meta name=\"twitter:data1\" content=\"admin\" \/>\n\t<meta name=\"twitter:label2\" content=\"Est. tempo de leitura\" \/>\n\t<meta name=\"twitter:data2\" content=\"8 minutos\" \/>\n<script type=\"application\/ld+json\" class=\"yoast-schema-graph\">{\"@context\":\"https:\/\/schema.org\",\"@graph\":[{\"@type\":\"WebSite\",\"@id\":\"https:\/\/franciscanos.org.br\/noticias\/#website\",\"url\":\"https:\/\/franciscanos.org.br\/noticias\/\",\"name\":\"Not\u00edcias - Franciscanos\",\"description\":\"Prov\u00edncia Franciscana da Imaculada Concei\u00e7\u00e3o do Brasil - Ordem dos Frades Menores - OFM\",\"potentialAction\":[{\"@type\":\"SearchAction\",\"target\":{\"@type\":\"EntryPoint\",\"urlTemplate\":\"https:\/\/franciscanos.org.br\/noticias\/?s={search_term_string}\"},\"query-input\":\"required name=search_term_string\"}],\"inLanguage\":\"pt-BR\"},{\"@type\":\"ImageObject\",\"inLanguage\":\"pt-BR\",\"@id\":\"https:\/\/franciscanos.org.br\/noticias\/a-igreja-precisa-dos-santos-da-vida-cotidiana.html#primaryimage\",\"url\":\"https:\/\/franciscanos.org.br\/noticias\/wp-content\/uploads\/2016\/04\/papa_07.jpg\",\"contentUrl\":\"https:\/\/franciscanos.org.br\/noticias\/wp-content\/uploads\/2016\/04\/papa_07.jpg\",\"width\":273,\"height\":181},{\"@type\":\"WebPage\",\"@id\":\"https:\/\/franciscanos.org.br\/noticias\/a-igreja-precisa-dos-santos-da-vida-cotidiana.html#webpage\",\"url\":\"https:\/\/franciscanos.org.br\/noticias\/a-igreja-precisa-dos-santos-da-vida-cotidiana.html\",\"name\":\"A Igreja precisa dos santos da vida cotidiana - Not\u00edcias - Franciscanos\",\"isPartOf\":{\"@id\":\"https:\/\/franciscanos.org.br\/noticias\/#website\"},\"primaryImageOfPage\":{\"@id\":\"https:\/\/franciscanos.org.br\/noticias\/a-igreja-precisa-dos-santos-da-vida-cotidiana.html#primaryimage\"},\"datePublished\":\"2016-04-07T10:20:49+00:00\",\"dateModified\":\"2020-06-09T21:41:33+00:00\",\"author\":{\"@id\":\"https:\/\/franciscanos.org.br\/noticias\/#\/schema\/person\/b38fbf43118f02820bd932f2e4b14ad3\"},\"breadcrumb\":{\"@id\":\"https:\/\/franciscanos.org.br\/noticias\/a-igreja-precisa-dos-santos-da-vida-cotidiana.html#breadcrumb\"},\"inLanguage\":\"pt-BR\",\"potentialAction\":[{\"@type\":\"ReadAction\",\"target\":[\"https:\/\/franciscanos.org.br\/noticias\/a-igreja-precisa-dos-santos-da-vida-cotidiana.html\"]}]},{\"@type\":\"BreadcrumbList\",\"@id\":\"https:\/\/franciscanos.org.br\/noticias\/a-igreja-precisa-dos-santos-da-vida-cotidiana.html#breadcrumb\",\"itemListElement\":[{\"@type\":\"ListItem\",\"position\":1,\"name\":\"Home\",\"item\":\"https:\/\/franciscanos.org.br\/noticias\"},{\"@type\":\"ListItem\",\"position\":2,\"name\":\"A Igreja precisa dos santos da vida cotidiana\"}]},{\"@type\":\"Person\",\"@id\":\"https:\/\/franciscanos.org.br\/noticias\/#\/schema\/person\/b38fbf43118f02820bd932f2e4b14ad3\",\"name\":\"admin\",\"image\":{\"@type\":\"ImageObject\",\"inLanguage\":\"pt-BR\",\"@id\":\"https:\/\/franciscanos.org.br\/noticias\/#\/schema\/person\/image\/\",\"url\":\"https:\/\/secure.gravatar.com\/avatar\/e8495742d34d0ba6448ea1c628263b3e?s=96&d=mm&r=g\",\"contentUrl\":\"https:\/\/secure.gravatar.com\/avatar\/e8495742d34d0ba6448ea1c628263b3e?s=96&d=mm&r=g\",\"caption\":\"admin\"},\"url\":\"https:\/\/franciscanos.org.br\/noticias\/author\/admin\"}]}<\/script>\n<!-- \/ Yoast SEO plugin. -->","yoast_head_json":{"title":"A Igreja precisa dos santos da vida cotidiana - Not\u00edcias - Franciscanos","robots":{"index":"index","follow":"follow","max-snippet":"max-snippet:-1","max-image-preview":"max-image-preview:large","max-video-preview":"max-video-preview:-1"},"canonical":"https:\/\/franciscanos.org.br\/noticias\/a-igreja-precisa-dos-santos-da-vida-cotidiana.html","og_locale":"pt_BR","og_type":"article","og_title":"A Igreja precisa dos santos da vida cotidiana - Not\u00edcias - Franciscanos","og_description":"Missa em Santa Marta","og_url":"https:\/\/franciscanos.org.br\/noticias\/a-igreja-precisa-dos-santos-da-vida-cotidiana.html","og_site_name":"Not\u00edcias - Franciscanos","article_published_time":"2016-04-07T10:20:49+00:00","article_modified_time":"2020-06-09T21:41:33+00:00","og_image":[{"width":273,"height":181,"url":"https:\/\/franciscanos.org.br\/noticias\/wp-content\/uploads\/2016\/04\/papa_07.jpg","type":"image\/jpeg"}],"author":"admin","twitter_card":"summary_large_image","twitter_misc":{"Escrito por":"admin","Est. tempo de leitura":"8 minutos"},"schema":{"@context":"https:\/\/schema.org","@graph":[{"@type":"WebSite","@id":"https:\/\/franciscanos.org.br\/noticias\/#website","url":"https:\/\/franciscanos.org.br\/noticias\/","name":"Not\u00edcias - Franciscanos","description":"Prov\u00edncia Franciscana da Imaculada Concei\u00e7\u00e3o do Brasil - Ordem dos Frades Menores - OFM","potentialAction":[{"@type":"SearchAction","target":{"@type":"EntryPoint","urlTemplate":"https:\/\/franciscanos.org.br\/noticias\/?s={search_term_string}"},"query-input":"required name=search_term_string"}],"inLanguage":"pt-BR"},{"@type":"ImageObject","inLanguage":"pt-BR","@id":"https:\/\/franciscanos.org.br\/noticias\/a-igreja-precisa-dos-santos-da-vida-cotidiana.html#primaryimage","url":"https:\/\/franciscanos.org.br\/noticias\/wp-content\/uploads\/2016\/04\/papa_07.jpg","contentUrl":"https:\/\/franciscanos.org.br\/noticias\/wp-content\/uploads\/2016\/04\/papa_07.jpg","width":273,"height":181},{"@type":"WebPage","@id":"https:\/\/franciscanos.org.br\/noticias\/a-igreja-precisa-dos-santos-da-vida-cotidiana.html#webpage","url":"https:\/\/franciscanos.org.br\/noticias\/a-igreja-precisa-dos-santos-da-vida-cotidiana.html","name":"A Igreja precisa dos santos da vida cotidiana - Not\u00edcias - Franciscanos","isPartOf":{"@id":"https:\/\/franciscanos.org.br\/noticias\/#website"},"primaryImageOfPage":{"@id":"https:\/\/franciscanos.org.br\/noticias\/a-igreja-precisa-dos-santos-da-vida-cotidiana.html#primaryimage"},"datePublished":"2016-04-07T10:20:49+00:00","dateModified":"2020-06-09T21:41:33+00:00","author":{"@id":"https:\/\/franciscanos.org.br\/noticias\/#\/schema\/person\/b38fbf43118f02820bd932f2e4b14ad3"},"breadcrumb":{"@id":"https:\/\/franciscanos.org.br\/noticias\/a-igreja-precisa-dos-santos-da-vida-cotidiana.html#breadcrumb"},"inLanguage":"pt-BR","potentialAction":[{"@type":"ReadAction","target":["https:\/\/franciscanos.org.br\/noticias\/a-igreja-precisa-dos-santos-da-vida-cotidiana.html"]}]},{"@type":"BreadcrumbList","@id":"https:\/\/franciscanos.org.br\/noticias\/a-igreja-precisa-dos-santos-da-vida-cotidiana.html#breadcrumb","itemListElement":[{"@type":"ListItem","position":1,"name":"Home","item":"https:\/\/franciscanos.org.br\/noticias"},{"@type":"ListItem","position":2,"name":"A Igreja precisa dos santos da vida cotidiana"}]},{"@type":"Person","@id":"https:\/\/franciscanos.org.br\/noticias\/#\/schema\/person\/b38fbf43118f02820bd932f2e4b14ad3","name":"admin","image":{"@type":"ImageObject","inLanguage":"pt-BR","@id":"https:\/\/franciscanos.org.br\/noticias\/#\/schema\/person\/image\/","url":"https:\/\/secure.gravatar.com\/avatar\/e8495742d34d0ba6448ea1c628263b3e?s=96&d=mm&r=g","contentUrl":"https:\/\/secure.gravatar.com\/avatar\/e8495742d34d0ba6448ea1c628263b3e?s=96&d=mm&r=g","caption":"admin"},"url":"https:\/\/franciscanos.org.br\/noticias\/author\/admin"}]}},"_links":{"self":[{"href":"https:\/\/franciscanos.org.br\/noticias\/wp-json\/wp\/v2\/posts\/107116"}],"collection":[{"href":"https:\/\/franciscanos.org.br\/noticias\/wp-json\/wp\/v2\/posts"}],"about":[{"href":"https:\/\/franciscanos.org.br\/noticias\/wp-json\/wp\/v2\/types\/post"}],"author":[{"embeddable":true,"href":"https:\/\/franciscanos.org.br\/noticias\/wp-json\/wp\/v2\/users\/1"}],"replies":[{"embeddable":true,"href":"https:\/\/franciscanos.org.br\/noticias\/wp-json\/wp\/v2\/comments?post=107116"}],"version-history":[{"count":2,"href":"https:\/\/franciscanos.org.br\/noticias\/wp-json\/wp\/v2\/posts\/107116\/revisions"}],"predecessor-version":[{"id":225734,"href":"https:\/\/franciscanos.org.br\/noticias\/wp-json\/wp\/v2\/posts\/107116\/revisions\/225734"}],"wp:featuredmedia":[{"embeddable":true,"href":"https:\/\/franciscanos.org.br\/noticias\/wp-json\/wp\/v2\/media\/203517"}],"wp:attachment":[{"href":"https:\/\/franciscanos.org.br\/noticias\/wp-json\/wp\/v2\/media?parent=107116"}],"wp:term":[{"taxonomy":"category","embeddable":true,"href":"https:\/\/franciscanos.org.br\/noticias\/wp-json\/wp\/v2\/categories?post=107116"},{"taxonomy":"post_tag","embeddable":true,"href":"https:\/\/franciscanos.org.br\/noticias\/wp-json\/wp\/v2\/tags?post=107116"}],"curies":[{"name":"wp","href":"https:\/\/api.w.org\/{rel}","templated":true}]}}