{"id":107103,"date":"2016-04-06T13:52:50","date_gmt":"2016-04-06T16:52:50","guid":{"rendered":"http:\/\/franciscanos.org.br\/?p=107103"},"modified":"2020-05-14T13:49:51","modified_gmt":"2020-05-14T16:49:51","slug":"misericordia-justica-unidade-e-paz-marcam-a-abertura-da-54a-ag","status":"publish","type":"post","link":"https:\/\/franciscanos.org.br\/noticias\/misericordia-justica-unidade-e-paz-marcam-a-abertura-da-54a-ag.html","title":{"rendered":"Miseric\u00f3rdia, justi\u00e7a, unidade e paz marcam a abertura da 54\u00aa AG"},"content":{"rendered":"<p><img loading=\"lazy\" src=\"http:\/\/franciscanos.org.br\/wp-content\/uploads\/2016\/04\/AG_2.jpg\" alt=\"AG_2\" width=\"820\" height=\"340\" \/><\/p>\n<p>A presid\u00eancia da Confer\u00eancia Nacional dos Bispos do Brasil (CNBB) abriu os trabalhos da 54\u00aa Assembleia Geral (AG) da entidade com a Celebra\u00e7\u00e3o Eucar\u00edstica realizada na manh\u00e3 desta quarta-feira, dia 6, na Bas\u00edlica Nossa Senhora Aparecida, em Aparecida (SP).<\/p>\n<p>\u201cOs nossos esfor\u00e7os em favor da unidade da Igreja, nosso empenho pela justi\u00e7a e a paz no Brasil e no mundo devem ser acompanhados de muita ora\u00e7\u00e3o e escuta da Palavra para poder discernir os passos a serem dados e ter a for\u00e7a necess\u00e1ria para caminhar na fidelidade ao Senhor\u201d, disse o arcebispo de Bras\u00edlia e presidente da CNBB, dom Sergio da Rocha, durante missa de abertura da 54\u00aa Assembleia Geral da CNBB.<\/p>\n<p>A missa foi presidida por dom Sergio e concelebrada pelo arcebispo de Salvador (BA) e vice-presidente, dom Murilo Krieger, e pelo bispo auxiliar de Bras\u00edlia e secret\u00e1rio geral da Confer\u00eancia, dom Leonardo Steiner. Da prociss\u00e3o de entrada participaram os presidentes das 12 Comiss\u00f5es Episcopais de Pastoral CNBB.<\/p>\n<p>Miseric\u00f3rdia, justi\u00e7a, unidade e paz foram as palavras de destaque na homilia do presidente da CNBB, que falou do sentido da Eucaristia na vida eclesial. \u201cA Igreja eucar\u00edstica vive da miseric\u00f3rdia, que \u00e9 fonte de paz. A Igreja misericordiosa vive da eucaristia, o alimento dos que promovem a paz. A Eucaristia manifesta e alimenta a nossa comunh\u00e3o com o Senhor e a comunh\u00e3o entre n\u00f3s\u201d, afirmou dom Sergio.<\/p>\n<p>Dom Sergio da Rocha ressaltou que a celebra\u00e7\u00e3o, primeiro ato da AG da CNBB, \u201c\u00e9 sinal e recorda\u00e7\u00e3o de que a Eucaristia \u00e9 a fonte e o sustento permanente da vida e da miss\u00e3o da Igreja, Igreja que \u00e9 chamada a experimentar e a testemunhar a miseric\u00f3rdia divina, de modo especial nesse ano santo\u201d.<\/p>\n<p>No contexto de crise e de crescimento da viol\u00eancia e da intoler\u00e2ncia, dom Sergio considerou que \u201csomos chamados a vivenciar a comunh\u00e3o eucar\u00edstica num tempo marcado por muitas divis\u00f5es e por muita viol\u00eancia\u201d.<\/p>\n<p>\u201cN\u00f3s necessitamos muito de miseric\u00f3rdia e de justi\u00e7a, de unidade e de paz. Para tanto, nosso olhar se volta para o Senhor ressuscitado em atitude de ora\u00e7\u00e3o, suplicando-lhe os dons da unidade e da paz, como sempre fazemos ao participar da missa. \u00c9 dele que nos vem a esperan\u00e7a, \u00e9 dele que nos vem a for\u00e7a para caminhar e superar tantos desafios. Nele est\u00e1 o nosso ref\u00fagio e a nossa for\u00e7a como rezamos hoje com salmista\u201d, explicou.<\/p>\n<p><strong>Miseric\u00f3rdia<\/strong><\/p>\n<p>Sobre o Evangelho, que apresenta a passagem do evangelista Jo\u00e3o, dom Sergio lembrou que \u201cDeus amou tanto o mundo, que deu o seu Filho unig\u00eanito, para que n\u00e3o morra todo o que nele crer, mas tenha a vida eterna\u201d.&#8221;O Evangelho que ouvimos proclama a miseric\u00f3rdia de Deus, que n\u00f3s somos chamados a acolher e vivenciar, de modo especial nesse ano jubilar e nesse tempo pascal\u201d, acrescentou.<\/p>\n<p>\u201cN\u00f3s cremos em Cristo ressuscitado, por isso cremos na vit\u00f3ria do amor sobre a viol\u00eancia, no triunfo da miseric\u00f3rdia sobre o rancor, da gra\u00e7a sobre o pecado, da vida sobre a morte. Somos chamados, cada dia de novo a ser misericordiosos como o Pai, revelando seu rosto misericordioso na vida da Igreja que quer ser, sempre mais, m\u00e3e misericordiosa e casa de portas abertas\u201d, refletiu.<\/p>\n<p><strong>Crise<\/strong><\/p>\n<p>Dom Sergio recordou que o tema central da Assembleia Geral da CNBB deste ano \u00e9 \u201cCrist\u00e3os leigos e leigas na Igreja e na sociedade &#8211; Sal da terra e luz do mundo\u201d. Disse, ainda, que durante esses dias os bispos estar\u00e3o atentos \u00e0 atual situa\u00e7\u00e3o do pa\u00eds. \u201cEm tempos de crise, os crit\u00e9rios que devem nortear o nosso agir sejam sempre os crit\u00e9rios de Deus e n\u00e3o os crit\u00e9rios do mundo. O Evangelho nos convida a aproximarmos da luz e caminhar na luz\u201d, falou dom Sergio.<\/p>\n<p>Para o arcebispo, o tempo da P\u00e1scoa convida ao acolhimento da paz, que \u00e9 dom do ressuscitado. \u201cSomos chamados a ser mensageiros da miseric\u00f3rdia e portadores da paz, em casa, em nossas comunidades, nas redes sociais e nas ruas. Seja nosso louvor pascal manifestado n\u00e3o apenas com os l\u00e1bios, mas com o cora\u00e7\u00e3o e a vida, seja acompanhado pela busca da paz, jamais cedendo \u00e0 tenta\u00e7\u00e3o da agressividade em palavras ou atos\u201d, exortou.<\/p>\n<p>\u201cA busca da justi\u00e7a, que conduz \u00e0 paz, n\u00e3o se faz por meio da viol\u00eancia. Pessoas com diferentes posturas, especialmente nos campos da pol\u00edtica e da religi\u00e3o, n\u00e3o podem ser tratadas como inimigas, mas sim com o devido respeito\u201d, disse.<\/p>\n<p>\u201cPor isso, neste Ano Santo, redobremos o empenho pela viv\u00eancia da miseric\u00f3rdia e pela promo\u00e7\u00e3o da justi\u00e7a e da paz\u201d, desejou dom Sergio, que tamb\u00e9m pediu as ora\u00e7\u00f5es dos fi\u00e9is brasileiro para a 54\u00aa AG da CNBB.<\/p>\n<p>Fonte: <a href=\"http:\/\/www.cnbb.org.br\/index.php?option=com_content&amp;view=article&amp;id=18477:dom-sergio-abre-54-ag-com-mensagem-de-paz-e-misericordia&amp;catid=450:54-assembleia-geral&amp;Itemid=263\" target=\"_blank\" rel=\"noopener noreferrer\">CNBB<\/a><\/p>\n","protected":false},"excerpt":{"rendered":"<p>CNBB<\/p>\n","protected":false},"author":1,"featured_media":207242,"comment_status":"open","ping_status":"open","sticky":false,"template":"","format":"standard","meta":[],"categories":[1],"tags":[543,29,544],"acf":[],"yoast_head":"<!-- This site is optimized with the Yoast SEO plugin v19.2 - https:\/\/yoast.com\/wordpress\/plugins\/seo\/ -->\n<title>Miseric\u00f3rdia, justi\u00e7a, unidade e paz marcam a abertura da 54\u00aa AG - Not\u00edcias - Franciscanos<\/title>\n<meta name=\"robots\" content=\"index, follow, max-snippet:-1, max-image-preview:large, max-video-preview:-1\" \/>\n<link rel=\"canonical\" href=\"https:\/\/franciscanos.org.br\/noticias\/misericordia-justica-unidade-e-paz-marcam-a-abertura-da-54a-ag.html\" \/>\n<meta property=\"og:locale\" content=\"pt_BR\" \/>\n<meta property=\"og:type\" content=\"article\" \/>\n<meta property=\"og:title\" content=\"Miseric\u00f3rdia, justi\u00e7a, unidade e paz marcam a abertura da 54\u00aa AG - Not\u00edcias - Franciscanos\" \/>\n<meta property=\"og:description\" content=\"CNBB\" \/>\n<meta property=\"og:url\" content=\"https:\/\/franciscanos.org.br\/noticias\/misericordia-justica-unidade-e-paz-marcam-a-abertura-da-54a-ag.html\" \/>\n<meta property=\"og:site_name\" content=\"Not\u00edcias - Franciscanos\" \/>\n<meta property=\"article:published_time\" content=\"2016-04-06T16:52:50+00:00\" \/>\n<meta property=\"article:modified_time\" content=\"2020-05-14T16:49:51+00:00\" \/>\n<meta property=\"og:image\" content=\"https:\/\/franciscanos.org.br\/noticias\/wp-content\/uploads\/2016\/04\/AG_2.jpg\" \/>\n\t<meta property=\"og:image:width\" content=\"273\" \/>\n\t<meta property=\"og:image:height\" content=\"181\" \/>\n\t<meta property=\"og:image:type\" content=\"image\/jpeg\" \/>\n<meta name=\"author\" content=\"admin\" \/>\n<meta name=\"twitter:card\" content=\"summary_large_image\" \/>\n<meta name=\"twitter:label1\" content=\"Escrito por\" \/>\n\t<meta name=\"twitter:data1\" content=\"admin\" \/>\n\t<meta name=\"twitter:label2\" content=\"Est. tempo de leitura\" \/>\n\t<meta name=\"twitter:data2\" content=\"4 minutos\" \/>\n<script type=\"application\/ld+json\" class=\"yoast-schema-graph\">{\"@context\":\"https:\/\/schema.org\",\"@graph\":[{\"@type\":\"WebSite\",\"@id\":\"https:\/\/franciscanos.org.br\/noticias\/#website\",\"url\":\"https:\/\/franciscanos.org.br\/noticias\/\",\"name\":\"Not\u00edcias - Franciscanos\",\"description\":\"Prov\u00edncia Franciscana da Imaculada Concei\u00e7\u00e3o do Brasil - Ordem dos Frades Menores - OFM\",\"potentialAction\":[{\"@type\":\"SearchAction\",\"target\":{\"@type\":\"EntryPoint\",\"urlTemplate\":\"https:\/\/franciscanos.org.br\/noticias\/?s={search_term_string}\"},\"query-input\":\"required name=search_term_string\"}],\"inLanguage\":\"pt-BR\"},{\"@type\":\"ImageObject\",\"inLanguage\":\"pt-BR\",\"@id\":\"https:\/\/franciscanos.org.br\/noticias\/misericordia-justica-unidade-e-paz-marcam-a-abertura-da-54a-ag.html#primaryimage\",\"url\":\"https:\/\/franciscanos.org.br\/noticias\/wp-content\/uploads\/2016\/04\/AG_2.jpg\",\"contentUrl\":\"https:\/\/franciscanos.org.br\/noticias\/wp-content\/uploads\/2016\/04\/AG_2.jpg\",\"width\":273,\"height\":181},{\"@type\":\"WebPage\",\"@id\":\"https:\/\/franciscanos.org.br\/noticias\/misericordia-justica-unidade-e-paz-marcam-a-abertura-da-54a-ag.html#webpage\",\"url\":\"https:\/\/franciscanos.org.br\/noticias\/misericordia-justica-unidade-e-paz-marcam-a-abertura-da-54a-ag.html\",\"name\":\"Miseric\u00f3rdia, justi\u00e7a, unidade e paz marcam a abertura da 54\u00aa AG - Not\u00edcias - Franciscanos\",\"isPartOf\":{\"@id\":\"https:\/\/franciscanos.org.br\/noticias\/#website\"},\"primaryImageOfPage\":{\"@id\":\"https:\/\/franciscanos.org.br\/noticias\/misericordia-justica-unidade-e-paz-marcam-a-abertura-da-54a-ag.html#primaryimage\"},\"datePublished\":\"2016-04-06T16:52:50+00:00\",\"dateModified\":\"2020-05-14T16:49:51+00:00\",\"author\":{\"@id\":\"https:\/\/franciscanos.org.br\/noticias\/#\/schema\/person\/b38fbf43118f02820bd932f2e4b14ad3\"},\"breadcrumb\":{\"@id\":\"https:\/\/franciscanos.org.br\/noticias\/misericordia-justica-unidade-e-paz-marcam-a-abertura-da-54a-ag.html#breadcrumb\"},\"inLanguage\":\"pt-BR\",\"potentialAction\":[{\"@type\":\"ReadAction\",\"target\":[\"https:\/\/franciscanos.org.br\/noticias\/misericordia-justica-unidade-e-paz-marcam-a-abertura-da-54a-ag.html\"]}]},{\"@type\":\"BreadcrumbList\",\"@id\":\"https:\/\/franciscanos.org.br\/noticias\/misericordia-justica-unidade-e-paz-marcam-a-abertura-da-54a-ag.html#breadcrumb\",\"itemListElement\":[{\"@type\":\"ListItem\",\"position\":1,\"name\":\"Home\",\"item\":\"https:\/\/franciscanos.org.br\/noticias\"},{\"@type\":\"ListItem\",\"position\":2,\"name\":\"Miseric\u00f3rdia, justi\u00e7a, unidade e paz marcam a abertura da 54\u00aa AG\"}]},{\"@type\":\"Person\",\"@id\":\"https:\/\/franciscanos.org.br\/noticias\/#\/schema\/person\/b38fbf43118f02820bd932f2e4b14ad3\",\"name\":\"admin\",\"image\":{\"@type\":\"ImageObject\",\"inLanguage\":\"pt-BR\",\"@id\":\"https:\/\/franciscanos.org.br\/noticias\/#\/schema\/person\/image\/\",\"url\":\"https:\/\/secure.gravatar.com\/avatar\/e8495742d34d0ba6448ea1c628263b3e?s=96&d=mm&r=g\",\"contentUrl\":\"https:\/\/secure.gravatar.com\/avatar\/e8495742d34d0ba6448ea1c628263b3e?s=96&d=mm&r=g\",\"caption\":\"admin\"},\"url\":\"https:\/\/franciscanos.org.br\/noticias\/author\/admin\"}]}<\/script>\n<!-- \/ Yoast SEO plugin. -->","yoast_head_json":{"title":"Miseric\u00f3rdia, justi\u00e7a, unidade e paz marcam a abertura da 54\u00aa AG - Not\u00edcias - Franciscanos","robots":{"index":"index","follow":"follow","max-snippet":"max-snippet:-1","max-image-preview":"max-image-preview:large","max-video-preview":"max-video-preview:-1"},"canonical":"https:\/\/franciscanos.org.br\/noticias\/misericordia-justica-unidade-e-paz-marcam-a-abertura-da-54a-ag.html","og_locale":"pt_BR","og_type":"article","og_title":"Miseric\u00f3rdia, justi\u00e7a, unidade e paz marcam a abertura da 54\u00aa AG - Not\u00edcias - Franciscanos","og_description":"CNBB","og_url":"https:\/\/franciscanos.org.br\/noticias\/misericordia-justica-unidade-e-paz-marcam-a-abertura-da-54a-ag.html","og_site_name":"Not\u00edcias - Franciscanos","article_published_time":"2016-04-06T16:52:50+00:00","article_modified_time":"2020-05-14T16:49:51+00:00","og_image":[{"width":273,"height":181,"url":"https:\/\/franciscanos.org.br\/noticias\/wp-content\/uploads\/2016\/04\/AG_2.jpg","type":"image\/jpeg"}],"author":"admin","twitter_card":"summary_large_image","twitter_misc":{"Escrito por":"admin","Est. tempo de leitura":"4 minutos"},"schema":{"@context":"https:\/\/schema.org","@graph":[{"@type":"WebSite","@id":"https:\/\/franciscanos.org.br\/noticias\/#website","url":"https:\/\/franciscanos.org.br\/noticias\/","name":"Not\u00edcias - Franciscanos","description":"Prov\u00edncia Franciscana da Imaculada Concei\u00e7\u00e3o do Brasil - Ordem dos Frades Menores - OFM","potentialAction":[{"@type":"SearchAction","target":{"@type":"EntryPoint","urlTemplate":"https:\/\/franciscanos.org.br\/noticias\/?s={search_term_string}"},"query-input":"required name=search_term_string"}],"inLanguage":"pt-BR"},{"@type":"ImageObject","inLanguage":"pt-BR","@id":"https:\/\/franciscanos.org.br\/noticias\/misericordia-justica-unidade-e-paz-marcam-a-abertura-da-54a-ag.html#primaryimage","url":"https:\/\/franciscanos.org.br\/noticias\/wp-content\/uploads\/2016\/04\/AG_2.jpg","contentUrl":"https:\/\/franciscanos.org.br\/noticias\/wp-content\/uploads\/2016\/04\/AG_2.jpg","width":273,"height":181},{"@type":"WebPage","@id":"https:\/\/franciscanos.org.br\/noticias\/misericordia-justica-unidade-e-paz-marcam-a-abertura-da-54a-ag.html#webpage","url":"https:\/\/franciscanos.org.br\/noticias\/misericordia-justica-unidade-e-paz-marcam-a-abertura-da-54a-ag.html","name":"Miseric\u00f3rdia, justi\u00e7a, unidade e paz marcam a abertura da 54\u00aa AG - Not\u00edcias - Franciscanos","isPartOf":{"@id":"https:\/\/franciscanos.org.br\/noticias\/#website"},"primaryImageOfPage":{"@id":"https:\/\/franciscanos.org.br\/noticias\/misericordia-justica-unidade-e-paz-marcam-a-abertura-da-54a-ag.html#primaryimage"},"datePublished":"2016-04-06T16:52:50+00:00","dateModified":"2020-05-14T16:49:51+00:00","author":{"@id":"https:\/\/franciscanos.org.br\/noticias\/#\/schema\/person\/b38fbf43118f02820bd932f2e4b14ad3"},"breadcrumb":{"@id":"https:\/\/franciscanos.org.br\/noticias\/misericordia-justica-unidade-e-paz-marcam-a-abertura-da-54a-ag.html#breadcrumb"},"inLanguage":"pt-BR","potentialAction":[{"@type":"ReadAction","target":["https:\/\/franciscanos.org.br\/noticias\/misericordia-justica-unidade-e-paz-marcam-a-abertura-da-54a-ag.html"]}]},{"@type":"BreadcrumbList","@id":"https:\/\/franciscanos.org.br\/noticias\/misericordia-justica-unidade-e-paz-marcam-a-abertura-da-54a-ag.html#breadcrumb","itemListElement":[{"@type":"ListItem","position":1,"name":"Home","item":"https:\/\/franciscanos.org.br\/noticias"},{"@type":"ListItem","position":2,"name":"Miseric\u00f3rdia, justi\u00e7a, unidade e paz marcam a abertura da 54\u00aa AG"}]},{"@type":"Person","@id":"https:\/\/franciscanos.org.br\/noticias\/#\/schema\/person\/b38fbf43118f02820bd932f2e4b14ad3","name":"admin","image":{"@type":"ImageObject","inLanguage":"pt-BR","@id":"https:\/\/franciscanos.org.br\/noticias\/#\/schema\/person\/image\/","url":"https:\/\/secure.gravatar.com\/avatar\/e8495742d34d0ba6448ea1c628263b3e?s=96&d=mm&r=g","contentUrl":"https:\/\/secure.gravatar.com\/avatar\/e8495742d34d0ba6448ea1c628263b3e?s=96&d=mm&r=g","caption":"admin"},"url":"https:\/\/franciscanos.org.br\/noticias\/author\/admin"}]}},"_links":{"self":[{"href":"https:\/\/franciscanos.org.br\/noticias\/wp-json\/wp\/v2\/posts\/107103"}],"collection":[{"href":"https:\/\/franciscanos.org.br\/noticias\/wp-json\/wp\/v2\/posts"}],"about":[{"href":"https:\/\/franciscanos.org.br\/noticias\/wp-json\/wp\/v2\/types\/post"}],"author":[{"embeddable":true,"href":"https:\/\/franciscanos.org.br\/noticias\/wp-json\/wp\/v2\/users\/1"}],"replies":[{"embeddable":true,"href":"https:\/\/franciscanos.org.br\/noticias\/wp-json\/wp\/v2\/comments?post=107103"}],"version-history":[{"count":1,"href":"https:\/\/franciscanos.org.br\/noticias\/wp-json\/wp\/v2\/posts\/107103\/revisions"}],"predecessor-version":[{"id":223710,"href":"https:\/\/franciscanos.org.br\/noticias\/wp-json\/wp\/v2\/posts\/107103\/revisions\/223710"}],"wp:featuredmedia":[{"embeddable":true,"href":"https:\/\/franciscanos.org.br\/noticias\/wp-json\/wp\/v2\/media\/207242"}],"wp:attachment":[{"href":"https:\/\/franciscanos.org.br\/noticias\/wp-json\/wp\/v2\/media?parent=107103"}],"wp:term":[{"taxonomy":"category","embeddable":true,"href":"https:\/\/franciscanos.org.br\/noticias\/wp-json\/wp\/v2\/categories?post=107103"},{"taxonomy":"post_tag","embeddable":true,"href":"https:\/\/franciscanos.org.br\/noticias\/wp-json\/wp\/v2\/tags?post=107103"}],"curies":[{"name":"wp","href":"https:\/\/api.w.org\/{rel}","templated":true}]}}