{"id":107092,"date":"2016-04-06T09:25:53","date_gmt":"2016-04-06T12:25:53","guid":{"rendered":"http:\/\/franciscanos.org.br\/?p=107092"},"modified":"2020-09-08T14:20:37","modified_gmt":"2020-09-08T17:20:37","slug":"papa-francisco-recebe-frei-hans-e-nelson-dos-santos","status":"publish","type":"post","link":"https:\/\/franciscanos.org.br\/noticias\/papa-francisco-recebe-frei-hans-e-nelson-dos-santos.html","title":{"rendered":"Papa Francisco recebe Frei Hans e Nelson dos Santos"},"content":{"rendered":"<div style=\"width: 830px\" class=\"wp-caption alignnone\"><img loading=\"lazy\" src=\"http:\/\/franciscanos.org.br\/wp-content\/uploads\/2016\/04\/fazenda_1.jpg\" alt=\"Frei Hans e Nelson durante o Encontro Provincial de Jovens em 2015\" width=\"820\" height=\"340\" \/><p class=\"wp-caption-text\">Frei Hans e Nelson durante o Encontro Provincial de Jovens em 2015<\/p><\/div>\n<p>Na \u00faltima sexta-feira, 1\u00ba de abril, Frei Hans Stapel e de Nelson dos Santos, fundadores da Fazenda da Esperan\u00e7a, estiveram em audi\u00eancia privada com o Papa Francisco, no Vaticano.<br \/>\nAp\u00f3s o encontro eles contaram \u00e0\u00a0R\u00e1dio Vaticano suas impress\u00f5es. Frei Hans afirmou que o Papa Francisco conhecia a Fazenda da Esperan\u00e7a desde os tempos de cardeal, em Buenos Aires.<\/p>\n<p>Nelson disse que o Papa Francisco leu todas as mensagens dos jovens que eles trouxeram e respondeu prontamente ao pedido de gravar um v\u00eddeo respondendo aos jovens, de forma muito paterna e carinhosa.<\/p>\n<p>Frei Hans destacou que na Fazenda eles n\u00e3o falam apenas do \u00e1lcool ou da depend\u00eancia qu\u00edmica, mas motivam os jovens a serem pessoas melhores para eles mesmos e para a sociedade. &#8220;Voc\u00ea nasceu para fazer o bem, voc\u00ea tem dentro de voc\u00ea a capacidade de amar, de viver o Evangelho&#8221;, afirmou o fundador.<br \/>\nSeguindo esta linha, o Papa Francisco gravou um v\u00eddeo muito comovente para os jovens da Fazenda da Esperan\u00e7a, mas que serve para muitas pessoas que est\u00e3o desanimadas na f\u00e9. Confira o v\u00eddeo:<br \/>\n<a href=\"http:\/\/br.radiovaticana.va\/news\/2016\/04\/01\/papa_recebe_fundadores_da_fazenda_da_esperan%C3%A7a\/1219688\" target=\"_blank\" rel=\"noopener noreferrer\"><strong>Com informa\u00e7\u00f5es da R\u00e1dio Vaticano<\/strong><\/a><\/p>\n<p><iframe loading=\"lazy\" title=\"Papa Francisco manda mensagem aos jovens da Fazenda da Esperan\u00e7a\" width=\"500\" height=\"281\" src=\"https:\/\/www.youtube.com\/embed\/ks2mS98v6aw?feature=oembed\" frameborder=\"0\" allow=\"accelerometer; autoplay; encrypted-media; gyroscope; picture-in-picture\" allowfullscreen><\/iframe><\/p>\n","protected":false},"excerpt":{"rendered":"<p>Fazenda da Esperan\u00e7a<\/p>\n","protected":false},"author":1,"featured_media":223712,"comment_status":"open","ping_status":"open","sticky":false,"template":"","format":"standard","meta":[],"categories":[1428],"tags":[720,55],"acf":[],"yoast_head":"<!-- This site is optimized with the Yoast SEO plugin v19.2 - https:\/\/yoast.com\/wordpress\/plugins\/seo\/ -->\n<title>Papa Francisco recebe Frei Hans e Nelson dos Santos - Not\u00edcias - Franciscanos<\/title>\n<meta name=\"robots\" content=\"index, follow, max-snippet:-1, max-image-preview:large, max-video-preview:-1\" \/>\n<link rel=\"canonical\" href=\"https:\/\/franciscanos.org.br\/noticias\/papa-francisco-recebe-frei-hans-e-nelson-dos-santos.html\" \/>\n<meta property=\"og:locale\" content=\"pt_BR\" \/>\n<meta property=\"og:type\" content=\"article\" \/>\n<meta property=\"og:title\" content=\"Papa Francisco recebe Frei Hans e Nelson dos Santos - Not\u00edcias - Franciscanos\" \/>\n<meta property=\"og:description\" content=\"Fazenda da Esperan\u00e7a\" \/>\n<meta property=\"og:url\" content=\"https:\/\/franciscanos.org.br\/noticias\/papa-francisco-recebe-frei-hans-e-nelson-dos-santos.html\" \/>\n<meta property=\"og:site_name\" content=\"Not\u00edcias - Franciscanos\" \/>\n<meta property=\"article:published_time\" content=\"2016-04-06T12:25:53+00:00\" \/>\n<meta property=\"article:modified_time\" content=\"2020-09-08T17:20:37+00:00\" \/>\n<meta property=\"og:image\" content=\"https:\/\/franciscanos.org.br\/noticias\/wp-content\/uploads\/2016\/04\/fazenda_1.jpg\" \/>\n\t<meta property=\"og:image:width\" content=\"800\" \/>\n\t<meta property=\"og:image:height\" content=\"599\" \/>\n\t<meta property=\"og:image:type\" content=\"image\/jpeg\" \/>\n<meta name=\"author\" content=\"admin\" \/>\n<meta name=\"twitter:card\" content=\"summary_large_image\" \/>\n<meta name=\"twitter:label1\" content=\"Escrito por\" \/>\n\t<meta name=\"twitter:data1\" content=\"admin\" \/>\n\t<meta name=\"twitter:label2\" content=\"Est. tempo de leitura\" \/>\n\t<meta name=\"twitter:data2\" content=\"1 minuto\" \/>\n<script type=\"application\/ld+json\" class=\"yoast-schema-graph\">{\"@context\":\"https:\/\/schema.org\",\"@graph\":[{\"@type\":\"WebSite\",\"@id\":\"https:\/\/franciscanos.org.br\/noticias\/#website\",\"url\":\"https:\/\/franciscanos.org.br\/noticias\/\",\"name\":\"Not\u00edcias - Franciscanos\",\"description\":\"Prov\u00edncia Franciscana da Imaculada Concei\u00e7\u00e3o do Brasil - Ordem dos Frades Menores - OFM\",\"potentialAction\":[{\"@type\":\"SearchAction\",\"target\":{\"@type\":\"EntryPoint\",\"urlTemplate\":\"https:\/\/franciscanos.org.br\/noticias\/?s={search_term_string}\"},\"query-input\":\"required name=search_term_string\"}],\"inLanguage\":\"pt-BR\"},{\"@type\":\"ImageObject\",\"inLanguage\":\"pt-BR\",\"@id\":\"https:\/\/franciscanos.org.br\/noticias\/papa-francisco-recebe-frei-hans-e-nelson-dos-santos.html#primaryimage\",\"url\":\"https:\/\/franciscanos.org.br\/noticias\/wp-content\/uploads\/2016\/04\/fazenda_1.jpg\",\"contentUrl\":\"https:\/\/franciscanos.org.br\/noticias\/wp-content\/uploads\/2016\/04\/fazenda_1.jpg\",\"width\":800,\"height\":599},{\"@type\":\"WebPage\",\"@id\":\"https:\/\/franciscanos.org.br\/noticias\/papa-francisco-recebe-frei-hans-e-nelson-dos-santos.html#webpage\",\"url\":\"https:\/\/franciscanos.org.br\/noticias\/papa-francisco-recebe-frei-hans-e-nelson-dos-santos.html\",\"name\":\"Papa Francisco recebe Frei Hans e Nelson dos Santos - Not\u00edcias - Franciscanos\",\"isPartOf\":{\"@id\":\"https:\/\/franciscanos.org.br\/noticias\/#website\"},\"primaryImageOfPage\":{\"@id\":\"https:\/\/franciscanos.org.br\/noticias\/papa-francisco-recebe-frei-hans-e-nelson-dos-santos.html#primaryimage\"},\"datePublished\":\"2016-04-06T12:25:53+00:00\",\"dateModified\":\"2020-09-08T17:20:37+00:00\",\"author\":{\"@id\":\"https:\/\/franciscanos.org.br\/noticias\/#\/schema\/person\/b38fbf43118f02820bd932f2e4b14ad3\"},\"breadcrumb\":{\"@id\":\"https:\/\/franciscanos.org.br\/noticias\/papa-francisco-recebe-frei-hans-e-nelson-dos-santos.html#breadcrumb\"},\"inLanguage\":\"pt-BR\",\"potentialAction\":[{\"@type\":\"ReadAction\",\"target\":[\"https:\/\/franciscanos.org.br\/noticias\/papa-francisco-recebe-frei-hans-e-nelson-dos-santos.html\"]}]},{\"@type\":\"BreadcrumbList\",\"@id\":\"https:\/\/franciscanos.org.br\/noticias\/papa-francisco-recebe-frei-hans-e-nelson-dos-santos.html#breadcrumb\",\"itemListElement\":[{\"@type\":\"ListItem\",\"position\":1,\"name\":\"Home\",\"item\":\"https:\/\/franciscanos.org.br\/noticias\"},{\"@type\":\"ListItem\",\"position\":2,\"name\":\"Papa Francisco recebe Frei Hans e Nelson dos Santos\"}]},{\"@type\":\"Person\",\"@id\":\"https:\/\/franciscanos.org.br\/noticias\/#\/schema\/person\/b38fbf43118f02820bd932f2e4b14ad3\",\"name\":\"admin\",\"image\":{\"@type\":\"ImageObject\",\"inLanguage\":\"pt-BR\",\"@id\":\"https:\/\/franciscanos.org.br\/noticias\/#\/schema\/person\/image\/\",\"url\":\"https:\/\/secure.gravatar.com\/avatar\/e8495742d34d0ba6448ea1c628263b3e?s=96&d=mm&r=g\",\"contentUrl\":\"https:\/\/secure.gravatar.com\/avatar\/e8495742d34d0ba6448ea1c628263b3e?s=96&d=mm&r=g\",\"caption\":\"admin\"},\"url\":\"https:\/\/franciscanos.org.br\/noticias\/author\/admin\"}]}<\/script>\n<!-- \/ Yoast SEO plugin. -->","yoast_head_json":{"title":"Papa Francisco recebe Frei Hans e Nelson dos Santos - Not\u00edcias - Franciscanos","robots":{"index":"index","follow":"follow","max-snippet":"max-snippet:-1","max-image-preview":"max-image-preview:large","max-video-preview":"max-video-preview:-1"},"canonical":"https:\/\/franciscanos.org.br\/noticias\/papa-francisco-recebe-frei-hans-e-nelson-dos-santos.html","og_locale":"pt_BR","og_type":"article","og_title":"Papa Francisco recebe Frei Hans e Nelson dos Santos - Not\u00edcias - Franciscanos","og_description":"Fazenda da Esperan\u00e7a","og_url":"https:\/\/franciscanos.org.br\/noticias\/papa-francisco-recebe-frei-hans-e-nelson-dos-santos.html","og_site_name":"Not\u00edcias - Franciscanos","article_published_time":"2016-04-06T12:25:53+00:00","article_modified_time":"2020-09-08T17:20:37+00:00","og_image":[{"width":800,"height":599,"url":"https:\/\/franciscanos.org.br\/noticias\/wp-content\/uploads\/2016\/04\/fazenda_1.jpg","type":"image\/jpeg"}],"author":"admin","twitter_card":"summary_large_image","twitter_misc":{"Escrito por":"admin","Est. tempo de leitura":"1 minuto"},"schema":{"@context":"https:\/\/schema.org","@graph":[{"@type":"WebSite","@id":"https:\/\/franciscanos.org.br\/noticias\/#website","url":"https:\/\/franciscanos.org.br\/noticias\/","name":"Not\u00edcias - Franciscanos","description":"Prov\u00edncia Franciscana da Imaculada Concei\u00e7\u00e3o do Brasil - Ordem dos Frades Menores - OFM","potentialAction":[{"@type":"SearchAction","target":{"@type":"EntryPoint","urlTemplate":"https:\/\/franciscanos.org.br\/noticias\/?s={search_term_string}"},"query-input":"required name=search_term_string"}],"inLanguage":"pt-BR"},{"@type":"ImageObject","inLanguage":"pt-BR","@id":"https:\/\/franciscanos.org.br\/noticias\/papa-francisco-recebe-frei-hans-e-nelson-dos-santos.html#primaryimage","url":"https:\/\/franciscanos.org.br\/noticias\/wp-content\/uploads\/2016\/04\/fazenda_1.jpg","contentUrl":"https:\/\/franciscanos.org.br\/noticias\/wp-content\/uploads\/2016\/04\/fazenda_1.jpg","width":800,"height":599},{"@type":"WebPage","@id":"https:\/\/franciscanos.org.br\/noticias\/papa-francisco-recebe-frei-hans-e-nelson-dos-santos.html#webpage","url":"https:\/\/franciscanos.org.br\/noticias\/papa-francisco-recebe-frei-hans-e-nelson-dos-santos.html","name":"Papa Francisco recebe Frei Hans e Nelson dos Santos - Not\u00edcias - Franciscanos","isPartOf":{"@id":"https:\/\/franciscanos.org.br\/noticias\/#website"},"primaryImageOfPage":{"@id":"https:\/\/franciscanos.org.br\/noticias\/papa-francisco-recebe-frei-hans-e-nelson-dos-santos.html#primaryimage"},"datePublished":"2016-04-06T12:25:53+00:00","dateModified":"2020-09-08T17:20:37+00:00","author":{"@id":"https:\/\/franciscanos.org.br\/noticias\/#\/schema\/person\/b38fbf43118f02820bd932f2e4b14ad3"},"breadcrumb":{"@id":"https:\/\/franciscanos.org.br\/noticias\/papa-francisco-recebe-frei-hans-e-nelson-dos-santos.html#breadcrumb"},"inLanguage":"pt-BR","potentialAction":[{"@type":"ReadAction","target":["https:\/\/franciscanos.org.br\/noticias\/papa-francisco-recebe-frei-hans-e-nelson-dos-santos.html"]}]},{"@type":"BreadcrumbList","@id":"https:\/\/franciscanos.org.br\/noticias\/papa-francisco-recebe-frei-hans-e-nelson-dos-santos.html#breadcrumb","itemListElement":[{"@type":"ListItem","position":1,"name":"Home","item":"https:\/\/franciscanos.org.br\/noticias"},{"@type":"ListItem","position":2,"name":"Papa Francisco recebe Frei Hans e Nelson dos Santos"}]},{"@type":"Person","@id":"https:\/\/franciscanos.org.br\/noticias\/#\/schema\/person\/b38fbf43118f02820bd932f2e4b14ad3","name":"admin","image":{"@type":"ImageObject","inLanguage":"pt-BR","@id":"https:\/\/franciscanos.org.br\/noticias\/#\/schema\/person\/image\/","url":"https:\/\/secure.gravatar.com\/avatar\/e8495742d34d0ba6448ea1c628263b3e?s=96&d=mm&r=g","contentUrl":"https:\/\/secure.gravatar.com\/avatar\/e8495742d34d0ba6448ea1c628263b3e?s=96&d=mm&r=g","caption":"admin"},"url":"https:\/\/franciscanos.org.br\/noticias\/author\/admin"}]}},"_links":{"self":[{"href":"https:\/\/franciscanos.org.br\/noticias\/wp-json\/wp\/v2\/posts\/107092"}],"collection":[{"href":"https:\/\/franciscanos.org.br\/noticias\/wp-json\/wp\/v2\/posts"}],"about":[{"href":"https:\/\/franciscanos.org.br\/noticias\/wp-json\/wp\/v2\/types\/post"}],"author":[{"embeddable":true,"href":"https:\/\/franciscanos.org.br\/noticias\/wp-json\/wp\/v2\/users\/1"}],"replies":[{"embeddable":true,"href":"https:\/\/franciscanos.org.br\/noticias\/wp-json\/wp\/v2\/comments?post=107092"}],"version-history":[{"count":1,"href":"https:\/\/franciscanos.org.br\/noticias\/wp-json\/wp\/v2\/posts\/107092\/revisions"}],"predecessor-version":[{"id":223711,"href":"https:\/\/franciscanos.org.br\/noticias\/wp-json\/wp\/v2\/posts\/107092\/revisions\/223711"}],"wp:featuredmedia":[{"embeddable":true,"href":"https:\/\/franciscanos.org.br\/noticias\/wp-json\/wp\/v2\/media\/223712"}],"wp:attachment":[{"href":"https:\/\/franciscanos.org.br\/noticias\/wp-json\/wp\/v2\/media?parent=107092"}],"wp:term":[{"taxonomy":"category","embeddable":true,"href":"https:\/\/franciscanos.org.br\/noticias\/wp-json\/wp\/v2\/categories?post=107092"},{"taxonomy":"post_tag","embeddable":true,"href":"https:\/\/franciscanos.org.br\/noticias\/wp-json\/wp\/v2\/tags?post=107092"}],"curies":[{"name":"wp","href":"https:\/\/api.w.org\/{rel}","templated":true}]}}