{"id":107083,"date":"2016-04-06T08:09:37","date_gmt":"2016-04-06T11:09:37","guid":{"rendered":"http:\/\/franciscanos.org.br\/?p=107083"},"modified":"2020-06-09T18:43:18","modified_gmt":"2020-06-09T21:43:18","slug":"nao-devemos-temer-as-nossas-miserias","status":"publish","type":"post","link":"https:\/\/franciscanos.org.br\/noticias\/nao-devemos-temer-as-nossas-miserias.html","title":{"rendered":"N\u00e3o devemos temer as nossas mis\u00e9rias"},"content":{"rendered":"<p><img loading=\"lazy\" src=\"http:\/\/franciscanos.org.br\/wp-content\/uploads\/2016\/04\/lizzy.jpg\" alt=\"lizzy\" width=\"820\" height=\"432\" \/><\/p>\n<p>Cidade do Vaticano \u2013 O Evangelho da miseric\u00f3rdia exemplificado pela vida terrena de Jesus, a partir do Batismo de Cristo no Rio Jord\u00e3o. Com esse tema, o Papa Francisco abriu nesta quarta-feira (6\/4), uma nova etapa nas suas reflex\u00f5es durante as Audi\u00eancias gerais.<\/p>\n<p>\u201cJesus \u00e9 a miseric\u00f3rdia de Deus feita carne. Uma miseric\u00f3rdia que Ele expressou, realizou e comunicou sempre (&#8230;) encontrando as multid\u00f5es, anunciando o Evangelho, curando os doentes, perdoando os pecadores\u201d, disse o Papa.<\/p>\n<p>Com estes gestos, Jesus torna vis\u00edvel um amor ilimitado aberto a todos \u2013 que n\u00e3o exclui ningu\u00e9m \u2013, sublinhou Francisco. Amor que se reflete tamb\u00e9m na presen\u00e7a de Jesus na fila para receber o Batismo de Jo\u00e3o Batista: \u201cEste \u00e9 um fato que imprime uma marca decisiva para toda a miss\u00e3o de Cristo. Ele n\u00e3o se apresentou ao mundo no esplendor do tempo \u2013 poderia ter feito \u2013 n\u00e3o se fez anunciar ao som de trombetas \u2013 poderia ter feito \u2013 e tampouco apresentou-se nas vestes de um juiz \u2013 poderia ter feito\u201d, ponderou repetidamente o Papa.<\/p>\n<p>Jesus \u201cn\u00e3o teve vergonha, estava ali com todos os pecadores, para ser batizado\u201d. Portanto \u2013 prosseguiu Francisco \u2013 desde o in\u00edcio do seu minist\u00e9rio, Ele se manifestou como Messias que assume a condi\u00e7\u00e3o humana, movido pela solidariedade e pela compaix\u00e3o\u201d.<\/p>\n<p>Express\u00f5es convergentes do plano inicial da vida de Cristo na Terra, que marca o in\u00edcio do tempo de miseric\u00f3rdia para toda a humanidade: \u201clevar a todos o amor de Deus que salva\u201d.<\/p>\n<p>\u201cJesus n\u00e3o trouxe o \u00f3dio, a inimizade, nos trouxe o amor, um amor grande, um cora\u00e7\u00e3o aberto a todos, todos n\u00f3s, um amor que salva\u201d, reiterou o Papa \u2013 ao afirmar que Ele se fez pr\u00f3ximo aos \u00faltimos, comunicando a eles a miseric\u00f3rdia de Deus que \u00e9 perd\u00e3o, alegria, vida nova\u201d.<\/p>\n<p>Francisco recordou que \u00e9 na Cruz que Jesus \u201capresenta o pecado do mundo \u00e0 miseric\u00f3rdia do Pai\u201d: &#8220;Mas quantas vezes dizemos: \u2018este \u00e9 um pecador, fez isso e aquilo, julgamos os outros?\u2019 Mas, e tu? Cada um de n\u00f3s deveria se perguntar: sim, aquele \u00e9 um pecador, mas, e eu? Todos somos pecadores, mas todos somos perdoados, todos temos a possibilidade de receber este perd\u00e3o que \u00e9 a miseric\u00f3rdia de Deus\u201d.<\/p>\n<p>Nada e ningu\u00e9m \u2013 advertiu o Pont\u00edfice \u2013 est\u00e1 exclu\u00eddo desta ora\u00e7\u00e3o de Jesus na hora da Paix\u00e3o: \u201cIsso significa que n\u00e3o devemos ter medo de nos reconhecermos e de nos confessarmos pecadores (&#8230;) n\u00e3o devemos temer as nossas mis\u00e9rias: e cada um tem as suas. Mas a pot\u00eancia inexaur\u00edvel de amor do Crucificado n\u00e3o conhece obst\u00e1culos e esta miseric\u00f3rdia cancela todas as nossas mis\u00e9rias\u201d.<\/p>\n<h3><img loading=\"lazy\" class=\"alignleft size-full wp-image-107090\" src=\"http:\/\/franciscanos.org.br\/wp-content\/uploads\/2016\/04\/lizzy2.jpg\" alt=\"lizzy2\" width=\"302\" height=\"400\" \/>O sonho da pequena Lizzy \u00e9 realizado<\/h3>\n<p>A pequena Elizabeth Myers, ou Lizzy para os mais pr\u00f3ximos, tem 5 anos de idade e vive no seu Estado norte-americano natal de Ohio, junto com a irm\u00e3zinha de 3 anos e os pais de origem italiana. Sua hist\u00f3ria comoveu o mundo e o seu grande desejo de conhecer o Papa Francisco se realizou nesta quarta-feira, depois da audi\u00eancia geral.<\/p>\n<p>Desde que nasceu, Lizzy trava uma batalha, cruel e in\u00fatil, contra uma doen\u00e7a gen\u00e9tica rara, a s\u00edndrome de Usher, que a condena a uma cegueira inevit\u00e1vel. Antes que os seus olhinhos fechem para sempre, ela queria conhecer o Papa Francisco. Francisco, com seu carinho de vov\u00f4 j\u00e1 reconhecido no mundo inteiro, lhe deu coragem para continuar enfrentando esse desafio t\u00e3o incompreens\u00edvel.<\/p>\n<p>A vis\u00e3o da pequena Lizzy se degrada sem volta e a fam\u00edlia tomou a decis\u00e3o de lhe oferecer o desejado encontro pessoal com o papa Francisco no Vaticano \u2013 um desejo que a menina manifestava com frequ\u00eancia. No dia, 29 de mar\u00e7o, Lizzy e sua fam\u00edlia chegaram a Roma a bordo de um voo gratuitamente oferecido pela companhia a\u00e9rea Turkish Airlines: o sonho estava se tornando realidade. Na capital da It\u00e1lia, toda a fam\u00edlia est\u00e1 recebendo as aten\u00e7\u00f5es dos volunt\u00e1rios da Unitalsi, uma associa\u00e7\u00e3o cat\u00f3lica italiana de ajuda a peregrinos e doentes e que \u00e9 a coluna vertebral deste comovente projeto.<\/p>\n<hr \/>\n<p><em>Fonte: R\u00e1dio Vaticano<\/em><\/p>\n","protected":false},"excerpt":{"rendered":"<p>Audi\u00eancia Geral<\/p>\n","protected":false},"author":1,"featured_media":223713,"comment_status":"open","ping_status":"open","sticky":false,"template":"","format":"standard","meta":[],"categories":[1428],"tags":[487],"acf":[],"yoast_head":"<!-- This site is optimized with the Yoast SEO plugin v19.2 - https:\/\/yoast.com\/wordpress\/plugins\/seo\/ -->\n<title>N\u00e3o devemos temer as nossas mis\u00e9rias - Not\u00edcias - Franciscanos<\/title>\n<meta name=\"robots\" content=\"index, follow, max-snippet:-1, max-image-preview:large, max-video-preview:-1\" \/>\n<link rel=\"canonical\" href=\"https:\/\/franciscanos.org.br\/noticias\/nao-devemos-temer-as-nossas-miserias.html\" \/>\n<meta property=\"og:locale\" content=\"pt_BR\" \/>\n<meta property=\"og:type\" content=\"article\" \/>\n<meta property=\"og:title\" content=\"N\u00e3o devemos temer as nossas mis\u00e9rias - Not\u00edcias - Franciscanos\" \/>\n<meta property=\"og:description\" content=\"Audi\u00eancia Geral\" \/>\n<meta property=\"og:url\" content=\"https:\/\/franciscanos.org.br\/noticias\/nao-devemos-temer-as-nossas-miserias.html\" \/>\n<meta property=\"og:site_name\" content=\"Not\u00edcias - Franciscanos\" \/>\n<meta property=\"article:published_time\" content=\"2016-04-06T11:09:37+00:00\" \/>\n<meta property=\"article:modified_time\" content=\"2020-06-09T21:43:18+00:00\" \/>\n<meta property=\"og:image\" content=\"https:\/\/franciscanos.org.br\/noticias\/wp-content\/uploads\/2016\/04\/lizzy.jpg\" \/>\n\t<meta property=\"og:image:width\" content=\"800\" \/>\n\t<meta property=\"og:image:height\" content=\"600\" \/>\n\t<meta property=\"og:image:type\" content=\"image\/jpeg\" \/>\n<meta name=\"author\" content=\"admin\" \/>\n<meta name=\"twitter:card\" content=\"summary_large_image\" \/>\n<meta name=\"twitter:label1\" content=\"Escrito por\" \/>\n\t<meta name=\"twitter:data1\" content=\"admin\" \/>\n\t<meta name=\"twitter:label2\" content=\"Est. tempo de leitura\" \/>\n\t<meta name=\"twitter:data2\" content=\"4 minutos\" \/>\n<script type=\"application\/ld+json\" class=\"yoast-schema-graph\">{\"@context\":\"https:\/\/schema.org\",\"@graph\":[{\"@type\":\"WebSite\",\"@id\":\"https:\/\/franciscanos.org.br\/noticias\/#website\",\"url\":\"https:\/\/franciscanos.org.br\/noticias\/\",\"name\":\"Not\u00edcias - Franciscanos\",\"description\":\"Prov\u00edncia Franciscana da Imaculada Concei\u00e7\u00e3o do Brasil - Ordem dos Frades Menores - OFM\",\"potentialAction\":[{\"@type\":\"SearchAction\",\"target\":{\"@type\":\"EntryPoint\",\"urlTemplate\":\"https:\/\/franciscanos.org.br\/noticias\/?s={search_term_string}\"},\"query-input\":\"required name=search_term_string\"}],\"inLanguage\":\"pt-BR\"},{\"@type\":\"ImageObject\",\"inLanguage\":\"pt-BR\",\"@id\":\"https:\/\/franciscanos.org.br\/noticias\/nao-devemos-temer-as-nossas-miserias.html#primaryimage\",\"url\":\"https:\/\/franciscanos.org.br\/noticias\/wp-content\/uploads\/2016\/04\/lizzy.jpg\",\"contentUrl\":\"https:\/\/franciscanos.org.br\/noticias\/wp-content\/uploads\/2016\/04\/lizzy.jpg\",\"width\":800,\"height\":600},{\"@type\":\"WebPage\",\"@id\":\"https:\/\/franciscanos.org.br\/noticias\/nao-devemos-temer-as-nossas-miserias.html#webpage\",\"url\":\"https:\/\/franciscanos.org.br\/noticias\/nao-devemos-temer-as-nossas-miserias.html\",\"name\":\"N\u00e3o devemos temer as nossas mis\u00e9rias - Not\u00edcias - Franciscanos\",\"isPartOf\":{\"@id\":\"https:\/\/franciscanos.org.br\/noticias\/#website\"},\"primaryImageOfPage\":{\"@id\":\"https:\/\/franciscanos.org.br\/noticias\/nao-devemos-temer-as-nossas-miserias.html#primaryimage\"},\"datePublished\":\"2016-04-06T11:09:37+00:00\",\"dateModified\":\"2020-06-09T21:43:18+00:00\",\"author\":{\"@id\":\"https:\/\/franciscanos.org.br\/noticias\/#\/schema\/person\/b38fbf43118f02820bd932f2e4b14ad3\"},\"breadcrumb\":{\"@id\":\"https:\/\/franciscanos.org.br\/noticias\/nao-devemos-temer-as-nossas-miserias.html#breadcrumb\"},\"inLanguage\":\"pt-BR\",\"potentialAction\":[{\"@type\":\"ReadAction\",\"target\":[\"https:\/\/franciscanos.org.br\/noticias\/nao-devemos-temer-as-nossas-miserias.html\"]}]},{\"@type\":\"BreadcrumbList\",\"@id\":\"https:\/\/franciscanos.org.br\/noticias\/nao-devemos-temer-as-nossas-miserias.html#breadcrumb\",\"itemListElement\":[{\"@type\":\"ListItem\",\"position\":1,\"name\":\"Home\",\"item\":\"https:\/\/franciscanos.org.br\/noticias\"},{\"@type\":\"ListItem\",\"position\":2,\"name\":\"N\u00e3o devemos temer as nossas mis\u00e9rias\"}]},{\"@type\":\"Person\",\"@id\":\"https:\/\/franciscanos.org.br\/noticias\/#\/schema\/person\/b38fbf43118f02820bd932f2e4b14ad3\",\"name\":\"admin\",\"image\":{\"@type\":\"ImageObject\",\"inLanguage\":\"pt-BR\",\"@id\":\"https:\/\/franciscanos.org.br\/noticias\/#\/schema\/person\/image\/\",\"url\":\"https:\/\/secure.gravatar.com\/avatar\/e8495742d34d0ba6448ea1c628263b3e?s=96&d=mm&r=g\",\"contentUrl\":\"https:\/\/secure.gravatar.com\/avatar\/e8495742d34d0ba6448ea1c628263b3e?s=96&d=mm&r=g\",\"caption\":\"admin\"},\"url\":\"https:\/\/franciscanos.org.br\/noticias\/author\/admin\"}]}<\/script>\n<!-- \/ Yoast SEO plugin. -->","yoast_head_json":{"title":"N\u00e3o devemos temer as nossas mis\u00e9rias - Not\u00edcias - Franciscanos","robots":{"index":"index","follow":"follow","max-snippet":"max-snippet:-1","max-image-preview":"max-image-preview:large","max-video-preview":"max-video-preview:-1"},"canonical":"https:\/\/franciscanos.org.br\/noticias\/nao-devemos-temer-as-nossas-miserias.html","og_locale":"pt_BR","og_type":"article","og_title":"N\u00e3o devemos temer as nossas mis\u00e9rias - Not\u00edcias - Franciscanos","og_description":"Audi\u00eancia Geral","og_url":"https:\/\/franciscanos.org.br\/noticias\/nao-devemos-temer-as-nossas-miserias.html","og_site_name":"Not\u00edcias - Franciscanos","article_published_time":"2016-04-06T11:09:37+00:00","article_modified_time":"2020-06-09T21:43:18+00:00","og_image":[{"width":800,"height":600,"url":"https:\/\/franciscanos.org.br\/noticias\/wp-content\/uploads\/2016\/04\/lizzy.jpg","type":"image\/jpeg"}],"author":"admin","twitter_card":"summary_large_image","twitter_misc":{"Escrito por":"admin","Est. tempo de leitura":"4 minutos"},"schema":{"@context":"https:\/\/schema.org","@graph":[{"@type":"WebSite","@id":"https:\/\/franciscanos.org.br\/noticias\/#website","url":"https:\/\/franciscanos.org.br\/noticias\/","name":"Not\u00edcias - Franciscanos","description":"Prov\u00edncia Franciscana da Imaculada Concei\u00e7\u00e3o do Brasil - Ordem dos Frades Menores - OFM","potentialAction":[{"@type":"SearchAction","target":{"@type":"EntryPoint","urlTemplate":"https:\/\/franciscanos.org.br\/noticias\/?s={search_term_string}"},"query-input":"required name=search_term_string"}],"inLanguage":"pt-BR"},{"@type":"ImageObject","inLanguage":"pt-BR","@id":"https:\/\/franciscanos.org.br\/noticias\/nao-devemos-temer-as-nossas-miserias.html#primaryimage","url":"https:\/\/franciscanos.org.br\/noticias\/wp-content\/uploads\/2016\/04\/lizzy.jpg","contentUrl":"https:\/\/franciscanos.org.br\/noticias\/wp-content\/uploads\/2016\/04\/lizzy.jpg","width":800,"height":600},{"@type":"WebPage","@id":"https:\/\/franciscanos.org.br\/noticias\/nao-devemos-temer-as-nossas-miserias.html#webpage","url":"https:\/\/franciscanos.org.br\/noticias\/nao-devemos-temer-as-nossas-miserias.html","name":"N\u00e3o devemos temer as nossas mis\u00e9rias - Not\u00edcias - Franciscanos","isPartOf":{"@id":"https:\/\/franciscanos.org.br\/noticias\/#website"},"primaryImageOfPage":{"@id":"https:\/\/franciscanos.org.br\/noticias\/nao-devemos-temer-as-nossas-miserias.html#primaryimage"},"datePublished":"2016-04-06T11:09:37+00:00","dateModified":"2020-06-09T21:43:18+00:00","author":{"@id":"https:\/\/franciscanos.org.br\/noticias\/#\/schema\/person\/b38fbf43118f02820bd932f2e4b14ad3"},"breadcrumb":{"@id":"https:\/\/franciscanos.org.br\/noticias\/nao-devemos-temer-as-nossas-miserias.html#breadcrumb"},"inLanguage":"pt-BR","potentialAction":[{"@type":"ReadAction","target":["https:\/\/franciscanos.org.br\/noticias\/nao-devemos-temer-as-nossas-miserias.html"]}]},{"@type":"BreadcrumbList","@id":"https:\/\/franciscanos.org.br\/noticias\/nao-devemos-temer-as-nossas-miserias.html#breadcrumb","itemListElement":[{"@type":"ListItem","position":1,"name":"Home","item":"https:\/\/franciscanos.org.br\/noticias"},{"@type":"ListItem","position":2,"name":"N\u00e3o devemos temer as nossas mis\u00e9rias"}]},{"@type":"Person","@id":"https:\/\/franciscanos.org.br\/noticias\/#\/schema\/person\/b38fbf43118f02820bd932f2e4b14ad3","name":"admin","image":{"@type":"ImageObject","inLanguage":"pt-BR","@id":"https:\/\/franciscanos.org.br\/noticias\/#\/schema\/person\/image\/","url":"https:\/\/secure.gravatar.com\/avatar\/e8495742d34d0ba6448ea1c628263b3e?s=96&d=mm&r=g","contentUrl":"https:\/\/secure.gravatar.com\/avatar\/e8495742d34d0ba6448ea1c628263b3e?s=96&d=mm&r=g","caption":"admin"},"url":"https:\/\/franciscanos.org.br\/noticias\/author\/admin"}]}},"_links":{"self":[{"href":"https:\/\/franciscanos.org.br\/noticias\/wp-json\/wp\/v2\/posts\/107083"}],"collection":[{"href":"https:\/\/franciscanos.org.br\/noticias\/wp-json\/wp\/v2\/posts"}],"about":[{"href":"https:\/\/franciscanos.org.br\/noticias\/wp-json\/wp\/v2\/types\/post"}],"author":[{"embeddable":true,"href":"https:\/\/franciscanos.org.br\/noticias\/wp-json\/wp\/v2\/users\/1"}],"replies":[{"embeddable":true,"href":"https:\/\/franciscanos.org.br\/noticias\/wp-json\/wp\/v2\/comments?post=107083"}],"version-history":[{"count":2,"href":"https:\/\/franciscanos.org.br\/noticias\/wp-json\/wp\/v2\/posts\/107083\/revisions"}],"predecessor-version":[{"id":225735,"href":"https:\/\/franciscanos.org.br\/noticias\/wp-json\/wp\/v2\/posts\/107083\/revisions\/225735"}],"wp:featuredmedia":[{"embeddable":true,"href":"https:\/\/franciscanos.org.br\/noticias\/wp-json\/wp\/v2\/media\/223713"}],"wp:attachment":[{"href":"https:\/\/franciscanos.org.br\/noticias\/wp-json\/wp\/v2\/media?parent=107083"}],"wp:term":[{"taxonomy":"category","embeddable":true,"href":"https:\/\/franciscanos.org.br\/noticias\/wp-json\/wp\/v2\/categories?post=107083"},{"taxonomy":"post_tag","embeddable":true,"href":"https:\/\/franciscanos.org.br\/noticias\/wp-json\/wp\/v2\/tags?post=107083"}],"curies":[{"name":"wp","href":"https:\/\/api.w.org\/{rel}","templated":true}]}}