{"id":107060,"date":"2016-04-05T09:45:48","date_gmt":"2016-04-05T12:45:48","guid":{"rendered":"http:\/\/franciscanos.org.br\/?p=107060"},"modified":"2020-06-09T18:53:48","modified_gmt":"2020-06-09T21:53:48","slug":"deus-e-o-dinheiro-dois-patroes-irreconciliaveis","status":"publish","type":"post","link":"https:\/\/franciscanos.org.br\/noticias\/deus-e-o-dinheiro-dois-patroes-irreconciliaveis.html","title":{"rendered":"Deus e o dinheiro:  dois patr\u00f5es irreconcili\u00e1veis"},"content":{"rendered":"<p><img loading=\"lazy\" class=\"alignleft size-full wp-image-107061\" src=\"http:\/\/franciscanos.org.br\/wp-content\/uploads\/2016\/04\/papa_marta.jpg\" alt=\"papa_marta\" width=\"820\" height=\"380\" \/><\/p>\n<p><strong>Cidade do Vaticano (RV)<\/strong> \u2013 O Pont\u00edfice celebrou nesta ter\u00e7a-feira (05\/04), a missa matutina na capela da Casa Santa Marta, no Vaticano. E baseou a sua homilia, como habitualmente, nas leituras do dia.<\/p>\n<p>Um s\u00f3 cora\u00e7\u00e3o, uma s\u00f3 alma, bens distribu\u00eddos segundo as necessidades e nenhum pobre. Os sentimentos e o estilo de vida da primeira comunidade crist\u00e3 podem ser resumidos em uma \u00fanica palavra, segundo os Atos dos Ap\u00f3stolos: harmonia.<\/p>\n<p><strong>A harmonia e seu inimigo<\/strong><\/p>\n<p>Uma palavra sobre a qual \u00e9 preciso um consenso \u2013 afirma o Papa no in\u00edcio da homilia, porque n\u00e3o se trata de uma conc\u00f3rdia qualquer, mas de um dom do c\u00e9u para quem renasceu do Esp\u00edrito Santo, como os primeiros crist\u00e3os:<\/p>\n<p>\u201cN\u00f3s podemos fazer acordos, uma certa paz&#8230; mas a harmonia \u00e9 uma gra\u00e7a interior que somente o Esp\u00edrito Santo pode promover. E estas comunidades viviam em harmonia, e os sinais da harmonia s\u00e3o dois: ningu\u00e9m fica na necessidade, porque tudo era em comum. Em que sentido? Tinham um s\u00f3 cora\u00e7\u00e3o, uma s\u00f3 alma e ningu\u00e9m considerava o que lhe pertencia como propriedade, porque tudo era em comum. Ningu\u00e9m deles era carente. A verdadeira \u2018harmonia\u2019 do Esp\u00edrito Santo tem uma rela\u00e7\u00e3o muito forte com o dinheiro: o dinheiro \u00e9 inimigo da harmonia; o dinheiro \u00e9 ego\u00edsta e, por isso, todos davam o que tinham para que n\u00e3o faltasse nada a ningu\u00e9m\u201d.<\/p>\n<p><strong>Harmonia n\u00e3o \u00e9 tranquilidade<\/strong><\/p>\n<p>O Papa se det\u00e9m sobre este aspecto e repete o exemplo virtuoso oferecido pelo trecho dos Atos, o de Barnab\u00e9, que vende sua terra e entrega o dinheiro aos Ap\u00f3stolos. No entanto, os vers\u00edculos seguintes, n\u00e3o inclu\u00eddos na leitura do dia, prop\u00f5em outro epis\u00f3dio, oposto ao primeiro, que Francisco cita: o de Ananias e Safira, um casal que finge dar o arrecadado com venda de suas terras, mas na realidade ret\u00e9m uma parte do dinheiro; uma escolha que para eles ter\u00e1 um pre\u00e7o muito amargo, a morte. Deus e o dinheiro s\u00e3o dois patr\u00f5es \u201ccujo servi\u00e7o \u00e9 irreconcili\u00e1vel\u201d, repete Francisco, que logo depois esclarece tamb\u00e9m o equ\u00edvoco que pode surgir sobre o conceito de \u2018harmonia\u2019. N\u00e3o se trata \u2013 afirma \u2013 de \u2018tranquilidade\u2019.<\/p>\n<p>\u201cUma comunidade pode ser muito tranquila, em que tudo vai bem: tudo funciona\u2026 Mas n\u00e3o est\u00e1 em harmonia. Uma vez, ouvi dizer de um bispo algo muito s\u00e1bio: \u2018Na diocese h\u00e1 tranquilidade. Mas se voc\u00ea tocar um problema, ou este ou aquele outro problema, logo come\u00e7a a guerra\u2019. Esta seria uma harmonia negociada, e esta n\u00e3o \u00e9 a do Esp\u00edrito Santo. \u00c9 uma harmonia \u2013 digamos \u2013 hip\u00f3crita, como aquela de Ananias e Safira com aquilo que fizeram\u201d.<\/p>\n<p><strong>O Espirito e a coragem<\/strong><\/p>\n<p>Francisco conclui convidando \u00e0 releitura dos Atos dos Ap\u00f3stolos sobre os primeiros crist\u00e3os e sua vida em comum. \u201cNos far\u00e1 bem\u201d, disse ele, para entender como testemunhar a novidade em todos os ambientes em que se vive. Consciente de que, assim como para a harmonia, tamb\u00e9m no empenho do an\u00fancio se colhe o sinal de outro dom:<\/p>\n<p>\u201cA harmonia do Espirito Santo nos d\u00e1 esta generosidade de n\u00e3o ter nada pr\u00f3prio enquanto h\u00e1 algu\u00e9m necessitado. A harmonia do Esp\u00edrito Santo nos d\u00e1 uma segunda postura: \u2018Com grande for\u00e7a, os ap\u00f3stolos davam testemunho da Ressurrei\u00e7\u00e3o do Senhor Jesus, e todos regojizavam de grande favor\u2019, isto \u00e9, de coragem. Quando existe harmonia na Igreja, na comunidade, existe coragem, a coragem de testemunhar o Senhor Ressuscitado\u201d.<\/p>\n<hr \/>\n<p><em>Fonte: R\u00e1dio Vaticano<\/em><\/p>\n","protected":false},"excerpt":{"rendered":"<p>Missa em Santa Marta<\/p>\n","protected":false},"author":1,"featured_media":186411,"comment_status":"open","ping_status":"open","sticky":false,"template":"","format":"standard","meta":[],"categories":[1428],"tags":[176,539,55],"acf":[],"yoast_head":"<!-- This site is optimized with the Yoast SEO plugin v19.2 - https:\/\/yoast.com\/wordpress\/plugins\/seo\/ -->\n<title>Deus e o dinheiro: dois patr\u00f5es irreconcili\u00e1veis - Not\u00edcias - Franciscanos<\/title>\n<meta name=\"robots\" content=\"index, follow, max-snippet:-1, max-image-preview:large, max-video-preview:-1\" \/>\n<link rel=\"canonical\" href=\"https:\/\/franciscanos.org.br\/noticias\/deus-e-o-dinheiro-dois-patroes-irreconciliaveis.html\" \/>\n<meta property=\"og:locale\" content=\"pt_BR\" \/>\n<meta property=\"og:type\" content=\"article\" \/>\n<meta property=\"og:title\" content=\"Deus e o dinheiro: dois patr\u00f5es irreconcili\u00e1veis - Not\u00edcias - Franciscanos\" \/>\n<meta property=\"og:description\" content=\"Missa em Santa Marta\" \/>\n<meta property=\"og:url\" content=\"https:\/\/franciscanos.org.br\/noticias\/deus-e-o-dinheiro-dois-patroes-irreconciliaveis.html\" \/>\n<meta property=\"og:site_name\" content=\"Not\u00edcias - Franciscanos\" \/>\n<meta property=\"article:published_time\" content=\"2016-04-05T12:45:48+00:00\" \/>\n<meta property=\"article:modified_time\" content=\"2020-06-09T21:53:48+00:00\" \/>\n<meta property=\"og:image\" content=\"https:\/\/franciscanos.org.br\/noticias\/wp-content\/uploads\/2018\/11\/papa_marta-3.jpg\" \/>\n\t<meta property=\"og:image:width\" content=\"820\" \/>\n\t<meta property=\"og:image:height\" content=\"380\" \/>\n\t<meta property=\"og:image:type\" content=\"image\/jpeg\" \/>\n<meta name=\"author\" content=\"admin\" \/>\n<meta name=\"twitter:card\" content=\"summary_large_image\" \/>\n<meta name=\"twitter:label1\" content=\"Escrito por\" \/>\n\t<meta name=\"twitter:data1\" content=\"admin\" \/>\n\t<meta name=\"twitter:label2\" content=\"Est. tempo de leitura\" \/>\n\t<meta name=\"twitter:data2\" content=\"3 minutos\" \/>\n<script type=\"application\/ld+json\" class=\"yoast-schema-graph\">{\"@context\":\"https:\/\/schema.org\",\"@graph\":[{\"@type\":\"WebSite\",\"@id\":\"https:\/\/franciscanos.org.br\/noticias\/#website\",\"url\":\"https:\/\/franciscanos.org.br\/noticias\/\",\"name\":\"Not\u00edcias - Franciscanos\",\"description\":\"Prov\u00edncia Franciscana da Imaculada Concei\u00e7\u00e3o do Brasil - Ordem dos Frades Menores - OFM\",\"potentialAction\":[{\"@type\":\"SearchAction\",\"target\":{\"@type\":\"EntryPoint\",\"urlTemplate\":\"https:\/\/franciscanos.org.br\/noticias\/?s={search_term_string}\"},\"query-input\":\"required name=search_term_string\"}],\"inLanguage\":\"pt-BR\"},{\"@type\":\"ImageObject\",\"inLanguage\":\"pt-BR\",\"@id\":\"https:\/\/franciscanos.org.br\/noticias\/deus-e-o-dinheiro-dois-patroes-irreconciliaveis.html#primaryimage\",\"url\":\"https:\/\/franciscanos.org.br\/noticias\/wp-content\/uploads\/2018\/11\/papa_marta-3.jpg\",\"contentUrl\":\"https:\/\/franciscanos.org.br\/noticias\/wp-content\/uploads\/2018\/11\/papa_marta-3.jpg\",\"width\":820,\"height\":380},{\"@type\":\"WebPage\",\"@id\":\"https:\/\/franciscanos.org.br\/noticias\/deus-e-o-dinheiro-dois-patroes-irreconciliaveis.html#webpage\",\"url\":\"https:\/\/franciscanos.org.br\/noticias\/deus-e-o-dinheiro-dois-patroes-irreconciliaveis.html\",\"name\":\"Deus e o dinheiro: dois patr\u00f5es irreconcili\u00e1veis - Not\u00edcias - Franciscanos\",\"isPartOf\":{\"@id\":\"https:\/\/franciscanos.org.br\/noticias\/#website\"},\"primaryImageOfPage\":{\"@id\":\"https:\/\/franciscanos.org.br\/noticias\/deus-e-o-dinheiro-dois-patroes-irreconciliaveis.html#primaryimage\"},\"datePublished\":\"2016-04-05T12:45:48+00:00\",\"dateModified\":\"2020-06-09T21:53:48+00:00\",\"author\":{\"@id\":\"https:\/\/franciscanos.org.br\/noticias\/#\/schema\/person\/b38fbf43118f02820bd932f2e4b14ad3\"},\"breadcrumb\":{\"@id\":\"https:\/\/franciscanos.org.br\/noticias\/deus-e-o-dinheiro-dois-patroes-irreconciliaveis.html#breadcrumb\"},\"inLanguage\":\"pt-BR\",\"potentialAction\":[{\"@type\":\"ReadAction\",\"target\":[\"https:\/\/franciscanos.org.br\/noticias\/deus-e-o-dinheiro-dois-patroes-irreconciliaveis.html\"]}]},{\"@type\":\"BreadcrumbList\",\"@id\":\"https:\/\/franciscanos.org.br\/noticias\/deus-e-o-dinheiro-dois-patroes-irreconciliaveis.html#breadcrumb\",\"itemListElement\":[{\"@type\":\"ListItem\",\"position\":1,\"name\":\"Home\",\"item\":\"https:\/\/franciscanos.org.br\/noticias\"},{\"@type\":\"ListItem\",\"position\":2,\"name\":\"Deus e o dinheiro: dois patr\u00f5es irreconcili\u00e1veis\"}]},{\"@type\":\"Person\",\"@id\":\"https:\/\/franciscanos.org.br\/noticias\/#\/schema\/person\/b38fbf43118f02820bd932f2e4b14ad3\",\"name\":\"admin\",\"image\":{\"@type\":\"ImageObject\",\"inLanguage\":\"pt-BR\",\"@id\":\"https:\/\/franciscanos.org.br\/noticias\/#\/schema\/person\/image\/\",\"url\":\"https:\/\/secure.gravatar.com\/avatar\/e8495742d34d0ba6448ea1c628263b3e?s=96&d=mm&r=g\",\"contentUrl\":\"https:\/\/secure.gravatar.com\/avatar\/e8495742d34d0ba6448ea1c628263b3e?s=96&d=mm&r=g\",\"caption\":\"admin\"},\"url\":\"https:\/\/franciscanos.org.br\/noticias\/author\/admin\"}]}<\/script>\n<!-- \/ Yoast SEO plugin. -->","yoast_head_json":{"title":"Deus e o dinheiro: dois patr\u00f5es irreconcili\u00e1veis - Not\u00edcias - Franciscanos","robots":{"index":"index","follow":"follow","max-snippet":"max-snippet:-1","max-image-preview":"max-image-preview:large","max-video-preview":"max-video-preview:-1"},"canonical":"https:\/\/franciscanos.org.br\/noticias\/deus-e-o-dinheiro-dois-patroes-irreconciliaveis.html","og_locale":"pt_BR","og_type":"article","og_title":"Deus e o dinheiro: dois patr\u00f5es irreconcili\u00e1veis - Not\u00edcias - Franciscanos","og_description":"Missa em Santa Marta","og_url":"https:\/\/franciscanos.org.br\/noticias\/deus-e-o-dinheiro-dois-patroes-irreconciliaveis.html","og_site_name":"Not\u00edcias - Franciscanos","article_published_time":"2016-04-05T12:45:48+00:00","article_modified_time":"2020-06-09T21:53:48+00:00","og_image":[{"width":820,"height":380,"url":"https:\/\/franciscanos.org.br\/noticias\/wp-content\/uploads\/2018\/11\/papa_marta-3.jpg","type":"image\/jpeg"}],"author":"admin","twitter_card":"summary_large_image","twitter_misc":{"Escrito por":"admin","Est. tempo de leitura":"3 minutos"},"schema":{"@context":"https:\/\/schema.org","@graph":[{"@type":"WebSite","@id":"https:\/\/franciscanos.org.br\/noticias\/#website","url":"https:\/\/franciscanos.org.br\/noticias\/","name":"Not\u00edcias - Franciscanos","description":"Prov\u00edncia Franciscana da Imaculada Concei\u00e7\u00e3o do Brasil - Ordem dos Frades Menores - OFM","potentialAction":[{"@type":"SearchAction","target":{"@type":"EntryPoint","urlTemplate":"https:\/\/franciscanos.org.br\/noticias\/?s={search_term_string}"},"query-input":"required name=search_term_string"}],"inLanguage":"pt-BR"},{"@type":"ImageObject","inLanguage":"pt-BR","@id":"https:\/\/franciscanos.org.br\/noticias\/deus-e-o-dinheiro-dois-patroes-irreconciliaveis.html#primaryimage","url":"https:\/\/franciscanos.org.br\/noticias\/wp-content\/uploads\/2018\/11\/papa_marta-3.jpg","contentUrl":"https:\/\/franciscanos.org.br\/noticias\/wp-content\/uploads\/2018\/11\/papa_marta-3.jpg","width":820,"height":380},{"@type":"WebPage","@id":"https:\/\/franciscanos.org.br\/noticias\/deus-e-o-dinheiro-dois-patroes-irreconciliaveis.html#webpage","url":"https:\/\/franciscanos.org.br\/noticias\/deus-e-o-dinheiro-dois-patroes-irreconciliaveis.html","name":"Deus e o dinheiro: dois patr\u00f5es irreconcili\u00e1veis - Not\u00edcias - Franciscanos","isPartOf":{"@id":"https:\/\/franciscanos.org.br\/noticias\/#website"},"primaryImageOfPage":{"@id":"https:\/\/franciscanos.org.br\/noticias\/deus-e-o-dinheiro-dois-patroes-irreconciliaveis.html#primaryimage"},"datePublished":"2016-04-05T12:45:48+00:00","dateModified":"2020-06-09T21:53:48+00:00","author":{"@id":"https:\/\/franciscanos.org.br\/noticias\/#\/schema\/person\/b38fbf43118f02820bd932f2e4b14ad3"},"breadcrumb":{"@id":"https:\/\/franciscanos.org.br\/noticias\/deus-e-o-dinheiro-dois-patroes-irreconciliaveis.html#breadcrumb"},"inLanguage":"pt-BR","potentialAction":[{"@type":"ReadAction","target":["https:\/\/franciscanos.org.br\/noticias\/deus-e-o-dinheiro-dois-patroes-irreconciliaveis.html"]}]},{"@type":"BreadcrumbList","@id":"https:\/\/franciscanos.org.br\/noticias\/deus-e-o-dinheiro-dois-patroes-irreconciliaveis.html#breadcrumb","itemListElement":[{"@type":"ListItem","position":1,"name":"Home","item":"https:\/\/franciscanos.org.br\/noticias"},{"@type":"ListItem","position":2,"name":"Deus e o dinheiro: dois patr\u00f5es irreconcili\u00e1veis"}]},{"@type":"Person","@id":"https:\/\/franciscanos.org.br\/noticias\/#\/schema\/person\/b38fbf43118f02820bd932f2e4b14ad3","name":"admin","image":{"@type":"ImageObject","inLanguage":"pt-BR","@id":"https:\/\/franciscanos.org.br\/noticias\/#\/schema\/person\/image\/","url":"https:\/\/secure.gravatar.com\/avatar\/e8495742d34d0ba6448ea1c628263b3e?s=96&d=mm&r=g","contentUrl":"https:\/\/secure.gravatar.com\/avatar\/e8495742d34d0ba6448ea1c628263b3e?s=96&d=mm&r=g","caption":"admin"},"url":"https:\/\/franciscanos.org.br\/noticias\/author\/admin"}]}},"_links":{"self":[{"href":"https:\/\/franciscanos.org.br\/noticias\/wp-json\/wp\/v2\/posts\/107060"}],"collection":[{"href":"https:\/\/franciscanos.org.br\/noticias\/wp-json\/wp\/v2\/posts"}],"about":[{"href":"https:\/\/franciscanos.org.br\/noticias\/wp-json\/wp\/v2\/types\/post"}],"author":[{"embeddable":true,"href":"https:\/\/franciscanos.org.br\/noticias\/wp-json\/wp\/v2\/users\/1"}],"replies":[{"embeddable":true,"href":"https:\/\/franciscanos.org.br\/noticias\/wp-json\/wp\/v2\/comments?post=107060"}],"version-history":[{"count":1,"href":"https:\/\/franciscanos.org.br\/noticias\/wp-json\/wp\/v2\/posts\/107060\/revisions"}],"predecessor-version":[{"id":225737,"href":"https:\/\/franciscanos.org.br\/noticias\/wp-json\/wp\/v2\/posts\/107060\/revisions\/225737"}],"wp:featuredmedia":[{"embeddable":true,"href":"https:\/\/franciscanos.org.br\/noticias\/wp-json\/wp\/v2\/media\/186411"}],"wp:attachment":[{"href":"https:\/\/franciscanos.org.br\/noticias\/wp-json\/wp\/v2\/media?parent=107060"}],"wp:term":[{"taxonomy":"category","embeddable":true,"href":"https:\/\/franciscanos.org.br\/noticias\/wp-json\/wp\/v2\/categories?post=107060"},{"taxonomy":"post_tag","embeddable":true,"href":"https:\/\/franciscanos.org.br\/noticias\/wp-json\/wp\/v2\/tags?post=107060"}],"curies":[{"name":"wp","href":"https:\/\/api.w.org\/{rel}","templated":true}]}}