{"id":106982,"date":"2016-04-04T10:06:56","date_gmt":"2016-04-04T13:06:56","guid":{"rendered":"http:\/\/franciscanos.org.br\/?p=106982"},"modified":"2020-06-09T18:57:07","modified_gmt":"2020-06-09T21:57:07","slug":"homens-e-mulheres-que-digam-sim-ao-projeto-de-deus","status":"publish","type":"post","link":"https:\/\/franciscanos.org.br\/noticias\/homens-e-mulheres-que-digam-sim-ao-projeto-de-deus.html","title":{"rendered":"Homens e mulheres que digam sim ao Projeto de Deus"},"content":{"rendered":"<p><img loading=\"lazy\" class=\"alignleft size-full wp-image-106983\" src=\"http:\/\/franciscanos.org.br\/wp-content\/uploads\/2016\/04\/marta_820.jpg\" alt=\"marta_820\" width=\"820\" height=\"340\" \/><br \/>\n<strong>Cidade do Vaticano<\/strong> (RV) \u2013 Depois das celebra\u00e7\u00f5es pascais, o Papa Francisco retomou nesta segunda-feira (04\/04) as Missas matutinas na Casa Santa Marta. O Pont\u00edfice dedicou sua homilia \u00e0 hodierna solenidade da Anuncia\u00e7\u00e3o do Senhor, celebrada no Vaticano. Ali\u00e1s, disse ele, a hist\u00f3ria da humanidade foi feita de uma \u201ccorrente\u201d de \u201csim\u201d a Deus, \u00e0 esperan\u00e7a do Senhor, a partir de Abra\u00e3o e Mois\u00e9s.<\/p>\n<p>Abra\u00e3o obedece ao Senhor, aceita o seu chamado e parte de sua terra sem saber onde chegaria. Isa\u00edas, quando o Senhor lhe pede que fale a seu povo, responde que tem os \u201cl\u00e1bios impuros\u201d. Ent\u00e3o o Senhor purifica os seus l\u00e1bios e Isa\u00edas diz &#8220;sim!&#8221;. O mesmo vale para Jeremias, que se considerava incapaz de falar, mas depois diz \u201csim&#8221; ao Senhor:<\/p>\n<p><strong>O &#8220;sim&#8221; de Nossa Senhora<\/strong><br \/>\n\u201cE hoje, o Evangelho nos fala do final desta corrente de sim, e do in\u00edcio de outro \u201csim\u201d, que come\u00e7a a crescer: o \u2018sim\u2019 de Maria. E este \u2018sim\u2019 faz com que Deus n\u00e3o somente olhe para o homem, n\u00e3o somente caminhe com o seu povo, mas que se fa\u00e7a um de n\u00f3s e tome a nossa carne. O \u2018sim\u2019 de Maria que abre a porta ao sim de Jesus: \u2018Eu venho para fazer a Tua vontade\u2019, este \u2018sim\u2019 que acompanha Jesus toda a vida, at\u00e9 \u00e0 Cruz\u201d.<\/p>\n<p>Francisco se det\u00e9m no sim de Jesus que pede ao Pai para afastar dele o c\u00e1lice, mas acrescenta: \u201cSeja feita a tua vontade\u201d. Em Jesus Cristo \u201cest\u00e1 o sim de Deus: Ele \u00e9 o sim\u201d.<\/p>\n<p>\u201cEste \u00e9 um dia bonito para agradecer ao Senhor por nos ter ensinado este caminho do sim, mas tamb\u00e9m para pensar em nossa vida\u201d, disse o Pont\u00edfice. Um pensamento que o Papa dirige em particular a alguns sacerdotes presentes, que celebram 50 anos de ordena\u00e7\u00e3o.<\/p>\n<p><strong>Festa do &#8220;sim&#8221;<\/strong><br \/>\n\u201cTodos n\u00f3s, todos os dias, devemos dizer sim ou n\u00e3o e pensar se sempre dizemos sim ou se muitas vezes nos escondemos, com a cabe\u00e7a baixa, como Ad\u00e3o e Eva, para n\u00e3o dizer n\u00e3o, mas fazer como aquele que n\u00e3o entende, que n\u00e3o entende o que Deus pede. Hoje, \u00e9 a festa do sim. No sim de Maria se encontra o sim de toda a Hist\u00f3ria da Salva\u00e7\u00e3o e come\u00e7a ali o \u00faltimo sim do homem e de Deus.\u201d<\/p>\n<p>Ali, acrescentou o Papa, \u201cDeus recria, como no in\u00edcio que com um sim fez o mundo e o homem, aquela Cria\u00e7\u00e3o bonita\u201d e agora com este sim \u201cmaravilhoso recria o mundo, recria todos n\u00f3s. \u00c9 o sim de Deus que nos santifica, que nos faz ir adiante em Jesus Cristo\u201d: \u201c\u00c9 um dia para agradecer ao Senhor e nos perguntar: Sou homem ou mulher do sim, ou sou homem ou mulher do n\u00e3o, ou sou homem ou mulher que olha para o outro lado para n\u00e3o responder? Que o Senhor nos d\u00ea a gra\u00e7a de entrar neste caminho de homens e mulheres que souberam dizer sim.\u201d<\/p>\n<hr \/>\n<p><em>Fonte: R\u00e1dio Vaticano<\/em><\/p>\n","protected":false},"excerpt":{"rendered":"<p>Missa em Santa Marta<\/p>\n","protected":false},"author":1,"featured_media":203068,"comment_status":"open","ping_status":"open","sticky":false,"template":"","format":"standard","meta":[],"categories":[1428],"tags":[1586],"acf":[],"yoast_head":"<!-- This site is optimized with the Yoast SEO plugin v19.2 - https:\/\/yoast.com\/wordpress\/plugins\/seo\/ -->\n<title>Homens e mulheres que digam sim ao Projeto de Deus - Not\u00edcias - Franciscanos<\/title>\n<meta name=\"robots\" content=\"index, follow, max-snippet:-1, max-image-preview:large, max-video-preview:-1\" \/>\n<link rel=\"canonical\" href=\"https:\/\/franciscanos.org.br\/noticias\/homens-e-mulheres-que-digam-sim-ao-projeto-de-deus.html\" \/>\n<meta property=\"og:locale\" content=\"pt_BR\" \/>\n<meta property=\"og:type\" content=\"article\" \/>\n<meta property=\"og:title\" content=\"Homens e mulheres que digam sim ao Projeto de Deus - Not\u00edcias - Franciscanos\" \/>\n<meta property=\"og:description\" content=\"Missa em Santa Marta\" \/>\n<meta property=\"og:url\" content=\"https:\/\/franciscanos.org.br\/noticias\/homens-e-mulheres-que-digam-sim-ao-projeto-de-deus.html\" \/>\n<meta property=\"og:site_name\" content=\"Not\u00edcias - Franciscanos\" \/>\n<meta property=\"article:published_time\" content=\"2016-04-04T13:06:56+00:00\" \/>\n<meta property=\"article:modified_time\" content=\"2020-06-09T21:57:07+00:00\" \/>\n<meta property=\"og:image\" content=\"https:\/\/franciscanos.org.br\/noticias\/wp-content\/uploads\/2016\/04\/marta_820.jpg\" \/>\n\t<meta property=\"og:image:width\" content=\"273\" \/>\n\t<meta property=\"og:image:height\" content=\"181\" \/>\n\t<meta property=\"og:image:type\" content=\"image\/jpeg\" \/>\n<meta name=\"author\" content=\"admin\" \/>\n<meta name=\"twitter:card\" content=\"summary_large_image\" \/>\n<meta name=\"twitter:label1\" content=\"Escrito por\" \/>\n\t<meta name=\"twitter:data1\" content=\"admin\" \/>\n\t<meta name=\"twitter:label2\" content=\"Est. tempo de leitura\" \/>\n\t<meta name=\"twitter:data2\" content=\"3 minutos\" \/>\n<script type=\"application\/ld+json\" class=\"yoast-schema-graph\">{\"@context\":\"https:\/\/schema.org\",\"@graph\":[{\"@type\":\"WebSite\",\"@id\":\"https:\/\/franciscanos.org.br\/noticias\/#website\",\"url\":\"https:\/\/franciscanos.org.br\/noticias\/\",\"name\":\"Not\u00edcias - Franciscanos\",\"description\":\"Prov\u00edncia Franciscana da Imaculada Concei\u00e7\u00e3o do Brasil - Ordem dos Frades Menores - OFM\",\"potentialAction\":[{\"@type\":\"SearchAction\",\"target\":{\"@type\":\"EntryPoint\",\"urlTemplate\":\"https:\/\/franciscanos.org.br\/noticias\/?s={search_term_string}\"},\"query-input\":\"required name=search_term_string\"}],\"inLanguage\":\"pt-BR\"},{\"@type\":\"ImageObject\",\"inLanguage\":\"pt-BR\",\"@id\":\"https:\/\/franciscanos.org.br\/noticias\/homens-e-mulheres-que-digam-sim-ao-projeto-de-deus.html#primaryimage\",\"url\":\"https:\/\/franciscanos.org.br\/noticias\/wp-content\/uploads\/2016\/04\/marta_820.jpg\",\"contentUrl\":\"https:\/\/franciscanos.org.br\/noticias\/wp-content\/uploads\/2016\/04\/marta_820.jpg\",\"width\":273,\"height\":181},{\"@type\":\"WebPage\",\"@id\":\"https:\/\/franciscanos.org.br\/noticias\/homens-e-mulheres-que-digam-sim-ao-projeto-de-deus.html#webpage\",\"url\":\"https:\/\/franciscanos.org.br\/noticias\/homens-e-mulheres-que-digam-sim-ao-projeto-de-deus.html\",\"name\":\"Homens e mulheres que digam sim ao Projeto de Deus - Not\u00edcias - Franciscanos\",\"isPartOf\":{\"@id\":\"https:\/\/franciscanos.org.br\/noticias\/#website\"},\"primaryImageOfPage\":{\"@id\":\"https:\/\/franciscanos.org.br\/noticias\/homens-e-mulheres-que-digam-sim-ao-projeto-de-deus.html#primaryimage\"},\"datePublished\":\"2016-04-04T13:06:56+00:00\",\"dateModified\":\"2020-06-09T21:57:07+00:00\",\"author\":{\"@id\":\"https:\/\/franciscanos.org.br\/noticias\/#\/schema\/person\/b38fbf43118f02820bd932f2e4b14ad3\"},\"breadcrumb\":{\"@id\":\"https:\/\/franciscanos.org.br\/noticias\/homens-e-mulheres-que-digam-sim-ao-projeto-de-deus.html#breadcrumb\"},\"inLanguage\":\"pt-BR\",\"potentialAction\":[{\"@type\":\"ReadAction\",\"target\":[\"https:\/\/franciscanos.org.br\/noticias\/homens-e-mulheres-que-digam-sim-ao-projeto-de-deus.html\"]}]},{\"@type\":\"BreadcrumbList\",\"@id\":\"https:\/\/franciscanos.org.br\/noticias\/homens-e-mulheres-que-digam-sim-ao-projeto-de-deus.html#breadcrumb\",\"itemListElement\":[{\"@type\":\"ListItem\",\"position\":1,\"name\":\"Home\",\"item\":\"https:\/\/franciscanos.org.br\/noticias\"},{\"@type\":\"ListItem\",\"position\":2,\"name\":\"Homens e mulheres que digam sim ao Projeto de Deus\"}]},{\"@type\":\"Person\",\"@id\":\"https:\/\/franciscanos.org.br\/noticias\/#\/schema\/person\/b38fbf43118f02820bd932f2e4b14ad3\",\"name\":\"admin\",\"image\":{\"@type\":\"ImageObject\",\"inLanguage\":\"pt-BR\",\"@id\":\"https:\/\/franciscanos.org.br\/noticias\/#\/schema\/person\/image\/\",\"url\":\"https:\/\/secure.gravatar.com\/avatar\/e8495742d34d0ba6448ea1c628263b3e?s=96&d=mm&r=g\",\"contentUrl\":\"https:\/\/secure.gravatar.com\/avatar\/e8495742d34d0ba6448ea1c628263b3e?s=96&d=mm&r=g\",\"caption\":\"admin\"},\"url\":\"https:\/\/franciscanos.org.br\/noticias\/author\/admin\"}]}<\/script>\n<!-- \/ Yoast SEO plugin. -->","yoast_head_json":{"title":"Homens e mulheres que digam sim ao Projeto de Deus - Not\u00edcias - Franciscanos","robots":{"index":"index","follow":"follow","max-snippet":"max-snippet:-1","max-image-preview":"max-image-preview:large","max-video-preview":"max-video-preview:-1"},"canonical":"https:\/\/franciscanos.org.br\/noticias\/homens-e-mulheres-que-digam-sim-ao-projeto-de-deus.html","og_locale":"pt_BR","og_type":"article","og_title":"Homens e mulheres que digam sim ao Projeto de Deus - Not\u00edcias - Franciscanos","og_description":"Missa em Santa Marta","og_url":"https:\/\/franciscanos.org.br\/noticias\/homens-e-mulheres-que-digam-sim-ao-projeto-de-deus.html","og_site_name":"Not\u00edcias - Franciscanos","article_published_time":"2016-04-04T13:06:56+00:00","article_modified_time":"2020-06-09T21:57:07+00:00","og_image":[{"width":273,"height":181,"url":"https:\/\/franciscanos.org.br\/noticias\/wp-content\/uploads\/2016\/04\/marta_820.jpg","type":"image\/jpeg"}],"author":"admin","twitter_card":"summary_large_image","twitter_misc":{"Escrito por":"admin","Est. tempo de leitura":"3 minutos"},"schema":{"@context":"https:\/\/schema.org","@graph":[{"@type":"WebSite","@id":"https:\/\/franciscanos.org.br\/noticias\/#website","url":"https:\/\/franciscanos.org.br\/noticias\/","name":"Not\u00edcias - Franciscanos","description":"Prov\u00edncia Franciscana da Imaculada Concei\u00e7\u00e3o do Brasil - Ordem dos Frades Menores - OFM","potentialAction":[{"@type":"SearchAction","target":{"@type":"EntryPoint","urlTemplate":"https:\/\/franciscanos.org.br\/noticias\/?s={search_term_string}"},"query-input":"required name=search_term_string"}],"inLanguage":"pt-BR"},{"@type":"ImageObject","inLanguage":"pt-BR","@id":"https:\/\/franciscanos.org.br\/noticias\/homens-e-mulheres-que-digam-sim-ao-projeto-de-deus.html#primaryimage","url":"https:\/\/franciscanos.org.br\/noticias\/wp-content\/uploads\/2016\/04\/marta_820.jpg","contentUrl":"https:\/\/franciscanos.org.br\/noticias\/wp-content\/uploads\/2016\/04\/marta_820.jpg","width":273,"height":181},{"@type":"WebPage","@id":"https:\/\/franciscanos.org.br\/noticias\/homens-e-mulheres-que-digam-sim-ao-projeto-de-deus.html#webpage","url":"https:\/\/franciscanos.org.br\/noticias\/homens-e-mulheres-que-digam-sim-ao-projeto-de-deus.html","name":"Homens e mulheres que digam sim ao Projeto de Deus - Not\u00edcias - Franciscanos","isPartOf":{"@id":"https:\/\/franciscanos.org.br\/noticias\/#website"},"primaryImageOfPage":{"@id":"https:\/\/franciscanos.org.br\/noticias\/homens-e-mulheres-que-digam-sim-ao-projeto-de-deus.html#primaryimage"},"datePublished":"2016-04-04T13:06:56+00:00","dateModified":"2020-06-09T21:57:07+00:00","author":{"@id":"https:\/\/franciscanos.org.br\/noticias\/#\/schema\/person\/b38fbf43118f02820bd932f2e4b14ad3"},"breadcrumb":{"@id":"https:\/\/franciscanos.org.br\/noticias\/homens-e-mulheres-que-digam-sim-ao-projeto-de-deus.html#breadcrumb"},"inLanguage":"pt-BR","potentialAction":[{"@type":"ReadAction","target":["https:\/\/franciscanos.org.br\/noticias\/homens-e-mulheres-que-digam-sim-ao-projeto-de-deus.html"]}]},{"@type":"BreadcrumbList","@id":"https:\/\/franciscanos.org.br\/noticias\/homens-e-mulheres-que-digam-sim-ao-projeto-de-deus.html#breadcrumb","itemListElement":[{"@type":"ListItem","position":1,"name":"Home","item":"https:\/\/franciscanos.org.br\/noticias"},{"@type":"ListItem","position":2,"name":"Homens e mulheres que digam sim ao Projeto de Deus"}]},{"@type":"Person","@id":"https:\/\/franciscanos.org.br\/noticias\/#\/schema\/person\/b38fbf43118f02820bd932f2e4b14ad3","name":"admin","image":{"@type":"ImageObject","inLanguage":"pt-BR","@id":"https:\/\/franciscanos.org.br\/noticias\/#\/schema\/person\/image\/","url":"https:\/\/secure.gravatar.com\/avatar\/e8495742d34d0ba6448ea1c628263b3e?s=96&d=mm&r=g","contentUrl":"https:\/\/secure.gravatar.com\/avatar\/e8495742d34d0ba6448ea1c628263b3e?s=96&d=mm&r=g","caption":"admin"},"url":"https:\/\/franciscanos.org.br\/noticias\/author\/admin"}]}},"_links":{"self":[{"href":"https:\/\/franciscanos.org.br\/noticias\/wp-json\/wp\/v2\/posts\/106982"}],"collection":[{"href":"https:\/\/franciscanos.org.br\/noticias\/wp-json\/wp\/v2\/posts"}],"about":[{"href":"https:\/\/franciscanos.org.br\/noticias\/wp-json\/wp\/v2\/types\/post"}],"author":[{"embeddable":true,"href":"https:\/\/franciscanos.org.br\/noticias\/wp-json\/wp\/v2\/users\/1"}],"replies":[{"embeddable":true,"href":"https:\/\/franciscanos.org.br\/noticias\/wp-json\/wp\/v2\/comments?post=106982"}],"version-history":[{"count":2,"href":"https:\/\/franciscanos.org.br\/noticias\/wp-json\/wp\/v2\/posts\/106982\/revisions"}],"predecessor-version":[{"id":225739,"href":"https:\/\/franciscanos.org.br\/noticias\/wp-json\/wp\/v2\/posts\/106982\/revisions\/225739"}],"wp:featuredmedia":[{"embeddable":true,"href":"https:\/\/franciscanos.org.br\/noticias\/wp-json\/wp\/v2\/media\/203068"}],"wp:attachment":[{"href":"https:\/\/franciscanos.org.br\/noticias\/wp-json\/wp\/v2\/media?parent=106982"}],"wp:term":[{"taxonomy":"category","embeddable":true,"href":"https:\/\/franciscanos.org.br\/noticias\/wp-json\/wp\/v2\/categories?post=106982"},{"taxonomy":"post_tag","embeddable":true,"href":"https:\/\/franciscanos.org.br\/noticias\/wp-json\/wp\/v2\/tags?post=106982"}],"curies":[{"name":"wp","href":"https:\/\/api.w.org\/{rel}","templated":true}]}}