{"id":106895,"date":"2016-02-09T11:07:24","date_gmt":"2016-02-09T13:07:24","guid":{"rendered":"http:\/\/franciscanos.org.br\/?p=106895"},"modified":"2020-03-19T13:28:19","modified_gmt":"2020-03-19T16:28:19","slug":"o-franciscanismo-na-amazonia-luta-contra-a-pobreza-extrema-e-pela-natureza","status":"publish","type":"post","link":"https:\/\/franciscanos.org.br\/noticias\/o-franciscanismo-na-amazonia-luta-contra-a-pobreza-extrema-e-pela-natureza.html","title":{"rendered":"O franciscanismo na Amaz\u00f4nia. Luta contra a pobreza extrema e pela natureza."},"content":{"rendered":"<p><img loading=\"lazy\" class=\"alignleft size-full wp-image-179095\" src=\"http:\/\/franciscanos.org.br\/2018\/wp-content\/uploads\/2016\/02\/dom_bernardo_850.jpg\" alt=\"\" width=\"850\" height=\"450\" srcset=\"https:\/\/franciscanos.org.br\/noticias\/wp-content\/uploads\/2016\/02\/dom_bernardo_850.jpg 850w, https:\/\/franciscanos.org.br\/noticias\/wp-content\/uploads\/2016\/02\/dom_bernardo_850-450x238.jpg 450w, https:\/\/franciscanos.org.br\/noticias\/wp-content\/uploads\/2016\/02\/dom_bernardo_850-768x407.jpg 768w, https:\/\/franciscanos.org.br\/noticias\/wp-content\/uploads\/2016\/02\/dom_bernardo_850-150x79.jpg 150w\" sizes=\"(max-width: 850px) 100vw, 850px\" \/>\u201cOs <strong>franciscanos<\/strong>, ou todos aqueles que confessam a <strong>espiritualidade franciscana<\/strong>, que trabalham em diversos lugares do mundo, sobretudo nas \u00e1reas mais pobres, onde h\u00e1 maior car\u00eancia; acharam por bem lan\u00e7ar um manual que possa ser um subs\u00eddio para ajudar a melhorar o trabalho in loco. O objetivo \u00e9 qualificar ainda mais as a\u00e7\u00f5es em prol da supera\u00e7\u00e3o da extrema pobreza, dando orienta\u00e7\u00f5es e uma luz para seguir em frente, pois essa atividade tamb\u00e9m depende de t\u00e9cnicas espec\u00edficas\u201d, explica o <strong>Bispo da Diocese de \u00d3bidos<\/strong>, no <strong>Par\u00e1<\/strong>, <strong>Dom Bernardo Johannes Bahlmann<\/strong>.<\/p>\n<p>Em entrevista por telefone \u00e0 <strong>IHU On-Line<\/strong>, o religioso abordou sua participa\u00e7\u00e3o na cerim\u00f4nia de lan\u00e7amento do <strong>Manual<\/strong>, quando foi convidado a falar sobre a experi\u00eancia de aplica\u00e7\u00e3o das recomenda\u00e7\u00f5es do documento junto \u00e0s comunidades da <strong>Amaz\u00f4nia<\/strong>. \u201cN\u00f3s estamos no Par\u00e1, em <strong>\u00d3bidos<\/strong>, onde temos o maior \u00edndice de <strong>desmatamento<\/strong> no\u00a0<strong>Brasil<\/strong> e tamb\u00e9m na <strong>Amaz\u00f4nia<\/strong>. Percebemos aqui tamb\u00e9m a mudan\u00e7a do clima e estamos muito preocupados com essa situa\u00e7\u00e3o, portanto, precisamos apontar alternativas, n\u00e3o podemos ficar apenas nas den\u00fancias, ou s\u00f3 nas cr\u00edticas, temos que apresentar algo concreto que possa reverter esse problema. Precisamos fazer um grande esfor\u00e7o nesse sentido, por isso eu apresentei os projetos que temos aqui para que possamos desenvolv\u00ea-los a partir deste ano\u201d, frisa.<\/p>\n<p><strong>Bahlmann<\/strong> destacou tr\u00eas projetos em andamento na regi\u00e3o amaz\u00f4nica que est\u00e3o tendo um papel importante no combate \u00e0 <strong>pobreza extrema<\/strong> a partir da promo\u00e7\u00e3o de meios para a<strong> sustentabilidade ecol\u00f3gica e econ\u00f4mica<\/strong> das comunidades locais, <strong>empoderamento para as mulheres<\/strong> e melhoria do <strong>atendimento \u00e0 sa\u00fade.<\/strong> Todas essas a\u00e7\u00f5es s\u00e3o atravessadas pela <strong>educa\u00e7\u00e3o<\/strong>, direcionada tanto para o acesso \u00e0 educa\u00e7\u00e3o formal e para a sa\u00fade, quanto para quest\u00f5es t\u00e9cnicas relacionadas \u00e0 agricultura e ao cuidado com a natureza especifica da regi\u00e3o. \u201cDentro do <strong>cen\u00e1rio de pobreza<\/strong> da <strong>Amaz\u00f4nia<\/strong>, a quest\u00e3o da educa\u00e7\u00e3o \u00e9 uma das mais urgentes, pois muitas outras coisas dependem do conhecimento e de formas de comportamento. Aqui n\u00f3s tamb\u00e9m precisamos de uma mudan\u00e7a de mentalidade e de h\u00e1bitos para supera\u00e7\u00e3o desse quadro\u201d, ressalta o religioso.<\/p>\n<p><strong>Dom Bernardo Johannes Bahlmann<\/strong> \u00e9 Frei da Ordem Franciscana. De nacionalidade alem\u00e3, est\u00e1 radicado no Brasil desde 1983. Em 2009 foi nomeado Bispo da Diocese de \u00d3bidos, no Estado do Par\u00e1,<\/p>\n<p><strong>Confira a entrevista.<\/strong><\/p>\n<p><strong>IHU On-Line &#8211; Como foi o lan\u00e7amento do manual<em>Making Human Rights Work for People Living in Extreme Poverty: a Handbook for Implementing the UN Guiding Principles on Extreme Poverty and Human Rights<\/em>, no Vaticano, em 17 de dezembro do ano passado? Quais foram suas impress\u00f5es sobre o evento e o que os participantes disseram sobre a quest\u00e3o da pobreza e dos direitos humanos e sobre os modos de tentar tanto superar a pobreza quanto garantir os direitos humanos das pessoas que se encontram nessa condi\u00e7\u00e3o?<\/strong><\/p>\n<p><strong>Dom Bernardo Johannes Bahlmann<\/strong> \u2013 Este <strong>Manual<\/strong>foi elaborado pela <strong>Franciscans International<\/strong>, a qual \u00e9 ligada \u00e0 <strong>Organiza\u00e7\u00e3o das Na\u00e7\u00f5es Unidas \u2013 ONU<\/strong>e re\u00fane todas as congrega\u00e7\u00f5es e grupos franciscanos do mundo todo. Assim, os <strong>franciscanos<\/strong>, ou todos aqueles que confessam a <strong>espiritualidade franciscana<\/strong>, que trabalham em diversos lugares do mundo, sobretudo nas \u00e1reas mais pobres, onde h\u00e1 maior car\u00eancia; acharam por bem lan\u00e7ar um manual que possa ser um subs\u00eddio para ajudar a melhorar o trabalho in loco.<\/p>\n<p>O objetivo \u00e9 qualificar ainda mais as a\u00e7\u00f5es em prol da <strong>supera\u00e7\u00e3o da extrema pobreza,<\/strong> dando orienta\u00e7\u00f5es e uma luz para seguir em frente, pois essa atividade tamb\u00e9m depende de t\u00e9cnicas espec\u00edficas. O <strong>Manual<\/strong> orienta que se deve desenvolver um trabalho envolvendo a todos na sociedade e no grupo da organiza\u00e7\u00e3o, internamente e externamente. Isso \u00e9 muito importante porque \u00e0s vezes trabalhamos, principalmente com grupos da Igreja, a partir do conhecimento que adquirimos atrav\u00e9s da <strong>experi\u00eancia<\/strong>, que \u00e9 muito importante, mas n\u00f3s tamb\u00e9m precisamos ter o <strong>saber t\u00e9cnico<\/strong> para aprimorar o nosso trabalho.<\/p>\n<p>Este <strong>Manual<\/strong> est\u00e1 sendo aplicado em diversos lugares ao mesmo tempo, no mundo inteiro, e foi elaborado em conjunto com as bases e em <strong>17 de dezembro de 2015<\/strong> foi dado um destaque maior a esse trabalho com a cerim\u00f4nia de lan\u00e7amento que aconteceu no <strong>Vaticano<\/strong>. Naquele momento debatemos o significado da caridade, que \u00e9 uma das nossas motiva\u00e7\u00f5es, ainda abordamos o que a <strong>Igreja<\/strong> prop\u00f5e a fazer para o combate \u00e0 pobreza, atrav\u00e9s da figura do<a href=\"http:\/\/www.ihuonline.unisinos.br\/index.php?secao=465\" target=\"_blank\" rel=\"noopener noreferrer\"><strong>Papa Francisco<\/strong><\/a> e de sua<a href=\"http:\/\/www.ihuonline.unisinos.br\/index.php?secao=469\" target=\"_blank\" rel=\"noopener noreferrer\"><strong> Enc\u00edclica <em>Laudato Si\u2019<\/em><\/strong><\/a>, bem como o <strong>Ano da Miseric\u00f3rdia<\/strong>, no qual estamos. Assim, o <strong>Manual<\/strong>n\u00e3o foi lan\u00e7ado fora do contexto, uma vez que ainda temos muitas pessoas vivendo em situa\u00e7\u00e3o de extrema pobreza no mundo.<\/p>\n<p>Nesta ocasi\u00e3o, a partir de uma problem\u00e1tica da <strong>Amaz\u00f4nia<\/strong> abordei como est\u00e1 se dando o processo de aplica\u00e7\u00e3o do Manual na regi\u00e3o. Abordei algumas experi\u00eancias que estamos tendo com esse trabalho e as respostas que queremos dar daqui para frente aplicando o Manual junto aos grupos que almejamos desenvolver.<\/p>\n<p>Conversamos sobre um grande problema que temos na <strong>Amaz\u00f4nia<\/strong>, que \u00e9 o <a href=\"http:\/\/www.ihu.unisinos.br\/noticias\/549547-desmatamento-na-amazonia-aumenta-16-em-um-ano\" target=\"_blank\" rel=\"noopener noreferrer\"><strong>desmatamento<\/strong><\/a>, o qual tem uma grande influ\u00eancia no clima do mundo. H\u00e1 pouco tempo tivemos a <a href=\"http:\/\/www.ihu.unisinos.br\/entrevistas\/550396-cop-21-de-politicas-publicas-a-planos-de-negocios-entrevista-especial-com-camila-moreno\" target=\"_blank\" rel=\"noopener noreferrer\"><strong>Confer\u00eancia sobre o Clima em Paris<\/strong><\/a>, que tamb\u00e9m refor\u00e7ou que precisamos reverter essa situa\u00e7\u00e3o de fato. N\u00f3s estamos no <strong>Par\u00e1<\/strong>, em <strong>\u00d3bidos<\/strong>, onde temos o maior \u00edndice de desmatamento no Brasil e tamb\u00e9m na <strong>Amaz\u00f4nia<\/strong>. Percebemos aqui tamb\u00e9m a mudan\u00e7a do clima e estamos muito preocupados com essa situa\u00e7\u00e3o, portanto, precisamos apontar alternativas, n\u00e3o podemos ficar apenas nas den\u00fancias, ou s\u00f3 nas cr\u00edticas, temos que apresentar algo concreto que possa reverter esse problema. Precisamos fazer um grande esfor\u00e7o nesse sentido, por isso eu apresentei os projetos que temos aqui para que possamos desenvolv\u00ea-los a partir deste ano.<\/p>\n<p><strong>IHU On-Line \u2013 O sr. mencionou a import\u00e2ncia da t\u00e9cnica no aperfei\u00e7oamento do combate \u00e0 pobreza. Em linhas gerais, quais s\u00e3o as principais t\u00e9cnicas que o Manual preconiza para tratar desses problemas?<\/strong><\/p>\n<p><strong>Dom Bernardo Johannes Bahlmann<\/strong> \u2013 A primeira t\u00e9cnica apontada \u00e9 a forma\u00e7\u00e3o de um grupo coeso. Precisamos trabalhar para que o grupo tenha uni\u00e3o e motiva\u00e7\u00e3o, pois hoje isso se torna mais dif\u00edcil por termos uma sociedade fragmentada.<\/p>\n<p>Outra quest\u00e3o tamb\u00e9m \u00e9 a clareza dos objetivos, onde queremos chegar. Para irmos ao encontro desses prop\u00f3sitos, o<strong>Manual<\/strong> indica que envolvamos as pessoas e tamb\u00e9m procuremos organiza\u00e7\u00f5es <em>in loco<\/em>, que tamb\u00e9m trabalhem na mesma linha, sejam Organiza\u00e7\u00f5es N\u00e3o Governamentais \u2013 ONGs ou governamentais. Nesse campo, temos ainda as pol\u00edticas p\u00fablicas, que \u00e9 um modo de envolver o poder p\u00fablico para que seja cumprido o necess\u00e1rio. \u00c9 poss\u00edvel dizer que a linha principal que se sobressai no <strong>Manual<\/strong> \u00e9 o desenvolvimento do <strong>trabalho em conjunto<\/strong>.<\/p>\n<p><strong>IHU On-Line &#8211; De que modo o desmatamento incide ou contribui para a situa\u00e7\u00e3o de pobreza Amaz\u00f4nia? Quest\u00e3o que o sr. abordou na ocasi\u00e3o do lan\u00e7amento do Manual.<\/strong><\/p>\n<p><strong><img loading=\"lazy\" class=\"alignright size-full wp-image-179099\" src=\"http:\/\/franciscanos.org.br\/2018\/wp-content\/uploads\/2016\/02\/DOM-BERNARDO-e1541615219162.jpg\" alt=\"\" width=\"500\" height=\"565\" \/>Dom Bernardo Johannes Bahlmann<\/strong> \u2013 Com frequ\u00eancia as pessoas que vivem no interior n\u00e3o t\u00eam a titula\u00e7\u00e3o de suas terras e muitas vezes s\u00e3o expulsas de suas moradias transferindo-se para as periferias das grandes cidades. Quando n\u00e3o s\u00e3o expulsas, essas fam\u00edlias sentem-se obrigadas a ir para a cidade em busca de acesso \u00e0 educa\u00e7\u00e3o, sa\u00fade e de um atendimento social; uma vez que esses servi\u00e7os nem sempre s\u00e3o garantidos no campo. Desse modo perpetua-se a pobreza.<\/p>\n<p>Outro problema \u00e9 a forma de desmatamento praticada por fam\u00edlias que t\u00eam pequenos terrenos e buscam <strong>arrendar<\/strong>essas terras. Nesses casos, essas pessoas encontram no desmatamento um meio interessante para transformar essas \u00e1reas em pastagens para arrendamento a fazendeiros e grandes produtores. \u00c9 a alternativa que muitos encontram para manter seu sustento.<\/p>\n<p>Nosso objetivo \u00e9 buscar uma revers\u00e3o desse processo, fazendo com que os pequenos agricultores fa\u00e7am o reflorestamento das \u00e1reas onde ainda \u00e9 poss\u00edvel, al\u00e9m de promover uma conscientiza\u00e7\u00e3o para que eles n\u00e3o utilizem as queimadas como meio de preparar o solo. O resultado disso muitas vezes \u00e9 a queima de milhares de hectares \u00e0 toa porque n\u00e3o se consegue controlar o fogo.<\/p>\n<p>Todos esses casos n\u00e3o deixam de ser uma<strong> quest\u00e3o de pobreza<\/strong>, seja material, ou de conhecimento.<\/p>\n<p><strong>IHU On-Line &#8211; Quais s\u00e3o as situa\u00e7\u00f5es sociais mais graves e urgentes de serem resolvidas na Amaz\u00f4nia?<\/strong><\/p>\n<p><strong>Dom Bernardo Johannes Bahlmann<\/strong> \u2013 Dentro do cen\u00e1rio de pobreza da Amaz\u00f4nia, a quest\u00e3o da educa\u00e7\u00e3o \u00e9 uma das mais urgentes, pois muitas outras coisas dependem do conhecimento e de formas de comportamento. Aqui n\u00f3s tamb\u00e9m precisamos de uma mudan\u00e7a de mentalidade e de h\u00e1bitos para supera\u00e7\u00e3o desse quadro.<\/p>\n<p>Outro fato que merece aten\u00e7\u00e3o \u00e9 a distribui\u00e7\u00e3o de verbas entre os Estados e munic\u00edpios. \u00c9 necess\u00e1rio haver uma<strong>distribui\u00e7\u00e3o mais justa<\/strong>, porque o que vemos s\u00e3o regi\u00f5es, como \u00e9 o caso daqui do oeste do Estado do Par\u00e1, muito abandonadas. N\u00e3o existem investimentos suficientes nem em educa\u00e7\u00e3o, nem em sa\u00fade ou infraestrutura nessas regi\u00f5es, que acabam ficando na pobreza. A princ\u00edpio sabemos que \u00e9 poss\u00edvel se modificar esse quadro, mas \u00e9 preciso que os governantes se engajem mais nesse objetivo. A\u00ed j\u00e1 podemos abordar a quest\u00e3o da <strong>corrup\u00e7\u00e3o<\/strong>, onde o dinheiro que \u00e9 destinado aos programas e projetos \u00e9 desviado e n\u00e3o chega onde deveria.<\/p>\n<p>Um dos exemplos disso foi um dos governos municipais que recebeu dinheiro para a constru\u00e7\u00e3o de postos de sa\u00fade, por\u00e9m dos 16 postos que existem oficialmente, apenas dois funcionam, os outros 14 ou n\u00e3o funcionam, ou n\u00e3o tiveram a sua constru\u00e7\u00e3o conclu\u00edda. Isso tudo refor\u00e7a a <strong>perpetua\u00e7\u00e3o da pobreza<\/strong>.<\/p>\n<p>Para podermos sair da pobreza precisamos fazer um grande esfor\u00e7o dentro da pr\u00f3pria educa\u00e7\u00e3o para mudar e para educar para a cidadania, para que os cidad\u00e3os cres\u00e7am sabendo quais s\u00e3o os seus direitos e deveres.<\/p>\n<p><strong>IHU On-Line &#8211; Em seu discurso no Vaticano, o senhor mencionou que entre as iniciativas para superar a pobreza na Amaz\u00f4nia, a Diocese de \u00d3bios est\u00e1 iniciando um programa de reflorestamento na regi\u00e3o e um trabalho em favor das mulheres da Amaz\u00f4nia. Em que consistem essas iniciativas e de que modo elas podem contribuir para o enfrentamento da pobreza na regi\u00e3o?<\/strong><\/p>\n<p><strong>Dom Bernardo Johannes Bahlmann<\/strong> \u2013 Existem dois projetos. Em um deles queremos trabalhar com a popula\u00e7\u00e3o rural no reflorestamento da <strong>Floresta Amaz\u00f4nica<\/strong>. N\u00f3s n\u00e3o temos a pretens\u00e3o de fazer o reflorestamento de uma mata prim\u00e1ria, isso \u00e9 imposs\u00edvel, mas aqui nesse caso se trata de reflorestar com madeira de lei ou com \u00e1rvores frut\u00edferas, que possam depois produzir frutos ou algo que se possa usar depois, por exemplo, para a fitoterapia, para a ind\u00fastria cosm\u00e9tica etc. O objetivo \u00e9 que as pessoas envolvidas no projeto possam <strong>viver do extrativismo<\/strong>. Tudo est\u00e1 sendo organizado para que se assegure o sustento dessas fam\u00edlias no interior, porque n\u00e3o adianta tentarmos reflorestar do modo mais pr\u00f3ximo do que era antes e essas pessoas que ajudaram nesse trabalho permanecerem sem ter meio de se manter. Esse reflorestamento tamb\u00e9m precisa ser interessante para as comunidades locais e propiciar meios que garantam o seu p\u00e3o de cada dia.<\/p>\n<p>Tamb\u00e9m ser\u00e1 cultivada madeira de lei, para que daqui a 20 ou 30 anos ela tamb\u00e9m possa ser comercializada como uma alternativa de garantia de aposentadoria. Desse modo, esse projeto objetiva criar meios para que as pessoas tenham de fato um sustento e que possam viver do seu pr\u00f3prio trabalho.<\/p>\n<p>N\u00f3s estamos adquirindo uma \u00e1rea onde queremos instalar um laborat\u00f3rio e um centro de forma\u00e7\u00e3o, que vai trabalhar em conjunto com a <strong>Casa Fam\u00edlia Rural<\/strong>, formada pelos jovens agricultores que t\u00eam forma\u00e7\u00e3o profissional. O objetivo \u00e9 profissionalizar os <strong>jovens<\/strong> no campo para que eles possam desenvolver esse trabalho e melhorar a sua situa\u00e7\u00e3o para ter ganhos melhores e possam sair da pobreza.<\/p>\n<p><strong>Empoderamento feminino<\/strong><\/p>\n<p>O outro projeto \u00e9 um trabalho que queremos desenvolver junto ao <strong>Minist\u00e9rio do Desenvolvimento Agr\u00e1rio <\/strong>e ao<strong>Instituto Nacional de Coloniza\u00e7\u00e3o e Reforma Agr\u00e1ria &#8211; INCRA<\/strong> para fortalecer as <strong>mulheres<\/strong> para que elas tamb\u00e9m possam viver do extrativismo, trabalhando com esses produtos necess\u00e1rios \u00e0 fitoterapia e ind\u00fastria cosm\u00e9tica. Junto \u00e0s condi\u00e7\u00f5es para busca do sustento, simultaneamente queremos oferecer meios para que as mulheres adquiram uma forma\u00e7\u00e3o, sobretudo que possam concluir os estudos. Assim, o objetivo \u00e9 propiciar um suporte para que elas possam garantir o sustento da fam\u00edlia, mas ao mesmo tempo tenham acesso \u00e0 educa\u00e7\u00e3o.<\/p>\n<p><strong>IHU On-Line &#8211; Outro projeto mencionado em seu discurso diz respeito ao projeto do Navio Hospital que ser\u00e1 desenvolvido pelos Frades Franciscanos. Em que consiste esse projeto? Que benef\u00edcios ele poder\u00e1 oferecer no sentido de enfrentar a situa\u00e7\u00e3o de pobreza na Amaz\u00f4nia e quais os desafios em implement\u00e1-lo?<\/strong><\/p>\n<p><strong>Dom Bernardo Johannes Bahlmann<\/strong> \u2013 Esse \u00e9 um projeto que ainda n\u00e3o est\u00e1 completamente aprovado, mas certamente isso acontecer\u00e1. Esse <strong>Navio Hospital<\/strong> vai atender \u00e0s comunidades ribeirinhas <em>in loco<\/em>, porque muitas vezes \u00e9 dif\u00edcil o acesso dessas pessoas \u00e0 cidade. A ideia tamb\u00e9m \u00e9 melhorar a situa\u00e7\u00e3o do atendimento \u00e0 sa\u00fade na regi\u00e3o.<\/p>\n<p>Como esse navio sempre ficar\u00e1 um per\u00edodo de alguns dias em cada comunidade, queremos tamb\u00e9m fazer um trabalho de <strong>educa\u00e7\u00e3o<\/strong>, <strong>forma\u00e7\u00e3o humana,<\/strong> <strong>cidadania<\/strong> e ainda <strong>conscientiza\u00e7\u00e3o sobre o reflorestamento<\/strong>. Ent\u00e3o, al\u00e9m de nosso centro de forma\u00e7\u00e3o, faremos um trabalho de forma\u00e7\u00e3o diretamente nas comunidades com o objetivo de promover meios de supera\u00e7\u00e3o da pobreza nesses locais.<\/p>\n<p>Ainda precisamos passar por algumas etapas at\u00e9 chegar \u00e0 implementa\u00e7\u00e3o do projeto. Certamente algumas dificuldades devem surgir ao longo do caminho, mas n\u00e3o vejo grandes entraves para que tudo d\u00ea certo. Talvez tenhamos que lidar com algumas resist\u00eancias que possam surgir em fun\u00e7\u00e3o de ser um trabalho novo, tamb\u00e9m na fase inicial ser\u00e1 necess\u00e1rio um tempo para forma\u00e7\u00e3o do pessoal que vai atuar nos atendimentos, pois mesmo um projeto j\u00e1 em andamento precisa de pelo menos dois ou tr\u00eas anos at\u00e9 que ele se ajuste exatamente conforme foi pensado.<\/p>\n<p><strong>IHU On-Line \u2013 Deseja acrescentar algo?<\/strong><\/p>\n<p><strong>Dom Bernardo Johannes Bahlmann<\/strong> \u2013 Eu gostaria de dizer ainda que n\u00f3s precisamos olhar para a <strong>Amaz\u00f4nia<\/strong> com um olhar de aten\u00e7\u00e3o, temos que cuidar bem do que temos aqui no Brasil. H\u00e1 muitas pessoas que olham para a <strong>Amaz\u00f4nia<\/strong>, mas muitas vezes n\u00e3o encontramos aquela solidariedade que \u00e9 realmente necess\u00e1ria para modificar a situa\u00e7\u00e3o. Isso tamb\u00e9m \u00e9 uma quest\u00e3o do pr\u00f3prio momento pol\u00edtico que vivemos no pa\u00eds, mas temos que unir for\u00e7as para podermos superar as dificuldades de compreens\u00e3o, de trabalhar em conjunto. N\u00e3o podemos ficar presos a interesses econ\u00f4micos e pol\u00edtico-partid\u00e1rios. Precisamos de fato fazer uma boa pol\u00edtica no sentido de encontrar as solu\u00e7\u00f5es para os grandes desafios que temos aqui na Amaz\u00f4nia.<\/p>\n","protected":false},"excerpt":{"rendered":"<p>Entrevista: D. Bernardo Bahlmann<\/p>\n","protected":false},"author":1,"featured_media":209184,"comment_status":"open","ping_status":"open","sticky":false,"template":"","format":"standard","meta":[],"categories":[758,1],"tags":[201,869,868],"acf":[],"yoast_head":"<!-- This site is optimized with the Yoast SEO plugin v19.2 - https:\/\/yoast.com\/wordpress\/plugins\/seo\/ -->\n<title>O franciscanismo na Amaz\u00f4nia. Luta contra a pobreza extrema e pela natureza. - Not\u00edcias - Franciscanos<\/title>\n<meta name=\"robots\" content=\"index, follow, max-snippet:-1, max-image-preview:large, max-video-preview:-1\" \/>\n<link rel=\"canonical\" href=\"https:\/\/franciscanos.org.br\/noticias\/o-franciscanismo-na-amazonia-luta-contra-a-pobreza-extrema-e-pela-natureza.html\" \/>\n<meta property=\"og:locale\" content=\"pt_BR\" \/>\n<meta property=\"og:type\" content=\"article\" \/>\n<meta property=\"og:title\" content=\"O franciscanismo na Amaz\u00f4nia. Luta contra a pobreza extrema e pela natureza. - Not\u00edcias - Franciscanos\" \/>\n<meta property=\"og:description\" content=\"Entrevista: D. Bernardo Bahlmann\" \/>\n<meta property=\"og:url\" content=\"https:\/\/franciscanos.org.br\/noticias\/o-franciscanismo-na-amazonia-luta-contra-a-pobreza-extrema-e-pela-natureza.html\" \/>\n<meta property=\"og:site_name\" content=\"Not\u00edcias - Franciscanos\" \/>\n<meta property=\"article:published_time\" content=\"2016-02-09T13:07:24+00:00\" \/>\n<meta property=\"article:modified_time\" content=\"2020-03-19T16:28:19+00:00\" \/>\n<meta property=\"og:image\" content=\"https:\/\/franciscanos.org.br\/noticias\/wp-content\/uploads\/2016\/02\/dom_bernardo-150x105-1.jpg\" \/>\n\t<meta property=\"og:image:width\" content=\"273\" \/>\n\t<meta property=\"og:image:height\" content=\"180\" \/>\n\t<meta property=\"og:image:type\" content=\"image\/jpeg\" \/>\n<meta name=\"author\" content=\"admin\" \/>\n<meta name=\"twitter:card\" content=\"summary_large_image\" \/>\n<meta name=\"twitter:label1\" content=\"Escrito por\" \/>\n\t<meta name=\"twitter:data1\" content=\"admin\" \/>\n\t<meta name=\"twitter:label2\" content=\"Est. tempo de leitura\" \/>\n\t<meta name=\"twitter:data2\" content=\"13 minutos\" \/>\n<script type=\"application\/ld+json\" class=\"yoast-schema-graph\">{\"@context\":\"https:\/\/schema.org\",\"@graph\":[{\"@type\":\"WebSite\",\"@id\":\"https:\/\/franciscanos.org.br\/noticias\/#website\",\"url\":\"https:\/\/franciscanos.org.br\/noticias\/\",\"name\":\"Not\u00edcias - Franciscanos\",\"description\":\"Prov\u00edncia Franciscana da Imaculada Concei\u00e7\u00e3o do Brasil - Ordem dos Frades Menores - OFM\",\"potentialAction\":[{\"@type\":\"SearchAction\",\"target\":{\"@type\":\"EntryPoint\",\"urlTemplate\":\"https:\/\/franciscanos.org.br\/noticias\/?s={search_term_string}\"},\"query-input\":\"required name=search_term_string\"}],\"inLanguage\":\"pt-BR\"},{\"@type\":\"ImageObject\",\"inLanguage\":\"pt-BR\",\"@id\":\"https:\/\/franciscanos.org.br\/noticias\/o-franciscanismo-na-amazonia-luta-contra-a-pobreza-extrema-e-pela-natureza.html#primaryimage\",\"url\":\"https:\/\/franciscanos.org.br\/noticias\/wp-content\/uploads\/2016\/02\/dom_bernardo-150x105-1.jpg\",\"contentUrl\":\"https:\/\/franciscanos.org.br\/noticias\/wp-content\/uploads\/2016\/02\/dom_bernardo-150x105-1.jpg\",\"width\":273,\"height\":180},{\"@type\":\"WebPage\",\"@id\":\"https:\/\/franciscanos.org.br\/noticias\/o-franciscanismo-na-amazonia-luta-contra-a-pobreza-extrema-e-pela-natureza.html#webpage\",\"url\":\"https:\/\/franciscanos.org.br\/noticias\/o-franciscanismo-na-amazonia-luta-contra-a-pobreza-extrema-e-pela-natureza.html\",\"name\":\"O franciscanismo na Amaz\u00f4nia. Luta contra a pobreza extrema e pela natureza. - Not\u00edcias - Franciscanos\",\"isPartOf\":{\"@id\":\"https:\/\/franciscanos.org.br\/noticias\/#website\"},\"primaryImageOfPage\":{\"@id\":\"https:\/\/franciscanos.org.br\/noticias\/o-franciscanismo-na-amazonia-luta-contra-a-pobreza-extrema-e-pela-natureza.html#primaryimage\"},\"datePublished\":\"2016-02-09T13:07:24+00:00\",\"dateModified\":\"2020-03-19T16:28:19+00:00\",\"author\":{\"@id\":\"https:\/\/franciscanos.org.br\/noticias\/#\/schema\/person\/b38fbf43118f02820bd932f2e4b14ad3\"},\"breadcrumb\":{\"@id\":\"https:\/\/franciscanos.org.br\/noticias\/o-franciscanismo-na-amazonia-luta-contra-a-pobreza-extrema-e-pela-natureza.html#breadcrumb\"},\"inLanguage\":\"pt-BR\",\"potentialAction\":[{\"@type\":\"ReadAction\",\"target\":[\"https:\/\/franciscanos.org.br\/noticias\/o-franciscanismo-na-amazonia-luta-contra-a-pobreza-extrema-e-pela-natureza.html\"]}]},{\"@type\":\"BreadcrumbList\",\"@id\":\"https:\/\/franciscanos.org.br\/noticias\/o-franciscanismo-na-amazonia-luta-contra-a-pobreza-extrema-e-pela-natureza.html#breadcrumb\",\"itemListElement\":[{\"@type\":\"ListItem\",\"position\":1,\"name\":\"Home\",\"item\":\"https:\/\/franciscanos.org.br\/noticias\"},{\"@type\":\"ListItem\",\"position\":2,\"name\":\"O franciscanismo na Amaz\u00f4nia. Luta contra a pobreza extrema e pela natureza.\"}]},{\"@type\":\"Person\",\"@id\":\"https:\/\/franciscanos.org.br\/noticias\/#\/schema\/person\/b38fbf43118f02820bd932f2e4b14ad3\",\"name\":\"admin\",\"image\":{\"@type\":\"ImageObject\",\"inLanguage\":\"pt-BR\",\"@id\":\"https:\/\/franciscanos.org.br\/noticias\/#\/schema\/person\/image\/\",\"url\":\"https:\/\/secure.gravatar.com\/avatar\/e8495742d34d0ba6448ea1c628263b3e?s=96&d=mm&r=g\",\"contentUrl\":\"https:\/\/secure.gravatar.com\/avatar\/e8495742d34d0ba6448ea1c628263b3e?s=96&d=mm&r=g\",\"caption\":\"admin\"},\"url\":\"https:\/\/franciscanos.org.br\/noticias\/author\/admin\"}]}<\/script>\n<!-- \/ Yoast SEO plugin. -->","yoast_head_json":{"title":"O franciscanismo na Amaz\u00f4nia. Luta contra a pobreza extrema e pela natureza. - Not\u00edcias - Franciscanos","robots":{"index":"index","follow":"follow","max-snippet":"max-snippet:-1","max-image-preview":"max-image-preview:large","max-video-preview":"max-video-preview:-1"},"canonical":"https:\/\/franciscanos.org.br\/noticias\/o-franciscanismo-na-amazonia-luta-contra-a-pobreza-extrema-e-pela-natureza.html","og_locale":"pt_BR","og_type":"article","og_title":"O franciscanismo na Amaz\u00f4nia. Luta contra a pobreza extrema e pela natureza. - Not\u00edcias - Franciscanos","og_description":"Entrevista: D. Bernardo Bahlmann","og_url":"https:\/\/franciscanos.org.br\/noticias\/o-franciscanismo-na-amazonia-luta-contra-a-pobreza-extrema-e-pela-natureza.html","og_site_name":"Not\u00edcias - Franciscanos","article_published_time":"2016-02-09T13:07:24+00:00","article_modified_time":"2020-03-19T16:28:19+00:00","og_image":[{"width":273,"height":180,"url":"https:\/\/franciscanos.org.br\/noticias\/wp-content\/uploads\/2016\/02\/dom_bernardo-150x105-1.jpg","type":"image\/jpeg"}],"author":"admin","twitter_card":"summary_large_image","twitter_misc":{"Escrito por":"admin","Est. tempo de leitura":"13 minutos"},"schema":{"@context":"https:\/\/schema.org","@graph":[{"@type":"WebSite","@id":"https:\/\/franciscanos.org.br\/noticias\/#website","url":"https:\/\/franciscanos.org.br\/noticias\/","name":"Not\u00edcias - Franciscanos","description":"Prov\u00edncia Franciscana da Imaculada Concei\u00e7\u00e3o do Brasil - Ordem dos Frades Menores - OFM","potentialAction":[{"@type":"SearchAction","target":{"@type":"EntryPoint","urlTemplate":"https:\/\/franciscanos.org.br\/noticias\/?s={search_term_string}"},"query-input":"required name=search_term_string"}],"inLanguage":"pt-BR"},{"@type":"ImageObject","inLanguage":"pt-BR","@id":"https:\/\/franciscanos.org.br\/noticias\/o-franciscanismo-na-amazonia-luta-contra-a-pobreza-extrema-e-pela-natureza.html#primaryimage","url":"https:\/\/franciscanos.org.br\/noticias\/wp-content\/uploads\/2016\/02\/dom_bernardo-150x105-1.jpg","contentUrl":"https:\/\/franciscanos.org.br\/noticias\/wp-content\/uploads\/2016\/02\/dom_bernardo-150x105-1.jpg","width":273,"height":180},{"@type":"WebPage","@id":"https:\/\/franciscanos.org.br\/noticias\/o-franciscanismo-na-amazonia-luta-contra-a-pobreza-extrema-e-pela-natureza.html#webpage","url":"https:\/\/franciscanos.org.br\/noticias\/o-franciscanismo-na-amazonia-luta-contra-a-pobreza-extrema-e-pela-natureza.html","name":"O franciscanismo na Amaz\u00f4nia. Luta contra a pobreza extrema e pela natureza. - Not\u00edcias - Franciscanos","isPartOf":{"@id":"https:\/\/franciscanos.org.br\/noticias\/#website"},"primaryImageOfPage":{"@id":"https:\/\/franciscanos.org.br\/noticias\/o-franciscanismo-na-amazonia-luta-contra-a-pobreza-extrema-e-pela-natureza.html#primaryimage"},"datePublished":"2016-02-09T13:07:24+00:00","dateModified":"2020-03-19T16:28:19+00:00","author":{"@id":"https:\/\/franciscanos.org.br\/noticias\/#\/schema\/person\/b38fbf43118f02820bd932f2e4b14ad3"},"breadcrumb":{"@id":"https:\/\/franciscanos.org.br\/noticias\/o-franciscanismo-na-amazonia-luta-contra-a-pobreza-extrema-e-pela-natureza.html#breadcrumb"},"inLanguage":"pt-BR","potentialAction":[{"@type":"ReadAction","target":["https:\/\/franciscanos.org.br\/noticias\/o-franciscanismo-na-amazonia-luta-contra-a-pobreza-extrema-e-pela-natureza.html"]}]},{"@type":"BreadcrumbList","@id":"https:\/\/franciscanos.org.br\/noticias\/o-franciscanismo-na-amazonia-luta-contra-a-pobreza-extrema-e-pela-natureza.html#breadcrumb","itemListElement":[{"@type":"ListItem","position":1,"name":"Home","item":"https:\/\/franciscanos.org.br\/noticias"},{"@type":"ListItem","position":2,"name":"O franciscanismo na Amaz\u00f4nia. Luta contra a pobreza extrema e pela natureza."}]},{"@type":"Person","@id":"https:\/\/franciscanos.org.br\/noticias\/#\/schema\/person\/b38fbf43118f02820bd932f2e4b14ad3","name":"admin","image":{"@type":"ImageObject","inLanguage":"pt-BR","@id":"https:\/\/franciscanos.org.br\/noticias\/#\/schema\/person\/image\/","url":"https:\/\/secure.gravatar.com\/avatar\/e8495742d34d0ba6448ea1c628263b3e?s=96&d=mm&r=g","contentUrl":"https:\/\/secure.gravatar.com\/avatar\/e8495742d34d0ba6448ea1c628263b3e?s=96&d=mm&r=g","caption":"admin"},"url":"https:\/\/franciscanos.org.br\/noticias\/author\/admin"}]}},"_links":{"self":[{"href":"https:\/\/franciscanos.org.br\/noticias\/wp-json\/wp\/v2\/posts\/106895"}],"collection":[{"href":"https:\/\/franciscanos.org.br\/noticias\/wp-json\/wp\/v2\/posts"}],"about":[{"href":"https:\/\/franciscanos.org.br\/noticias\/wp-json\/wp\/v2\/types\/post"}],"author":[{"embeddable":true,"href":"https:\/\/franciscanos.org.br\/noticias\/wp-json\/wp\/v2\/users\/1"}],"replies":[{"embeddable":true,"href":"https:\/\/franciscanos.org.br\/noticias\/wp-json\/wp\/v2\/comments?post=106895"}],"version-history":[{"count":1,"href":"https:\/\/franciscanos.org.br\/noticias\/wp-json\/wp\/v2\/posts\/106895\/revisions"}],"predecessor-version":[{"id":221979,"href":"https:\/\/franciscanos.org.br\/noticias\/wp-json\/wp\/v2\/posts\/106895\/revisions\/221979"}],"wp:featuredmedia":[{"embeddable":true,"href":"https:\/\/franciscanos.org.br\/noticias\/wp-json\/wp\/v2\/media\/209184"}],"wp:attachment":[{"href":"https:\/\/franciscanos.org.br\/noticias\/wp-json\/wp\/v2\/media?parent=106895"}],"wp:term":[{"taxonomy":"category","embeddable":true,"href":"https:\/\/franciscanos.org.br\/noticias\/wp-json\/wp\/v2\/categories?post=106895"},{"taxonomy":"post_tag","embeddable":true,"href":"https:\/\/franciscanos.org.br\/noticias\/wp-json\/wp\/v2\/tags?post=106895"}],"curies":[{"name":"wp","href":"https:\/\/api.w.org\/{rel}","templated":true}]}}