{"id":106883,"date":"2016-04-01T08:35:29","date_gmt":"2016-04-01T11:35:29","guid":{"rendered":"http:\/\/franciscanos.org.br\/?p=106883"},"modified":"2020-06-09T18:58:51","modified_gmt":"2020-06-09T21:58:51","slug":"pascoa-do-povo-da-rua-e-celebrada-em-duque-de-caxias","status":"publish","type":"post","link":"https:\/\/franciscanos.org.br\/noticias\/pascoa-do-povo-da-rua-e-celebrada-em-duque-de-caxias.html","title":{"rendered":"P\u00e1scoa do Povo da Rua \u00e9 celebrada em Duque de Caxias"},"content":{"rendered":"<p><img loading=\"lazy\" src=\"http:\/\/franciscanos.org.br\/wp-content\/uploads\/2016\/04\/caxias_1.jpg\" alt=\"caxias_1\" width=\"820\" height=\"370\" \/><\/p>\n<p><strong>Duque de Caxias (RJ) &#8211;<\/strong> A Pastoral do Povo da Rua da Catedral de Santo Ant\u00f4nio e a Fraternidade Santo Ant\u00f4nio, vinculada \u00e0 Ordem Franciscana Secular (OFS), festejaram, em Duque de Caxias (RJ), a P\u00e1scoa do Povo da Rua com atividades de higiene pessoal, distribui\u00e7\u00e3o de roupas novas, seguido de um jantar especial oferecido para os pobres e sofredores de rua para marcar com grande j\u00fabilo a ressurrei\u00e7\u00e3o de Jesus Cristo.<\/p>\n<p>Para o Padre Renato Gentile, p\u00e1roco da Catedral de Santo Ant\u00f4nio, a mensagem e a luz do Cristo ressuscitado sempre resplandecer\u00e1 junto aos mais pobres e sofredores, pois a vit\u00f3ria da ressurrei\u00e7\u00e3o destruiu a definitivamente morte e os sinais de injusti\u00e7a:<\/p>\n<p>&#8220;O trabalho da Pastoral do Povo da Rua e dos grupos que trabalham com pessoas em situa\u00e7\u00e3o de rua \u00e9 uma experi\u00eancia pascal que expressa a bondade e a miseric\u00f3rdia do Senhor em meio \u00e0s injusti\u00e7as, \u00e0s diversas formas de viol\u00eancia e dos reveses da vida cotidiana, especialmente neste ano jubilar dedicado \u00e0 espiritualidade da Miseric\u00f3rdia. O Santo Padre, o Papa Francisco, pede que sejamos uma &#8216;Igreja em sa\u00edda&#8217; para anunciar, corajosamente e sem reservas, o Evangelho a todos, em todos os lugares, especialmente nas periferias&#8221;, afirmou.<\/p>\n<p>Atualmente, os agentes da Pastoral do Povo da Rua est\u00e3o formando uma rede para trabalhar, conjuntamente, aspectos relevantes como a forma\u00e7\u00e3o dos agentes, o debate e a formula\u00e7\u00e3o de pol\u00edticas p\u00fablicas para os moradores em situa\u00e7\u00e3o de rua, integrando, em especial, as dioceses da Regi\u00e3o Metropolitana do Rio de Janeiro, onde o drama dos moradores em situa\u00e7\u00e3o de rua assume maior propor\u00e7\u00e3o.<\/p>\n<p><strong>Conhe\u00e7a a Pastoral do Povo da Rua<\/strong><\/p>\n<p>A Pastoral do Povo da Rua tem como miss\u00e3o ser presen\u00e7a solid\u00e1ria junto ao povo da rua e dos lix\u00f5es, reconhecer os sinais de Deus presentes na sua hist\u00f3ria e desenvolver a\u00e7\u00f5es que transformem a situa\u00e7\u00e3o de exclus\u00e3o em projetos de vida para todos. Para atingir esse objetivo, a pastoral trabalha de forma coletiva para que a popula\u00e7\u00e3o em situa\u00e7\u00e3o de rua e os catadores de materiais recicl\u00e1veis alcancem sua pr\u00f3pria autonomia e dignidade.<\/p>\n<p>Nessa perspectiva, a pastoral busca construir alternativas para a defesa da vida e de articula\u00e7\u00e3o e organiza\u00e7\u00e3o dessa popula\u00e7\u00e3o contra a viol\u00eancia e a discrimina\u00e7\u00e3o, reconhecendo-os como protagonistas de sua pr\u00f3pria vida, al\u00e9m de propor a constru\u00e7\u00e3o de pol\u00edticas p\u00fablicas.<\/p>\n<p>Informa\u00e7\u00f5es sobre a Pastoral do Povo da Rua e de como participar das a\u00e7\u00f5es na Diocese de Duque de Caxias poder\u00e3o ser obtidas atrav\u00e9s do e-mail <strong>ofs.santoantonio@gmail.com<\/strong><\/p>\n","protected":false},"excerpt":{"rendered":"<p>Celebra\u00e7\u00e3o<\/p>\n","protected":false},"author":1,"featured_media":203351,"comment_status":"open","ping_status":"open","sticky":false,"template":"","format":"standard","meta":[],"categories":[1],"tags":[60],"acf":[],"yoast_head":"<!-- This site is optimized with the Yoast SEO plugin v19.2 - https:\/\/yoast.com\/wordpress\/plugins\/seo\/ -->\n<title>P\u00e1scoa do Povo da Rua \u00e9 celebrada em Duque de Caxias - Not\u00edcias - Franciscanos<\/title>\n<meta name=\"robots\" content=\"index, follow, max-snippet:-1, max-image-preview:large, max-video-preview:-1\" \/>\n<link rel=\"canonical\" href=\"https:\/\/franciscanos.org.br\/noticias\/pascoa-do-povo-da-rua-e-celebrada-em-duque-de-caxias.html\" \/>\n<meta property=\"og:locale\" content=\"pt_BR\" \/>\n<meta property=\"og:type\" content=\"article\" \/>\n<meta property=\"og:title\" content=\"P\u00e1scoa do Povo da Rua \u00e9 celebrada em Duque de Caxias - Not\u00edcias - Franciscanos\" \/>\n<meta property=\"og:description\" content=\"Celebra\u00e7\u00e3o\" \/>\n<meta property=\"og:url\" content=\"https:\/\/franciscanos.org.br\/noticias\/pascoa-do-povo-da-rua-e-celebrada-em-duque-de-caxias.html\" \/>\n<meta property=\"og:site_name\" content=\"Not\u00edcias - Franciscanos\" \/>\n<meta property=\"article:published_time\" content=\"2016-04-01T11:35:29+00:00\" \/>\n<meta property=\"article:modified_time\" content=\"2020-06-09T21:58:51+00:00\" \/>\n<meta property=\"og:image\" content=\"https:\/\/franciscanos.org.br\/noticias\/wp-content\/uploads\/2016\/04\/caxias_1.jpg\" \/>\n\t<meta property=\"og:image:width\" content=\"273\" \/>\n\t<meta property=\"og:image:height\" content=\"181\" \/>\n\t<meta property=\"og:image:type\" content=\"image\/jpeg\" \/>\n<meta name=\"author\" content=\"admin\" \/>\n<meta name=\"twitter:card\" content=\"summary_large_image\" \/>\n<meta name=\"twitter:label1\" content=\"Escrito por\" \/>\n\t<meta name=\"twitter:data1\" content=\"admin\" \/>\n\t<meta name=\"twitter:label2\" content=\"Est. tempo de leitura\" \/>\n\t<meta name=\"twitter:data2\" content=\"2 minutos\" \/>\n<script type=\"application\/ld+json\" class=\"yoast-schema-graph\">{\"@context\":\"https:\/\/schema.org\",\"@graph\":[{\"@type\":\"WebSite\",\"@id\":\"https:\/\/franciscanos.org.br\/noticias\/#website\",\"url\":\"https:\/\/franciscanos.org.br\/noticias\/\",\"name\":\"Not\u00edcias - Franciscanos\",\"description\":\"Prov\u00edncia Franciscana da Imaculada Concei\u00e7\u00e3o do Brasil - Ordem dos Frades Menores - OFM\",\"potentialAction\":[{\"@type\":\"SearchAction\",\"target\":{\"@type\":\"EntryPoint\",\"urlTemplate\":\"https:\/\/franciscanos.org.br\/noticias\/?s={search_term_string}\"},\"query-input\":\"required name=search_term_string\"}],\"inLanguage\":\"pt-BR\"},{\"@type\":\"ImageObject\",\"inLanguage\":\"pt-BR\",\"@id\":\"https:\/\/franciscanos.org.br\/noticias\/pascoa-do-povo-da-rua-e-celebrada-em-duque-de-caxias.html#primaryimage\",\"url\":\"https:\/\/franciscanos.org.br\/noticias\/wp-content\/uploads\/2016\/04\/caxias_1.jpg\",\"contentUrl\":\"https:\/\/franciscanos.org.br\/noticias\/wp-content\/uploads\/2016\/04\/caxias_1.jpg\",\"width\":273,\"height\":181},{\"@type\":\"WebPage\",\"@id\":\"https:\/\/franciscanos.org.br\/noticias\/pascoa-do-povo-da-rua-e-celebrada-em-duque-de-caxias.html#webpage\",\"url\":\"https:\/\/franciscanos.org.br\/noticias\/pascoa-do-povo-da-rua-e-celebrada-em-duque-de-caxias.html\",\"name\":\"P\u00e1scoa do Povo da Rua \u00e9 celebrada em Duque de Caxias - Not\u00edcias - Franciscanos\",\"isPartOf\":{\"@id\":\"https:\/\/franciscanos.org.br\/noticias\/#website\"},\"primaryImageOfPage\":{\"@id\":\"https:\/\/franciscanos.org.br\/noticias\/pascoa-do-povo-da-rua-e-celebrada-em-duque-de-caxias.html#primaryimage\"},\"datePublished\":\"2016-04-01T11:35:29+00:00\",\"dateModified\":\"2020-06-09T21:58:51+00:00\",\"author\":{\"@id\":\"https:\/\/franciscanos.org.br\/noticias\/#\/schema\/person\/b38fbf43118f02820bd932f2e4b14ad3\"},\"breadcrumb\":{\"@id\":\"https:\/\/franciscanos.org.br\/noticias\/pascoa-do-povo-da-rua-e-celebrada-em-duque-de-caxias.html#breadcrumb\"},\"inLanguage\":\"pt-BR\",\"potentialAction\":[{\"@type\":\"ReadAction\",\"target\":[\"https:\/\/franciscanos.org.br\/noticias\/pascoa-do-povo-da-rua-e-celebrada-em-duque-de-caxias.html\"]}]},{\"@type\":\"BreadcrumbList\",\"@id\":\"https:\/\/franciscanos.org.br\/noticias\/pascoa-do-povo-da-rua-e-celebrada-em-duque-de-caxias.html#breadcrumb\",\"itemListElement\":[{\"@type\":\"ListItem\",\"position\":1,\"name\":\"Home\",\"item\":\"https:\/\/franciscanos.org.br\/noticias\"},{\"@type\":\"ListItem\",\"position\":2,\"name\":\"P\u00e1scoa do Povo da Rua \u00e9 celebrada em Duque de Caxias\"}]},{\"@type\":\"Person\",\"@id\":\"https:\/\/franciscanos.org.br\/noticias\/#\/schema\/person\/b38fbf43118f02820bd932f2e4b14ad3\",\"name\":\"admin\",\"image\":{\"@type\":\"ImageObject\",\"inLanguage\":\"pt-BR\",\"@id\":\"https:\/\/franciscanos.org.br\/noticias\/#\/schema\/person\/image\/\",\"url\":\"https:\/\/secure.gravatar.com\/avatar\/e8495742d34d0ba6448ea1c628263b3e?s=96&d=mm&r=g\",\"contentUrl\":\"https:\/\/secure.gravatar.com\/avatar\/e8495742d34d0ba6448ea1c628263b3e?s=96&d=mm&r=g\",\"caption\":\"admin\"},\"url\":\"https:\/\/franciscanos.org.br\/noticias\/author\/admin\"}]}<\/script>\n<!-- \/ Yoast SEO plugin. -->","yoast_head_json":{"title":"P\u00e1scoa do Povo da Rua \u00e9 celebrada em Duque de Caxias - Not\u00edcias - Franciscanos","robots":{"index":"index","follow":"follow","max-snippet":"max-snippet:-1","max-image-preview":"max-image-preview:large","max-video-preview":"max-video-preview:-1"},"canonical":"https:\/\/franciscanos.org.br\/noticias\/pascoa-do-povo-da-rua-e-celebrada-em-duque-de-caxias.html","og_locale":"pt_BR","og_type":"article","og_title":"P\u00e1scoa do Povo da Rua \u00e9 celebrada em Duque de Caxias - Not\u00edcias - Franciscanos","og_description":"Celebra\u00e7\u00e3o","og_url":"https:\/\/franciscanos.org.br\/noticias\/pascoa-do-povo-da-rua-e-celebrada-em-duque-de-caxias.html","og_site_name":"Not\u00edcias - Franciscanos","article_published_time":"2016-04-01T11:35:29+00:00","article_modified_time":"2020-06-09T21:58:51+00:00","og_image":[{"width":273,"height":181,"url":"https:\/\/franciscanos.org.br\/noticias\/wp-content\/uploads\/2016\/04\/caxias_1.jpg","type":"image\/jpeg"}],"author":"admin","twitter_card":"summary_large_image","twitter_misc":{"Escrito por":"admin","Est. tempo de leitura":"2 minutos"},"schema":{"@context":"https:\/\/schema.org","@graph":[{"@type":"WebSite","@id":"https:\/\/franciscanos.org.br\/noticias\/#website","url":"https:\/\/franciscanos.org.br\/noticias\/","name":"Not\u00edcias - Franciscanos","description":"Prov\u00edncia Franciscana da Imaculada Concei\u00e7\u00e3o do Brasil - Ordem dos Frades Menores - OFM","potentialAction":[{"@type":"SearchAction","target":{"@type":"EntryPoint","urlTemplate":"https:\/\/franciscanos.org.br\/noticias\/?s={search_term_string}"},"query-input":"required name=search_term_string"}],"inLanguage":"pt-BR"},{"@type":"ImageObject","inLanguage":"pt-BR","@id":"https:\/\/franciscanos.org.br\/noticias\/pascoa-do-povo-da-rua-e-celebrada-em-duque-de-caxias.html#primaryimage","url":"https:\/\/franciscanos.org.br\/noticias\/wp-content\/uploads\/2016\/04\/caxias_1.jpg","contentUrl":"https:\/\/franciscanos.org.br\/noticias\/wp-content\/uploads\/2016\/04\/caxias_1.jpg","width":273,"height":181},{"@type":"WebPage","@id":"https:\/\/franciscanos.org.br\/noticias\/pascoa-do-povo-da-rua-e-celebrada-em-duque-de-caxias.html#webpage","url":"https:\/\/franciscanos.org.br\/noticias\/pascoa-do-povo-da-rua-e-celebrada-em-duque-de-caxias.html","name":"P\u00e1scoa do Povo da Rua \u00e9 celebrada em Duque de Caxias - Not\u00edcias - Franciscanos","isPartOf":{"@id":"https:\/\/franciscanos.org.br\/noticias\/#website"},"primaryImageOfPage":{"@id":"https:\/\/franciscanos.org.br\/noticias\/pascoa-do-povo-da-rua-e-celebrada-em-duque-de-caxias.html#primaryimage"},"datePublished":"2016-04-01T11:35:29+00:00","dateModified":"2020-06-09T21:58:51+00:00","author":{"@id":"https:\/\/franciscanos.org.br\/noticias\/#\/schema\/person\/b38fbf43118f02820bd932f2e4b14ad3"},"breadcrumb":{"@id":"https:\/\/franciscanos.org.br\/noticias\/pascoa-do-povo-da-rua-e-celebrada-em-duque-de-caxias.html#breadcrumb"},"inLanguage":"pt-BR","potentialAction":[{"@type":"ReadAction","target":["https:\/\/franciscanos.org.br\/noticias\/pascoa-do-povo-da-rua-e-celebrada-em-duque-de-caxias.html"]}]},{"@type":"BreadcrumbList","@id":"https:\/\/franciscanos.org.br\/noticias\/pascoa-do-povo-da-rua-e-celebrada-em-duque-de-caxias.html#breadcrumb","itemListElement":[{"@type":"ListItem","position":1,"name":"Home","item":"https:\/\/franciscanos.org.br\/noticias"},{"@type":"ListItem","position":2,"name":"P\u00e1scoa do Povo da Rua \u00e9 celebrada em Duque de Caxias"}]},{"@type":"Person","@id":"https:\/\/franciscanos.org.br\/noticias\/#\/schema\/person\/b38fbf43118f02820bd932f2e4b14ad3","name":"admin","image":{"@type":"ImageObject","inLanguage":"pt-BR","@id":"https:\/\/franciscanos.org.br\/noticias\/#\/schema\/person\/image\/","url":"https:\/\/secure.gravatar.com\/avatar\/e8495742d34d0ba6448ea1c628263b3e?s=96&d=mm&r=g","contentUrl":"https:\/\/secure.gravatar.com\/avatar\/e8495742d34d0ba6448ea1c628263b3e?s=96&d=mm&r=g","caption":"admin"},"url":"https:\/\/franciscanos.org.br\/noticias\/author\/admin"}]}},"_links":{"self":[{"href":"https:\/\/franciscanos.org.br\/noticias\/wp-json\/wp\/v2\/posts\/106883"}],"collection":[{"href":"https:\/\/franciscanos.org.br\/noticias\/wp-json\/wp\/v2\/posts"}],"about":[{"href":"https:\/\/franciscanos.org.br\/noticias\/wp-json\/wp\/v2\/types\/post"}],"author":[{"embeddable":true,"href":"https:\/\/franciscanos.org.br\/noticias\/wp-json\/wp\/v2\/users\/1"}],"replies":[{"embeddable":true,"href":"https:\/\/franciscanos.org.br\/noticias\/wp-json\/wp\/v2\/comments?post=106883"}],"version-history":[{"count":2,"href":"https:\/\/franciscanos.org.br\/noticias\/wp-json\/wp\/v2\/posts\/106883\/revisions"}],"predecessor-version":[{"id":225741,"href":"https:\/\/franciscanos.org.br\/noticias\/wp-json\/wp\/v2\/posts\/106883\/revisions\/225741"}],"wp:featuredmedia":[{"embeddable":true,"href":"https:\/\/franciscanos.org.br\/noticias\/wp-json\/wp\/v2\/media\/203351"}],"wp:attachment":[{"href":"https:\/\/franciscanos.org.br\/noticias\/wp-json\/wp\/v2\/media?parent=106883"}],"wp:term":[{"taxonomy":"category","embeddable":true,"href":"https:\/\/franciscanos.org.br\/noticias\/wp-json\/wp\/v2\/categories?post=106883"},{"taxonomy":"post_tag","embeddable":true,"href":"https:\/\/franciscanos.org.br\/noticias\/wp-json\/wp\/v2\/tags?post=106883"}],"curies":[{"name":"wp","href":"https:\/\/api.w.org\/{rel}","templated":true}]}}