{"id":106796,"date":"2016-03-30T10:25:15","date_gmt":"2016-03-30T13:25:15","guid":{"rendered":"http:\/\/franciscanos.org.br\/?p=106796"},"modified":"2020-06-09T19:03:35","modified_gmt":"2020-06-09T22:03:35","slug":"o-perdao-purifica-o-coracao-e-transforma-a-vida","status":"publish","type":"post","link":"https:\/\/franciscanos.org.br\/noticias\/o-perdao-purifica-o-coracao-e-transforma-a-vida.html","title":{"rendered":"O perd\u00e3o purifica o cora\u00e7\u00e3o e transforma a vida"},"content":{"rendered":"<p><img loading=\"lazy\" src=\"http:\/\/franciscanos.org.br\/wp-content\/uploads\/2016\/03\/audiencia.jpg\" alt=\"audiencia\" width=\"820\" height=\"375\" \/><\/p>\n<p><strong>Cidade do Vaticano<\/strong> \u2013 Mais de 30 mil pessoas participaram da Audi\u00eancia Geral desta quarta-feira (30\/03), na Pra\u00e7a S. Pedro, ainda enfeitada com as flores para o dia de P\u00e1scoa. Em sua catequese, o Papa Francisco encerrou a s\u00e9rie sobre a miseric\u00f3rdia no Antigo Testamento, meditando sobre o Salmo 51, chamado <em>Miserere.<\/em><\/p>\n<p>Trata-se de uma ora\u00e7\u00e3o penitencial, precedida de uma confiss\u00e3o de culpa, na qual o orante deixa-se purificar pelo amor de Deus que o torna uma nova criatura. A tradi\u00e7\u00e3o atribui este Salmo ao Rei Davi que, ap\u00f3s ter cometido adult\u00e9rio com Betsabeia, fazendo que o marido desta, Urias, fosse morto, \u00e9 ajudado pelo profeta Nat\u00e3 a reconhecer a sua culpa diante de Deus.<\/p>\n<p>O Salmo tem in\u00edcio com palavras de s\u00faplicas: \u201c\u00d3 Deus, tem piedade de mim, conforme a tua miseric\u00f3rdia; no teu grande amor cancela o meu pecado. Lava-me de toda a minha culpa, e purifica-me de meu pecado\u201d.<\/p>\n<p>Nesta ora\u00e7\u00e3o, manifesta-se a verdadeira necessidade do homem: a \u00fanica coisa de que realmente necessitamos na nossa vida \u00e9 ser perdoados, libertados do mal e das suas consequ\u00eancias. Assim, neste Salmo, somos convidados a ter os mesmos sentimentos de Davi, reconhecendo a nossa mis\u00e9ria, certos da miseric\u00f3rdia do Senhor. \u201cDeus \u00e9 maior que os nossos pecados\u201d, afirmou Francisco, repetindo esta frase in\u00fameras vezes e convidando a multid\u00e3o a fazer o mesmo.<\/p>\n<p><iframe loading=\"lazy\" title=\"(\u00cdntegra) Catequese Papa Francisco Audi\u00eancia geral 30-03-16\" width=\"500\" height=\"281\" src=\"https:\/\/www.youtube.com\/embed\/8atQh5iqhSw?feature=oembed\" frameborder=\"0\" allow=\"accelerometer; autoplay; encrypted-media; gyroscope; picture-in-picture\" allowfullscreen><\/iframe><\/p>\n<p><strong>Fidelidade do Pai<\/strong><br \/>\n\u201cDeus, que nunca nos abandona, ao perdoar, cancela os nossos pecados, faz de n\u00f3s novas criaturas.\u201d E o Papa se dirigiu aos fi\u00e9is para perguntar se havia algu\u00e9m que n\u00e3o tinha pecados.<\/p>\n<p>Portanto, n\u00f3s, pecadores perdoados, podemos at\u00e9 mesmo ensinar aos outros a n\u00e3o pecarem mais. \u201cA dignidade que o perd\u00e3o de Deus nos d\u00e1 \u00e9 levantar-se depois de um pecado\u201d, explicou o Pont\u00edfice, citando o Salmista: \u201cCria em mim, \u00f3 Deus, um cora\u00e7\u00e3o puro, renova em mim um esp\u00edrito resoluto. Quero ensinar teus caminhos aos que erram e a ti voltar\u00e3o os pecadores\u201d.<\/p>\n<p>O Papa ent\u00e3o concluiu: \u201cTodo pecador perdoado \u00e9 chamado a compartilhar com cada irm\u00e3o e irm\u00e3 que encontra este dom, pois todos s\u00e3o, como n\u00f3s, necessitados da miseric\u00f3rdia de Deus. O perd\u00e3o purifica o cora\u00e7\u00e3o e transforma a vida\u201d.<\/p>\n<hr \/>\n<p>&nbsp;<\/p>\n<p><strong>\u00cdNTEGRA DA CATEQUESE<\/strong><br \/>\nQueridos irm\u00e3os e irm\u00e3s, bom dia!<\/p>\n<p>Terminamos hoje as catequeses sobre miseric\u00f3rdia no Antigo Testamento e o fazemos meditando sobre o Salmo 51, tamb\u00e9m chamado Miserere. Trata-se de uma ora\u00e7\u00e3o penitencial em que o pedido de perd\u00e3o \u00e9 precedido pela confiss\u00e3o da culpa e em que o orante, deixando-se purificar pelo amor do Senhor, torna-se uma nova criatura, capaz de obedi\u00eancia, de firmeza no esp\u00edrito e de louvor sincero.<\/p>\n<p>O \u201ct\u00edtulo\u201d que a antiga tradi\u00e7\u00e3o hebraica colocou a este Salmo faz refer\u00eancia ao rei Davi e ao seu pecado com Betsabea, a mulher de Urias, o hitita. Conhecemos bem a hist\u00f3ria. O rei Davi, chamado por Deus a apascentar o povo e a gui\u00e1-lo nos caminhos da obedi\u00eancia \u00e0 lei divina, trai a pr\u00f3pria miss\u00e3o e, depois de ter cometido adult\u00e9rio com Betsabea, faz seu marido morrer. Bruto pecado! O profeta Nat\u00e3 diz a ele sua culpa e o ajuda a reconhec\u00ea-la. \u00c9 o momento da reconcilia\u00e7\u00e3o com Deus, na confiss\u00e3o do pr\u00f3prio pecado. E aqui Davi foi humilde, foi grande!<\/p>\n<p>Quem reza com esse Salmo \u00e9 convidado a ter os mesmos sentimentos de arrependimento e de confian\u00e7a em Deus que teve Davi que, mesmo sendo rei, humilhou-se sem ter medo de confessar a culpa e mostrar a pr\u00f3pria mis\u00e9ria ao Senhor, convencido, por\u00e9m, da certeza da sua miseric\u00f3rdia. E n\u00e3o era um pecado pequeno, uma pequena mentira, aquilo que ele tinha feito: tinha cometido adult\u00e9rio e um assassinato!<\/p>\n<p>O Salmo come\u00e7a com essas palavras de s\u00faplica:<br \/>\n\u201cTende piedade de mim, Senhor, segundo a vossa bondade.<br \/>\nE conforme a imensidade de vossa miseric\u00f3rdia,<br \/>\napagai a minha iniquidade.<br \/>\nLavai-me totalmente de minha falta, e purificai-me de meu pecado\u201d (v. 3-4).<\/p>\n<p>A invoca\u00e7\u00e3o \u00e9 dirigida ao Deus de miseric\u00f3rdia para que, movido por um amor grande como aquele de um pai ou de uma m\u00e3e, tenha piedade, isso \u00e9, d\u00ea gra\u00e7as, mostre o seu favor com benevol\u00eancia e compreens\u00e3o. \u00c9 um apelo apaixonado a Deus, o \u00fanico que pode libertar do pecado. S\u00e3o usadas imagens muito pl\u00e1sticas: apaga, lava-me, torna-me puro. Manifesta-se, nessa ora\u00e7\u00e3o, a verdadeira necessidade do homem: a \u00fanica coisa de que realmente precisamos na nossa vida \u00e9 sermos perdoados, livres do mal e das suas consequ\u00eancias de morte. Infelizmente, a vida no faz experimentar, tantas vezes, essas situa\u00e7\u00f5es; e antes de tudo nessas devemos confiar na miseric\u00f3rdia. Deus \u00e9 maior que o nosso pecado. N\u00e3o esque\u00e7amos isso: Deus \u00e9 maior que o nosso pecado! \u201cPadre, eu n\u00e3o sei dizer isso, fiz tantas coisas ruins!\u201d. Deus \u00e9 maior que todos os pecados que n\u00f3s podemos cometer. Deus \u00e9 maior que o nosso pecado. Vamos dizer juntos? Todos juntos: \u201cDeus \u00e9 maior que o nosso pecado!\u201d. Mais uma vez: \u201cDeus \u00e9 maior que o nosso pecado!\u201d. Mais uma vez: \u201cDeus \u00e9 maior que o nosso pecado!\u201d. E o seu amor \u00e9 um oceano em que podemos mergulhar sem medo de sermos oprimidos: perdoar, para Deus, significa dar-nos a certeza de que Ele nunca nos abandona. Qualquer coisa pela qual possamos nos censurar, Ele \u00e9 ainda e sempre maior que tudo (cfr Jo 3, 20), porque Deus \u00e9 maior que o nosso pecado.<\/p>\n<p>Nesse sentido, quem reza com este Salmo procura o perd\u00e3o, confessa a pr\u00f3pria culpa, mas reconhecendo-a celebra a justi\u00e7a e a santidade de Deus. E depois pede ainda gra\u00e7a e miseric\u00f3rdia. O salmista se confia \u00e0 bondade de Deus, sabe que o perd\u00e3o divino \u00e9 muito mais eficaz, porque cria aquilo que diz. N\u00e3o esconde o pecado, mas o destroi e o apaga; mas o apaga justamente da raiz, n\u00e3o como fazem na lavanderia quando levamos uma roupa e apagam a mancha. N\u00e3o! Deus apaga o nosso pecado da raiz, tudo! Por isso o penitente se torna puro novamente, toda mancha \u00e9 eliminada e ele, agora, \u00e9 o mais branco da neve sem contamina\u00e7\u00e3o. Todos somos pecadores. \u00c9 verdade isso? Se algum de voc\u00eas n\u00e3o se sente pecador que levante a m\u00e3o\u2026Ningu\u00e9m! Todos somos.<\/p>\n<p>N\u00f3s, pecadores, com o perd\u00e3o, nos tornamos criaturas novas, cheias do esp\u00edrito e cheios de alegria. Agora uma nova realidade come\u00e7a por n\u00f3s: um novo cora\u00e7\u00e3o, um novo esp\u00edrito, uma nova vida. N\u00f3s, pecadores perdoados, que acolhemos a gra\u00e7a divina, podemos at\u00e9 mesmo ensinar os outros a n\u00e3o pecar mais. \u201cMas, padre, eu sou fraco, eu caio, caio\u201d. \u201cMas se cai, levanta-te! Levanta-te!\u201d. Quando uma crian\u00e7a cai, o que faz? Estende a m\u00e3o \u00e0 m\u00e3e, ao pai, para que a fa\u00e7a levantar. Fa\u00e7amos o mesmo! Se voc\u00ea cai por fraqueza no pecado, levanta a tua m\u00e3o: o Senhor a pega e te ajudar\u00e1 a se levantar. Essa \u00e9 a dignidade do perd\u00e3o de Deus! A dignidade que nos d\u00e1 o perd\u00e3o de Deus \u00e9 aquela de nos levantarmos, colocarmo-nos de p\u00e9, porque Ele criou o homem e a mulher para que estejam de p\u00e9.<\/p>\n<p>Diz o Salmista:<br \/>\n\u201c\u00d3 meu Deus, criai em mim um cora\u00e7\u00e3o puro,<br \/>\ne renovai-me o esp\u00edrito de firmeza.<br \/>\n[\u2026]<br \/>\nEnt\u00e3o aos maus ensinarei vossos caminhos,<br \/>\ne voltar\u00e3o a v\u00f3s os pecadores\u201d (vv. 12-15).<\/p>\n<p>Queridos irm\u00e3os e irm\u00e3s, o perd\u00e3o de Deus \u00e9 aquilo de que temos necessidade e \u00e9 o maior sinal da sua miseric\u00f3rdia. Um dom que cada pecador perdoado \u00e9 chamado a partilhar com cada irm\u00e3o e irm\u00e3 que encontra. Todos aqueles que o Senhor colocou pr\u00f3ximo a n\u00f3s, os familiares, os amigos, os colegas, os paroquianos\u2026todos s\u00e3o, como n\u00f3s, necessitados da miseric\u00f3rdia de Deus. \u00c9 belo ser perdoado, mas tamb\u00e9m voc\u00ea, se quer ser perdoado, perdoa, por sua vez. Perdoa! Conceda-nos, o Senhor, por intercess\u00e3o de Maria, M\u00e3e de miseric\u00f3rdia, sermos testemunhas do seu perd\u00e3o, que purifica o cora\u00e7\u00e3o e transforma a vida. Obrigado.<\/p>\n<p><strong>Pra\u00e7a S\u00e3o Pedro \u2013 Vaticano<\/strong><br \/>\n<strong>Quarta-feira, 30 de mar\u00e7o de 2016<\/strong><\/p>\n<hr \/>\n<p><em>Fonte: R\u00e1dio Vaticano<\/em><\/p>\n","protected":false},"excerpt":{"rendered":"<p>Audi\u00eancia Geral<\/p>\n","protected":false},"author":1,"featured_media":203253,"comment_status":"open","ping_status":"open","sticky":false,"template":"","format":"standard","meta":[],"categories":[1428],"tags":[487],"acf":[],"yoast_head":"<!-- This site is optimized with the Yoast SEO plugin v19.2 - https:\/\/yoast.com\/wordpress\/plugins\/seo\/ -->\n<title>O perd\u00e3o purifica o cora\u00e7\u00e3o e transforma a vida - Not\u00edcias - Franciscanos<\/title>\n<meta name=\"robots\" content=\"index, follow, max-snippet:-1, max-image-preview:large, max-video-preview:-1\" \/>\n<link rel=\"canonical\" href=\"https:\/\/franciscanos.org.br\/noticias\/o-perdao-purifica-o-coracao-e-transforma-a-vida.html\" \/>\n<meta property=\"og:locale\" content=\"pt_BR\" \/>\n<meta property=\"og:type\" content=\"article\" \/>\n<meta property=\"og:title\" content=\"O perd\u00e3o purifica o cora\u00e7\u00e3o e transforma a vida - Not\u00edcias - Franciscanos\" \/>\n<meta property=\"og:description\" content=\"Audi\u00eancia Geral\" \/>\n<meta property=\"og:url\" content=\"https:\/\/franciscanos.org.br\/noticias\/o-perdao-purifica-o-coracao-e-transforma-a-vida.html\" \/>\n<meta property=\"og:site_name\" content=\"Not\u00edcias - Franciscanos\" \/>\n<meta property=\"article:published_time\" content=\"2016-03-30T13:25:15+00:00\" \/>\n<meta property=\"article:modified_time\" content=\"2020-06-09T22:03:35+00:00\" \/>\n<meta property=\"og:image\" content=\"https:\/\/franciscanos.org.br\/noticias\/wp-content\/uploads\/2016\/03\/audiencia.jpg\" \/>\n\t<meta property=\"og:image:width\" content=\"273\" \/>\n\t<meta property=\"og:image:height\" content=\"172\" \/>\n\t<meta property=\"og:image:type\" content=\"image\/jpeg\" \/>\n<meta name=\"author\" content=\"admin\" \/>\n<meta name=\"twitter:card\" content=\"summary_large_image\" \/>\n<meta name=\"twitter:label1\" content=\"Escrito por\" \/>\n\t<meta name=\"twitter:data1\" content=\"admin\" \/>\n\t<meta name=\"twitter:label2\" content=\"Est. tempo de leitura\" \/>\n\t<meta name=\"twitter:data2\" content=\"7 minutos\" \/>\n<script type=\"application\/ld+json\" class=\"yoast-schema-graph\">{\"@context\":\"https:\/\/schema.org\",\"@graph\":[{\"@type\":\"WebSite\",\"@id\":\"https:\/\/franciscanos.org.br\/noticias\/#website\",\"url\":\"https:\/\/franciscanos.org.br\/noticias\/\",\"name\":\"Not\u00edcias - Franciscanos\",\"description\":\"Prov\u00edncia Franciscana da Imaculada Concei\u00e7\u00e3o do Brasil - Ordem dos Frades Menores - OFM\",\"potentialAction\":[{\"@type\":\"SearchAction\",\"target\":{\"@type\":\"EntryPoint\",\"urlTemplate\":\"https:\/\/franciscanos.org.br\/noticias\/?s={search_term_string}\"},\"query-input\":\"required name=search_term_string\"}],\"inLanguage\":\"pt-BR\"},{\"@type\":\"ImageObject\",\"inLanguage\":\"pt-BR\",\"@id\":\"https:\/\/franciscanos.org.br\/noticias\/o-perdao-purifica-o-coracao-e-transforma-a-vida.html#primaryimage\",\"url\":\"https:\/\/franciscanos.org.br\/noticias\/wp-content\/uploads\/2016\/03\/audiencia.jpg\",\"contentUrl\":\"https:\/\/franciscanos.org.br\/noticias\/wp-content\/uploads\/2016\/03\/audiencia.jpg\",\"width\":273,\"height\":172},{\"@type\":\"WebPage\",\"@id\":\"https:\/\/franciscanos.org.br\/noticias\/o-perdao-purifica-o-coracao-e-transforma-a-vida.html#webpage\",\"url\":\"https:\/\/franciscanos.org.br\/noticias\/o-perdao-purifica-o-coracao-e-transforma-a-vida.html\",\"name\":\"O perd\u00e3o purifica o cora\u00e7\u00e3o e transforma a vida - Not\u00edcias - Franciscanos\",\"isPartOf\":{\"@id\":\"https:\/\/franciscanos.org.br\/noticias\/#website\"},\"primaryImageOfPage\":{\"@id\":\"https:\/\/franciscanos.org.br\/noticias\/o-perdao-purifica-o-coracao-e-transforma-a-vida.html#primaryimage\"},\"datePublished\":\"2016-03-30T13:25:15+00:00\",\"dateModified\":\"2020-06-09T22:03:35+00:00\",\"author\":{\"@id\":\"https:\/\/franciscanos.org.br\/noticias\/#\/schema\/person\/b38fbf43118f02820bd932f2e4b14ad3\"},\"breadcrumb\":{\"@id\":\"https:\/\/franciscanos.org.br\/noticias\/o-perdao-purifica-o-coracao-e-transforma-a-vida.html#breadcrumb\"},\"inLanguage\":\"pt-BR\",\"potentialAction\":[{\"@type\":\"ReadAction\",\"target\":[\"https:\/\/franciscanos.org.br\/noticias\/o-perdao-purifica-o-coracao-e-transforma-a-vida.html\"]}]},{\"@type\":\"BreadcrumbList\",\"@id\":\"https:\/\/franciscanos.org.br\/noticias\/o-perdao-purifica-o-coracao-e-transforma-a-vida.html#breadcrumb\",\"itemListElement\":[{\"@type\":\"ListItem\",\"position\":1,\"name\":\"Home\",\"item\":\"https:\/\/franciscanos.org.br\/noticias\"},{\"@type\":\"ListItem\",\"position\":2,\"name\":\"O perd\u00e3o purifica o cora\u00e7\u00e3o e transforma a vida\"}]},{\"@type\":\"Person\",\"@id\":\"https:\/\/franciscanos.org.br\/noticias\/#\/schema\/person\/b38fbf43118f02820bd932f2e4b14ad3\",\"name\":\"admin\",\"image\":{\"@type\":\"ImageObject\",\"inLanguage\":\"pt-BR\",\"@id\":\"https:\/\/franciscanos.org.br\/noticias\/#\/schema\/person\/image\/\",\"url\":\"https:\/\/secure.gravatar.com\/avatar\/e8495742d34d0ba6448ea1c628263b3e?s=96&d=mm&r=g\",\"contentUrl\":\"https:\/\/secure.gravatar.com\/avatar\/e8495742d34d0ba6448ea1c628263b3e?s=96&d=mm&r=g\",\"caption\":\"admin\"},\"url\":\"https:\/\/franciscanos.org.br\/noticias\/author\/admin\"}]}<\/script>\n<!-- \/ Yoast SEO plugin. -->","yoast_head_json":{"title":"O perd\u00e3o purifica o cora\u00e7\u00e3o e transforma a vida - Not\u00edcias - Franciscanos","robots":{"index":"index","follow":"follow","max-snippet":"max-snippet:-1","max-image-preview":"max-image-preview:large","max-video-preview":"max-video-preview:-1"},"canonical":"https:\/\/franciscanos.org.br\/noticias\/o-perdao-purifica-o-coracao-e-transforma-a-vida.html","og_locale":"pt_BR","og_type":"article","og_title":"O perd\u00e3o purifica o cora\u00e7\u00e3o e transforma a vida - Not\u00edcias - Franciscanos","og_description":"Audi\u00eancia Geral","og_url":"https:\/\/franciscanos.org.br\/noticias\/o-perdao-purifica-o-coracao-e-transforma-a-vida.html","og_site_name":"Not\u00edcias - Franciscanos","article_published_time":"2016-03-30T13:25:15+00:00","article_modified_time":"2020-06-09T22:03:35+00:00","og_image":[{"width":273,"height":172,"url":"https:\/\/franciscanos.org.br\/noticias\/wp-content\/uploads\/2016\/03\/audiencia.jpg","type":"image\/jpeg"}],"author":"admin","twitter_card":"summary_large_image","twitter_misc":{"Escrito por":"admin","Est. tempo de leitura":"7 minutos"},"schema":{"@context":"https:\/\/schema.org","@graph":[{"@type":"WebSite","@id":"https:\/\/franciscanos.org.br\/noticias\/#website","url":"https:\/\/franciscanos.org.br\/noticias\/","name":"Not\u00edcias - Franciscanos","description":"Prov\u00edncia Franciscana da Imaculada Concei\u00e7\u00e3o do Brasil - Ordem dos Frades Menores - OFM","potentialAction":[{"@type":"SearchAction","target":{"@type":"EntryPoint","urlTemplate":"https:\/\/franciscanos.org.br\/noticias\/?s={search_term_string}"},"query-input":"required name=search_term_string"}],"inLanguage":"pt-BR"},{"@type":"ImageObject","inLanguage":"pt-BR","@id":"https:\/\/franciscanos.org.br\/noticias\/o-perdao-purifica-o-coracao-e-transforma-a-vida.html#primaryimage","url":"https:\/\/franciscanos.org.br\/noticias\/wp-content\/uploads\/2016\/03\/audiencia.jpg","contentUrl":"https:\/\/franciscanos.org.br\/noticias\/wp-content\/uploads\/2016\/03\/audiencia.jpg","width":273,"height":172},{"@type":"WebPage","@id":"https:\/\/franciscanos.org.br\/noticias\/o-perdao-purifica-o-coracao-e-transforma-a-vida.html#webpage","url":"https:\/\/franciscanos.org.br\/noticias\/o-perdao-purifica-o-coracao-e-transforma-a-vida.html","name":"O perd\u00e3o purifica o cora\u00e7\u00e3o e transforma a vida - Not\u00edcias - Franciscanos","isPartOf":{"@id":"https:\/\/franciscanos.org.br\/noticias\/#website"},"primaryImageOfPage":{"@id":"https:\/\/franciscanos.org.br\/noticias\/o-perdao-purifica-o-coracao-e-transforma-a-vida.html#primaryimage"},"datePublished":"2016-03-30T13:25:15+00:00","dateModified":"2020-06-09T22:03:35+00:00","author":{"@id":"https:\/\/franciscanos.org.br\/noticias\/#\/schema\/person\/b38fbf43118f02820bd932f2e4b14ad3"},"breadcrumb":{"@id":"https:\/\/franciscanos.org.br\/noticias\/o-perdao-purifica-o-coracao-e-transforma-a-vida.html#breadcrumb"},"inLanguage":"pt-BR","potentialAction":[{"@type":"ReadAction","target":["https:\/\/franciscanos.org.br\/noticias\/o-perdao-purifica-o-coracao-e-transforma-a-vida.html"]}]},{"@type":"BreadcrumbList","@id":"https:\/\/franciscanos.org.br\/noticias\/o-perdao-purifica-o-coracao-e-transforma-a-vida.html#breadcrumb","itemListElement":[{"@type":"ListItem","position":1,"name":"Home","item":"https:\/\/franciscanos.org.br\/noticias"},{"@type":"ListItem","position":2,"name":"O perd\u00e3o purifica o cora\u00e7\u00e3o e transforma a vida"}]},{"@type":"Person","@id":"https:\/\/franciscanos.org.br\/noticias\/#\/schema\/person\/b38fbf43118f02820bd932f2e4b14ad3","name":"admin","image":{"@type":"ImageObject","inLanguage":"pt-BR","@id":"https:\/\/franciscanos.org.br\/noticias\/#\/schema\/person\/image\/","url":"https:\/\/secure.gravatar.com\/avatar\/e8495742d34d0ba6448ea1c628263b3e?s=96&d=mm&r=g","contentUrl":"https:\/\/secure.gravatar.com\/avatar\/e8495742d34d0ba6448ea1c628263b3e?s=96&d=mm&r=g","caption":"admin"},"url":"https:\/\/franciscanos.org.br\/noticias\/author\/admin"}]}},"_links":{"self":[{"href":"https:\/\/franciscanos.org.br\/noticias\/wp-json\/wp\/v2\/posts\/106796"}],"collection":[{"href":"https:\/\/franciscanos.org.br\/noticias\/wp-json\/wp\/v2\/posts"}],"about":[{"href":"https:\/\/franciscanos.org.br\/noticias\/wp-json\/wp\/v2\/types\/post"}],"author":[{"embeddable":true,"href":"https:\/\/franciscanos.org.br\/noticias\/wp-json\/wp\/v2\/users\/1"}],"replies":[{"embeddable":true,"href":"https:\/\/franciscanos.org.br\/noticias\/wp-json\/wp\/v2\/comments?post=106796"}],"version-history":[{"count":1,"href":"https:\/\/franciscanos.org.br\/noticias\/wp-json\/wp\/v2\/posts\/106796\/revisions"}],"predecessor-version":[{"id":225742,"href":"https:\/\/franciscanos.org.br\/noticias\/wp-json\/wp\/v2\/posts\/106796\/revisions\/225742"}],"wp:featuredmedia":[{"embeddable":true,"href":"https:\/\/franciscanos.org.br\/noticias\/wp-json\/wp\/v2\/media\/203253"}],"wp:attachment":[{"href":"https:\/\/franciscanos.org.br\/noticias\/wp-json\/wp\/v2\/media?parent=106796"}],"wp:term":[{"taxonomy":"category","embeddable":true,"href":"https:\/\/franciscanos.org.br\/noticias\/wp-json\/wp\/v2\/categories?post=106796"},{"taxonomy":"post_tag","embeddable":true,"href":"https:\/\/franciscanos.org.br\/noticias\/wp-json\/wp\/v2\/tags?post=106796"}],"curies":[{"name":"wp","href":"https:\/\/api.w.org\/{rel}","templated":true}]}}