{"id":10674,"date":"2012-01-10T17:17:47","date_gmt":"2012-01-10T19:17:47","guid":{"rendered":"http:\/\/new.franciscanos.org.br\/?p=10674"},"modified":"2021-07-05T19:51:08","modified_gmt":"2021-07-05T22:51:08","slug":"ordenacao-presbiteral-de-frei-antonio-baza","status":"publish","type":"post","link":"https:\/\/franciscanos.org.br\/noticias\/ordenacao-presbiteral-de-frei-antonio-baza.html","title":{"rendered":"Ordena\u00e7\u00e3o presbiteral de Frei Ant\u00f3nio Baza"},"content":{"rendered":"<p><strong>Por Moacir Beggo<\/strong><\/p>\n<p><em><img loading=\"lazy\" class=\"alignleft size-full wp-image-10704\" title=\"1645_110112\" src=\"http:\/\/franciscanos.org.br\/wp-content\/uploads\/2012\/01\/1645_110112.jpg\" alt=\"\" width=\"150\" height=\"144\" \/>Filho de Maria Tereza e Eduardo Baza, Frei Ant\u00f3nio \u00e9 natural de Cabinda, onde nasceu em 25 de setembro de 1976. Ele vai ser ordenado presb\u00edtero pelo bispo diocesano de Cabinda, Dom Filomeno do Nascimento Vieira Dia, no dia 15 de janeiro, \u00e0s 10h30, na Par\u00f3quia de Nossa Senhora de F\u00e1tima, em Subantando.\u00a0 <\/em><\/p>\n<p><em>Ele apresentou-se \u00e0 Ordem dos Frades Menores no ano de 1997. Fez o curso proped\u00eautico no Semin\u00e1rio Maior S\u00e3o Jos\u00e9, em Malange, postulantado entre 2000-2001 na Fraternidade Nossa Senhora da Porci\u00fancula em Viana, e em 2002 fez o noviciado em Rodeio, SC,\u00a0 professando em 4 de janeiro de 2003. <\/em><\/p>\n<p><em>Em 2006 obteve o t\u00edtulo de Bacharel em Filosofia e Pedagogia pelo Centro Dom Bosco de Estudos Superiores, iniciando em 2008 os estudos de Teologia no Semin\u00e1rio Maior de Luanda. No dia 30 de agosto de 2009, fez a profiss\u00e3o solene na Ordem Franciscana. Sua ordena\u00e7\u00e3o diaconal foi no dia 31 de janeiro de 2011. <\/em><\/p>\n<p><em><strong><img loading=\"lazy\" class=\"alignleft\" style=\"margin: 5px;\" title=\"1644_110112\" src=\"http:\/\/franciscanos.org.br\/wp-content\/uploads\/2012\/01\/1644_110112.jpg\" alt=\"\" width=\"300\" height=\"523\" \/><\/strong>Frei Ant\u00f3nio \u00e9 o segundo presb\u00edtero da Funda\u00e7\u00e3o Imaculada M\u00e3e de Deus, o trabalho mission\u00e1rio que est\u00e1 em Angola h\u00e1 21 anos. O primeiro frade angolano a ser ordenado presb\u00edtero, no ano passado, foi Frei Afonso Kachekele Quissongo. A Funda\u00e7\u00e3o tem como professos tempor\u00e1rios Frei Jo\u00e3o Batista Chilunda Canjenjenga, Frei Gaud\u00eancio Chingando Choputo Numa, Frei Jos\u00e9 Morais Cambolo e Frei Manuel Tchincocolo Ramos. <\/em><\/p>\n<p><em>Neste ano, faz o noviciado em Rodeio, no Brasil, Frei Mvula Nzaje Andr\u00e9.<\/em><\/p>\n<p><strong><br \/>\nComunica\u00e7\u00f5es &#8211; Como nasceu a sua voca\u00e7\u00e3o? <\/strong><\/p>\n<p><strong>Frei Ant\u00f4nio &#8211; <\/strong>De uma maneira resumida, come\u00e7aria por dizer que, j\u00e1 desde os 14 anos pensei em me entregar totalmente a Cristo e logo fiz-me ac\u00f3lito na Par\u00f3quia Imaculada concei\u00e7\u00e3o, de Cabinda. \u00c9 de salientar que dois anos depois, senti-me vocacionado a uma vida consagrada. Nesta altura, frequentava a 7\u00aa classe, pois o Semin\u00e1rio Proped\u00eautico da Diocese de Cabinda s\u00f3 admitia alunos com 8\u00aa classe completa. Todavia, como o meu maior desejo era um dia ser religioso, juntei-me ao grupo dos vocacionados; como gostava muito de ler livros que falam sobre a vida dos santos, e tendo visto que todos levaram uma vida humilde, de entrega total a Deus e ao servi\u00e7o do pr\u00f3ximo, senti uma vontade de segui-los.<\/p>\n<p>Num dos retiros vocacionais, com o tema \u201cEsp\u00edrito Santo\u201d senti-me chamado a uma vida de pobreza e tive como refer\u00eancia a vida dos pobres servos. E ouvindo falar da vida de S\u00e3o Francisco de Assis, fiquei enamorado com a sua obra, pois \u00e9 ligada ao servi\u00e7o do pr\u00f3ximo. Desta feita, falei \u00e0s Irm\u00e3s Catequistas Franciscanas sobre o meu desejo, e dois anos depois de um acompanhamento, encaminharam-me ao semin\u00e1rio, onde fui recebido pelos seguintes frades: Frei Samuel Ferreira de Lima (mestre), Frei Ant\u00f4nio Mazuco (vice-mestre) e Frei Genildo Provin (p\u00e1roco e guardi\u00e3o da fraternidade).<\/p>\n<table border=\"0\" width=\"300\" cellspacing=\"5\" cellpadding=\"5\" align=\"right\">\n<tbody>\n<tr>\n<td bgcolor=\"#CCCCCC\"><strong>ATIVIDADES PASTORAIS<\/strong><\/td>\n<\/tr>\n<tr>\n<td bgcolor=\"#CCCCCC\"><strong>2003 \u2013<\/strong> Pastoral nas Aldeias da Missa da Katepa. Isto \u00e9 na Par\u00f3quia M\u00e1rtires de Uganda. Malanje.<br \/>\n<strong>2004 \u2013<\/strong> Est\u00e1gio na fraternidade S\u00e3o Francisco (m\u00eas de dezembro) Luanda.<br \/>\n<strong>2004 \u2013<\/strong> Pastoral na Par\u00f3quia da Nossa Senhora da Boa Nova<br \/>\n<strong>2005 \u2013<\/strong> Est\u00e1gio na katepa &#8211; Malange<br \/>\n<strong>2005 \u2013<\/strong> Pastoral na Par\u00f3quia de Nossa Senhora da Boa Nova<br \/>\n<strong>2006 \u2013<\/strong> Est\u00e1gio na Fraternidade Nossa Senhora dos Anjos<br \/>\n<strong>2006 \u2013<\/strong> Pastoral na Par\u00f3quia da Nossa Senhora da Boa Nova<br \/>\n<strong>2007 \u2013<\/strong> Est\u00e1gio na fraternidade S\u00e3o Francisco. Palanca \u2013 Luanda<br \/>\n<strong>2007 \u2013<\/strong> Pastoral, na Par\u00f3quia Nossa Senhora da Boa Nova<br \/>\n<strong>2008 \u2013 <\/strong>Est\u00e1gio (M\u00eas de Dezembro), na fraternidade Monte Alverne (Semin\u00e1rio- Malanje)<br \/>\n<strong>2008 \u2013 <\/strong>Pastoral, Par\u00f3quias Nossa Senhora da Boa Nova e Par\u00f3quia Nossa Senhora do Ros\u00e1rio<br \/>\n<strong>2009 \u2013<\/strong> Pastoral, Par\u00f3quias Nossa Senhora da Boa Nova e Par\u00f3quia Nossa Senhora do Ros\u00e1rio<br \/>\n<strong>2010 \u2013<\/strong> Pastoral na Par\u00f3quia de S\u00e3o Lucas, Palanca, Luanda<br \/>\n<strong>2011 \u2013<\/strong> Pastoral na Par\u00f3quia de S\u00e3o Lucas- Palanca- Luanda<\/td>\n<\/tr>\n<\/tbody>\n<\/table>\n<p><strong>Comunica\u00e7\u00f5es &#8211; Por que escolheu ser franciscano?<\/strong><\/p>\n<p><strong>Frei Ant\u00f4nio &#8211; <\/strong>Ser franciscano n\u00e3o passa de uma op\u00e7\u00e3o fundamental entre as demais op\u00e7\u00f5es. A minha escolha n\u00e3o \u00e9 a melhor; acredito tamb\u00e9m n\u00e3o ser a pior, mas uma coisa tenho certeza: de ela ser a escolha correta. Porque mais do que ningu\u00e9m, excetuando os mosteiros, a voca\u00e7\u00e3o de Frade Menor est\u00e1 mais apta a seguir os passos de Jesus Cristo. Pois, h\u00e1 que se ter em conta que n\u00e3o \u00e9 apenas o homem que escolhe ser isto ou aquilo. Mas sim, \u00e9 Deus quem chama e, n\u00f3s, muitas vezes, s\u00f3 respondemos ao seu chamado.<\/p>\n<p><strong>Comunica\u00e7\u00f5es &#8211; O que significa para voc\u00ea a ordena\u00e7\u00e3o presbiteral?<\/strong><\/p>\n<p><strong>Frei Ant\u00f4nio &#8211;\u00a0 <\/strong>Para mim a ordena\u00e7\u00e3o presbiteral significa consagra\u00e7\u00e3o a Deus e ao seu servi\u00e7o para que sejamos seus colaboradores mais diretos ou pr\u00f3ximos. Todavia, \u00e9 um acto de livre consci\u00eancia de entregar-se totalmente a Deus servindo os irm\u00e3os, sendo um instrumento de Deus com os irm\u00e3os, ser uma ponte de Deus com a humanidade. Todavia, ser presb\u00edtero \u00e9 ter esta licen\u00e7a da parte de Deus por que \u00e9 ele que chama e escolhe para que algu\u00e9m seja o seu instrumento.<\/p>\n<p><strong>Comunica\u00e7\u00f5es &#8211; Qual o desafio da Miss\u00e3o Franciscana nos pr\u00f3ximos anos?<\/strong><\/p>\n<p><strong>Frei Ant\u00f4nio &#8211; <\/strong>Em breves palavras, diria que o desafio da Miss\u00e3o Franciscana em Angola resume-se no testemunho de vida. Pois, n\u00e3o basta falarmos bem porque tamb\u00e9m o fazem os pag\u00e3os e os incr\u00e9dulos, mais sim fazer o que o Senhor nos manda e esperar o que ele nos promete. N\u00e3o numa sociedade f\u00e1cil, onde tudo est\u00e1 ao nosso dispor, mas numa sociedade inst\u00e1vel, onde o justo \u00e9 oprimido e a mentira \u00e9 o modelo perfeito a seguir, e a paz uma realidade a conquistar. \u00c9 de salientar que a miss\u00e3o \u00e9 \u00e1rdua e requer firmeza e const\u00e2ncia.<\/p>\n<p><strong>Comunica\u00e7\u00f5es &#8211; O que voc\u00ea diria para um jovem sobre o sacerd\u00f3cio?<\/strong><\/p>\n<p><strong>Frei Ant\u00f3nio &#8211;<\/strong> Para come\u00e7ar, partiria da realidade do mundo em que nos encontramos e que nos oferece muitas oportunidades para o profissionalismo. Explicaria este assunto detalhadamente e s\u00f3 assim desembocaria no \u00e2mbito sacerdotal dizendo que \u00e9 tamb\u00e9m uma profiss\u00e3o tal como afirmou muito bem o Santo Padre numa mensagem dirigida a todos os Seminaristas em 2010, apelando para que os jovens se sentissem a vontade porque o sacerd\u00f3cio \u00e9 tamb\u00e9m uma profiss\u00e3o. S\u00f3 que esta \u201cprofiss\u00e3o\u201d \u00e9 muito diferente das outras, pois que ela tem um car\u00e1cter \u201cab eterno\u201d. Em suma, ser sacerdote \u00e9 voca\u00e7\u00e3o tal como outra vo\u00e7a\u00e7\u00e3o. \u00c9 Deus quem chama. N\u00e3o devemos hesitar quando nos chama, pois ele nos d\u00e1 for\u00e7a.<\/p>\n","protected":false},"excerpt":{"rendered":"<p>Miss\u00e3o de Angola<\/p>\n","protected":false},"author":1,"featured_media":210859,"comment_status":"open","ping_status":"open","sticky":false,"template":"","format":"standard","meta":[],"categories":[1],"tags":[109,157],"acf":[],"yoast_head":"<!-- This site is optimized with the Yoast SEO plugin v19.2 - https:\/\/yoast.com\/wordpress\/plugins\/seo\/ -->\n<title>Ordena\u00e7\u00e3o presbiteral de Frei Ant\u00f3nio Baza - Not\u00edcias - Franciscanos<\/title>\n<meta name=\"robots\" content=\"index, follow, max-snippet:-1, max-image-preview:large, max-video-preview:-1\" \/>\n<link rel=\"canonical\" href=\"https:\/\/franciscanos.org.br\/noticias\/ordenacao-presbiteral-de-frei-antonio-baza.html\" \/>\n<meta property=\"og:locale\" content=\"pt_BR\" \/>\n<meta property=\"og:type\" content=\"article\" \/>\n<meta property=\"og:title\" content=\"Ordena\u00e7\u00e3o presbiteral de Frei Ant\u00f3nio Baza - Not\u00edcias - Franciscanos\" \/>\n<meta property=\"og:description\" content=\"Miss\u00e3o de Angola\" \/>\n<meta property=\"og:url\" content=\"https:\/\/franciscanos.org.br\/noticias\/ordenacao-presbiteral-de-frei-antonio-baza.html\" \/>\n<meta property=\"og:site_name\" content=\"Not\u00edcias - Franciscanos\" \/>\n<meta property=\"article:published_time\" content=\"2012-01-10T19:17:47+00:00\" \/>\n<meta property=\"article:modified_time\" content=\"2021-07-05T22:51:08+00:00\" \/>\n<meta property=\"og:image\" content=\"https:\/\/franciscanos.org.br\/noticias\/wp-content\/uploads\/2012\/01\/1645_110112.jpg\" \/>\n\t<meta property=\"og:image:width\" content=\"273\" \/>\n\t<meta property=\"og:image:height\" content=\"182\" \/>\n\t<meta property=\"og:image:type\" content=\"image\/jpeg\" \/>\n<meta name=\"author\" content=\"admin\" \/>\n<meta name=\"twitter:card\" content=\"summary_large_image\" \/>\n<meta name=\"twitter:label1\" content=\"Escrito por\" \/>\n\t<meta name=\"twitter:data1\" content=\"admin\" \/>\n\t<meta name=\"twitter:label2\" content=\"Est. tempo de leitura\" \/>\n\t<meta name=\"twitter:data2\" content=\"6 minutos\" \/>\n<script type=\"application\/ld+json\" class=\"yoast-schema-graph\">{\"@context\":\"https:\/\/schema.org\",\"@graph\":[{\"@type\":\"WebSite\",\"@id\":\"https:\/\/franciscanos.org.br\/noticias\/#website\",\"url\":\"https:\/\/franciscanos.org.br\/noticias\/\",\"name\":\"Not\u00edcias - Franciscanos\",\"description\":\"Prov\u00edncia Franciscana da Imaculada Concei\u00e7\u00e3o do Brasil - Ordem dos Frades Menores - OFM\",\"potentialAction\":[{\"@type\":\"SearchAction\",\"target\":{\"@type\":\"EntryPoint\",\"urlTemplate\":\"https:\/\/franciscanos.org.br\/noticias\/?s={search_term_string}\"},\"query-input\":\"required name=search_term_string\"}],\"inLanguage\":\"pt-BR\"},{\"@type\":\"ImageObject\",\"inLanguage\":\"pt-BR\",\"@id\":\"https:\/\/franciscanos.org.br\/noticias\/ordenacao-presbiteral-de-frei-antonio-baza.html#primaryimage\",\"url\":\"https:\/\/franciscanos.org.br\/noticias\/wp-content\/uploads\/2012\/01\/1645_110112.jpg\",\"contentUrl\":\"https:\/\/franciscanos.org.br\/noticias\/wp-content\/uploads\/2012\/01\/1645_110112.jpg\",\"width\":273,\"height\":182},{\"@type\":\"WebPage\",\"@id\":\"https:\/\/franciscanos.org.br\/noticias\/ordenacao-presbiteral-de-frei-antonio-baza.html#webpage\",\"url\":\"https:\/\/franciscanos.org.br\/noticias\/ordenacao-presbiteral-de-frei-antonio-baza.html\",\"name\":\"Ordena\u00e7\u00e3o presbiteral de Frei Ant\u00f3nio Baza - Not\u00edcias - Franciscanos\",\"isPartOf\":{\"@id\":\"https:\/\/franciscanos.org.br\/noticias\/#website\"},\"primaryImageOfPage\":{\"@id\":\"https:\/\/franciscanos.org.br\/noticias\/ordenacao-presbiteral-de-frei-antonio-baza.html#primaryimage\"},\"datePublished\":\"2012-01-10T19:17:47+00:00\",\"dateModified\":\"2021-07-05T22:51:08+00:00\",\"author\":{\"@id\":\"https:\/\/franciscanos.org.br\/noticias\/#\/schema\/person\/b38fbf43118f02820bd932f2e4b14ad3\"},\"breadcrumb\":{\"@id\":\"https:\/\/franciscanos.org.br\/noticias\/ordenacao-presbiteral-de-frei-antonio-baza.html#breadcrumb\"},\"inLanguage\":\"pt-BR\",\"potentialAction\":[{\"@type\":\"ReadAction\",\"target\":[\"https:\/\/franciscanos.org.br\/noticias\/ordenacao-presbiteral-de-frei-antonio-baza.html\"]}]},{\"@type\":\"BreadcrumbList\",\"@id\":\"https:\/\/franciscanos.org.br\/noticias\/ordenacao-presbiteral-de-frei-antonio-baza.html#breadcrumb\",\"itemListElement\":[{\"@type\":\"ListItem\",\"position\":1,\"name\":\"Home\",\"item\":\"https:\/\/franciscanos.org.br\/noticias\"},{\"@type\":\"ListItem\",\"position\":2,\"name\":\"Ordena\u00e7\u00e3o presbiteral de Frei Ant\u00f3nio Baza\"}]},{\"@type\":\"Person\",\"@id\":\"https:\/\/franciscanos.org.br\/noticias\/#\/schema\/person\/b38fbf43118f02820bd932f2e4b14ad3\",\"name\":\"admin\",\"image\":{\"@type\":\"ImageObject\",\"inLanguage\":\"pt-BR\",\"@id\":\"https:\/\/franciscanos.org.br\/noticias\/#\/schema\/person\/image\/\",\"url\":\"https:\/\/secure.gravatar.com\/avatar\/e8495742d34d0ba6448ea1c628263b3e?s=96&d=mm&r=g\",\"contentUrl\":\"https:\/\/secure.gravatar.com\/avatar\/e8495742d34d0ba6448ea1c628263b3e?s=96&d=mm&r=g\",\"caption\":\"admin\"},\"url\":\"https:\/\/franciscanos.org.br\/noticias\/author\/admin\"}]}<\/script>\n<!-- \/ Yoast SEO plugin. -->","yoast_head_json":{"title":"Ordena\u00e7\u00e3o presbiteral de Frei Ant\u00f3nio Baza - Not\u00edcias - Franciscanos","robots":{"index":"index","follow":"follow","max-snippet":"max-snippet:-1","max-image-preview":"max-image-preview:large","max-video-preview":"max-video-preview:-1"},"canonical":"https:\/\/franciscanos.org.br\/noticias\/ordenacao-presbiteral-de-frei-antonio-baza.html","og_locale":"pt_BR","og_type":"article","og_title":"Ordena\u00e7\u00e3o presbiteral de Frei Ant\u00f3nio Baza - Not\u00edcias - Franciscanos","og_description":"Miss\u00e3o de Angola","og_url":"https:\/\/franciscanos.org.br\/noticias\/ordenacao-presbiteral-de-frei-antonio-baza.html","og_site_name":"Not\u00edcias - Franciscanos","article_published_time":"2012-01-10T19:17:47+00:00","article_modified_time":"2021-07-05T22:51:08+00:00","og_image":[{"width":273,"height":182,"url":"https:\/\/franciscanos.org.br\/noticias\/wp-content\/uploads\/2012\/01\/1645_110112.jpg","type":"image\/jpeg"}],"author":"admin","twitter_card":"summary_large_image","twitter_misc":{"Escrito por":"admin","Est. tempo de leitura":"6 minutos"},"schema":{"@context":"https:\/\/schema.org","@graph":[{"@type":"WebSite","@id":"https:\/\/franciscanos.org.br\/noticias\/#website","url":"https:\/\/franciscanos.org.br\/noticias\/","name":"Not\u00edcias - Franciscanos","description":"Prov\u00edncia Franciscana da Imaculada Concei\u00e7\u00e3o do Brasil - Ordem dos Frades Menores - OFM","potentialAction":[{"@type":"SearchAction","target":{"@type":"EntryPoint","urlTemplate":"https:\/\/franciscanos.org.br\/noticias\/?s={search_term_string}"},"query-input":"required name=search_term_string"}],"inLanguage":"pt-BR"},{"@type":"ImageObject","inLanguage":"pt-BR","@id":"https:\/\/franciscanos.org.br\/noticias\/ordenacao-presbiteral-de-frei-antonio-baza.html#primaryimage","url":"https:\/\/franciscanos.org.br\/noticias\/wp-content\/uploads\/2012\/01\/1645_110112.jpg","contentUrl":"https:\/\/franciscanos.org.br\/noticias\/wp-content\/uploads\/2012\/01\/1645_110112.jpg","width":273,"height":182},{"@type":"WebPage","@id":"https:\/\/franciscanos.org.br\/noticias\/ordenacao-presbiteral-de-frei-antonio-baza.html#webpage","url":"https:\/\/franciscanos.org.br\/noticias\/ordenacao-presbiteral-de-frei-antonio-baza.html","name":"Ordena\u00e7\u00e3o presbiteral de Frei Ant\u00f3nio Baza - Not\u00edcias - Franciscanos","isPartOf":{"@id":"https:\/\/franciscanos.org.br\/noticias\/#website"},"primaryImageOfPage":{"@id":"https:\/\/franciscanos.org.br\/noticias\/ordenacao-presbiteral-de-frei-antonio-baza.html#primaryimage"},"datePublished":"2012-01-10T19:17:47+00:00","dateModified":"2021-07-05T22:51:08+00:00","author":{"@id":"https:\/\/franciscanos.org.br\/noticias\/#\/schema\/person\/b38fbf43118f02820bd932f2e4b14ad3"},"breadcrumb":{"@id":"https:\/\/franciscanos.org.br\/noticias\/ordenacao-presbiteral-de-frei-antonio-baza.html#breadcrumb"},"inLanguage":"pt-BR","potentialAction":[{"@type":"ReadAction","target":["https:\/\/franciscanos.org.br\/noticias\/ordenacao-presbiteral-de-frei-antonio-baza.html"]}]},{"@type":"BreadcrumbList","@id":"https:\/\/franciscanos.org.br\/noticias\/ordenacao-presbiteral-de-frei-antonio-baza.html#breadcrumb","itemListElement":[{"@type":"ListItem","position":1,"name":"Home","item":"https:\/\/franciscanos.org.br\/noticias"},{"@type":"ListItem","position":2,"name":"Ordena\u00e7\u00e3o presbiteral de Frei Ant\u00f3nio Baza"}]},{"@type":"Person","@id":"https:\/\/franciscanos.org.br\/noticias\/#\/schema\/person\/b38fbf43118f02820bd932f2e4b14ad3","name":"admin","image":{"@type":"ImageObject","inLanguage":"pt-BR","@id":"https:\/\/franciscanos.org.br\/noticias\/#\/schema\/person\/image\/","url":"https:\/\/secure.gravatar.com\/avatar\/e8495742d34d0ba6448ea1c628263b3e?s=96&d=mm&r=g","contentUrl":"https:\/\/secure.gravatar.com\/avatar\/e8495742d34d0ba6448ea1c628263b3e?s=96&d=mm&r=g","caption":"admin"},"url":"https:\/\/franciscanos.org.br\/noticias\/author\/admin"}]}},"_links":{"self":[{"href":"https:\/\/franciscanos.org.br\/noticias\/wp-json\/wp\/v2\/posts\/10674"}],"collection":[{"href":"https:\/\/franciscanos.org.br\/noticias\/wp-json\/wp\/v2\/posts"}],"about":[{"href":"https:\/\/franciscanos.org.br\/noticias\/wp-json\/wp\/v2\/types\/post"}],"author":[{"embeddable":true,"href":"https:\/\/franciscanos.org.br\/noticias\/wp-json\/wp\/v2\/users\/1"}],"replies":[{"embeddable":true,"href":"https:\/\/franciscanos.org.br\/noticias\/wp-json\/wp\/v2\/comments?post=10674"}],"version-history":[{"count":1,"href":"https:\/\/franciscanos.org.br\/noticias\/wp-json\/wp\/v2\/posts\/10674\/revisions"}],"predecessor-version":[{"id":232861,"href":"https:\/\/franciscanos.org.br\/noticias\/wp-json\/wp\/v2\/posts\/10674\/revisions\/232861"}],"wp:featuredmedia":[{"embeddable":true,"href":"https:\/\/franciscanos.org.br\/noticias\/wp-json\/wp\/v2\/media\/210859"}],"wp:attachment":[{"href":"https:\/\/franciscanos.org.br\/noticias\/wp-json\/wp\/v2\/media?parent=10674"}],"wp:term":[{"taxonomy":"category","embeddable":true,"href":"https:\/\/franciscanos.org.br\/noticias\/wp-json\/wp\/v2\/categories?post=10674"},{"taxonomy":"post_tag","embeddable":true,"href":"https:\/\/franciscanos.org.br\/noticias\/wp-json\/wp\/v2\/tags?post=10674"}],"curies":[{"name":"wp","href":"https:\/\/api.w.org\/{rel}","templated":true}]}}