{"id":106553,"date":"2016-03-26T19:08:08","date_gmt":"2016-03-26T22:08:08","guid":{"rendered":"http:\/\/franciscanos.org.br\/?p=106553"},"modified":"2020-06-09T19:05:09","modified_gmt":"2020-06-09T22:05:09","slug":"nesta-noite-devemos-rolar-a-pedra-do-nosso-sepulcro","status":"publish","type":"post","link":"https:\/\/franciscanos.org.br\/noticias\/nesta-noite-devemos-rolar-a-pedra-do-nosso-sepulcro.html","title":{"rendered":"Papa: Esperan\u00e7a crist\u00e3 n\u00e3o \u00e9 mero otimismo"},"content":{"rendered":"<p><img loading=\"lazy\" src=\"http:\/\/franciscanos.org.br\/wp-content\/uploads\/2016\/03\/vigilia.jpg\" alt=\"vigilia\" width=\"820\" height=\"401\" \/><\/p>\n<p><strong>Cidade do Vaticano<\/strong> \u00a0\u2013 O Papa Francisco presidiu, na noite deste S\u00e1bado Santo (26\/03), na Bas\u00edlica Vaticana, a celebra\u00e7\u00e3o Eucar\u00edstica da solene Vig\u00edlia pascal \u2013 m\u00e3e de todas as vig\u00edlias \u2013, com o batismo de 12 catec\u00famenos da It\u00e1lia, Alb\u00e2nia, Camar\u00f5es, Coreia do Sul, \u00cdndia e China.<\/p>\n<p>Ap\u00f3s a b\u00ean\u00e7\u00e3o e a prepara\u00e7\u00e3o do C\u00edrio pascal, o Papa proclamou solenemente a \u201cP\u00e1scoa do Senhor\u201d, com o canto do Exultet. A seguir, pronunciou sua homilia, diante dos milhares de fi\u00e9is presentes, partindo da \u201ccorrida de Pedro ao sepulcro de Jesus\u201d. E perguntou: \u201cQuais os pensamentos que poderiam passar pela mente e o cora\u00e7\u00e3o de Pedro durante esta corrida? O Evangelho nos diz que os Onze, inclusive Pedro, n\u00e3o acreditaram no testemunho das mulheres, no seu an\u00fancio pascal. Ali\u00e1s, \u2018aquelas palavras pareciam um del\u00edrio\u2019. Por isso, no cora\u00e7\u00e3o de Pedro, reinava certa d\u00favida, acompanhada de muitos pensamentos negativos: a tristeza pela morte do Mestre amado e a decep\u00e7\u00e3o por t\u00ea-lo renegado tr\u00eas vezes durante a Paix\u00e3o.\u201d<\/p>\n<p><strong>Em caminho<\/strong><br \/>\nMas, um detalhe assinala a sua transforma\u00e7\u00e3o, disse o Pont\u00edfice: depois que ouviu as mulheres, sem acreditar nelas, Pedro \u201cp\u00f4s-se a caminho\u201d. N\u00e3o ficou parado pensando e nem fechado em casa como os outros; n\u00e3o se deixou levar pela atmosfera f\u00fanebre daqueles dias e nem pelas d\u00favidas; n\u00e3o se deixou arrastar pelos remorsos, pelo medo e pelas maledic\u00eancias. Pelo contr\u00e1rio, foi procurar Jesus, preferindo seguir a ideia do \u201cencontro e da confian\u00e7a\u201d. Assim, p\u00f4s-se a caminho, correu ao sepulcro: \u201cEste foi o in\u00edcio da \u2018ressurrei\u00e7\u00e3o\u2019 de Pedro, a ressurrei\u00e7\u00e3o do seu cora\u00e7\u00e3o. Sem ceder \u00e0 tristeza nem \u00e0 escurid\u00e3o, deu espa\u00e7o \u00e0 voz da esperan\u00e7a: deixou que a luz de Deus entrasse no seu cora\u00e7\u00e3o, sem a sufocar\u201d.<\/p>\n<p><img loading=\"lazy\" src=\"http:\/\/franciscanos.org.br\/wp-content\/uploads\/2016\/03\/vigilia_2.jpg\" alt=\"vigilia_2\" width=\"820\" height=\"439\" \/><\/p>\n<p><strong>Falta de esperan\u00e7a<\/strong><br \/>\nPor sua vez, as mulheres, que sa\u00edram de manh\u00e3 cedo para fazer uma obra de miseric\u00f3rdia, ou seja, levar os perfumes ao sepulcro, viveram a mesma experi\u00eancia, apesar do seu temor, mas ficaram aliviadas pelas palavras do anjo: \u00abPorque buscais entre os mortos Aquele que est\u00e1 vivo?\u00bb E o Papa advertiu: \u201cTamb\u00e9m n\u00f3s, como Pedro e as mulheres, n\u00e3o podemos encontrar a vida, permanecendo tristes e sem esperan\u00e7a, fechados em n\u00f3s mesmos. Abramos ao Senhor os nossos sepulcros sigilados, para que Jesus possa entrar e dar-nos a vida; Ele quer dar-nos a sua m\u00e3o e nos tirar da ang\u00fastia. Nesta noite, devemos rolar a pedra do nosso sepulcro que \u00e9 a \u2018falta de esperan\u00e7a\u2019. Que o Senhor nos livre desta terr\u00edvel armadilha: a de ser crist\u00e3os sem esperan\u00e7a, que vivem como se o Senhor n\u00e3o tivesse ressuscitado\u201d.<\/p>\n<p>Nossos problemas pessoais, afirmou Francisco, sempre existir\u00e3o. Nesta noite, devemos ilumin\u00e1-los com a luz do Ressuscitado, ou melhor, \u201cevangeliz\u00e1-los\u201d. N\u00e3o devemos deixar que a escurid\u00e3o e os nossos temores se apoderem do cora\u00e7\u00e3o, mas escutemos a palavra do Anjo: o \u201cSenhor n\u00e3o est\u00e1 aqui; ele ressuscitou!\u201d; ele \u00e9 a nossa maior alegria e est\u00e1 sempre ao nosso lado, sem nunca nos decepcionar. E o Santo Padre acrescentou: \u201cEis o fundamento da esperan\u00e7a, que n\u00e3o \u00e9 mero otimismo, nem uma atitude psicol\u00f3gica ou um bom convite a ter coragem. A esperan\u00e7a crist\u00e3 \u00e9 um dom de Deus; ela n\u00e3o decepciona porque o Esp\u00edrito Santo foi infundido nos nossos cora\u00e7\u00f5es. O Consolador infunde em n\u00f3s a verdadeira for\u00e7a da vida e a certeza que somos amados e perdoados por Cristo. Hoje \u00e9 a festa da nossa esperan\u00e7a!\u201d<\/p>\n<p>O Senhor est\u00e1 vivo e deve ser procurado entre os vivos, sublinhou o Papa. Depois de o encontrar, somos enviados por Ele a levar o an\u00fancio da P\u00e1scoa, suscitando esperan\u00e7a nos cora\u00e7\u00f5es tristes; a anunciar o Ressuscitado com a vida, por meio do amor. Caso contr\u00e1rio, seremos uma estrutura internacional, com um grande n\u00famero de adeptos e boas regras, mas incapazes de transmitir a esperan\u00e7a, da qual o mundo tem tanta sede. O Pont\u00edfice ent\u00e3o perguntou: \u201cComo podemos alimentar a nossa esperan\u00e7a?\u201d. E respondeu com uma exorta\u00e7\u00e3o: \u201cA Liturgia desta Noite nos d\u00e1 um bom conselho: ela nos ensina a recordar as obras de Deus. A Palavra viva de Deus \u00e9 capaz de nos envolver na sua hist\u00f3ria de amor, alimentando a esperan\u00e7a e reavivando a alegria. N\u00e3o nos esque\u00e7amos da sua Palavra e das suas obras para n\u00e3o perdermos a esperan\u00e7a\u201d.<\/p>\n<p>O Santo Padre concluiu sua homilia convidando os fi\u00e9is a fazerem mem\u00f3ria do Senhor, da sua bondade e das suas palavras de vida, a fim de serem sentinelas da manh\u00e3, que sabem ler os sinais da Ressurrei\u00e7\u00e3o e abrir-se \u00e0 esperan\u00e7a e ao caminho da luz com confian\u00e7a!<\/p>\n<hr \/>\n<p><em>Fonte: R\u00e1dio Vaticano<\/em><\/p>\n","protected":false},"excerpt":{"rendered":"<p>Vig\u00edlia Pascal<\/p>\n","protected":false},"author":1,"featured_media":213148,"comment_status":"open","ping_status":"open","sticky":false,"template":"","format":"standard","meta":[],"categories":[1428],"tags":[1191],"acf":[],"yoast_head":"<!-- This site is optimized with the Yoast SEO plugin v19.2 - https:\/\/yoast.com\/wordpress\/plugins\/seo\/ -->\n<title>Papa: Esperan\u00e7a crist\u00e3 n\u00e3o \u00e9 mero otimismo - Not\u00edcias - Franciscanos<\/title>\n<meta name=\"robots\" content=\"index, follow, max-snippet:-1, max-image-preview:large, max-video-preview:-1\" \/>\n<link rel=\"canonical\" href=\"https:\/\/franciscanos.org.br\/noticias\/nesta-noite-devemos-rolar-a-pedra-do-nosso-sepulcro.html\" \/>\n<meta property=\"og:locale\" content=\"pt_BR\" \/>\n<meta property=\"og:type\" content=\"article\" \/>\n<meta property=\"og:title\" content=\"Papa: Esperan\u00e7a crist\u00e3 n\u00e3o \u00e9 mero otimismo - Not\u00edcias - Franciscanos\" \/>\n<meta property=\"og:description\" content=\"Vig\u00edlia Pascal\" \/>\n<meta property=\"og:url\" content=\"https:\/\/franciscanos.org.br\/noticias\/nesta-noite-devemos-rolar-a-pedra-do-nosso-sepulcro.html\" \/>\n<meta property=\"og:site_name\" content=\"Not\u00edcias - Franciscanos\" \/>\n<meta property=\"article:published_time\" content=\"2016-03-26T22:08:08+00:00\" \/>\n<meta property=\"article:modified_time\" content=\"2020-06-09T22:05:09+00:00\" \/>\n<meta property=\"og:image\" content=\"https:\/\/franciscanos.org.br\/noticias\/wp-content\/uploads\/2016\/03\/vigilia_d.jpg\" \/>\n\t<meta property=\"og:image:width\" content=\"273\" \/>\n\t<meta property=\"og:image:height\" content=\"181\" \/>\n\t<meta property=\"og:image:type\" content=\"image\/jpeg\" \/>\n<meta name=\"author\" content=\"admin\" \/>\n<meta name=\"twitter:card\" content=\"summary_large_image\" \/>\n<meta name=\"twitter:label1\" content=\"Escrito por\" \/>\n\t<meta name=\"twitter:data1\" content=\"admin\" \/>\n\t<meta name=\"twitter:label2\" content=\"Est. tempo de leitura\" \/>\n\t<meta name=\"twitter:data2\" content=\"4 minutos\" \/>\n<script type=\"application\/ld+json\" class=\"yoast-schema-graph\">{\"@context\":\"https:\/\/schema.org\",\"@graph\":[{\"@type\":\"WebSite\",\"@id\":\"https:\/\/franciscanos.org.br\/noticias\/#website\",\"url\":\"https:\/\/franciscanos.org.br\/noticias\/\",\"name\":\"Not\u00edcias - Franciscanos\",\"description\":\"Prov\u00edncia Franciscana da Imaculada Concei\u00e7\u00e3o do Brasil - Ordem dos Frades Menores - OFM\",\"potentialAction\":[{\"@type\":\"SearchAction\",\"target\":{\"@type\":\"EntryPoint\",\"urlTemplate\":\"https:\/\/franciscanos.org.br\/noticias\/?s={search_term_string}\"},\"query-input\":\"required name=search_term_string\"}],\"inLanguage\":\"pt-BR\"},{\"@type\":\"ImageObject\",\"inLanguage\":\"pt-BR\",\"@id\":\"https:\/\/franciscanos.org.br\/noticias\/nesta-noite-devemos-rolar-a-pedra-do-nosso-sepulcro.html#primaryimage\",\"url\":\"https:\/\/franciscanos.org.br\/noticias\/wp-content\/uploads\/2016\/03\/vigilia_d.jpg\",\"contentUrl\":\"https:\/\/franciscanos.org.br\/noticias\/wp-content\/uploads\/2016\/03\/vigilia_d.jpg\",\"width\":273,\"height\":181},{\"@type\":\"WebPage\",\"@id\":\"https:\/\/franciscanos.org.br\/noticias\/nesta-noite-devemos-rolar-a-pedra-do-nosso-sepulcro.html#webpage\",\"url\":\"https:\/\/franciscanos.org.br\/noticias\/nesta-noite-devemos-rolar-a-pedra-do-nosso-sepulcro.html\",\"name\":\"Papa: Esperan\u00e7a crist\u00e3 n\u00e3o \u00e9 mero otimismo - Not\u00edcias - Franciscanos\",\"isPartOf\":{\"@id\":\"https:\/\/franciscanos.org.br\/noticias\/#website\"},\"primaryImageOfPage\":{\"@id\":\"https:\/\/franciscanos.org.br\/noticias\/nesta-noite-devemos-rolar-a-pedra-do-nosso-sepulcro.html#primaryimage\"},\"datePublished\":\"2016-03-26T22:08:08+00:00\",\"dateModified\":\"2020-06-09T22:05:09+00:00\",\"author\":{\"@id\":\"https:\/\/franciscanos.org.br\/noticias\/#\/schema\/person\/b38fbf43118f02820bd932f2e4b14ad3\"},\"breadcrumb\":{\"@id\":\"https:\/\/franciscanos.org.br\/noticias\/nesta-noite-devemos-rolar-a-pedra-do-nosso-sepulcro.html#breadcrumb\"},\"inLanguage\":\"pt-BR\",\"potentialAction\":[{\"@type\":\"ReadAction\",\"target\":[\"https:\/\/franciscanos.org.br\/noticias\/nesta-noite-devemos-rolar-a-pedra-do-nosso-sepulcro.html\"]}]},{\"@type\":\"BreadcrumbList\",\"@id\":\"https:\/\/franciscanos.org.br\/noticias\/nesta-noite-devemos-rolar-a-pedra-do-nosso-sepulcro.html#breadcrumb\",\"itemListElement\":[{\"@type\":\"ListItem\",\"position\":1,\"name\":\"Home\",\"item\":\"https:\/\/franciscanos.org.br\/noticias\"},{\"@type\":\"ListItem\",\"position\":2,\"name\":\"Papa: Esperan\u00e7a crist\u00e3 n\u00e3o \u00e9 mero otimismo\"}]},{\"@type\":\"Person\",\"@id\":\"https:\/\/franciscanos.org.br\/noticias\/#\/schema\/person\/b38fbf43118f02820bd932f2e4b14ad3\",\"name\":\"admin\",\"image\":{\"@type\":\"ImageObject\",\"inLanguage\":\"pt-BR\",\"@id\":\"https:\/\/franciscanos.org.br\/noticias\/#\/schema\/person\/image\/\",\"url\":\"https:\/\/secure.gravatar.com\/avatar\/e8495742d34d0ba6448ea1c628263b3e?s=96&d=mm&r=g\",\"contentUrl\":\"https:\/\/secure.gravatar.com\/avatar\/e8495742d34d0ba6448ea1c628263b3e?s=96&d=mm&r=g\",\"caption\":\"admin\"},\"url\":\"https:\/\/franciscanos.org.br\/noticias\/author\/admin\"}]}<\/script>\n<!-- \/ Yoast SEO plugin. -->","yoast_head_json":{"title":"Papa: Esperan\u00e7a crist\u00e3 n\u00e3o \u00e9 mero otimismo - Not\u00edcias - Franciscanos","robots":{"index":"index","follow":"follow","max-snippet":"max-snippet:-1","max-image-preview":"max-image-preview:large","max-video-preview":"max-video-preview:-1"},"canonical":"https:\/\/franciscanos.org.br\/noticias\/nesta-noite-devemos-rolar-a-pedra-do-nosso-sepulcro.html","og_locale":"pt_BR","og_type":"article","og_title":"Papa: Esperan\u00e7a crist\u00e3 n\u00e3o \u00e9 mero otimismo - Not\u00edcias - Franciscanos","og_description":"Vig\u00edlia Pascal","og_url":"https:\/\/franciscanos.org.br\/noticias\/nesta-noite-devemos-rolar-a-pedra-do-nosso-sepulcro.html","og_site_name":"Not\u00edcias - Franciscanos","article_published_time":"2016-03-26T22:08:08+00:00","article_modified_time":"2020-06-09T22:05:09+00:00","og_image":[{"width":273,"height":181,"url":"https:\/\/franciscanos.org.br\/noticias\/wp-content\/uploads\/2016\/03\/vigilia_d.jpg","type":"image\/jpeg"}],"author":"admin","twitter_card":"summary_large_image","twitter_misc":{"Escrito por":"admin","Est. tempo de leitura":"4 minutos"},"schema":{"@context":"https:\/\/schema.org","@graph":[{"@type":"WebSite","@id":"https:\/\/franciscanos.org.br\/noticias\/#website","url":"https:\/\/franciscanos.org.br\/noticias\/","name":"Not\u00edcias - Franciscanos","description":"Prov\u00edncia Franciscana da Imaculada Concei\u00e7\u00e3o do Brasil - Ordem dos Frades Menores - OFM","potentialAction":[{"@type":"SearchAction","target":{"@type":"EntryPoint","urlTemplate":"https:\/\/franciscanos.org.br\/noticias\/?s={search_term_string}"},"query-input":"required name=search_term_string"}],"inLanguage":"pt-BR"},{"@type":"ImageObject","inLanguage":"pt-BR","@id":"https:\/\/franciscanos.org.br\/noticias\/nesta-noite-devemos-rolar-a-pedra-do-nosso-sepulcro.html#primaryimage","url":"https:\/\/franciscanos.org.br\/noticias\/wp-content\/uploads\/2016\/03\/vigilia_d.jpg","contentUrl":"https:\/\/franciscanos.org.br\/noticias\/wp-content\/uploads\/2016\/03\/vigilia_d.jpg","width":273,"height":181},{"@type":"WebPage","@id":"https:\/\/franciscanos.org.br\/noticias\/nesta-noite-devemos-rolar-a-pedra-do-nosso-sepulcro.html#webpage","url":"https:\/\/franciscanos.org.br\/noticias\/nesta-noite-devemos-rolar-a-pedra-do-nosso-sepulcro.html","name":"Papa: Esperan\u00e7a crist\u00e3 n\u00e3o \u00e9 mero otimismo - Not\u00edcias - Franciscanos","isPartOf":{"@id":"https:\/\/franciscanos.org.br\/noticias\/#website"},"primaryImageOfPage":{"@id":"https:\/\/franciscanos.org.br\/noticias\/nesta-noite-devemos-rolar-a-pedra-do-nosso-sepulcro.html#primaryimage"},"datePublished":"2016-03-26T22:08:08+00:00","dateModified":"2020-06-09T22:05:09+00:00","author":{"@id":"https:\/\/franciscanos.org.br\/noticias\/#\/schema\/person\/b38fbf43118f02820bd932f2e4b14ad3"},"breadcrumb":{"@id":"https:\/\/franciscanos.org.br\/noticias\/nesta-noite-devemos-rolar-a-pedra-do-nosso-sepulcro.html#breadcrumb"},"inLanguage":"pt-BR","potentialAction":[{"@type":"ReadAction","target":["https:\/\/franciscanos.org.br\/noticias\/nesta-noite-devemos-rolar-a-pedra-do-nosso-sepulcro.html"]}]},{"@type":"BreadcrumbList","@id":"https:\/\/franciscanos.org.br\/noticias\/nesta-noite-devemos-rolar-a-pedra-do-nosso-sepulcro.html#breadcrumb","itemListElement":[{"@type":"ListItem","position":1,"name":"Home","item":"https:\/\/franciscanos.org.br\/noticias"},{"@type":"ListItem","position":2,"name":"Papa: Esperan\u00e7a crist\u00e3 n\u00e3o \u00e9 mero otimismo"}]},{"@type":"Person","@id":"https:\/\/franciscanos.org.br\/noticias\/#\/schema\/person\/b38fbf43118f02820bd932f2e4b14ad3","name":"admin","image":{"@type":"ImageObject","inLanguage":"pt-BR","@id":"https:\/\/franciscanos.org.br\/noticias\/#\/schema\/person\/image\/","url":"https:\/\/secure.gravatar.com\/avatar\/e8495742d34d0ba6448ea1c628263b3e?s=96&d=mm&r=g","contentUrl":"https:\/\/secure.gravatar.com\/avatar\/e8495742d34d0ba6448ea1c628263b3e?s=96&d=mm&r=g","caption":"admin"},"url":"https:\/\/franciscanos.org.br\/noticias\/author\/admin"}]}},"_links":{"self":[{"href":"https:\/\/franciscanos.org.br\/noticias\/wp-json\/wp\/v2\/posts\/106553"}],"collection":[{"href":"https:\/\/franciscanos.org.br\/noticias\/wp-json\/wp\/v2\/posts"}],"about":[{"href":"https:\/\/franciscanos.org.br\/noticias\/wp-json\/wp\/v2\/types\/post"}],"author":[{"embeddable":true,"href":"https:\/\/franciscanos.org.br\/noticias\/wp-json\/wp\/v2\/users\/1"}],"replies":[{"embeddable":true,"href":"https:\/\/franciscanos.org.br\/noticias\/wp-json\/wp\/v2\/comments?post=106553"}],"version-history":[{"count":1,"href":"https:\/\/franciscanos.org.br\/noticias\/wp-json\/wp\/v2\/posts\/106553\/revisions"}],"predecessor-version":[{"id":225744,"href":"https:\/\/franciscanos.org.br\/noticias\/wp-json\/wp\/v2\/posts\/106553\/revisions\/225744"}],"wp:featuredmedia":[{"embeddable":true,"href":"https:\/\/franciscanos.org.br\/noticias\/wp-json\/wp\/v2\/media\/213148"}],"wp:attachment":[{"href":"https:\/\/franciscanos.org.br\/noticias\/wp-json\/wp\/v2\/media?parent=106553"}],"wp:term":[{"taxonomy":"category","embeddable":true,"href":"https:\/\/franciscanos.org.br\/noticias\/wp-json\/wp\/v2\/categories?post=106553"},{"taxonomy":"post_tag","embeddable":true,"href":"https:\/\/franciscanos.org.br\/noticias\/wp-json\/wp\/v2\/tags?post=106553"}],"curies":[{"name":"wp","href":"https:\/\/api.w.org\/{rel}","templated":true}]}}