{"id":106542,"date":"2016-03-25T07:06:40","date_gmt":"2016-03-25T10:06:40","guid":{"rendered":"http:\/\/franciscanos.org.br\/?p=106542"},"modified":"2020-06-09T19:06:57","modified_gmt":"2020-06-09T22:06:57","slug":"papa-lava-os-pes-de-refugiados-somos-todos-filhos-do-mesmo-pai","status":"publish","type":"post","link":"https:\/\/franciscanos.org.br\/noticias\/papa-lava-os-pes-de-refugiados-somos-todos-filhos-do-mesmo-pai.html","title":{"rendered":"Papa lava os p\u00e9s de refugiados: filhos do mesmo Pai!"},"content":{"rendered":"<p><img loading=\"lazy\" src=\"http:\/\/franciscanos.org.br\/wp-content\/uploads\/2016\/03\/PES.jpg\" alt=\"PES\" width=\"820\" height=\"439\" \/><\/p>\n<p><strong>Castelnuovo di Porto<\/strong> \u2013 O Papa deixou o Vaticano na tarde desta Quinta-feira Santa para ir at\u00e9 o norte de Roma onde, na presen\u00e7a de mais de 800 requerentes de asilo, celebrou a Missa da Ceia do Senhor com o Rito do Lava-p\u00e9s.<\/p>\n<p>A pequena cidade de Castelnuovo di Porto abriga os refugiados que chegam \u00e0 It\u00e1lia e permanecem no Centro de Acolhida at\u00e9 obter os documentos para viver legalmente no pa\u00eds.<\/p>\n<p>Em sua homilia feita sem texto preparado, Francisco falou de dois gestos: Jesus que lava os p\u00e9s aos seus disc\u00edpulos e Judas que, por 30 moedas, entrega Jesus aos inimigos. &#8220;Tamb\u00e9m hoje aqui existem dois gestos&#8221;, destacou o Papa: \u201cEste: todos n\u00f3s, juntos, mu\u00e7ulmanos, hindus, cat\u00f3licos, coptas, evang\u00e9licos, mas irm\u00e3os, filhos do mesmo Deus, que queremos viver em paz, integrados\u201d.<\/p>\n<p>Ao lembrar os atentados terroristas em Bruxelas \u2013 \u201cum gesto de guerra, de destrui\u00e7\u00e3o\u201d, \u2013 Francisco recordou que por tr\u00e1s dos kamicazes haviam outros interesses:<br \/>\n\u201cAtr\u00e1s daquele de gesto est\u00e3o os traficantes de armas que querem o sangue, n\u00e3o a paz, que querem a guerra, n\u00e3o a fraternidade\u201d.<\/p>\n<p>Para contrastar o terrorismo, Francisco citou a reuni\u00e3o de todos \u2013 \u201cde diversas religi\u00f5es, diversas culturas, filhos do mesmo Pai\u201d \u2013 para celebrar a Ceia do Senhor contra \u201caqueles que compram as armas para destruir a fraternidade\u201d. Neste ponto, o Papa recordou as dificuldades enfrentadas pelos refugiados: &#8220;Este \u00e9 o gesto que eu fa\u00e7o com voc\u00eas: cada um de n\u00f3s tem uma hist\u00f3ria, cada um de voc\u00eas tem uma hist\u00f3ria, tantas cruzes e dores, mas tamb\u00e9m um cora\u00e7\u00e3o aberto que quer a fraternidade\u201d.<\/p>\n<p>Antes de passar ao Rito do Lava-p\u00e9s, Francisco pediu que cada um, na sua l\u00edngua, \u201crezasse ao Senhor para que esta fraternidade se espalhe pelo mundo\u201d: \u201cPara que n\u00e3o existam as 30 moedas para matar o irm\u00e3o, para que sempre exista a fraternidade e a bondade. Assim seja!\u201d, concluiu o Pont\u00edfice.<\/p>\n<p>O BOM COMBATE DE JESUS \u00c9 PELA MISERIC\u00d3RDIA<\/p>\n<p>Cidade do Vaticano \u2013 O Papa celebrou na manh\u00e3 desta Quinta-feira Santa, na Bas\u00edlica de S\u00e3o Pedro, a Missa do Santo Crisma, durante a qual aben\u00e7oou os \u00f3leos dos Catec\u00famenos e dos Enfermos e consagrou o Santo Crisma.<\/p>\n<p>Na sua homilia, na presen\u00e7a de milhares de sacerdotes, Francisco partiu da primeira prega\u00e7\u00e3o de Jesus na Sinagoga de Nazar\u00e9, que marcava o in\u00edcio da sua vida p\u00fablica terrena. Mas, seus conterr\u00e2neos n\u00e3o quiseram ouvi-lo, pelo contr\u00e1rio, rejeitaram-no por ele ser o filho de Jos\u00e9, o carpinteiro.<\/p>\n<p>E precisamente onde o Senhor anuncia o evangelho da Miseric\u00f3rdia incondicional do Pai para com os mais pobres, os mais marginalizados e oprimidos, a\u00ed, disse Francisco, somos chamados a escolher, a &#8220;combater o bom combate da f\u00e9&#8221;: \u201cA luta do Senhor n\u00e3o \u00e9 contra os homens, mas contra o dem\u00f4nio, inimigo da humanidade. Assim o Senhor, passando pelo meio daqueles que o queriam det\u00ea-lo, prosseguiu o seu caminho. Jesus n\u00e3o combate para consolidar um espa\u00e7o de poder, mas para abrir uma brecha \u00e0 torrente da Miseric\u00f3rdia que deseja, com o Pai e o Esp\u00edrito, derramar sobre a terra. Uma Miseric\u00f3rdia que anuncia e traz algo de novo: cura, liberta e proclama o ano de gra\u00e7a do Senhor!\u201d<\/p>\n<p>De fato, a Miseric\u00f3rdia do nosso Deus \u00e9 infinita e inef\u00e1vel; \u00e9 uma Miseric\u00f3rdia a caminho, que avan\u00e7a sempre em uma terra onde reinavam a indiferen\u00e7a e a viol\u00eancia. Eis a din\u00e2mica do bom Samaritano, que usou de miseric\u00f3rdia e de amor. \u00abMostrai-nos, Senhor, a vossa miseric\u00f3rdia\u00bb! E dirigindo-se, de modo particular, aos numerosos sacerdotes presentes, o Pont\u00edfice exortou: \u201cComo sacerdotes, somos testemunhas e ministros de uma Miseric\u00f3rdia cada vez maior do nosso Pai; temos a doce e confortadora tarefa de a encarnar na terra, como Jesus fez ao andar, por toda a parte, fazendo o bem e curando, para que a sua miseric\u00f3rdia chegasse a todos. Devemos contribuir para a sua encultura\u00e7\u00e3o, a fim de que cada pessoa a receba, a compreenda e a pratique\u201d.<\/p>\n<p>Hoje, explicou o Papa, nesta Quinta-feira Santa do Ano Jubilar da Miseric\u00f3rdia, \u201cgostaria de falar de dois \u00e2mbitos onde o Senhor excede na sua miseric\u00f3rdia: o encontro e o perd\u00e3o. Com o encontro, Deus se esmera em Miseric\u00f3rdia e se entrega totalmente, como na par\u00e1bola do Filho pr\u00f3digo. Logo, devemos contemplar, glorificar e agradecer esta superabund\u00e2ncia da gra\u00e7a e da bondade do Pai. Neste sentido, Francisco passou ao segundo \u00e2mbito da Miseric\u00f3rdia divina: o perd\u00e3o: \u201cA nossa resposta ao perd\u00e3o superabundante do Senhor deveria consistir em manter-nos sempre naquela tens\u00e3o saud\u00e1vel entre uma vergonha dignificante e uma dignidade que sabe envergonhar-se: atitude de quem procura humilhar-se e rebaixar-se, mas capaz de aceitar que o Senhor o eleve para benef\u00edcio da miss\u00e3o: \u2018V\u00f3s sereis chamados \u201csacerdotes do Senhor\u201d, e nomeados \u201cministros do nosso Deus\u2019. O Senhor transforma o povo pobre, faminto, prisioneiro de guerra, sem futuro, descartado, em povo sacerdotal\u201d.<\/p>\n<p>Neste sentido, o Santo Padre adverte os sacerdotes a identificar-se com aquele povo descartado, que o Senhor salva, lembrando-se de que existem multid\u00f5es inumer\u00e1veis de pessoas pobres, ignorantes e prisioneiras por causa daqueles que as oprimem. Por isso, recorda que n\u00f3s, tantas vezes, somos cegos, privados da luz maravilhosa da f\u00e9, devido ao excesso de teologias complicadas e de espiritualidades superficiais, que nos tornam prisioneiros e oprimidos. E concluiu: \u201cE Jesus vem resgatar-nos, libertar-nos, transformando-nos de pobres e cegos, de prisioneiros e oprimidos em ministros da Miseric\u00f3rdia e da Consola\u00e7\u00e3o. Neste Ano Jubilar, celebremos o nosso Pai, com toda a gratid\u00e3o do nosso cora\u00e7\u00e3o, suplicando-lhe a recordar-se sempre da sua Miseric\u00f3rdia\u201d! Pe\u00e7amos-lhe que nos lave de todo o pecado e nos livre de todo o mal\u201d.<\/p>\n<p>Com a gra\u00e7a do Esp\u00edrito Santo, disse por fim o Papa, procuremos comprometer-nos a comunicar a Miseric\u00f3rdia de Deus a todos os homens, praticando as obras que o Esp\u00edrito suscita em cada um para o bem comum de todo o povo fiel de Deus!<\/p>\n<hr \/>\n<p><em>Fonte: R\u00e1dio Vaticano<\/em><\/p>\n","protected":false},"excerpt":{"rendered":"<p>Lava-p\u00e9s<\/p>\n","protected":false},"author":1,"featured_media":218776,"comment_status":"open","ping_status":"open","sticky":false,"template":"","format":"standard","meta":[],"categories":[1428],"tags":[1436],"acf":[],"yoast_head":"<!-- This site is optimized with the Yoast SEO plugin v19.2 - https:\/\/yoast.com\/wordpress\/plugins\/seo\/ -->\n<title>Papa lava os p\u00e9s de refugiados: filhos do mesmo Pai! - Not\u00edcias - Franciscanos<\/title>\n<meta name=\"robots\" content=\"index, follow, max-snippet:-1, max-image-preview:large, max-video-preview:-1\" \/>\n<link rel=\"canonical\" href=\"https:\/\/franciscanos.org.br\/noticias\/papa-lava-os-pes-de-refugiados-somos-todos-filhos-do-mesmo-pai.html\" \/>\n<meta property=\"og:locale\" content=\"pt_BR\" \/>\n<meta property=\"og:type\" content=\"article\" \/>\n<meta property=\"og:title\" content=\"Papa lava os p\u00e9s de refugiados: filhos do mesmo Pai! - Not\u00edcias - Franciscanos\" \/>\n<meta property=\"og:description\" content=\"Lava-p\u00e9s\" \/>\n<meta property=\"og:url\" content=\"https:\/\/franciscanos.org.br\/noticias\/papa-lava-os-pes-de-refugiados-somos-todos-filhos-do-mesmo-pai.html\" \/>\n<meta property=\"og:site_name\" content=\"Not\u00edcias - Franciscanos\" \/>\n<meta property=\"article:published_time\" content=\"2016-03-25T10:06:40+00:00\" \/>\n<meta property=\"article:modified_time\" content=\"2020-06-09T22:06:57+00:00\" \/>\n<meta property=\"og:image\" content=\"https:\/\/franciscanos.org.br\/noticias\/wp-content\/uploads\/2016\/03\/PES.jpg\" \/>\n\t<meta property=\"og:image:width\" content=\"273\" \/>\n\t<meta property=\"og:image:height\" content=\"181\" \/>\n\t<meta property=\"og:image:type\" content=\"image\/jpeg\" \/>\n<meta name=\"author\" content=\"admin\" \/>\n<meta name=\"twitter:card\" content=\"summary_large_image\" \/>\n<meta name=\"twitter:label1\" content=\"Escrito por\" \/>\n\t<meta name=\"twitter:data1\" content=\"admin\" \/>\n\t<meta name=\"twitter:label2\" content=\"Est. tempo de leitura\" \/>\n\t<meta name=\"twitter:data2\" content=\"5 minutos\" \/>\n<script type=\"application\/ld+json\" class=\"yoast-schema-graph\">{\"@context\":\"https:\/\/schema.org\",\"@graph\":[{\"@type\":\"WebSite\",\"@id\":\"https:\/\/franciscanos.org.br\/noticias\/#website\",\"url\":\"https:\/\/franciscanos.org.br\/noticias\/\",\"name\":\"Not\u00edcias - Franciscanos\",\"description\":\"Prov\u00edncia Franciscana da Imaculada Concei\u00e7\u00e3o do Brasil - Ordem dos Frades Menores - OFM\",\"potentialAction\":[{\"@type\":\"SearchAction\",\"target\":{\"@type\":\"EntryPoint\",\"urlTemplate\":\"https:\/\/franciscanos.org.br\/noticias\/?s={search_term_string}\"},\"query-input\":\"required name=search_term_string\"}],\"inLanguage\":\"pt-BR\"},{\"@type\":\"ImageObject\",\"inLanguage\":\"pt-BR\",\"@id\":\"https:\/\/franciscanos.org.br\/noticias\/papa-lava-os-pes-de-refugiados-somos-todos-filhos-do-mesmo-pai.html#primaryimage\",\"url\":\"https:\/\/franciscanos.org.br\/noticias\/wp-content\/uploads\/2016\/03\/PES.jpg\",\"contentUrl\":\"https:\/\/franciscanos.org.br\/noticias\/wp-content\/uploads\/2016\/03\/PES.jpg\",\"width\":273,\"height\":181},{\"@type\":\"WebPage\",\"@id\":\"https:\/\/franciscanos.org.br\/noticias\/papa-lava-os-pes-de-refugiados-somos-todos-filhos-do-mesmo-pai.html#webpage\",\"url\":\"https:\/\/franciscanos.org.br\/noticias\/papa-lava-os-pes-de-refugiados-somos-todos-filhos-do-mesmo-pai.html\",\"name\":\"Papa lava os p\u00e9s de refugiados: filhos do mesmo Pai! - Not\u00edcias - Franciscanos\",\"isPartOf\":{\"@id\":\"https:\/\/franciscanos.org.br\/noticias\/#website\"},\"primaryImageOfPage\":{\"@id\":\"https:\/\/franciscanos.org.br\/noticias\/papa-lava-os-pes-de-refugiados-somos-todos-filhos-do-mesmo-pai.html#primaryimage\"},\"datePublished\":\"2016-03-25T10:06:40+00:00\",\"dateModified\":\"2020-06-09T22:06:57+00:00\",\"author\":{\"@id\":\"https:\/\/franciscanos.org.br\/noticias\/#\/schema\/person\/b38fbf43118f02820bd932f2e4b14ad3\"},\"breadcrumb\":{\"@id\":\"https:\/\/franciscanos.org.br\/noticias\/papa-lava-os-pes-de-refugiados-somos-todos-filhos-do-mesmo-pai.html#breadcrumb\"},\"inLanguage\":\"pt-BR\",\"potentialAction\":[{\"@type\":\"ReadAction\",\"target\":[\"https:\/\/franciscanos.org.br\/noticias\/papa-lava-os-pes-de-refugiados-somos-todos-filhos-do-mesmo-pai.html\"]}]},{\"@type\":\"BreadcrumbList\",\"@id\":\"https:\/\/franciscanos.org.br\/noticias\/papa-lava-os-pes-de-refugiados-somos-todos-filhos-do-mesmo-pai.html#breadcrumb\",\"itemListElement\":[{\"@type\":\"ListItem\",\"position\":1,\"name\":\"Home\",\"item\":\"https:\/\/franciscanos.org.br\/noticias\"},{\"@type\":\"ListItem\",\"position\":2,\"name\":\"Papa lava os p\u00e9s de refugiados: filhos do mesmo Pai!\"}]},{\"@type\":\"Person\",\"@id\":\"https:\/\/franciscanos.org.br\/noticias\/#\/schema\/person\/b38fbf43118f02820bd932f2e4b14ad3\",\"name\":\"admin\",\"image\":{\"@type\":\"ImageObject\",\"inLanguage\":\"pt-BR\",\"@id\":\"https:\/\/franciscanos.org.br\/noticias\/#\/schema\/person\/image\/\",\"url\":\"https:\/\/secure.gravatar.com\/avatar\/e8495742d34d0ba6448ea1c628263b3e?s=96&d=mm&r=g\",\"contentUrl\":\"https:\/\/secure.gravatar.com\/avatar\/e8495742d34d0ba6448ea1c628263b3e?s=96&d=mm&r=g\",\"caption\":\"admin\"},\"url\":\"https:\/\/franciscanos.org.br\/noticias\/author\/admin\"}]}<\/script>\n<!-- \/ Yoast SEO plugin. -->","yoast_head_json":{"title":"Papa lava os p\u00e9s de refugiados: filhos do mesmo Pai! - Not\u00edcias - Franciscanos","robots":{"index":"index","follow":"follow","max-snippet":"max-snippet:-1","max-image-preview":"max-image-preview:large","max-video-preview":"max-video-preview:-1"},"canonical":"https:\/\/franciscanos.org.br\/noticias\/papa-lava-os-pes-de-refugiados-somos-todos-filhos-do-mesmo-pai.html","og_locale":"pt_BR","og_type":"article","og_title":"Papa lava os p\u00e9s de refugiados: filhos do mesmo Pai! - Not\u00edcias - Franciscanos","og_description":"Lava-p\u00e9s","og_url":"https:\/\/franciscanos.org.br\/noticias\/papa-lava-os-pes-de-refugiados-somos-todos-filhos-do-mesmo-pai.html","og_site_name":"Not\u00edcias - Franciscanos","article_published_time":"2016-03-25T10:06:40+00:00","article_modified_time":"2020-06-09T22:06:57+00:00","og_image":[{"width":273,"height":181,"url":"https:\/\/franciscanos.org.br\/noticias\/wp-content\/uploads\/2016\/03\/PES.jpg","type":"image\/jpeg"}],"author":"admin","twitter_card":"summary_large_image","twitter_misc":{"Escrito por":"admin","Est. tempo de leitura":"5 minutos"},"schema":{"@context":"https:\/\/schema.org","@graph":[{"@type":"WebSite","@id":"https:\/\/franciscanos.org.br\/noticias\/#website","url":"https:\/\/franciscanos.org.br\/noticias\/","name":"Not\u00edcias - Franciscanos","description":"Prov\u00edncia Franciscana da Imaculada Concei\u00e7\u00e3o do Brasil - Ordem dos Frades Menores - OFM","potentialAction":[{"@type":"SearchAction","target":{"@type":"EntryPoint","urlTemplate":"https:\/\/franciscanos.org.br\/noticias\/?s={search_term_string}"},"query-input":"required name=search_term_string"}],"inLanguage":"pt-BR"},{"@type":"ImageObject","inLanguage":"pt-BR","@id":"https:\/\/franciscanos.org.br\/noticias\/papa-lava-os-pes-de-refugiados-somos-todos-filhos-do-mesmo-pai.html#primaryimage","url":"https:\/\/franciscanos.org.br\/noticias\/wp-content\/uploads\/2016\/03\/PES.jpg","contentUrl":"https:\/\/franciscanos.org.br\/noticias\/wp-content\/uploads\/2016\/03\/PES.jpg","width":273,"height":181},{"@type":"WebPage","@id":"https:\/\/franciscanos.org.br\/noticias\/papa-lava-os-pes-de-refugiados-somos-todos-filhos-do-mesmo-pai.html#webpage","url":"https:\/\/franciscanos.org.br\/noticias\/papa-lava-os-pes-de-refugiados-somos-todos-filhos-do-mesmo-pai.html","name":"Papa lava os p\u00e9s de refugiados: filhos do mesmo Pai! - Not\u00edcias - Franciscanos","isPartOf":{"@id":"https:\/\/franciscanos.org.br\/noticias\/#website"},"primaryImageOfPage":{"@id":"https:\/\/franciscanos.org.br\/noticias\/papa-lava-os-pes-de-refugiados-somos-todos-filhos-do-mesmo-pai.html#primaryimage"},"datePublished":"2016-03-25T10:06:40+00:00","dateModified":"2020-06-09T22:06:57+00:00","author":{"@id":"https:\/\/franciscanos.org.br\/noticias\/#\/schema\/person\/b38fbf43118f02820bd932f2e4b14ad3"},"breadcrumb":{"@id":"https:\/\/franciscanos.org.br\/noticias\/papa-lava-os-pes-de-refugiados-somos-todos-filhos-do-mesmo-pai.html#breadcrumb"},"inLanguage":"pt-BR","potentialAction":[{"@type":"ReadAction","target":["https:\/\/franciscanos.org.br\/noticias\/papa-lava-os-pes-de-refugiados-somos-todos-filhos-do-mesmo-pai.html"]}]},{"@type":"BreadcrumbList","@id":"https:\/\/franciscanos.org.br\/noticias\/papa-lava-os-pes-de-refugiados-somos-todos-filhos-do-mesmo-pai.html#breadcrumb","itemListElement":[{"@type":"ListItem","position":1,"name":"Home","item":"https:\/\/franciscanos.org.br\/noticias"},{"@type":"ListItem","position":2,"name":"Papa lava os p\u00e9s de refugiados: filhos do mesmo Pai!"}]},{"@type":"Person","@id":"https:\/\/franciscanos.org.br\/noticias\/#\/schema\/person\/b38fbf43118f02820bd932f2e4b14ad3","name":"admin","image":{"@type":"ImageObject","inLanguage":"pt-BR","@id":"https:\/\/franciscanos.org.br\/noticias\/#\/schema\/person\/image\/","url":"https:\/\/secure.gravatar.com\/avatar\/e8495742d34d0ba6448ea1c628263b3e?s=96&d=mm&r=g","contentUrl":"https:\/\/secure.gravatar.com\/avatar\/e8495742d34d0ba6448ea1c628263b3e?s=96&d=mm&r=g","caption":"admin"},"url":"https:\/\/franciscanos.org.br\/noticias\/author\/admin"}]}},"_links":{"self":[{"href":"https:\/\/franciscanos.org.br\/noticias\/wp-json\/wp\/v2\/posts\/106542"}],"collection":[{"href":"https:\/\/franciscanos.org.br\/noticias\/wp-json\/wp\/v2\/posts"}],"about":[{"href":"https:\/\/franciscanos.org.br\/noticias\/wp-json\/wp\/v2\/types\/post"}],"author":[{"embeddable":true,"href":"https:\/\/franciscanos.org.br\/noticias\/wp-json\/wp\/v2\/users\/1"}],"replies":[{"embeddable":true,"href":"https:\/\/franciscanos.org.br\/noticias\/wp-json\/wp\/v2\/comments?post=106542"}],"version-history":[{"count":1,"href":"https:\/\/franciscanos.org.br\/noticias\/wp-json\/wp\/v2\/posts\/106542\/revisions"}],"predecessor-version":[{"id":225746,"href":"https:\/\/franciscanos.org.br\/noticias\/wp-json\/wp\/v2\/posts\/106542\/revisions\/225746"}],"wp:featuredmedia":[{"embeddable":true,"href":"https:\/\/franciscanos.org.br\/noticias\/wp-json\/wp\/v2\/media\/218776"}],"wp:attachment":[{"href":"https:\/\/franciscanos.org.br\/noticias\/wp-json\/wp\/v2\/media?parent=106542"}],"wp:term":[{"taxonomy":"category","embeddable":true,"href":"https:\/\/franciscanos.org.br\/noticias\/wp-json\/wp\/v2\/categories?post=106542"},{"taxonomy":"post_tag","embeddable":true,"href":"https:\/\/franciscanos.org.br\/noticias\/wp-json\/wp\/v2\/tags?post=106542"}],"curies":[{"name":"wp","href":"https:\/\/api.w.org\/{rel}","templated":true}]}}