{"id":10644,"date":"2012-01-10T17:01:48","date_gmt":"2012-01-10T19:01:48","guid":{"rendered":"http:\/\/new.franciscanos.org.br\/?p=10644"},"modified":"2023-01-09T11:20:20","modified_gmt":"2023-01-09T14:20:20","slug":"noviciado-de-rodeio-volta-a-ter-casa-cheia","status":"publish","type":"post","link":"https:\/\/franciscanos.org.br\/noticias\/noviciado-de-rodeio-volta-a-ter-casa-cheia.html","title":{"rendered":"Noviciado de Rodeio volta a ter casa cheia"},"content":{"rendered":"<p><img loading=\"lazy\" class=\"alignnone size-full wp-image-199133\" src=\"https:\/\/franciscanos.org.br\/noticias\/wp-content\/uploads\/2012\/01\/1641_090112.jpg\" alt=\"\" width=\"830\" height=\"423\" srcset=\"https:\/\/franciscanos.org.br\/noticias\/wp-content\/uploads\/2012\/01\/1641_090112.jpg 830w, https:\/\/franciscanos.org.br\/noticias\/wp-content\/uploads\/2012\/01\/1641_090112-450x229.jpg 450w, https:\/\/franciscanos.org.br\/noticias\/wp-content\/uploads\/2012\/01\/1641_090112-768x391.jpg 768w, https:\/\/franciscanos.org.br\/noticias\/wp-content\/uploads\/2012\/01\/1641_090112-150x76.jpg 150w\" sizes=\"(max-width: 830px) 100vw, 830px\" \/><\/p>\n<p>O Noviciado S\u00e3o Jos\u00e9, em Rodeio (SC), acolhe nesta quinta-feira (12\/01) catorze jovens &#8211; 12 da Prov\u00edncia da Imaculada e dois da Funda\u00e7\u00e3o Nossa Senhora de F\u00e1tima &#8211; para fazer um ano de experi\u00eancia na Ordem Franciscana. Eles ser\u00e3o recebidos pelo Ministro Provincial, Frei Fid\u00eancio Vanboemmel, durante a celebra\u00e7\u00e3o eucar\u00edstica \u00e0s 19 horas. A eles tamb\u00e9m se unir\u00e3o mais cinco angolanos, que ainda n\u00e3o chegaram ao Brasil devido \u00e0 regulariza\u00e7\u00e3o da documenta\u00e7\u00e3o. Essa \u00e9 a segunda maior turma de novi\u00e7os da Funda\u00e7\u00e3o Imaculada M\u00e3e de Deus de Angola, j\u00e1 que em 2002 o grupo tamb\u00e9m tinha cinco novi\u00e7os.<\/p>\n<p>Conforme os documentos da Ordem Franciscana e as orienta\u00e7\u00f5es da Igreja, \u201co Noviciado \u00e9 um per\u00edodo de forma\u00e7\u00e3o mais intensa e tem o objetivo de fazer que os novi\u00e7os conhe\u00e7am e experimentem a forma de vida de S\u00e3o Francisco, impregnem mais profundamente a mente e o cora\u00e7\u00e3o de seu esp\u00edrito e, avaliando melhor o chamado do Senhor, comprovem seus prop\u00f3sitos e sua idoneidade\u201d (Constitui\u00e7\u00f5es Gerais da Ordem, art. 152). Durante o ano de 2010, eles se preparam mais intensamente na etapa do Postulantado, em Guaratinguet\u00e1 (SP), com exce\u00e7\u00e3o dos angolanos que fizeram o Postulantado na casa de forma\u00e7\u00e3o, em Quibala.<\/p>\n<p>Um dos momentos mais belos e emocionantes da celebra\u00e7\u00e3o ser\u00e1 a vesti\u00e7\u00e3o dos novi\u00e7os. Cada candidato vai receber o h\u00e1bito franciscano das m\u00e3os do Ministro Provincial e do Mestre e seguir\u00e1 para a sacristia, onde se vestir\u00e1. Em seguida, assinar\u00e1 no altar o documento de ingresso na Ordem dos Frades Menores. A partir deste momento, cada um dos candidatos passar\u00e1 a ser chamado de \u201cFrei\u201d, que significa \u201cirm\u00e3o\u201d. Assim, por exemplo, Frei Jo\u00e3o Pedro, Frei Le\u00f4nidas, conservando, por\u00e9m, o seu nome de batismo.<\/p>\n<p>Durante este ano, os novi\u00e7os intensificam a vida em comum, entre si e com a Fraternidade Formadora da casa (o guardi\u00e3o, o mestre e o vice-mestre dos novi\u00e7os e os demais frades). Participam tamb\u00e9m de algumas atividades na pr\u00f3pria comunidade eclesial e dos eventos e celebra\u00e7\u00f5es das outras casas franciscanas da regi\u00e3o. Por isso, no final do Rito de Admiss\u00e3o, o Ministro Provincial, depois de ter acolhido esses jovens para esta experi\u00eancia, confia-os ao cuidado desta fraternidade local para \u201cviver te\u00f3rica e praticamente, na Igreja e na Ordem, uma comunh\u00e3o mais profunda com a humanidade de hoje na sua realidade hist\u00f3rica, social, pol\u00edtica, cultural e religiosa\u201d (RF 195).<\/p>\n<p>Este \u201cconhecimento mais profundo e vivo\u201d se traduz no dia-a-dia, no estudo e reflex\u00e3o da Teologia da Vida Religiosa, da Regra dos Frades Menores, das Constitui\u00e7\u00f5es e Estatutos Gerais da Ordem, sobretudo dos escritos de S\u00e3o Francisco de Assis.<\/p>\n<p>Este ser\u00e1 o terceiro ano de Frei Samuel como Mestre de turma e o primeiro ano que ter\u00e1 uma turma grande para orientar. O estado do Rio de Janeiro, com 4 novi\u00e7os, lidera na proced\u00eancia dos candidatos, seguido de perto por S\u00e3o Paulo e Santa Catarina, cada estado com 3 candidatos. Paran\u00e1 e Cear\u00e1 completam a lista. Esta \u00e9 a 111\u00aa turma do Noviciado, que estar\u00e1 sob a orienta\u00e7\u00e3o do mestre Frei Samuel Ferreira de Lima e do vice-mestre Frei Valdir Laurentino.<\/p>\n<p>&nbsp;<\/p>\n<table border=\"0\" width=\"830\">\n<tbody>\n<tr bgcolor=\"#FFCC00\">\n<td colspan=\"5\" align=\"left\" valign=\"top\"><strong>Novi\u00e7os 2012<\/strong><\/td>\n<\/tr>\n<tr>\n<td align=\"left\" valign=\"top\" width=\"10%\"><img loading=\"lazy\" class=\"size-full wp-image-10646 alignnone\" style=\"border-image: initial; margin: 0px; border: 0px initial initial;\" title=\"Alan_Leal_de_Mattos\" src=\"http:\/\/franciscanos.org.br\/wp-content\/uploads\/2012\/01\/Alan_Leal_de_Mattos.jpg\" alt=\"\" width=\"100\" height=\"133\" border=\"0\" \/><br \/>\n<strong>Alan Leal de Mattos<\/strong><br \/>\n<strong>Data de Nascimento:<\/strong> 19\/11\/1986<br \/>\n<strong>Local de Nascimento:<\/strong> Petr\u00f3polis\/RJ<\/td>\n<td align=\"left\" valign=\"top\" width=\"10%\"><img loading=\"lazy\" class=\"alignnone size-full wp-image-10647\" style=\"border-image: initial; margin: 0px; border: 0px initial initial;\" title=\"Eduardo_Augusto_Schiehl\" src=\"http:\/\/franciscanos.org.br\/wp-content\/uploads\/2012\/01\/Eduardo_Augusto_Schiehl.jpg\" alt=\"\" width=\"100\" height=\"133\" \/><br \/>\n<strong>Eduardo Augusto Schiehl<\/strong><br \/>\n<strong>Data de Nascimento:<\/strong> 23\/08\/1991<br \/>\n<strong>Local de Nascimento:<\/strong><br \/>\nS\u00e3o Bento do Sul &#8211; SC<\/td>\n<td align=\"left\" valign=\"top\" width=\"10%\"><img loading=\"lazy\" class=\"alignnone size-full wp-image-10650\" style=\"border-image: initial; margin: 0px; border: 0px initial initial;\" title=\"Fernando_Dala_Rosa_Silva\" src=\"http:\/\/franciscanos.org.br\/wp-content\/uploads\/2012\/01\/Fernando_Dala_Rosa_Silva.jpg\" alt=\"\" width=\"100\" height=\"133\" \/><br \/>\n<strong>Fernando Dala Rosa Silva<\/strong><br \/>\n<strong>Data de Nascimento:<\/strong> 24\/07\/1985<br \/>\n<strong>Local de Nascimento:<\/strong><br \/>\nS\u00e3o Jos\u00e9 dos Campos &#8211; SP<\/td>\n<td align=\"left\" valign=\"top\" width=\"10%\"><img loading=\"lazy\" class=\"alignnone size-full wp-image-10651\" style=\"border-image: initial; margin: 0px; border: 0px initial initial;\" title=\"Jefferson_Max_Nunes_Maciel\" src=\"http:\/\/franciscanos.org.br\/wp-content\/uploads\/2012\/01\/Jefferson_Max_Nunes_Maciel.jpg\" alt=\"\" width=\"100\" height=\"133\" \/><br \/>\n<strong>Jefferson Max Nunes Maciel<\/strong><br \/>\n<strong>Data de Nascimento:<\/strong> 27\/01\/1992<br \/>\n<strong>Local de Nascimento:<\/strong><br \/>\nCuritiba &#8211; PR<\/td>\n<td align=\"left\" valign=\"top\" width=\"10%\"><img loading=\"lazy\" class=\"alignnone size-full wp-image-10652\" style=\"border-image: initial; margin: 0px; border: 0px initial initial;\" title=\"Jhones_Lucas_Martins\" src=\"http:\/\/franciscanos.org.br\/wp-content\/uploads\/2012\/01\/Jhones_Lucas_Martins.jpg\" alt=\"\" width=\"100\" height=\"133\" \/><br \/>\n<strong>Jhones Lucas Martins<\/strong><br \/>\n<strong>Data de Nascimento:<\/strong> 06\/04\/1990<br \/>\n<strong>Local de Nascimento:<\/strong> Macatuba &#8211; SP<\/td>\n<\/tr>\n<tr>\n<td align=\"left\" valign=\"top\" width=\"10%\"><img loading=\"lazy\" class=\"alignnone size-full wp-image-10653\" style=\"border-image: initial; margin: 0px; border: 0px initial initial;\" title=\"Joao_Pedro_Inacio\" src=\"http:\/\/franciscanos.org.br\/wp-content\/uploads\/2012\/01\/Joao_Pedro_Inacio.jpg\" alt=\"\" width=\"100\" height=\"133\" \/><br \/>\n<strong>Jo\u00e3o Pedro I. S. de Almeida<br \/>\nData de Nascimento:<\/strong> 17\/01\/1994<br \/>\n<strong>Local de Nascimento:<\/strong><br \/>\nRio de Janeiro &#8211; RJ<\/td>\n<td align=\"left\" valign=\"top\" width=\"10%\"><img loading=\"lazy\" class=\"alignnone size-full wp-image-10655\" style=\"border-image: initial; margin: 0px; border: 0px initial initial;\" title=\"Josemberg_Cardoso_Aranha\" src=\"http:\/\/franciscanos.org.br\/wp-content\/uploads\/2012\/01\/Josemberg_Cardoso_Aranha.jpg\" alt=\"\" width=\"100\" height=\"139\" \/><br \/>\n<strong>Josemberg Cardozo Aranha<\/strong><br \/>\n<strong>Data de Nascimento:<\/strong> 24\/07\/1988<br \/>\n<strong>Local de Nascimento:<\/strong><br \/>\nDuque de Caxias &#8211; RJ<\/td>\n<td align=\"left\" valign=\"top\" width=\"10%\"><img loading=\"lazy\" class=\"alignnone size-full wp-image-10656\" style=\"border-image: initial; margin: 0px; border: 0px initial initial;\" title=\"Junior_Mendes\" src=\"http:\/\/franciscanos.org.br\/wp-content\/uploads\/2012\/01\/Junior_Mendes.jpg\" alt=\"\" width=\"100\" height=\"133\" \/><br \/>\n<strong>Junior Mendes<\/strong><br \/>\n<strong>Data de Nascimento:<\/strong> 24\/01\/1989<br \/>\n<strong>Local de Nascimento:<\/strong> Santo Amaro da Imperatriz &#8211; SC<\/td>\n<td align=\"left\" valign=\"top\" width=\"10%\"><img loading=\"lazy\" class=\"alignnone size-full wp-image-10657\" style=\"border-image: initial; margin: 0px; border: 0px initial initial;\" title=\"Leonidas_Inacio_Felix\" src=\"http:\/\/franciscanos.org.br\/wp-content\/uploads\/2012\/01\/Leonidas_Inacio_Felix.jpg\" alt=\"\" width=\"100\" height=\"139\" \/><br \/>\n<strong>Le\u00f4nidas In\u00e1cio F\u00e9lix<\/strong><br \/>\n<strong>Data de Nascimento:<\/strong> 12\/09\/1987<br \/>\n<strong>Local de Nascimento:<\/strong> Quixeramobim &#8211; CE<\/td>\n<td align=\"left\" valign=\"top\" width=\"10%\"><img loading=\"lazy\" class=\"alignnone size-full wp-image-10658\" style=\"border-image: initial; margin: 0px; border: 0px initial initial;\" title=\"Marcelo_da_Silva_Mendes\" src=\"http:\/\/franciscanos.org.br\/wp-content\/uploads\/2012\/01\/Marcelo_da_Silva_Mendes.jpg\" alt=\"\" width=\"100\" height=\"133\" \/><br \/>\n<strong>Marcelo da Silva Mendes<\/strong><br \/>\n<strong>Data de Nascimento:<\/strong> 10\/12\/1983<br \/>\n<strong>Local de Nascimento:<\/strong><br \/>\nNova Igua\u00e7u &#8211; RJ<\/td>\n<\/tr>\n<tr>\n<td align=\"left\" valign=\"top\" width=\"10%\"><img loading=\"lazy\" class=\"alignnone size-full wp-image-10659\" style=\"border-image: initial; margin: 0px; border: 0px initial initial;\" title=\"Paulo_Cesar_Rodrigues_da_Silva\" src=\"http:\/\/franciscanos.org.br\/wp-content\/uploads\/2012\/01\/Paulo_Cesar_Rodrigues_da_Silva.jpg\" alt=\"\" width=\"100\" height=\"133\" \/><br \/>\n<strong>Paulo C\u00e9sar R. da Silva<\/strong><br \/>\n<strong>Data de Nascimento:<\/strong> 30\/09\/1988<br \/>\n<strong>Local de Nascimento:<\/strong> Cruzeiro &#8211; SP<\/td>\n<td align=\"left\" valign=\"top\" width=\"10%\"><img loading=\"lazy\" class=\"alignnone size-full wp-image-10660\" style=\"border-image: initial; margin: 0px; border: 0px initial initial;\" title=\"Roger_Strapazzon\" src=\"http:\/\/franciscanos.org.br\/wp-content\/uploads\/2012\/01\/Roger_Strapazzon.jpg\" alt=\"\" width=\"100\" height=\"132\" \/><br \/>\n<strong>Roger Strapazzon<\/strong><br \/>\n<strong>Data de Nascimento:<\/strong> 18\/10\/1984<br \/>\n<strong>Local de Nascimento:<\/strong> Blumenau \u2013 SC<\/td>\n<td align=\"left\" valign=\"top\"><img loading=\"lazy\" class=\"alignnone size-full wp-image-10661\" style=\"border-image: initial; margin: 0px; border: 0px initial initial;\" title=\"Jose_Aecio_de_Oliveira_Filho\" src=\"http:\/\/franciscanos.org.br\/wp-content\/uploads\/2012\/01\/Jose_Aecio_de_Oliveira_Filho1.jpg\" alt=\"\" width=\"100\" height=\"140\" \/><br \/>\n<strong>Jos\u00e9 A\u00e9cio de Oliveira Filho<\/strong><br \/>\n<strong>Data de Nascimento:<\/strong> 23\/09\/1989<br \/>\n<strong>Local de Nascimento:<\/strong> Capin\u00f3polis &#8211; MG<\/td>\n<td align=\"left\" valign=\"top\"><img loading=\"lazy\" class=\"alignnone size-full wp-image-10662\" style=\"border-image: initial; margin: 0px; border: 0px initial initial;\" title=\"Patrick_Roberto_de_Souza\" src=\"http:\/\/franciscanos.org.br\/wp-content\/uploads\/2012\/01\/Patrick_Roberto_de_Souza.jpg\" alt=\"\" width=\"100\" height=\"133\" \/><br \/>\n<strong>Patrick Roberto de Souza<\/strong><br \/>\n<strong>Data de Nascimento:<\/strong> 14\/06\/1983<br \/>\n<strong>Local de Nascimento:<\/strong> Uberl\u00e2ndia &#8211; MG<\/td>\n<td align=\"left\" valign=\"top\" width=\"10%\"><\/td>\n<\/tr>\n<tr bgcolor=\"#FFCC00\">\n<td colspan=\"5\" align=\"left\"><strong>Funda\u00e7\u00e3o Imaculada M\u00e3e de Deus de Angola (FIMDA)<\/strong><\/td>\n<\/tr>\n<tr>\n<td align=\"left\" valign=\"top\" width=\"10%\"><strong>Alfredo Epalanga Prego<\/strong><br \/>\n<strong>Data de Nascimento:<\/strong> 10\/06\/1990<br \/>\n<strong>Local de Nascimento:<\/strong> Benguela &#8211; Benguela<\/td>\n<td align=\"left\" valign=\"top\" width=\"10%\"><strong>Jo\u00e3o Alberto Bunga<\/strong><br \/>\n<strong>Data de Nascimento:<\/strong> 05\/04\/1988<br \/>\n<strong>Local de Nascimento:<\/strong> Kilamba Kiaxi &#8211; Luanda<\/td>\n<td align=\"left\" valign=\"top\" width=\"10%\"><strong>Quintino V. Samayenje<\/strong><br \/>\n<strong>Data de Nascimento:<\/strong> 17\/05\/1988<br \/>\n<strong>Local de Nascimento:<\/strong><br \/>\nCubal &#8211; Benguela<\/td>\n<td align=\"left\" valign=\"top\" width=\"10%\"><strong>Santana S.Cafunda<\/strong><br \/>\n<strong>Data de Nascimento:<\/strong> 11\/03\/1990<br \/>\n<strong>Local de Nascimento:<\/strong> Malange<\/td>\n<td align=\"left\" valign=\"top\" width=\"10%\"><strong>Tiago Amnuel Quingando<\/strong><br \/>\n<strong>Data de Nascimento:<\/strong> 29\/06\/1984<br \/>\n<strong>Local de Nascimento:<\/strong> Cambundi &#8211; Catembo<\/td>\n<\/tr>\n<tr>\n<td colspan=\"5\" align=\"left\"><em>* Com a chegada dos novi\u00e7os angolanos, colocaremos as fotos no pr\u00f3ximo n\u00famero das Comunica\u00e7\u00f5es<\/em><\/td>\n<\/tr>\n<\/tbody>\n<\/table>\n","protected":false},"excerpt":{"rendered":"<p>Forma\u00e7\u00e3o e Estudos<\/p>\n","protected":false},"author":1,"featured_media":209163,"comment_status":"closed","ping_status":"open","sticky":false,"template":"","format":"standard","meta":[],"categories":[1],"tags":[127,306,620],"acf":[],"yoast_head":"<!-- This site is optimized with the Yoast SEO plugin v19.2 - https:\/\/yoast.com\/wordpress\/plugins\/seo\/ -->\n<title>Noviciado de Rodeio volta a ter casa cheia - Not\u00edcias - Franciscanos<\/title>\n<meta name=\"robots\" content=\"index, follow, max-snippet:-1, max-image-preview:large, max-video-preview:-1\" \/>\n<link rel=\"canonical\" href=\"https:\/\/franciscanos.org.br\/noticias\/noviciado-de-rodeio-volta-a-ter-casa-cheia.html\" \/>\n<meta property=\"og:locale\" content=\"pt_BR\" \/>\n<meta property=\"og:type\" content=\"article\" \/>\n<meta property=\"og:title\" content=\"Noviciado de Rodeio volta a ter casa cheia - Not\u00edcias - Franciscanos\" \/>\n<meta property=\"og:description\" content=\"Forma\u00e7\u00e3o e Estudos\" \/>\n<meta property=\"og:url\" content=\"https:\/\/franciscanos.org.br\/noticias\/noviciado-de-rodeio-volta-a-ter-casa-cheia.html\" \/>\n<meta property=\"og:site_name\" content=\"Not\u00edcias - Franciscanos\" \/>\n<meta property=\"article:published_time\" content=\"2012-01-10T19:01:48+00:00\" \/>\n<meta property=\"article:modified_time\" content=\"2023-01-09T14:20:20+00:00\" \/>\n<meta property=\"og:image\" content=\"https:\/\/franciscanos.org.br\/noticias\/wp-content\/uploads\/2012\/01\/1641_090112-1.jpg\" \/>\n\t<meta property=\"og:image:width\" content=\"273\" \/>\n\t<meta property=\"og:image:height\" content=\"181\" \/>\n\t<meta property=\"og:image:type\" content=\"image\/jpeg\" \/>\n<meta name=\"author\" content=\"admin\" \/>\n<meta name=\"twitter:card\" content=\"summary_large_image\" \/>\n<meta name=\"twitter:label1\" content=\"Escrito por\" \/>\n\t<meta name=\"twitter:data1\" content=\"admin\" \/>\n\t<meta name=\"twitter:label2\" content=\"Est. tempo de leitura\" \/>\n\t<meta name=\"twitter:data2\" content=\"4 minutos\" \/>\n<script type=\"application\/ld+json\" class=\"yoast-schema-graph\">{\"@context\":\"https:\/\/schema.org\",\"@graph\":[{\"@type\":\"WebSite\",\"@id\":\"https:\/\/franciscanos.org.br\/noticias\/#website\",\"url\":\"https:\/\/franciscanos.org.br\/noticias\/\",\"name\":\"Not\u00edcias - Franciscanos\",\"description\":\"Prov\u00edncia Franciscana da Imaculada Concei\u00e7\u00e3o do Brasil - Ordem dos Frades Menores - OFM\",\"potentialAction\":[{\"@type\":\"SearchAction\",\"target\":{\"@type\":\"EntryPoint\",\"urlTemplate\":\"https:\/\/franciscanos.org.br\/noticias\/?s={search_term_string}\"},\"query-input\":\"required name=search_term_string\"}],\"inLanguage\":\"pt-BR\"},{\"@type\":\"ImageObject\",\"inLanguage\":\"pt-BR\",\"@id\":\"https:\/\/franciscanos.org.br\/noticias\/noviciado-de-rodeio-volta-a-ter-casa-cheia.html#primaryimage\",\"url\":\"https:\/\/franciscanos.org.br\/noticias\/wp-content\/uploads\/2012\/01\/1641_090112-1.jpg\",\"contentUrl\":\"https:\/\/franciscanos.org.br\/noticias\/wp-content\/uploads\/2012\/01\/1641_090112-1.jpg\",\"width\":273,\"height\":181},{\"@type\":\"WebPage\",\"@id\":\"https:\/\/franciscanos.org.br\/noticias\/noviciado-de-rodeio-volta-a-ter-casa-cheia.html#webpage\",\"url\":\"https:\/\/franciscanos.org.br\/noticias\/noviciado-de-rodeio-volta-a-ter-casa-cheia.html\",\"name\":\"Noviciado de Rodeio volta a ter casa cheia - Not\u00edcias - Franciscanos\",\"isPartOf\":{\"@id\":\"https:\/\/franciscanos.org.br\/noticias\/#website\"},\"primaryImageOfPage\":{\"@id\":\"https:\/\/franciscanos.org.br\/noticias\/noviciado-de-rodeio-volta-a-ter-casa-cheia.html#primaryimage\"},\"datePublished\":\"2012-01-10T19:01:48+00:00\",\"dateModified\":\"2023-01-09T14:20:20+00:00\",\"author\":{\"@id\":\"https:\/\/franciscanos.org.br\/noticias\/#\/schema\/person\/b38fbf43118f02820bd932f2e4b14ad3\"},\"breadcrumb\":{\"@id\":\"https:\/\/franciscanos.org.br\/noticias\/noviciado-de-rodeio-volta-a-ter-casa-cheia.html#breadcrumb\"},\"inLanguage\":\"pt-BR\",\"potentialAction\":[{\"@type\":\"ReadAction\",\"target\":[\"https:\/\/franciscanos.org.br\/noticias\/noviciado-de-rodeio-volta-a-ter-casa-cheia.html\"]}]},{\"@type\":\"BreadcrumbList\",\"@id\":\"https:\/\/franciscanos.org.br\/noticias\/noviciado-de-rodeio-volta-a-ter-casa-cheia.html#breadcrumb\",\"itemListElement\":[{\"@type\":\"ListItem\",\"position\":1,\"name\":\"Home\",\"item\":\"https:\/\/franciscanos.org.br\/noticias\"},{\"@type\":\"ListItem\",\"position\":2,\"name\":\"Noviciado de Rodeio volta a ter casa cheia\"}]},{\"@type\":\"Person\",\"@id\":\"https:\/\/franciscanos.org.br\/noticias\/#\/schema\/person\/b38fbf43118f02820bd932f2e4b14ad3\",\"name\":\"admin\",\"image\":{\"@type\":\"ImageObject\",\"inLanguage\":\"pt-BR\",\"@id\":\"https:\/\/franciscanos.org.br\/noticias\/#\/schema\/person\/image\/\",\"url\":\"https:\/\/secure.gravatar.com\/avatar\/e8495742d34d0ba6448ea1c628263b3e?s=96&d=mm&r=g\",\"contentUrl\":\"https:\/\/secure.gravatar.com\/avatar\/e8495742d34d0ba6448ea1c628263b3e?s=96&d=mm&r=g\",\"caption\":\"admin\"},\"url\":\"https:\/\/franciscanos.org.br\/noticias\/author\/admin\"}]}<\/script>\n<!-- \/ Yoast SEO plugin. -->","yoast_head_json":{"title":"Noviciado de Rodeio volta a ter casa cheia - Not\u00edcias - Franciscanos","robots":{"index":"index","follow":"follow","max-snippet":"max-snippet:-1","max-image-preview":"max-image-preview:large","max-video-preview":"max-video-preview:-1"},"canonical":"https:\/\/franciscanos.org.br\/noticias\/noviciado-de-rodeio-volta-a-ter-casa-cheia.html","og_locale":"pt_BR","og_type":"article","og_title":"Noviciado de Rodeio volta a ter casa cheia - Not\u00edcias - Franciscanos","og_description":"Forma\u00e7\u00e3o e Estudos","og_url":"https:\/\/franciscanos.org.br\/noticias\/noviciado-de-rodeio-volta-a-ter-casa-cheia.html","og_site_name":"Not\u00edcias - Franciscanos","article_published_time":"2012-01-10T19:01:48+00:00","article_modified_time":"2023-01-09T14:20:20+00:00","og_image":[{"width":273,"height":181,"url":"https:\/\/franciscanos.org.br\/noticias\/wp-content\/uploads\/2012\/01\/1641_090112-1.jpg","type":"image\/jpeg"}],"author":"admin","twitter_card":"summary_large_image","twitter_misc":{"Escrito por":"admin","Est. tempo de leitura":"4 minutos"},"schema":{"@context":"https:\/\/schema.org","@graph":[{"@type":"WebSite","@id":"https:\/\/franciscanos.org.br\/noticias\/#website","url":"https:\/\/franciscanos.org.br\/noticias\/","name":"Not\u00edcias - Franciscanos","description":"Prov\u00edncia Franciscana da Imaculada Concei\u00e7\u00e3o do Brasil - Ordem dos Frades Menores - OFM","potentialAction":[{"@type":"SearchAction","target":{"@type":"EntryPoint","urlTemplate":"https:\/\/franciscanos.org.br\/noticias\/?s={search_term_string}"},"query-input":"required name=search_term_string"}],"inLanguage":"pt-BR"},{"@type":"ImageObject","inLanguage":"pt-BR","@id":"https:\/\/franciscanos.org.br\/noticias\/noviciado-de-rodeio-volta-a-ter-casa-cheia.html#primaryimage","url":"https:\/\/franciscanos.org.br\/noticias\/wp-content\/uploads\/2012\/01\/1641_090112-1.jpg","contentUrl":"https:\/\/franciscanos.org.br\/noticias\/wp-content\/uploads\/2012\/01\/1641_090112-1.jpg","width":273,"height":181},{"@type":"WebPage","@id":"https:\/\/franciscanos.org.br\/noticias\/noviciado-de-rodeio-volta-a-ter-casa-cheia.html#webpage","url":"https:\/\/franciscanos.org.br\/noticias\/noviciado-de-rodeio-volta-a-ter-casa-cheia.html","name":"Noviciado de Rodeio volta a ter casa cheia - Not\u00edcias - Franciscanos","isPartOf":{"@id":"https:\/\/franciscanos.org.br\/noticias\/#website"},"primaryImageOfPage":{"@id":"https:\/\/franciscanos.org.br\/noticias\/noviciado-de-rodeio-volta-a-ter-casa-cheia.html#primaryimage"},"datePublished":"2012-01-10T19:01:48+00:00","dateModified":"2023-01-09T14:20:20+00:00","author":{"@id":"https:\/\/franciscanos.org.br\/noticias\/#\/schema\/person\/b38fbf43118f02820bd932f2e4b14ad3"},"breadcrumb":{"@id":"https:\/\/franciscanos.org.br\/noticias\/noviciado-de-rodeio-volta-a-ter-casa-cheia.html#breadcrumb"},"inLanguage":"pt-BR","potentialAction":[{"@type":"ReadAction","target":["https:\/\/franciscanos.org.br\/noticias\/noviciado-de-rodeio-volta-a-ter-casa-cheia.html"]}]},{"@type":"BreadcrumbList","@id":"https:\/\/franciscanos.org.br\/noticias\/noviciado-de-rodeio-volta-a-ter-casa-cheia.html#breadcrumb","itemListElement":[{"@type":"ListItem","position":1,"name":"Home","item":"https:\/\/franciscanos.org.br\/noticias"},{"@type":"ListItem","position":2,"name":"Noviciado de Rodeio volta a ter casa cheia"}]},{"@type":"Person","@id":"https:\/\/franciscanos.org.br\/noticias\/#\/schema\/person\/b38fbf43118f02820bd932f2e4b14ad3","name":"admin","image":{"@type":"ImageObject","inLanguage":"pt-BR","@id":"https:\/\/franciscanos.org.br\/noticias\/#\/schema\/person\/image\/","url":"https:\/\/secure.gravatar.com\/avatar\/e8495742d34d0ba6448ea1c628263b3e?s=96&d=mm&r=g","contentUrl":"https:\/\/secure.gravatar.com\/avatar\/e8495742d34d0ba6448ea1c628263b3e?s=96&d=mm&r=g","caption":"admin"},"url":"https:\/\/franciscanos.org.br\/noticias\/author\/admin"}]}},"_links":{"self":[{"href":"https:\/\/franciscanos.org.br\/noticias\/wp-json\/wp\/v2\/posts\/10644"}],"collection":[{"href":"https:\/\/franciscanos.org.br\/noticias\/wp-json\/wp\/v2\/posts"}],"about":[{"href":"https:\/\/franciscanos.org.br\/noticias\/wp-json\/wp\/v2\/types\/post"}],"author":[{"embeddable":true,"href":"https:\/\/franciscanos.org.br\/noticias\/wp-json\/wp\/v2\/users\/1"}],"replies":[{"embeddable":true,"href":"https:\/\/franciscanos.org.br\/noticias\/wp-json\/wp\/v2\/comments?post=10644"}],"version-history":[{"count":1,"href":"https:\/\/franciscanos.org.br\/noticias\/wp-json\/wp\/v2\/posts\/10644\/revisions"}],"predecessor-version":[{"id":241611,"href":"https:\/\/franciscanos.org.br\/noticias\/wp-json\/wp\/v2\/posts\/10644\/revisions\/241611"}],"wp:featuredmedia":[{"embeddable":true,"href":"https:\/\/franciscanos.org.br\/noticias\/wp-json\/wp\/v2\/media\/209163"}],"wp:attachment":[{"href":"https:\/\/franciscanos.org.br\/noticias\/wp-json\/wp\/v2\/media?parent=10644"}],"wp:term":[{"taxonomy":"category","embeddable":true,"href":"https:\/\/franciscanos.org.br\/noticias\/wp-json\/wp\/v2\/categories?post=10644"},{"taxonomy":"post_tag","embeddable":true,"href":"https:\/\/franciscanos.org.br\/noticias\/wp-json\/wp\/v2\/tags?post=10644"}],"curies":[{"name":"wp","href":"https:\/\/api.w.org\/{rel}","templated":true}]}}