{"id":10630,"date":"2012-01-09T11:27:59","date_gmt":"2012-01-09T13:27:59","guid":{"rendered":"http:\/\/new.franciscanos.org.br\/?p=10630"},"modified":"2019-09-13T12:49:25","modified_gmt":"2019-09-13T15:49:25","slug":"energia-verde-na-missao-de-angola","status":"publish","type":"post","link":"https:\/\/franciscanos.org.br\/noticias\/energia-verde-na-missao-de-angola.html","title":{"rendered":"Energia Verde na Miss\u00e3o de Angola"},"content":{"rendered":"<p><strong><a href=\"http:\/\/franciscanos.org.br\/wp-content\/uploads\/2012\/01\/angola_g090112.jpg\"><img loading=\"lazy\" class=\"alignright size-full wp-image-10631\" title=\"Angola\" src=\"http:\/\/franciscanos.org.br\/wp-content\/uploads\/2012\/01\/angola_g090112.jpg\" alt=\"\" width=\"400\" height=\"266\" \/><\/a><\/strong><\/p>\n<p><strong>Viana (Angola) \u2013 <\/strong>A Miss\u00e3o Cat\u00f3lica dos Franciscanos, em Angola, cada vez mais se soma \u00e0s conquistas do povo desta terra. Uma das \u00faltimas conquistas dos frades franciscanos que vivem em Viana, pr\u00f3ximo \u00e0 capital Luanda, foi a t\u00e3o falada energia verde.<\/p>\n<p><strong>\u00a0<\/strong>A energia solar \u00e9 um exemplo disso. Esta produ\u00e7\u00e3o se d\u00e1 atrav\u00e9s de pain\u00e9is (nanotecnol\u00f3gicos) que captam os raios solares e os transformam em corrente el\u00e9trica. Ao contr\u00e1rio da produ\u00e7\u00e3o de energia do gerador (atrav\u00e9s de um motor gera energia), que n\u00e3o se pode armazenar, devido ao tipo de tecnologia aplicada, a energia das placas solares \u00e9 armazenada em baterias.Tais baterias, al\u00e9m da energia solarm podem armazenar a energia da rede p\u00fablica e do gerador, isso pelo fato de ser nanotecnologia.<\/p>\n<p>A produ\u00e7\u00e3o de energia el\u00e9trica em Angola \u00e9 suficiente para se abastecer todo o pa\u00eds todo, mas hoje nem todos t\u00eam devido \u00e0 m\u00e1 distribui\u00e7\u00e3o. A Fraternidade Franciscana da Porci\u00fancula, que fica em Viana, munic\u00edpio vizinho \u00e0 capital nacional, no ano passado j\u00e1 ficou um m\u00eas sem energia da rede. Os frades da miss\u00e3o confessam que a energia da rua, \u00e0s vezes, vem e logo vai embora.<\/p>\n<p>Frei \u00c2ngelo Jos\u00e9 Luiz, presidente da Funda\u00e7\u00e3o Imaculada M\u00e3e de Angola (FIMDA) e da Fam\u00edlia Franciscana de Angola, afirma: \u201cAqui ainda n\u00e3o chegou a energia convencional, da rede p\u00fablica, mas a energia alternativa, a energia verde j\u00e1. Isso \u00e9 um ganho para a miss\u00e3o\u201d.<\/p>\n<p>A energia produzida pelas placas solares n\u00e3o \u00e9 o suficiente para suprir a necessidade de toda a casa, ela apenas sustentar\u00e1 uma parte. A esta parte est\u00e3o ligados os 12 computadores do Projeto INZO Digital, que proporciona a incultura\u00e7\u00e3o digital, e a cozinha e refeit\u00f3rio. A esta fraternidade, al\u00e9m dos projetos sociais (INZO digital e Bola da Paz), compete a forma\u00e7\u00e3o dos jovens frades angolanos no per\u00edodo da Filosofia e Teologia.<\/p>\n<p>At\u00e9 agora a obra foi custeada pela Miss\u00e3o Central Franciscana (Missionszentrale der Franziskaner), com sede na Europa. Para dar prosseguimento, precisa da ajuda de novos benfeitores. \u201cO uso das energias limpas ou energia verde, em pleno aquecimento global, torna-se de extrema exig\u00eancia. Como franciscanos, a Miss\u00e3o em Angola j\u00e1 est\u00e1 contribuindo e indo ao encontro desta alternativa\u201d, completou Frei \u00c2ngelo.<\/p>\n","protected":false},"excerpt":{"rendered":"<p>FIMDA<\/p>\n","protected":false},"author":1,"featured_media":210854,"comment_status":"open","ping_status":"open","sticky":false,"template":"","format":"standard","meta":[],"categories":[1],"tags":[109,122],"acf":[],"yoast_head":"<!-- This site is optimized with the Yoast SEO plugin v19.2 - https:\/\/yoast.com\/wordpress\/plugins\/seo\/ -->\n<title>Energia Verde na Miss\u00e3o de Angola - Not\u00edcias - Franciscanos<\/title>\n<meta name=\"robots\" content=\"index, follow, max-snippet:-1, max-image-preview:large, max-video-preview:-1\" \/>\n<link rel=\"canonical\" href=\"https:\/\/franciscanos.org.br\/noticias\/energia-verde-na-missao-de-angola.html\" \/>\n<meta property=\"og:locale\" content=\"pt_BR\" \/>\n<meta property=\"og:type\" content=\"article\" \/>\n<meta property=\"og:title\" content=\"Energia Verde na Miss\u00e3o de Angola - Not\u00edcias - Franciscanos\" \/>\n<meta property=\"og:description\" content=\"FIMDA\" \/>\n<meta property=\"og:url\" content=\"https:\/\/franciscanos.org.br\/noticias\/energia-verde-na-missao-de-angola.html\" \/>\n<meta property=\"og:site_name\" content=\"Not\u00edcias - Franciscanos\" \/>\n<meta property=\"article:published_time\" content=\"2012-01-09T13:27:59+00:00\" \/>\n<meta property=\"article:modified_time\" content=\"2019-09-13T15:49:25+00:00\" \/>\n<meta property=\"og:image\" content=\"https:\/\/franciscanos.org.br\/noticias\/wp-content\/uploads\/2012\/01\/angola_g090112.jpg\" \/>\n\t<meta property=\"og:image:width\" content=\"273\" \/>\n\t<meta property=\"og:image:height\" content=\"182\" \/>\n\t<meta property=\"og:image:type\" content=\"image\/jpeg\" \/>\n<meta name=\"author\" content=\"admin\" \/>\n<meta name=\"twitter:card\" content=\"summary_large_image\" \/>\n<meta name=\"twitter:label1\" content=\"Escrito por\" \/>\n\t<meta name=\"twitter:data1\" content=\"admin\" \/>\n\t<meta name=\"twitter:label2\" content=\"Est. tempo de leitura\" \/>\n\t<meta name=\"twitter:data2\" content=\"2 minutos\" \/>\n<script type=\"application\/ld+json\" class=\"yoast-schema-graph\">{\"@context\":\"https:\/\/schema.org\",\"@graph\":[{\"@type\":\"WebSite\",\"@id\":\"https:\/\/franciscanos.org.br\/noticias\/#website\",\"url\":\"https:\/\/franciscanos.org.br\/noticias\/\",\"name\":\"Not\u00edcias - Franciscanos\",\"description\":\"Prov\u00edncia Franciscana da Imaculada Concei\u00e7\u00e3o do Brasil - Ordem dos Frades Menores - OFM\",\"potentialAction\":[{\"@type\":\"SearchAction\",\"target\":{\"@type\":\"EntryPoint\",\"urlTemplate\":\"https:\/\/franciscanos.org.br\/noticias\/?s={search_term_string}\"},\"query-input\":\"required name=search_term_string\"}],\"inLanguage\":\"pt-BR\"},{\"@type\":\"ImageObject\",\"inLanguage\":\"pt-BR\",\"@id\":\"https:\/\/franciscanos.org.br\/noticias\/energia-verde-na-missao-de-angola.html#primaryimage\",\"url\":\"https:\/\/franciscanos.org.br\/noticias\/wp-content\/uploads\/2012\/01\/angola_g090112.jpg\",\"contentUrl\":\"https:\/\/franciscanos.org.br\/noticias\/wp-content\/uploads\/2012\/01\/angola_g090112.jpg\",\"width\":273,\"height\":182},{\"@type\":\"WebPage\",\"@id\":\"https:\/\/franciscanos.org.br\/noticias\/energia-verde-na-missao-de-angola.html#webpage\",\"url\":\"https:\/\/franciscanos.org.br\/noticias\/energia-verde-na-missao-de-angola.html\",\"name\":\"Energia Verde na Miss\u00e3o de Angola - Not\u00edcias - Franciscanos\",\"isPartOf\":{\"@id\":\"https:\/\/franciscanos.org.br\/noticias\/#website\"},\"primaryImageOfPage\":{\"@id\":\"https:\/\/franciscanos.org.br\/noticias\/energia-verde-na-missao-de-angola.html#primaryimage\"},\"datePublished\":\"2012-01-09T13:27:59+00:00\",\"dateModified\":\"2019-09-13T15:49:25+00:00\",\"author\":{\"@id\":\"https:\/\/franciscanos.org.br\/noticias\/#\/schema\/person\/b38fbf43118f02820bd932f2e4b14ad3\"},\"breadcrumb\":{\"@id\":\"https:\/\/franciscanos.org.br\/noticias\/energia-verde-na-missao-de-angola.html#breadcrumb\"},\"inLanguage\":\"pt-BR\",\"potentialAction\":[{\"@type\":\"ReadAction\",\"target\":[\"https:\/\/franciscanos.org.br\/noticias\/energia-verde-na-missao-de-angola.html\"]}]},{\"@type\":\"BreadcrumbList\",\"@id\":\"https:\/\/franciscanos.org.br\/noticias\/energia-verde-na-missao-de-angola.html#breadcrumb\",\"itemListElement\":[{\"@type\":\"ListItem\",\"position\":1,\"name\":\"Home\",\"item\":\"https:\/\/franciscanos.org.br\/noticias\"},{\"@type\":\"ListItem\",\"position\":2,\"name\":\"Energia Verde na Miss\u00e3o de Angola\"}]},{\"@type\":\"Person\",\"@id\":\"https:\/\/franciscanos.org.br\/noticias\/#\/schema\/person\/b38fbf43118f02820bd932f2e4b14ad3\",\"name\":\"admin\",\"image\":{\"@type\":\"ImageObject\",\"inLanguage\":\"pt-BR\",\"@id\":\"https:\/\/franciscanos.org.br\/noticias\/#\/schema\/person\/image\/\",\"url\":\"https:\/\/secure.gravatar.com\/avatar\/e8495742d34d0ba6448ea1c628263b3e?s=96&d=mm&r=g\",\"contentUrl\":\"https:\/\/secure.gravatar.com\/avatar\/e8495742d34d0ba6448ea1c628263b3e?s=96&d=mm&r=g\",\"caption\":\"admin\"},\"url\":\"https:\/\/franciscanos.org.br\/noticias\/author\/admin\"}]}<\/script>\n<!-- \/ Yoast SEO plugin. -->","yoast_head_json":{"title":"Energia Verde na Miss\u00e3o de Angola - Not\u00edcias - Franciscanos","robots":{"index":"index","follow":"follow","max-snippet":"max-snippet:-1","max-image-preview":"max-image-preview:large","max-video-preview":"max-video-preview:-1"},"canonical":"https:\/\/franciscanos.org.br\/noticias\/energia-verde-na-missao-de-angola.html","og_locale":"pt_BR","og_type":"article","og_title":"Energia Verde na Miss\u00e3o de Angola - Not\u00edcias - Franciscanos","og_description":"FIMDA","og_url":"https:\/\/franciscanos.org.br\/noticias\/energia-verde-na-missao-de-angola.html","og_site_name":"Not\u00edcias - Franciscanos","article_published_time":"2012-01-09T13:27:59+00:00","article_modified_time":"2019-09-13T15:49:25+00:00","og_image":[{"width":273,"height":182,"url":"https:\/\/franciscanos.org.br\/noticias\/wp-content\/uploads\/2012\/01\/angola_g090112.jpg","type":"image\/jpeg"}],"author":"admin","twitter_card":"summary_large_image","twitter_misc":{"Escrito por":"admin","Est. tempo de leitura":"2 minutos"},"schema":{"@context":"https:\/\/schema.org","@graph":[{"@type":"WebSite","@id":"https:\/\/franciscanos.org.br\/noticias\/#website","url":"https:\/\/franciscanos.org.br\/noticias\/","name":"Not\u00edcias - Franciscanos","description":"Prov\u00edncia Franciscana da Imaculada Concei\u00e7\u00e3o do Brasil - Ordem dos Frades Menores - OFM","potentialAction":[{"@type":"SearchAction","target":{"@type":"EntryPoint","urlTemplate":"https:\/\/franciscanos.org.br\/noticias\/?s={search_term_string}"},"query-input":"required name=search_term_string"}],"inLanguage":"pt-BR"},{"@type":"ImageObject","inLanguage":"pt-BR","@id":"https:\/\/franciscanos.org.br\/noticias\/energia-verde-na-missao-de-angola.html#primaryimage","url":"https:\/\/franciscanos.org.br\/noticias\/wp-content\/uploads\/2012\/01\/angola_g090112.jpg","contentUrl":"https:\/\/franciscanos.org.br\/noticias\/wp-content\/uploads\/2012\/01\/angola_g090112.jpg","width":273,"height":182},{"@type":"WebPage","@id":"https:\/\/franciscanos.org.br\/noticias\/energia-verde-na-missao-de-angola.html#webpage","url":"https:\/\/franciscanos.org.br\/noticias\/energia-verde-na-missao-de-angola.html","name":"Energia Verde na Miss\u00e3o de Angola - Not\u00edcias - Franciscanos","isPartOf":{"@id":"https:\/\/franciscanos.org.br\/noticias\/#website"},"primaryImageOfPage":{"@id":"https:\/\/franciscanos.org.br\/noticias\/energia-verde-na-missao-de-angola.html#primaryimage"},"datePublished":"2012-01-09T13:27:59+00:00","dateModified":"2019-09-13T15:49:25+00:00","author":{"@id":"https:\/\/franciscanos.org.br\/noticias\/#\/schema\/person\/b38fbf43118f02820bd932f2e4b14ad3"},"breadcrumb":{"@id":"https:\/\/franciscanos.org.br\/noticias\/energia-verde-na-missao-de-angola.html#breadcrumb"},"inLanguage":"pt-BR","potentialAction":[{"@type":"ReadAction","target":["https:\/\/franciscanos.org.br\/noticias\/energia-verde-na-missao-de-angola.html"]}]},{"@type":"BreadcrumbList","@id":"https:\/\/franciscanos.org.br\/noticias\/energia-verde-na-missao-de-angola.html#breadcrumb","itemListElement":[{"@type":"ListItem","position":1,"name":"Home","item":"https:\/\/franciscanos.org.br\/noticias"},{"@type":"ListItem","position":2,"name":"Energia Verde na Miss\u00e3o de Angola"}]},{"@type":"Person","@id":"https:\/\/franciscanos.org.br\/noticias\/#\/schema\/person\/b38fbf43118f02820bd932f2e4b14ad3","name":"admin","image":{"@type":"ImageObject","inLanguage":"pt-BR","@id":"https:\/\/franciscanos.org.br\/noticias\/#\/schema\/person\/image\/","url":"https:\/\/secure.gravatar.com\/avatar\/e8495742d34d0ba6448ea1c628263b3e?s=96&d=mm&r=g","contentUrl":"https:\/\/secure.gravatar.com\/avatar\/e8495742d34d0ba6448ea1c628263b3e?s=96&d=mm&r=g","caption":"admin"},"url":"https:\/\/franciscanos.org.br\/noticias\/author\/admin"}]}},"_links":{"self":[{"href":"https:\/\/franciscanos.org.br\/noticias\/wp-json\/wp\/v2\/posts\/10630"}],"collection":[{"href":"https:\/\/franciscanos.org.br\/noticias\/wp-json\/wp\/v2\/posts"}],"about":[{"href":"https:\/\/franciscanos.org.br\/noticias\/wp-json\/wp\/v2\/types\/post"}],"author":[{"embeddable":true,"href":"https:\/\/franciscanos.org.br\/noticias\/wp-json\/wp\/v2\/users\/1"}],"replies":[{"embeddable":true,"href":"https:\/\/franciscanos.org.br\/noticias\/wp-json\/wp\/v2\/comments?post=10630"}],"version-history":[{"count":0,"href":"https:\/\/franciscanos.org.br\/noticias\/wp-json\/wp\/v2\/posts\/10630\/revisions"}],"wp:featuredmedia":[{"embeddable":true,"href":"https:\/\/franciscanos.org.br\/noticias\/wp-json\/wp\/v2\/media\/210854"}],"wp:attachment":[{"href":"https:\/\/franciscanos.org.br\/noticias\/wp-json\/wp\/v2\/media?parent=10630"}],"wp:term":[{"taxonomy":"category","embeddable":true,"href":"https:\/\/franciscanos.org.br\/noticias\/wp-json\/wp\/v2\/categories?post=10630"},{"taxonomy":"post_tag","embeddable":true,"href":"https:\/\/franciscanos.org.br\/noticias\/wp-json\/wp\/v2\/tags?post=10630"}],"curies":[{"name":"wp","href":"https:\/\/api.w.org\/{rel}","templated":true}]}}