{"id":106289,"date":"2016-03-20T22:15:26","date_gmt":"2016-03-21T01:15:26","guid":{"rendered":"http:\/\/franciscanos.org.br\/?p=106289"},"modified":"2020-06-09T19:08:41","modified_gmt":"2020-06-09T22:08:41","slug":"papa-denuncia-descaso-com-destino-dos-migrantes","status":"publish","type":"post","link":"https:\/\/franciscanos.org.br\/noticias\/papa-denuncia-descaso-com-destino-dos-migrantes.html","title":{"rendered":"Papa denuncia descaso com destino dos migrantes"},"content":{"rendered":"<p><img loading=\"lazy\" src=\"http:\/\/franciscanos.org.br\/wp-content\/uploads\/2016\/03\/ramos.jpg\" alt=\"ramos\" width=\"820\" height=\"428\" \/><\/p>\n<p><strong>Cidade do Vaticano<\/strong> \u2013 Aniquila\u00e7\u00e3o e humilha\u00e7\u00e3o: estas duas atitudes de Cristo guiaram a homilia do Papa Francisco no Domingo de Ramos (20\/03). Milhares de fi\u00e9is participaram da Santa Missa, que foi precedida pela tradicional prociss\u00e3o com os ramos na Pra\u00e7a S\u00e3o Pedro, decorada com cerca de 10 mil plantas, abrindo assim as celebra\u00e7\u00f5es da Semana Santa.<\/p>\n<p>Francisco recordou o entusiamo com o qual Jesus foi acolhido em Jerusal\u00e9m. Do mesmo medo, afirmou, Cristo deseja entrar em nossas cidades e nossas vidas. \u201cQue nada nos impe\u00e7a de encontrar Nele a fonte da verdadeira alegria, pois s\u00f3 Jesus nos salva das amarras do pecado, da morte, do medo e da tristeza.\u201d<\/p>\n<p>Entretanto, a Liturgia de hoje nos ensina que o Senhor n\u00e3o nos salvou com uma entrada triunfal nem por meio de milagres prestigiosos. O ap\u00f3stolo Paulo, na segunda leitura, resume o caminho da reden\u00e7\u00e3o com dois verbos: \u201caniquilou-Se\u201d e \u201chumilhou-Se\u201d a Si mesmo.<\/p>\n<p>\u201cEstes dois verbos nos indicam at\u00e9 que extremo chegou o amor de Deus por n\u00f3s. Jesus aniquilou-Se a Si mesmo: renunciou \u00e0 gl\u00f3ria de Filho de Deus e tornou-Se Filho do homem. E n\u00e3o s\u00f3\u2026 Viveu entre n\u00f3s numa condi\u00e7\u00e3o de servo: n\u00e3o de rei nem de pr\u00edncipe, mas de servo. Para isso, humilhou-Se e o abismo da sua humilha\u00e7\u00e3o, que a Semana Santa nos mostra, parece sem fundo.\u201d<\/p>\n<p>O primeiro gesto deste amor \u201csem fim\u201d \u00e9 o lava-p\u00e9s, explicou Francisco. \u201cMostrou-nos, com o exemplo, que temos necessidade de ser alcan\u00e7ados pelo seu amor, que se inclina sobre n\u00f3s; n\u00e3o podemos prescindir dele, n\u00e3o podemos amar sem antes nos deixarmos amar por Ele e sem aceitar que o verdadeiro amor consiste no servi\u00e7o concreto.<\/p>\n<p>Mas isto \u00e9 apenas o in\u00edcio, ressaltou o Papa. A humilha\u00e7\u00e3o que Jesus sofre torna-se extrema na Paix\u00e3o. Ele \u00e9 abandonado, renegado, sofre a inf\u00e2mia e a in\u00edqua condena\u00e7\u00e3o. Jesus sente na pela a indiferen\u00e7a, porque ningu\u00e9m quer assumir a responsabilidade por seu destino. A este ponto, Francisco saiu do texto para citar os in\u00fameros \u201cmarginalizados, pr\u00f3fugos e refugiados\u201d dos quais ningu\u00e9m quer assumir a responsabilidade por sua sorte.<\/p>\n<p>Mas a solid\u00e3o, a difama\u00e7\u00e3o e o sofrimento n\u00e3o s\u00e3o ainda o ponto culminante do seu despojamento. Para ser solid\u00e1rio conosco em tudo, na cruz experimenta tamb\u00e9m o misterioso abandono do Pai. No \u00e1pice da aniquila\u00e7\u00e3o, Jesus revela o verdadeiro rosto de Deus, que \u00e9 miseric\u00f3rdia. Perdoa aos seus algozes, abre as portas do para\u00edso ao ladr\u00e3o arrependido e toca o cora\u00e7\u00e3o do centuri\u00e3o. \u201cSe \u00e9 abissal o mist\u00e9rio do mal, infinita \u00e9 a realidade do Amor que o atravessou.\u201d<\/p>\n<p>Todavia, acrescentou, o modo de agir de Deus pode nos parecer muito distante. \u201cEle renunciou a Si mesmo por n\u00f3s; e quanto nos custa renunciar a algo por Ele e pelos outros! Mas, se queremos seguir o Mestre, somos chamados a escolher o seu caminho: o caminho do servi\u00e7o, da doa\u00e7\u00e3o, do esquecimento de n\u00f3s pr\u00f3prios.\u201d<\/p>\n<p>Para o Pont\u00edfice, podemos aprender este caminho detendo-nos nestes dias em contempla\u00e7\u00e3o do Crucificado, \u201cc\u00e1tedra de Deus\u201d, \u201cpara renunciar ao ego\u00edsmo, \u00e0 busca do poder e da fama\u201d. Citando a Gaudium et Spes, Francisco afirmou que nos esquecemos que \u201co homem vale mais por aquilo que \u00e9 do que por aquilo que tem\u201d.<\/p>\n<p>\u201cFixemos o olhar Nele, pe\u00e7amos a gra\u00e7a de compreender algo da sua aniquila\u00e7\u00e3o por n\u00f3s\u201d, foi a exorta\u00e7\u00e3o final do Papa Francisco.<\/p>\n<p><strong>ANGELUS<\/strong><\/p>\n<p>Ap\u00f3s a celebra\u00e7\u00e3o da Missa neste Domingo de Ramos, o Papa rezou o Angelus com os fi\u00e9is reunidos na Pra\u00e7a S. Pedro.<\/p>\n<p>A alocu\u00e7\u00e3o que precedeu a ora\u00e7\u00e3o mariana foi dedicada \u00e0 31\u00aa Jornada Mundial da Juventude, que se celebra este domingo em n\u00edvel diocesano e que culminar\u00e1 no final de julho no Encontro mundial em Crac\u00f3via. O tema desta edi\u00e7\u00e3o \u00e9 \u201cFelizes os misericordiosos porque alcan\u00e7ar\u00e3o miseric\u00f3rdia\u201d.<\/p>\n<p>Ao saudar os jovens presentes na Pra\u00e7a, estendendo sua sauda\u00e7\u00e3o a todos os jovens do mundo, Francisco fez votos de que possam participar numerosos da JMJ de Crac\u00f3via, \u201cp\u00e1tria de S. Jo\u00e3o Paulo II\u201d, idealizador das Jornadas. \u201c\u00c0 sua intercess\u00e3o, confiamos os \u00faltimos meses de prepara\u00e7\u00e3o desta peregrina\u00e7\u00e3o que, no \u00e2mbito do Ano Santo da Miseric\u00f3rdia, ser\u00e1 o Jubileu dos jovens.\u201d<\/p>\n<p>Na Pra\u00e7a estavam presentes in\u00fameros volunt\u00e1rios da JMJ de Crac\u00f3via. \u201cAo regressarem \u00e0 Pol\u00f4nia, levar\u00e3o aos respons\u00e1veis da na\u00e7\u00e3o os ramos de oliveira provenientes de Jerusal\u00e9m, Assis e Monteccasino e aben\u00e7oados nesta Pra\u00e7a, como convite a cultivar prop\u00f3sitos de paz, de reconcilia\u00e7\u00e3o e de fraternidade. Prossigam com coragem!\u201d<br \/>\nPor fim, Francisco pediu a intercess\u00e3o de Nossa Senhora, para que nos ajude a viver com intensidade espiritual a Semana Santa. Ap\u00f3s a b\u00ean\u00e7\u00e3o final, o Papa saudou a multid\u00e3o a bordo do seu papam\u00f3vel.<\/p>\n","protected":false},"excerpt":{"rendered":"<p>Domingo de Ramos<\/p>\n","protected":false},"author":1,"featured_media":203200,"comment_status":"open","ping_status":"open","sticky":false,"template":"","format":"standard","meta":[],"categories":[1428],"tags":[1432],"acf":[],"yoast_head":"<!-- This site is optimized with the Yoast SEO plugin v19.2 - https:\/\/yoast.com\/wordpress\/plugins\/seo\/ -->\n<title>Papa denuncia descaso com destino dos migrantes - Not\u00edcias - Franciscanos<\/title>\n<meta name=\"robots\" content=\"index, follow, max-snippet:-1, max-image-preview:large, max-video-preview:-1\" \/>\n<link rel=\"canonical\" href=\"https:\/\/franciscanos.org.br\/noticias\/papa-denuncia-descaso-com-destino-dos-migrantes.html\" \/>\n<meta property=\"og:locale\" content=\"pt_BR\" \/>\n<meta property=\"og:type\" content=\"article\" \/>\n<meta property=\"og:title\" content=\"Papa denuncia descaso com destino dos migrantes - Not\u00edcias - Franciscanos\" \/>\n<meta property=\"og:description\" content=\"Domingo de Ramos\" \/>\n<meta property=\"og:url\" content=\"https:\/\/franciscanos.org.br\/noticias\/papa-denuncia-descaso-com-destino-dos-migrantes.html\" \/>\n<meta property=\"og:site_name\" content=\"Not\u00edcias - Franciscanos\" \/>\n<meta property=\"article:published_time\" content=\"2016-03-21T01:15:26+00:00\" \/>\n<meta property=\"article:modified_time\" content=\"2020-06-09T22:08:41+00:00\" \/>\n<meta property=\"og:image\" content=\"https:\/\/franciscanos.org.br\/noticias\/wp-content\/uploads\/2016\/03\/ramos.jpg\" \/>\n\t<meta property=\"og:image:width\" content=\"273\" \/>\n\t<meta property=\"og:image:height\" content=\"181\" \/>\n\t<meta property=\"og:image:type\" content=\"image\/jpeg\" \/>\n<meta name=\"author\" content=\"admin\" \/>\n<meta name=\"twitter:card\" content=\"summary_large_image\" \/>\n<meta name=\"twitter:label1\" content=\"Escrito por\" \/>\n\t<meta name=\"twitter:data1\" content=\"admin\" \/>\n\t<meta name=\"twitter:label2\" content=\"Est. tempo de leitura\" \/>\n\t<meta name=\"twitter:data2\" content=\"4 minutos\" \/>\n<script type=\"application\/ld+json\" class=\"yoast-schema-graph\">{\"@context\":\"https:\/\/schema.org\",\"@graph\":[{\"@type\":\"WebSite\",\"@id\":\"https:\/\/franciscanos.org.br\/noticias\/#website\",\"url\":\"https:\/\/franciscanos.org.br\/noticias\/\",\"name\":\"Not\u00edcias - Franciscanos\",\"description\":\"Prov\u00edncia Franciscana da Imaculada Concei\u00e7\u00e3o do Brasil - Ordem dos Frades Menores - OFM\",\"potentialAction\":[{\"@type\":\"SearchAction\",\"target\":{\"@type\":\"EntryPoint\",\"urlTemplate\":\"https:\/\/franciscanos.org.br\/noticias\/?s={search_term_string}\"},\"query-input\":\"required name=search_term_string\"}],\"inLanguage\":\"pt-BR\"},{\"@type\":\"ImageObject\",\"inLanguage\":\"pt-BR\",\"@id\":\"https:\/\/franciscanos.org.br\/noticias\/papa-denuncia-descaso-com-destino-dos-migrantes.html#primaryimage\",\"url\":\"https:\/\/franciscanos.org.br\/noticias\/wp-content\/uploads\/2016\/03\/ramos.jpg\",\"contentUrl\":\"https:\/\/franciscanos.org.br\/noticias\/wp-content\/uploads\/2016\/03\/ramos.jpg\",\"width\":273,\"height\":181},{\"@type\":\"WebPage\",\"@id\":\"https:\/\/franciscanos.org.br\/noticias\/papa-denuncia-descaso-com-destino-dos-migrantes.html#webpage\",\"url\":\"https:\/\/franciscanos.org.br\/noticias\/papa-denuncia-descaso-com-destino-dos-migrantes.html\",\"name\":\"Papa denuncia descaso com destino dos migrantes - Not\u00edcias - Franciscanos\",\"isPartOf\":{\"@id\":\"https:\/\/franciscanos.org.br\/noticias\/#website\"},\"primaryImageOfPage\":{\"@id\":\"https:\/\/franciscanos.org.br\/noticias\/papa-denuncia-descaso-com-destino-dos-migrantes.html#primaryimage\"},\"datePublished\":\"2016-03-21T01:15:26+00:00\",\"dateModified\":\"2020-06-09T22:08:41+00:00\",\"author\":{\"@id\":\"https:\/\/franciscanos.org.br\/noticias\/#\/schema\/person\/b38fbf43118f02820bd932f2e4b14ad3\"},\"breadcrumb\":{\"@id\":\"https:\/\/franciscanos.org.br\/noticias\/papa-denuncia-descaso-com-destino-dos-migrantes.html#breadcrumb\"},\"inLanguage\":\"pt-BR\",\"potentialAction\":[{\"@type\":\"ReadAction\",\"target\":[\"https:\/\/franciscanos.org.br\/noticias\/papa-denuncia-descaso-com-destino-dos-migrantes.html\"]}]},{\"@type\":\"BreadcrumbList\",\"@id\":\"https:\/\/franciscanos.org.br\/noticias\/papa-denuncia-descaso-com-destino-dos-migrantes.html#breadcrumb\",\"itemListElement\":[{\"@type\":\"ListItem\",\"position\":1,\"name\":\"Home\",\"item\":\"https:\/\/franciscanos.org.br\/noticias\"},{\"@type\":\"ListItem\",\"position\":2,\"name\":\"Papa denuncia descaso com destino dos migrantes\"}]},{\"@type\":\"Person\",\"@id\":\"https:\/\/franciscanos.org.br\/noticias\/#\/schema\/person\/b38fbf43118f02820bd932f2e4b14ad3\",\"name\":\"admin\",\"image\":{\"@type\":\"ImageObject\",\"inLanguage\":\"pt-BR\",\"@id\":\"https:\/\/franciscanos.org.br\/noticias\/#\/schema\/person\/image\/\",\"url\":\"https:\/\/secure.gravatar.com\/avatar\/e8495742d34d0ba6448ea1c628263b3e?s=96&d=mm&r=g\",\"contentUrl\":\"https:\/\/secure.gravatar.com\/avatar\/e8495742d34d0ba6448ea1c628263b3e?s=96&d=mm&r=g\",\"caption\":\"admin\"},\"url\":\"https:\/\/franciscanos.org.br\/noticias\/author\/admin\"}]}<\/script>\n<!-- \/ Yoast SEO plugin. -->","yoast_head_json":{"title":"Papa denuncia descaso com destino dos migrantes - Not\u00edcias - Franciscanos","robots":{"index":"index","follow":"follow","max-snippet":"max-snippet:-1","max-image-preview":"max-image-preview:large","max-video-preview":"max-video-preview:-1"},"canonical":"https:\/\/franciscanos.org.br\/noticias\/papa-denuncia-descaso-com-destino-dos-migrantes.html","og_locale":"pt_BR","og_type":"article","og_title":"Papa denuncia descaso com destino dos migrantes - Not\u00edcias - Franciscanos","og_description":"Domingo de Ramos","og_url":"https:\/\/franciscanos.org.br\/noticias\/papa-denuncia-descaso-com-destino-dos-migrantes.html","og_site_name":"Not\u00edcias - Franciscanos","article_published_time":"2016-03-21T01:15:26+00:00","article_modified_time":"2020-06-09T22:08:41+00:00","og_image":[{"width":273,"height":181,"url":"https:\/\/franciscanos.org.br\/noticias\/wp-content\/uploads\/2016\/03\/ramos.jpg","type":"image\/jpeg"}],"author":"admin","twitter_card":"summary_large_image","twitter_misc":{"Escrito por":"admin","Est. tempo de leitura":"4 minutos"},"schema":{"@context":"https:\/\/schema.org","@graph":[{"@type":"WebSite","@id":"https:\/\/franciscanos.org.br\/noticias\/#website","url":"https:\/\/franciscanos.org.br\/noticias\/","name":"Not\u00edcias - Franciscanos","description":"Prov\u00edncia Franciscana da Imaculada Concei\u00e7\u00e3o do Brasil - Ordem dos Frades Menores - OFM","potentialAction":[{"@type":"SearchAction","target":{"@type":"EntryPoint","urlTemplate":"https:\/\/franciscanos.org.br\/noticias\/?s={search_term_string}"},"query-input":"required name=search_term_string"}],"inLanguage":"pt-BR"},{"@type":"ImageObject","inLanguage":"pt-BR","@id":"https:\/\/franciscanos.org.br\/noticias\/papa-denuncia-descaso-com-destino-dos-migrantes.html#primaryimage","url":"https:\/\/franciscanos.org.br\/noticias\/wp-content\/uploads\/2016\/03\/ramos.jpg","contentUrl":"https:\/\/franciscanos.org.br\/noticias\/wp-content\/uploads\/2016\/03\/ramos.jpg","width":273,"height":181},{"@type":"WebPage","@id":"https:\/\/franciscanos.org.br\/noticias\/papa-denuncia-descaso-com-destino-dos-migrantes.html#webpage","url":"https:\/\/franciscanos.org.br\/noticias\/papa-denuncia-descaso-com-destino-dos-migrantes.html","name":"Papa denuncia descaso com destino dos migrantes - Not\u00edcias - Franciscanos","isPartOf":{"@id":"https:\/\/franciscanos.org.br\/noticias\/#website"},"primaryImageOfPage":{"@id":"https:\/\/franciscanos.org.br\/noticias\/papa-denuncia-descaso-com-destino-dos-migrantes.html#primaryimage"},"datePublished":"2016-03-21T01:15:26+00:00","dateModified":"2020-06-09T22:08:41+00:00","author":{"@id":"https:\/\/franciscanos.org.br\/noticias\/#\/schema\/person\/b38fbf43118f02820bd932f2e4b14ad3"},"breadcrumb":{"@id":"https:\/\/franciscanos.org.br\/noticias\/papa-denuncia-descaso-com-destino-dos-migrantes.html#breadcrumb"},"inLanguage":"pt-BR","potentialAction":[{"@type":"ReadAction","target":["https:\/\/franciscanos.org.br\/noticias\/papa-denuncia-descaso-com-destino-dos-migrantes.html"]}]},{"@type":"BreadcrumbList","@id":"https:\/\/franciscanos.org.br\/noticias\/papa-denuncia-descaso-com-destino-dos-migrantes.html#breadcrumb","itemListElement":[{"@type":"ListItem","position":1,"name":"Home","item":"https:\/\/franciscanos.org.br\/noticias"},{"@type":"ListItem","position":2,"name":"Papa denuncia descaso com destino dos migrantes"}]},{"@type":"Person","@id":"https:\/\/franciscanos.org.br\/noticias\/#\/schema\/person\/b38fbf43118f02820bd932f2e4b14ad3","name":"admin","image":{"@type":"ImageObject","inLanguage":"pt-BR","@id":"https:\/\/franciscanos.org.br\/noticias\/#\/schema\/person\/image\/","url":"https:\/\/secure.gravatar.com\/avatar\/e8495742d34d0ba6448ea1c628263b3e?s=96&d=mm&r=g","contentUrl":"https:\/\/secure.gravatar.com\/avatar\/e8495742d34d0ba6448ea1c628263b3e?s=96&d=mm&r=g","caption":"admin"},"url":"https:\/\/franciscanos.org.br\/noticias\/author\/admin"}]}},"_links":{"self":[{"href":"https:\/\/franciscanos.org.br\/noticias\/wp-json\/wp\/v2\/posts\/106289"}],"collection":[{"href":"https:\/\/franciscanos.org.br\/noticias\/wp-json\/wp\/v2\/posts"}],"about":[{"href":"https:\/\/franciscanos.org.br\/noticias\/wp-json\/wp\/v2\/types\/post"}],"author":[{"embeddable":true,"href":"https:\/\/franciscanos.org.br\/noticias\/wp-json\/wp\/v2\/users\/1"}],"replies":[{"embeddable":true,"href":"https:\/\/franciscanos.org.br\/noticias\/wp-json\/wp\/v2\/comments?post=106289"}],"version-history":[{"count":1,"href":"https:\/\/franciscanos.org.br\/noticias\/wp-json\/wp\/v2\/posts\/106289\/revisions"}],"predecessor-version":[{"id":225749,"href":"https:\/\/franciscanos.org.br\/noticias\/wp-json\/wp\/v2\/posts\/106289\/revisions\/225749"}],"wp:featuredmedia":[{"embeddable":true,"href":"https:\/\/franciscanos.org.br\/noticias\/wp-json\/wp\/v2\/media\/203200"}],"wp:attachment":[{"href":"https:\/\/franciscanos.org.br\/noticias\/wp-json\/wp\/v2\/media?parent=106289"}],"wp:term":[{"taxonomy":"category","embeddable":true,"href":"https:\/\/franciscanos.org.br\/noticias\/wp-json\/wp\/v2\/categories?post=106289"},{"taxonomy":"post_tag","embeddable":true,"href":"https:\/\/franciscanos.org.br\/noticias\/wp-json\/wp\/v2\/tags?post=106289"}],"curies":[{"name":"wp","href":"https:\/\/api.w.org\/{rel}","templated":true}]}}