{"id":106269,"date":"2016-03-18T15:02:13","date_gmt":"2016-03-18T18:02:13","guid":{"rendered":"http:\/\/franciscanos.org.br\/?p=106269"},"modified":"2021-07-05T20:00:31","modified_gmt":"2021-07-05T23:00:31","slug":"canarinhos-de-petropolis-apresentam-obra-prima-de-bach","status":"publish","type":"post","link":"https:\/\/franciscanos.org.br\/noticias\/canarinhos-de-petropolis-apresentam-obra-prima-de-bach.html","title":{"rendered":"Canarinhos de Petr\u00f3polis apresentam obra-prima de Bach"},"content":{"rendered":"<p><img loading=\"lazy\" src=\"http:\/\/franciscanos.org.br\/wp-content\/uploads\/2016\/03\/canarinhos1.jpg\" alt=\"canarinhos\" width=\"820\" height=\"401\" \/><\/p>\n<p>\u201cA Paix\u00e3o segundo S\u00e3o Jo\u00e3o\u201d ser\u00e1 apresentada pela primeira vez em Petr\u00f3polis.<\/p>\n<p>A trajet\u00f3ria de Jesus Cristo ser\u00e1 contada de uma forma diferente nesta P\u00e1scoa. Nos dias 25 e 26 de mar\u00e7o, o Instituto dos Meninos Cantores de Petr\u00f3polis (IMCP) apresenta o orat\u00f3rio \u201cA Paix\u00e3o segundo S\u00e3o Jo\u00e3o\u201d, de Johann Sebastian Bach. A pe\u00e7a, in\u00e9dita na cidade, \u00e9 uma das obras mais importantes do compositor alem\u00e3o, al\u00e9m de ser considerada um marco da m\u00fasica ocidental e do per\u00edodo barroco. Os eventos, que fazem parte da programa\u00e7\u00e3o do Festival Petr\u00f3polis de P\u00e1scoa, come\u00e7am \u00e0s 20h e ser\u00e3o realizados no Theatro Dom Pedro, no Centro Hist\u00f3rico.<\/p>\n<p>O orat\u00f3rio ter\u00e1 participa\u00e7\u00e3o do Coral dos Meninos e das Meninas dos Canarinhos, al\u00e9m da Orquestra Filarm\u00f4nica de Petr\u00f3polis e de solistas convidados, sendo que tr\u00eas deles s\u00e3o ex-canarinhos. A pe\u00e7a conta a hist\u00f3ria da Paix\u00e3o de Cristo, desde a pris\u00e3o no Monte das Oliveiras at\u00e9 a sua morte. A obra \u00e9 dividida em duas partes: a primeira relata o momento em que Jesus Cristo \u00e9 preso e levado \u00e0 casa do sumo-sacerdote, onde \u00e9 zombado e flagelado. A segunda retrata o julgamento de P\u00f4ncio Pilatos e a crucifica\u00e7\u00e3o no Calv\u00e1rio, assim chamada a colina onde foi crucificado.<\/p>\n<p>Para Marco Aur\u00e9lio Lischt, maestro do Coral dos Canarinhos e diretor art\u00edstico do IMCP, a apresenta\u00e7\u00e3o da \u201cPaix\u00e3o segundo S\u00e3o Jo\u00e3o\u201d \u00e9 a realiza\u00e7\u00e3o de um sonho. \u201cAl\u00e9m de ser um marco do repert\u00f3rio barroco, esta pe\u00e7a maravilhosa \u00e9 de dif\u00edcil execu\u00e7\u00e3o, se transformando em um grande desafio para coros e solistas. \u00c9 preciso ter muita viv\u00eancia e experi\u00eancia para apresentar este orat\u00f3rio.\u201d, afirmou Lischt, lembrando que, desde janeiro, os participantes est\u00e3o se preparando para as apresenta\u00e7\u00f5es.<\/p>\n<p>Dentro do contexto, alguns personagens importantes ser\u00e3o representados pelos solistas. O bar\u00edtono Licio Bruno far\u00e1 o papel de Jesus, Pilatos ser\u00e1 cantado pelo bar\u00edtono Marcelo Coutinho. J\u00e1 o tenor Gustavo Quaresma ficar\u00e1 respons\u00e1vel por contar a hist\u00f3ria do evangelho. A contralto Helena Lopes e a soprano Cl\u00e1udia Vianna tamb\u00e9m participam da pe\u00e7a. Os corais representar\u00e3o o povo que ora incrimina e apoia o julgamento de Jesus, e ora acompanha a situa\u00e7\u00e3o pelo olhar de uma terceira pessoa, que tem piedade, mas n\u00e3o se envolve diretamente com a condena\u00e7\u00e3o.<\/p>\n<p>A realiza\u00e7\u00e3o do Festival Petr\u00f3polis de P\u00e1scoa \u00e9 da Funda\u00e7\u00e3o de Cultura e Turismo e Prefeitura de Petr\u00f3polis. Os ingressos custam R$ 50,00.<\/p>\n<p>\u201cO orat\u00f3rio \u00e9 um convite para que todos reflitam sobre o que \u00e9 a semana santa e sobre suas pr\u00f3prias vidas, tendo como base este grande exemplo de amor que nos foi dado por Jesus Cristo. Esperamos surpreender o p\u00fablico petropolitano\u201d, declarou Lischt.<\/p>\n<p><a href=\"http:\/\/www.petropolis.rj.gov.br\/fct\/index.php\/servicos\/guias-petropolis-categoria\/320-festival-petropolis-de-pascoa.html\" target=\"_blank\" rel=\"noopener noreferrer\"><strong>Festival Petr\u00f3polis de P\u00e1scoa<\/strong><\/a><br \/>\n<strong>Dias 25 e 26 de mar\u00e7o<\/strong><br \/>\n<strong> Theatro Dom Pedro, em Petr\u00f3polis &#8211; \u00e0s 20 horas<\/strong><br \/>\n<strong> Ingressos: R$ 50,00<\/strong><\/p>\n","protected":false},"excerpt":{"rendered":"<p>Coral<\/p>\n","protected":false},"author":1,"featured_media":223756,"comment_status":"open","ping_status":"open","sticky":false,"template":"","format":"standard","meta":[],"categories":[1],"tags":[1378,1788,190],"acf":[],"yoast_head":"<!-- This site is optimized with the Yoast SEO plugin v19.2 - https:\/\/yoast.com\/wordpress\/plugins\/seo\/ -->\n<title>Canarinhos de Petr\u00f3polis apresentam obra-prima de Bach - Not\u00edcias - Franciscanos<\/title>\n<meta name=\"robots\" content=\"index, follow, max-snippet:-1, max-image-preview:large, max-video-preview:-1\" \/>\n<link rel=\"canonical\" href=\"https:\/\/franciscanos.org.br\/noticias\/canarinhos-de-petropolis-apresentam-obra-prima-de-bach.html\" \/>\n<meta property=\"og:locale\" content=\"pt_BR\" \/>\n<meta property=\"og:type\" content=\"article\" \/>\n<meta property=\"og:title\" content=\"Canarinhos de Petr\u00f3polis apresentam obra-prima de Bach - Not\u00edcias - Franciscanos\" \/>\n<meta property=\"og:description\" content=\"Coral\" \/>\n<meta property=\"og:url\" content=\"https:\/\/franciscanos.org.br\/noticias\/canarinhos-de-petropolis-apresentam-obra-prima-de-bach.html\" \/>\n<meta property=\"og:site_name\" content=\"Not\u00edcias - Franciscanos\" \/>\n<meta property=\"article:published_time\" content=\"2016-03-18T18:02:13+00:00\" \/>\n<meta property=\"article:modified_time\" content=\"2021-07-05T23:00:31+00:00\" \/>\n<meta property=\"og:image\" content=\"https:\/\/franciscanos.org.br\/noticias\/wp-content\/uploads\/2016\/03\/canarinhos1.jpg\" \/>\n\t<meta property=\"og:image:width\" content=\"800\" \/>\n\t<meta property=\"og:image:height\" content=\"601\" \/>\n\t<meta property=\"og:image:type\" content=\"image\/jpeg\" \/>\n<meta name=\"author\" content=\"admin\" \/>\n<meta name=\"twitter:card\" content=\"summary_large_image\" \/>\n<meta name=\"twitter:label1\" content=\"Escrito por\" \/>\n\t<meta name=\"twitter:data1\" content=\"admin\" \/>\n\t<meta name=\"twitter:label2\" content=\"Est. tempo de leitura\" \/>\n\t<meta name=\"twitter:data2\" content=\"3 minutos\" \/>\n<script type=\"application\/ld+json\" class=\"yoast-schema-graph\">{\"@context\":\"https:\/\/schema.org\",\"@graph\":[{\"@type\":\"WebSite\",\"@id\":\"https:\/\/franciscanos.org.br\/noticias\/#website\",\"url\":\"https:\/\/franciscanos.org.br\/noticias\/\",\"name\":\"Not\u00edcias - Franciscanos\",\"description\":\"Prov\u00edncia Franciscana da Imaculada Concei\u00e7\u00e3o do Brasil - Ordem dos Frades Menores - OFM\",\"potentialAction\":[{\"@type\":\"SearchAction\",\"target\":{\"@type\":\"EntryPoint\",\"urlTemplate\":\"https:\/\/franciscanos.org.br\/noticias\/?s={search_term_string}\"},\"query-input\":\"required name=search_term_string\"}],\"inLanguage\":\"pt-BR\"},{\"@type\":\"ImageObject\",\"inLanguage\":\"pt-BR\",\"@id\":\"https:\/\/franciscanos.org.br\/noticias\/canarinhos-de-petropolis-apresentam-obra-prima-de-bach.html#primaryimage\",\"url\":\"https:\/\/franciscanos.org.br\/noticias\/wp-content\/uploads\/2016\/03\/canarinhos1.jpg\",\"contentUrl\":\"https:\/\/franciscanos.org.br\/noticias\/wp-content\/uploads\/2016\/03\/canarinhos1.jpg\",\"width\":800,\"height\":601},{\"@type\":\"WebPage\",\"@id\":\"https:\/\/franciscanos.org.br\/noticias\/canarinhos-de-petropolis-apresentam-obra-prima-de-bach.html#webpage\",\"url\":\"https:\/\/franciscanos.org.br\/noticias\/canarinhos-de-petropolis-apresentam-obra-prima-de-bach.html\",\"name\":\"Canarinhos de Petr\u00f3polis apresentam obra-prima de Bach - Not\u00edcias - Franciscanos\",\"isPartOf\":{\"@id\":\"https:\/\/franciscanos.org.br\/noticias\/#website\"},\"primaryImageOfPage\":{\"@id\":\"https:\/\/franciscanos.org.br\/noticias\/canarinhos-de-petropolis-apresentam-obra-prima-de-bach.html#primaryimage\"},\"datePublished\":\"2016-03-18T18:02:13+00:00\",\"dateModified\":\"2021-07-05T23:00:31+00:00\",\"author\":{\"@id\":\"https:\/\/franciscanos.org.br\/noticias\/#\/schema\/person\/b38fbf43118f02820bd932f2e4b14ad3\"},\"breadcrumb\":{\"@id\":\"https:\/\/franciscanos.org.br\/noticias\/canarinhos-de-petropolis-apresentam-obra-prima-de-bach.html#breadcrumb\"},\"inLanguage\":\"pt-BR\",\"potentialAction\":[{\"@type\":\"ReadAction\",\"target\":[\"https:\/\/franciscanos.org.br\/noticias\/canarinhos-de-petropolis-apresentam-obra-prima-de-bach.html\"]}]},{\"@type\":\"BreadcrumbList\",\"@id\":\"https:\/\/franciscanos.org.br\/noticias\/canarinhos-de-petropolis-apresentam-obra-prima-de-bach.html#breadcrumb\",\"itemListElement\":[{\"@type\":\"ListItem\",\"position\":1,\"name\":\"Home\",\"item\":\"https:\/\/franciscanos.org.br\/noticias\"},{\"@type\":\"ListItem\",\"position\":2,\"name\":\"Canarinhos de Petr\u00f3polis apresentam obra-prima de Bach\"}]},{\"@type\":\"Person\",\"@id\":\"https:\/\/franciscanos.org.br\/noticias\/#\/schema\/person\/b38fbf43118f02820bd932f2e4b14ad3\",\"name\":\"admin\",\"image\":{\"@type\":\"ImageObject\",\"inLanguage\":\"pt-BR\",\"@id\":\"https:\/\/franciscanos.org.br\/noticias\/#\/schema\/person\/image\/\",\"url\":\"https:\/\/secure.gravatar.com\/avatar\/e8495742d34d0ba6448ea1c628263b3e?s=96&d=mm&r=g\",\"contentUrl\":\"https:\/\/secure.gravatar.com\/avatar\/e8495742d34d0ba6448ea1c628263b3e?s=96&d=mm&r=g\",\"caption\":\"admin\"},\"url\":\"https:\/\/franciscanos.org.br\/noticias\/author\/admin\"}]}<\/script>\n<!-- \/ Yoast SEO plugin. -->","yoast_head_json":{"title":"Canarinhos de Petr\u00f3polis apresentam obra-prima de Bach - Not\u00edcias - Franciscanos","robots":{"index":"index","follow":"follow","max-snippet":"max-snippet:-1","max-image-preview":"max-image-preview:large","max-video-preview":"max-video-preview:-1"},"canonical":"https:\/\/franciscanos.org.br\/noticias\/canarinhos-de-petropolis-apresentam-obra-prima-de-bach.html","og_locale":"pt_BR","og_type":"article","og_title":"Canarinhos de Petr\u00f3polis apresentam obra-prima de Bach - Not\u00edcias - Franciscanos","og_description":"Coral","og_url":"https:\/\/franciscanos.org.br\/noticias\/canarinhos-de-petropolis-apresentam-obra-prima-de-bach.html","og_site_name":"Not\u00edcias - Franciscanos","article_published_time":"2016-03-18T18:02:13+00:00","article_modified_time":"2021-07-05T23:00:31+00:00","og_image":[{"width":800,"height":601,"url":"https:\/\/franciscanos.org.br\/noticias\/wp-content\/uploads\/2016\/03\/canarinhos1.jpg","type":"image\/jpeg"}],"author":"admin","twitter_card":"summary_large_image","twitter_misc":{"Escrito por":"admin","Est. tempo de leitura":"3 minutos"},"schema":{"@context":"https:\/\/schema.org","@graph":[{"@type":"WebSite","@id":"https:\/\/franciscanos.org.br\/noticias\/#website","url":"https:\/\/franciscanos.org.br\/noticias\/","name":"Not\u00edcias - Franciscanos","description":"Prov\u00edncia Franciscana da Imaculada Concei\u00e7\u00e3o do Brasil - Ordem dos Frades Menores - OFM","potentialAction":[{"@type":"SearchAction","target":{"@type":"EntryPoint","urlTemplate":"https:\/\/franciscanos.org.br\/noticias\/?s={search_term_string}"},"query-input":"required name=search_term_string"}],"inLanguage":"pt-BR"},{"@type":"ImageObject","inLanguage":"pt-BR","@id":"https:\/\/franciscanos.org.br\/noticias\/canarinhos-de-petropolis-apresentam-obra-prima-de-bach.html#primaryimage","url":"https:\/\/franciscanos.org.br\/noticias\/wp-content\/uploads\/2016\/03\/canarinhos1.jpg","contentUrl":"https:\/\/franciscanos.org.br\/noticias\/wp-content\/uploads\/2016\/03\/canarinhos1.jpg","width":800,"height":601},{"@type":"WebPage","@id":"https:\/\/franciscanos.org.br\/noticias\/canarinhos-de-petropolis-apresentam-obra-prima-de-bach.html#webpage","url":"https:\/\/franciscanos.org.br\/noticias\/canarinhos-de-petropolis-apresentam-obra-prima-de-bach.html","name":"Canarinhos de Petr\u00f3polis apresentam obra-prima de Bach - Not\u00edcias - Franciscanos","isPartOf":{"@id":"https:\/\/franciscanos.org.br\/noticias\/#website"},"primaryImageOfPage":{"@id":"https:\/\/franciscanos.org.br\/noticias\/canarinhos-de-petropolis-apresentam-obra-prima-de-bach.html#primaryimage"},"datePublished":"2016-03-18T18:02:13+00:00","dateModified":"2021-07-05T23:00:31+00:00","author":{"@id":"https:\/\/franciscanos.org.br\/noticias\/#\/schema\/person\/b38fbf43118f02820bd932f2e4b14ad3"},"breadcrumb":{"@id":"https:\/\/franciscanos.org.br\/noticias\/canarinhos-de-petropolis-apresentam-obra-prima-de-bach.html#breadcrumb"},"inLanguage":"pt-BR","potentialAction":[{"@type":"ReadAction","target":["https:\/\/franciscanos.org.br\/noticias\/canarinhos-de-petropolis-apresentam-obra-prima-de-bach.html"]}]},{"@type":"BreadcrumbList","@id":"https:\/\/franciscanos.org.br\/noticias\/canarinhos-de-petropolis-apresentam-obra-prima-de-bach.html#breadcrumb","itemListElement":[{"@type":"ListItem","position":1,"name":"Home","item":"https:\/\/franciscanos.org.br\/noticias"},{"@type":"ListItem","position":2,"name":"Canarinhos de Petr\u00f3polis apresentam obra-prima de Bach"}]},{"@type":"Person","@id":"https:\/\/franciscanos.org.br\/noticias\/#\/schema\/person\/b38fbf43118f02820bd932f2e4b14ad3","name":"admin","image":{"@type":"ImageObject","inLanguage":"pt-BR","@id":"https:\/\/franciscanos.org.br\/noticias\/#\/schema\/person\/image\/","url":"https:\/\/secure.gravatar.com\/avatar\/e8495742d34d0ba6448ea1c628263b3e?s=96&d=mm&r=g","contentUrl":"https:\/\/secure.gravatar.com\/avatar\/e8495742d34d0ba6448ea1c628263b3e?s=96&d=mm&r=g","caption":"admin"},"url":"https:\/\/franciscanos.org.br\/noticias\/author\/admin"}]}},"_links":{"self":[{"href":"https:\/\/franciscanos.org.br\/noticias\/wp-json\/wp\/v2\/posts\/106269"}],"collection":[{"href":"https:\/\/franciscanos.org.br\/noticias\/wp-json\/wp\/v2\/posts"}],"about":[{"href":"https:\/\/franciscanos.org.br\/noticias\/wp-json\/wp\/v2\/types\/post"}],"author":[{"embeddable":true,"href":"https:\/\/franciscanos.org.br\/noticias\/wp-json\/wp\/v2\/users\/1"}],"replies":[{"embeddable":true,"href":"https:\/\/franciscanos.org.br\/noticias\/wp-json\/wp\/v2\/comments?post=106269"}],"version-history":[{"count":2,"href":"https:\/\/franciscanos.org.br\/noticias\/wp-json\/wp\/v2\/posts\/106269\/revisions"}],"predecessor-version":[{"id":223758,"href":"https:\/\/franciscanos.org.br\/noticias\/wp-json\/wp\/v2\/posts\/106269\/revisions\/223758"}],"wp:featuredmedia":[{"embeddable":true,"href":"https:\/\/franciscanos.org.br\/noticias\/wp-json\/wp\/v2\/media\/223756"}],"wp:attachment":[{"href":"https:\/\/franciscanos.org.br\/noticias\/wp-json\/wp\/v2\/media?parent=106269"}],"wp:term":[{"taxonomy":"category","embeddable":true,"href":"https:\/\/franciscanos.org.br\/noticias\/wp-json\/wp\/v2\/categories?post=106269"},{"taxonomy":"post_tag","embeddable":true,"href":"https:\/\/franciscanos.org.br\/noticias\/wp-json\/wp\/v2\/tags?post=106269"}],"curies":[{"name":"wp","href":"https:\/\/api.w.org\/{rel}","templated":true}]}}