{"id":106175,"date":"2016-03-18T09:20:35","date_gmt":"2016-03-18T12:20:35","guid":{"rendered":"http:\/\/franciscanos.org.br\/?p=106175"},"modified":"2019-01-23T14:26:29","modified_gmt":"2019-01-23T16:26:29","slug":"lancamentos-da-semana-14","status":"publish","type":"post","link":"https:\/\/franciscanos.org.br\/noticias\/lancamentos-da-semana-14.html","title":{"rendered":"Lan\u00e7amentos da semana"},"content":{"rendered":"<h3><strong><a href=\"http:\/\/franciscanos.org.br\/wp-content\/uploads\/2016\/03\/ano-liturgico.jpg\"><img loading=\"lazy\" class=\"alignleft size-full wp-image-106182\" src=\"http:\/\/franciscanos.org.br\/wp-content\/uploads\/2016\/03\/ano-liturgico.jpg\" alt=\"ano-liturgico\" width=\"200\" height=\"295\" \/><\/a>O ano lit\u00fargico<\/strong><\/h3>\n<p><strong>Com reflex\u00f5es homil\u00e9ticas para cada solenidade, domingo e festa do Senhor<\/strong><\/p>\n<p><strong>Frei Alberto Beckh\u00e4user<\/strong><\/p>\n<p>Atrav\u00e9s do Ano Lit\u00fargico a Igreja vive o mist\u00e9rio pascal de Cristo, celebrando a P\u00e1scoa de Cristo e as p\u00e1scoas dos crist\u00e3os recapituladas na P\u00e1scoa de Cristo.<\/p>\n<p>Esta obra \u00e9 de grande utilidade para uma caminhada da Igreja no decurso de cada ano, vivendo o mist\u00e9rio pascal com os pregadores da Palavra de Deus, os ministros ordenados, com os dirigentes da Celebra\u00e7\u00e3o da Palavra de Deus, os catequistas, os seminaristas, os religiosos e as religiosas, os candidatos e candidatas \u00e0 vida religiosa, as Equipes de Celebra\u00e7\u00e3o e os fi\u00e9is leigos em geral.<\/p>\n<p style=\"padding-left: 30px;\"><strong>Frei Alberto Beckh\u00e4user<\/strong><em>, franciscano, natural de Santa Catarina, \u00e9 doutorado em Liturgia pelo Pontif\u00edcio Instituto Lit\u00fargico de Santo Anselmo, em Roma. Desde 1967, acompanha de perto a grande caminhada p\u00f3s-conciliar da renova\u00e7\u00e3o lit\u00fargica no Brasil. Durante seis anos foi Assessor de Liturgia da CNBB e durante quase 20 anos foi Coordenador de Tradu\u00e7\u00f5es e Edi\u00e7\u00e3o de Textos Lit\u00fargicos por parte da CNBB. Tem participado de Congressos internacionais sobre o tema da adapta\u00e7\u00e3o e incultura\u00e7\u00e3o da Liturgia, dando especial aten\u00e7\u00e3o \u00e0 Religiosidade\/piedade popular. Em numerosos livros e uma centena de artigos procura sempre levar os leitores a uma compreens\u00e3o teol\u00f3gica da Liturgia e \u00e0 participa\u00e7\u00e3o dos mist\u00e9rios celebrados. Continua lecionando Liturgia em v\u00e1rias Escolas Teol\u00f3gicas, particularmente no Instituto Teol\u00f3gico Franciscano, em Petr\u00f3polis. D\u00e1 cursos e confer\u00eancias sobre a Sagrada Liturgia ao clero e escreve sobre quest\u00f5es de Liturgia.<\/em><\/p>\n<p><strong>N\u00ba DE P\u00c1GINA: 360<\/strong><\/p>\n<p>&nbsp;<\/p>\n<h3><strong><a href=\"http:\/\/franciscanos.org.br\/wp-content\/uploads\/2016\/03\/a-producao-social.jpg\"><img loading=\"lazy\" class=\"alignleft size-full wp-image-106186\" src=\"http:\/\/franciscanos.org.br\/wp-content\/uploads\/2016\/03\/a-producao-social.jpg\" alt=\"Producao social da indiferenc...\" width=\"200\" height=\"298\" \/><\/a>A produ\u00e7\u00e3o social da indiferen\u00e7a<\/strong><\/h3>\n<p><strong>Explorando as ra\u00edzes simb\u00f3licas da burocracia ocidental<\/strong><\/p>\n<p><strong>Michael Herzfeld<\/strong><\/p>\n<p>Por que algumas pessoas parecem virar aut\u00f4matos sem gra\u00e7a logo que postas atr\u00e1s de uma mesa? Por que amigos gentis e vizinhos am\u00e1veis tornam-se racistas e intolerantes quando descobrem, ou (mais precisamente) decidem, que os outros n\u00e3o \u201cfazem parte\u201d? Como pode ser que, em sociedades reconhecidamente famosas por sua hospitalidade e simpatia, encontremos n\u00e3o raro as formas mais mesquinhas de indiferen\u00e7a burocr\u00e1tica \u00e0s necessidades e sofrimentos humanos, ou que, em regimes democr\u00e1ticos designados para beneficiar todos os cidad\u00e3os, grupos inteiros de pessoas sofram com uma insens\u00edvel neglig\u00eancia?<\/p>\n<p>Essas s\u00e3o as quest\u00f5es que se agrupam em torno do tema deste livro. Elas podem ser resumidas mais genericamente: Como entidades pol\u00edticas que celebram os direitos de indiv\u00edduos e de pequenos grupos podem, frequentemente, parecer t\u00e3o cruelmente seletivas na aplica\u00e7\u00e3o de tais direitos? Muitas vezes, a indiferen\u00e7a \u00e0s afli\u00e7\u00f5es de indiv\u00edduos e grupos coexiste com ideais igualit\u00e1rios.<\/p>\n<p style=\"padding-left: 30px;\"><strong>Michael Herzfeld<\/strong><em> \u00e9 professor de Antropologia na Universidade de Havard e autor de sete livros e numerosos artigos. Ex-presidente da Associa\u00e7\u00e3o Modern Greek Studies, Society for the Anthropology of Europe e ex-diretor do American Ethnologist. Herzfeld foi premiado com o Staley Prize (1994), The Memorial Medal of the Royal Anthropological Intitute (1994) e com v\u00e1rias bolsas de estudos incluindo uma para IS Guggenheim Foundation. Nesta cole\u00e7\u00e3o \u00e9 autor de: Antropologia \u2013 pr\u00e1tica te\u00f3rica na cultura e na sociedade (Vozes, 2014)<\/em><\/p>\n<p><strong>N\u00ba DE P\u00c1GINA: 208<\/strong><\/p>\n<p>&nbsp;<\/p>\n<h3><strong> <a href=\"http:\/\/franciscanos.org.br\/wp-content\/uploads\/2016\/03\/toda-noite.jpg\"><img loading=\"lazy\" class=\"alignleft size-full wp-image-106184\" src=\"http:\/\/franciscanos.org.br\/wp-content\/uploads\/2016\/03\/toda-noite.jpg\" alt=\"toda-noite\" width=\"200\" height=\"303\" \/><\/a>Toda noite escura tem um final de luz<\/strong><\/h3>\n<p><strong>Orienta\u00e7\u00e3o e conforto em tempo de luto<\/strong><\/p>\n<p><strong>Petra Franke<\/strong><\/p>\n<p>Somos sempre pegos de surpresa quando perdemos algu\u00e9m que amamos \u2013 at\u00e9 mesmo quando sua morte iminente j\u00e1 era algo esperado. Ap\u00f3s uma perda como essa, deparamo-nos ent\u00e3o com algo compar\u00e1vel a uma estrada. H\u00e1 dias em que ela nos parece eternamente longa, angustiante e penosa. Outros, em que mal a percebemos, tampouco o mundo \u00e0 nossa volta, t\u00e3o embotados parecem os nossos sentidos. Em algum momento, no entanto, chegamos ao seu fim. N\u00e3o de s\u00fabito, nem rapidamente. Mas chegamos.<\/p>\n<p>Este livro mostra como outra vez encontrar for\u00e7as para, dia ap\u00f3s dia, seguir o caminho do luto, at\u00e9 que estejamos prontos a nos libertarmos da dor. Petra Franke descreve os sete caminhos no enfrentamento do luto, correspondendo assim aos sete temas centrais dessa fase. A autora desenvolve temas como a for\u00e7a conciliadora do tempo, o enfrentamento das lembran\u00e7as e da culpa, o poder da gratid\u00e3o, os rituais que amenizam a despedida e, por fim, a coragem outra vez despertada para a vida.<\/p>\n<p style=\"padding-left: 30px;\"><strong>Petra Franke<\/strong><em> passou a inf\u00e2ncia e a juventude como atleta de alta performance na antiga Alemanha Oriental. Depois de terminada sua forma\u00e7\u00e3o, trabalhou inicialmente como fisioterapeuta em um hospital. J\u00e1 naquela \u00e9poca, prestava apoio aos condenados de morte e seus entes mais pr\u00f3ximos. Posteriormente, estudou teologia e trabalhou muitos anos como jornalista em diversas esta\u00e7\u00f5es de r\u00e1dio de emissoras p\u00fablicas e privadas alem\u00e3s. Petra Franke \u00e9 m\u00e3e de cinco filhas e tr\u00eas filhos. Vive com eles hoje em Bernburg e estabeleceu-se como especialista no apoio ao luto.<\/em><\/p>\n<p><strong>N\u00ba DE P\u00c1GINA: 216<\/strong><\/p>\n<p>&nbsp;<\/p>\n<h3><strong><a href=\"http:\/\/franciscanos.org.br\/wp-content\/uploads\/2016\/03\/caixa-premium.jpg\"><img loading=\"lazy\" class=\"alignleft size-full wp-image-106185\" src=\"http:\/\/franciscanos.org.br\/wp-content\/uploads\/2016\/03\/caixa-premium.jpg\" alt=\"caixa-premium\" width=\"350\" height=\"323\" \/><\/a>Caixa Premium<\/strong><\/h3>\n<p><strong>Pensar bem nos faz bem!<\/strong><\/p>\n<p><strong>Mario Sergio Cortella<\/strong><\/p>\n<p>Com projeto gr\u00e1fico e capas reformulados, caixa em material nobre e resistente e uma surpresa no interior, esta <em>Caixa Premium<\/em> para colecionadores, exclusiva e com tiragem limitada, reuni os 04 volumes da cole\u00e7\u00e3o \u201cPensar bem nos faz bem! &#8211; Pequenas reflex\u00f5es sobre grandes temas\u201d, elaborada pelo autor Mario Sergio Cortella.<\/p>\n<p>Os textos s\u00e3o baseados nas falas di\u00e1rias do autor na r\u00e1dio CBN e trazem o olhar da Filosofia sobre temas do quotidiano. Pensar bem nos faz bem! Pensar de maneira nova o que vivemos, nos prop\u00f5e a Filosofia, indagar sobre as raz\u00f5es daquilo que fazemos, pensamos e olhamos, de forma a n\u00e3o ter uma vida autom\u00e1tica, marcada por um pensamento pouco cr\u00edtico, ou at\u00e9 por uma aliena\u00e7\u00e3o em rela\u00e7\u00e3o ao mundo objetivo.<\/p>\n<p>O primeiro volume fala sobre Filosofia, Religi\u00e3o, Ci\u00eancia e Educa\u00e7\u00e3o. O segundo fala sobre Fam\u00edlia, Carreira, Conviv\u00eancia e \u00c9tica. O terceiro fala sobre F\u00e9, Sabedoria, Conhecimento e Forma\u00e7\u00e3o. E o quarto volume fala sobre Viv\u00eancia Familiar, Viv\u00eancia Profissional, Viv\u00eancia Intelectual e Viv\u00eancia Moral.<\/p>\n<p style=\"padding-left: 30px;\"><strong>Mario Sergio Cortella<\/strong><em>, nascido em Londrina (PR) em 05\/03\/1954, fil\u00f3sofo e escritor, com Mestrado e Doutorado em Educa\u00e7\u00e3o, professor-titular da PUC-SP (na qual atuou por 35 anos, 1977\/2012), com doc\u00eancia e pesquisa na P\u00f3s-Gradua\u00e7\u00e3o em Educa\u00e7\u00e3o: Curr\u00edculo (1997\/2012) e no Departamento de Teologia e Ci\u00eancias da Religi\u00e3o (1977\/2007); \u00e9 professor-convidado da Funda\u00e7\u00e3o Dom Cabral (desde 1997) e ensinou no GVpec da FGV- SP (1998\/2010). Foi Secret\u00e1rio Municipal de Educa\u00e7\u00e3o de S\u00e3o Paulo (1991-1992), tendo antes sido Assessor Especial e Chefe de Gabinete do Prof. Paulo Freire. Comentarista da R\u00e1dio CBN no Academia CBN (rede nacional, de segunda a sexta-feira) e Escola da Vida (capital paulista as ter\u00e7as e quintas-feiras). \u00c9 autor, entre outras obras, de A Escola e o Conhecimento (Cortez), Nos Labirintos da Moral, com Yves de La Taille (Papirus), N\u00e3o Espere Pelo Epit\u00e1fio! (Vozes), N\u00e3o Nascemos Prontos! (Vozes), Sobre a Esperan\u00e7a: Di\u00e1logo, com Frei Betto (Papirus), O que \u00e9 a Pergunta?, com Silmara Casadei (Cortez), Lideran\u00e7a em Foco, com Eug\u00eanio Mussak (Papirus), Filosofia e Ensino M\u00e9dio: certas raz\u00f5es, alguns sen\u00f5es, uma proposta (Vozes), Viver em Paz para Morrer em Paz: Paix\u00e3o, Sentido e Felicidade (Versar\/Saraiva), Pol\u00edtica: Para N\u00e3o Ser Idiota, com Renato Janine Ribeiro (Papirus), Vida e Carreira: um equil\u00edbrio poss\u00edvel?, com Pedro Mandelli (Papirus), Educa\u00e7\u00e3o e Esperan\u00e7a: sete reflex\u00f5es breves para recusar o bioc\u00eddio (PoliSaber), Escola e Preconceito: Doc\u00eancia, Disc\u00eancia e Dec\u00eancia, com Janete Le\u00e3o Ferraz (\u00c1tica), Vivemos Mais! Vivemos Bem?, com Terezinha Azer\u00eado Rios (Papirus), N\u00e3o Se Desespere! (Vozes), Educa\u00e7\u00e3o, Escola e Doc\u00eancia: novos tempos, novas atitudes (Cortez), \u00c9tica e Vergonha na cara!, com Cl\u00f3vis de Barros Filho (Papirus), Pensatas Pedag\u00f3gicas: N\u00f3s e a Escola (Vozes) e Qual \u00e9 a tua Obra? Inquieta\u00e7\u00f5es Propositivas sobre Gest\u00e3o, Lideran\u00e7a e \u00c9tica (Vozes).<\/em><\/p>\n<p><strong>N\u00ba DE P\u00c1GINA: 560<\/strong><\/p>\n","protected":false},"excerpt":{"rendered":"<p>Editora Vozes<\/p>\n","protected":false},"author":1,"featured_media":194592,"comment_status":"open","ping_status":"open","sticky":false,"template":"","format":"standard","meta":[],"categories":[1],"tags":[238],"acf":[],"yoast_head":"<!-- This site is optimized with the Yoast SEO plugin v19.2 - https:\/\/yoast.com\/wordpress\/plugins\/seo\/ -->\n<title>Lan\u00e7amentos da semana - Not\u00edcias - Franciscanos<\/title>\n<meta name=\"robots\" content=\"index, follow, max-snippet:-1, max-image-preview:large, max-video-preview:-1\" \/>\n<link rel=\"canonical\" href=\"https:\/\/franciscanos.org.br\/noticias\/lancamentos-da-semana-14.html\" \/>\n<meta property=\"og:locale\" content=\"pt_BR\" \/>\n<meta property=\"og:type\" content=\"article\" \/>\n<meta property=\"og:title\" content=\"Lan\u00e7amentos da semana - Not\u00edcias - Franciscanos\" \/>\n<meta property=\"og:description\" content=\"Editora Vozes\" \/>\n<meta property=\"og:url\" content=\"https:\/\/franciscanos.org.br\/noticias\/lancamentos-da-semana-14.html\" \/>\n<meta property=\"og:site_name\" content=\"Not\u00edcias - Franciscanos\" \/>\n<meta property=\"article:published_time\" content=\"2016-03-18T12:20:35+00:00\" \/>\n<meta property=\"article:modified_time\" content=\"2019-01-23T16:26:29+00:00\" \/>\n<meta property=\"og:image\" content=\"https:\/\/franciscanos.org.br\/noticias\/wp-content\/uploads\/2017\/11\/vozes.png\" \/>\n\t<meta property=\"og:image:width\" content=\"273\" \/>\n\t<meta property=\"og:image:height\" content=\"181\" \/>\n\t<meta property=\"og:image:type\" content=\"image\/png\" \/>\n<meta name=\"author\" content=\"admin\" \/>\n<meta name=\"twitter:card\" content=\"summary_large_image\" \/>\n<meta name=\"twitter:label1\" content=\"Escrito por\" \/>\n\t<meta name=\"twitter:data1\" content=\"admin\" \/>\n\t<meta name=\"twitter:label2\" content=\"Est. tempo de leitura\" \/>\n\t<meta name=\"twitter:data2\" content=\"7 minutos\" \/>\n<script type=\"application\/ld+json\" class=\"yoast-schema-graph\">{\"@context\":\"https:\/\/schema.org\",\"@graph\":[{\"@type\":\"WebSite\",\"@id\":\"https:\/\/franciscanos.org.br\/noticias\/#website\",\"url\":\"https:\/\/franciscanos.org.br\/noticias\/\",\"name\":\"Not\u00edcias - Franciscanos\",\"description\":\"Prov\u00edncia Franciscana da Imaculada Concei\u00e7\u00e3o do Brasil - Ordem dos Frades Menores - OFM\",\"potentialAction\":[{\"@type\":\"SearchAction\",\"target\":{\"@type\":\"EntryPoint\",\"urlTemplate\":\"https:\/\/franciscanos.org.br\/noticias\/?s={search_term_string}\"},\"query-input\":\"required name=search_term_string\"}],\"inLanguage\":\"pt-BR\"},{\"@type\":\"ImageObject\",\"inLanguage\":\"pt-BR\",\"@id\":\"https:\/\/franciscanos.org.br\/noticias\/lancamentos-da-semana-14.html#primaryimage\",\"url\":\"https:\/\/franciscanos.org.br\/noticias\/wp-content\/uploads\/2017\/11\/vozes.png\",\"contentUrl\":\"https:\/\/franciscanos.org.br\/noticias\/wp-content\/uploads\/2017\/11\/vozes.png\",\"width\":273,\"height\":181},{\"@type\":\"WebPage\",\"@id\":\"https:\/\/franciscanos.org.br\/noticias\/lancamentos-da-semana-14.html#webpage\",\"url\":\"https:\/\/franciscanos.org.br\/noticias\/lancamentos-da-semana-14.html\",\"name\":\"Lan\u00e7amentos da semana - Not\u00edcias - Franciscanos\",\"isPartOf\":{\"@id\":\"https:\/\/franciscanos.org.br\/noticias\/#website\"},\"primaryImageOfPage\":{\"@id\":\"https:\/\/franciscanos.org.br\/noticias\/lancamentos-da-semana-14.html#primaryimage\"},\"datePublished\":\"2016-03-18T12:20:35+00:00\",\"dateModified\":\"2019-01-23T16:26:29+00:00\",\"author\":{\"@id\":\"https:\/\/franciscanos.org.br\/noticias\/#\/schema\/person\/b38fbf43118f02820bd932f2e4b14ad3\"},\"breadcrumb\":{\"@id\":\"https:\/\/franciscanos.org.br\/noticias\/lancamentos-da-semana-14.html#breadcrumb\"},\"inLanguage\":\"pt-BR\",\"potentialAction\":[{\"@type\":\"ReadAction\",\"target\":[\"https:\/\/franciscanos.org.br\/noticias\/lancamentos-da-semana-14.html\"]}]},{\"@type\":\"BreadcrumbList\",\"@id\":\"https:\/\/franciscanos.org.br\/noticias\/lancamentos-da-semana-14.html#breadcrumb\",\"itemListElement\":[{\"@type\":\"ListItem\",\"position\":1,\"name\":\"Home\",\"item\":\"https:\/\/franciscanos.org.br\/noticias\"},{\"@type\":\"ListItem\",\"position\":2,\"name\":\"Lan\u00e7amentos da semana\"}]},{\"@type\":\"Person\",\"@id\":\"https:\/\/franciscanos.org.br\/noticias\/#\/schema\/person\/b38fbf43118f02820bd932f2e4b14ad3\",\"name\":\"admin\",\"image\":{\"@type\":\"ImageObject\",\"inLanguage\":\"pt-BR\",\"@id\":\"https:\/\/franciscanos.org.br\/noticias\/#\/schema\/person\/image\/\",\"url\":\"https:\/\/secure.gravatar.com\/avatar\/e8495742d34d0ba6448ea1c628263b3e?s=96&d=mm&r=g\",\"contentUrl\":\"https:\/\/secure.gravatar.com\/avatar\/e8495742d34d0ba6448ea1c628263b3e?s=96&d=mm&r=g\",\"caption\":\"admin\"},\"url\":\"https:\/\/franciscanos.org.br\/noticias\/author\/admin\"}]}<\/script>\n<!-- \/ Yoast SEO plugin. -->","yoast_head_json":{"title":"Lan\u00e7amentos da semana - Not\u00edcias - Franciscanos","robots":{"index":"index","follow":"follow","max-snippet":"max-snippet:-1","max-image-preview":"max-image-preview:large","max-video-preview":"max-video-preview:-1"},"canonical":"https:\/\/franciscanos.org.br\/noticias\/lancamentos-da-semana-14.html","og_locale":"pt_BR","og_type":"article","og_title":"Lan\u00e7amentos da semana - Not\u00edcias - Franciscanos","og_description":"Editora Vozes","og_url":"https:\/\/franciscanos.org.br\/noticias\/lancamentos-da-semana-14.html","og_site_name":"Not\u00edcias - Franciscanos","article_published_time":"2016-03-18T12:20:35+00:00","article_modified_time":"2019-01-23T16:26:29+00:00","og_image":[{"width":273,"height":181,"url":"https:\/\/franciscanos.org.br\/noticias\/wp-content\/uploads\/2017\/11\/vozes.png","type":"image\/png"}],"author":"admin","twitter_card":"summary_large_image","twitter_misc":{"Escrito por":"admin","Est. tempo de leitura":"7 minutos"},"schema":{"@context":"https:\/\/schema.org","@graph":[{"@type":"WebSite","@id":"https:\/\/franciscanos.org.br\/noticias\/#website","url":"https:\/\/franciscanos.org.br\/noticias\/","name":"Not\u00edcias - Franciscanos","description":"Prov\u00edncia Franciscana da Imaculada Concei\u00e7\u00e3o do Brasil - Ordem dos Frades Menores - OFM","potentialAction":[{"@type":"SearchAction","target":{"@type":"EntryPoint","urlTemplate":"https:\/\/franciscanos.org.br\/noticias\/?s={search_term_string}"},"query-input":"required name=search_term_string"}],"inLanguage":"pt-BR"},{"@type":"ImageObject","inLanguage":"pt-BR","@id":"https:\/\/franciscanos.org.br\/noticias\/lancamentos-da-semana-14.html#primaryimage","url":"https:\/\/franciscanos.org.br\/noticias\/wp-content\/uploads\/2017\/11\/vozes.png","contentUrl":"https:\/\/franciscanos.org.br\/noticias\/wp-content\/uploads\/2017\/11\/vozes.png","width":273,"height":181},{"@type":"WebPage","@id":"https:\/\/franciscanos.org.br\/noticias\/lancamentos-da-semana-14.html#webpage","url":"https:\/\/franciscanos.org.br\/noticias\/lancamentos-da-semana-14.html","name":"Lan\u00e7amentos da semana - Not\u00edcias - Franciscanos","isPartOf":{"@id":"https:\/\/franciscanos.org.br\/noticias\/#website"},"primaryImageOfPage":{"@id":"https:\/\/franciscanos.org.br\/noticias\/lancamentos-da-semana-14.html#primaryimage"},"datePublished":"2016-03-18T12:20:35+00:00","dateModified":"2019-01-23T16:26:29+00:00","author":{"@id":"https:\/\/franciscanos.org.br\/noticias\/#\/schema\/person\/b38fbf43118f02820bd932f2e4b14ad3"},"breadcrumb":{"@id":"https:\/\/franciscanos.org.br\/noticias\/lancamentos-da-semana-14.html#breadcrumb"},"inLanguage":"pt-BR","potentialAction":[{"@type":"ReadAction","target":["https:\/\/franciscanos.org.br\/noticias\/lancamentos-da-semana-14.html"]}]},{"@type":"BreadcrumbList","@id":"https:\/\/franciscanos.org.br\/noticias\/lancamentos-da-semana-14.html#breadcrumb","itemListElement":[{"@type":"ListItem","position":1,"name":"Home","item":"https:\/\/franciscanos.org.br\/noticias"},{"@type":"ListItem","position":2,"name":"Lan\u00e7amentos da semana"}]},{"@type":"Person","@id":"https:\/\/franciscanos.org.br\/noticias\/#\/schema\/person\/b38fbf43118f02820bd932f2e4b14ad3","name":"admin","image":{"@type":"ImageObject","inLanguage":"pt-BR","@id":"https:\/\/franciscanos.org.br\/noticias\/#\/schema\/person\/image\/","url":"https:\/\/secure.gravatar.com\/avatar\/e8495742d34d0ba6448ea1c628263b3e?s=96&d=mm&r=g","contentUrl":"https:\/\/secure.gravatar.com\/avatar\/e8495742d34d0ba6448ea1c628263b3e?s=96&d=mm&r=g","caption":"admin"},"url":"https:\/\/franciscanos.org.br\/noticias\/author\/admin"}]}},"_links":{"self":[{"href":"https:\/\/franciscanos.org.br\/noticias\/wp-json\/wp\/v2\/posts\/106175"}],"collection":[{"href":"https:\/\/franciscanos.org.br\/noticias\/wp-json\/wp\/v2\/posts"}],"about":[{"href":"https:\/\/franciscanos.org.br\/noticias\/wp-json\/wp\/v2\/types\/post"}],"author":[{"embeddable":true,"href":"https:\/\/franciscanos.org.br\/noticias\/wp-json\/wp\/v2\/users\/1"}],"replies":[{"embeddable":true,"href":"https:\/\/franciscanos.org.br\/noticias\/wp-json\/wp\/v2\/comments?post=106175"}],"version-history":[{"count":0,"href":"https:\/\/franciscanos.org.br\/noticias\/wp-json\/wp\/v2\/posts\/106175\/revisions"}],"wp:featuredmedia":[{"embeddable":true,"href":"https:\/\/franciscanos.org.br\/noticias\/wp-json\/wp\/v2\/media\/194592"}],"wp:attachment":[{"href":"https:\/\/franciscanos.org.br\/noticias\/wp-json\/wp\/v2\/media?parent=106175"}],"wp:term":[{"taxonomy":"category","embeddable":true,"href":"https:\/\/franciscanos.org.br\/noticias\/wp-json\/wp\/v2\/categories?post=106175"},{"taxonomy":"post_tag","embeddable":true,"href":"https:\/\/franciscanos.org.br\/noticias\/wp-json\/wp\/v2\/tags?post=106175"}],"curies":[{"name":"wp","href":"https:\/\/api.w.org\/{rel}","templated":true}]}}