{"id":106139,"date":"2016-03-17T07:53:30","date_gmt":"2016-03-17T10:53:30","guid":{"rendered":"http:\/\/franciscanos.org.br\/?p=106139"},"modified":"2020-06-09T19:10:00","modified_gmt":"2020-06-09T22:10:00","slug":"a-esperanca-silenciosa-e-forte-nunca-desilude","status":"publish","type":"post","link":"https:\/\/franciscanos.org.br\/noticias\/a-esperanca-silenciosa-e-forte-nunca-desilude.html","title":{"rendered":"A esperan\u00e7a, silenciosa e forte, nunca desilude"},"content":{"rendered":"<p><img loading=\"lazy\" src=\"http:\/\/franciscanos.org.br\/wp-content\/uploads\/2016\/03\/papa_17.jpg\" alt=\"papa_17\" width=\"820\" height=\"413\" \/><\/p>\n<p><strong>Cidade do Vaticano<\/strong> &#8211; \u201cA esperan\u00e7a crist\u00e3 \u00e9 uma virtude humilde e forte que nos sustenta e n\u00e3o nos faz anegar nas muitas dificuldades da vida\u201d. Foi o que disse o Papa Francisco na missa matutina desta quinta-feira (17\/03), na Casa Santa Marta. O Pont\u00edfice reiterou que a esperan\u00e7a nunca desilude. \u00c9 fonte de alegria e d\u00e1 paz ao nosso cora\u00e7\u00e3o. Jesus fala com os doutores da lei e afirma que Abra\u00e3o \u201cexultou na esperan\u00e7a\u201d de ver o seu dia. O Papa Francisco se inspirou na passagem do Evangelho do dia para sublinhar que a esperan\u00e7a \u00e9 fundamental na vida do crist\u00e3o. \u201cAbra\u00e3o teve as suas tenta\u00e7\u00f5es no caminho da esperan\u00e7a, mas acreditou, obedeceu ao Senhor e se colocou a caminho rumo \u00e0 terra prometida\u201d, disse o pont\u00edfice.<\/p>\n<p>\u201cExiste um fio de esperan\u00e7a que une toda a hist\u00f3ria da salva\u00e7\u00e3o e \u00e9 fonte de alegria\u201d, disse Francisco que acrescentou: \u201cHoje, a Igreja nos fala da alegria da esperan\u00e7a. Na primeira ora\u00e7\u00e3o da missa pedimos a gra\u00e7a de Deus para que proteja a esperan\u00e7a da Igreja a fim de que n\u00e3o falhe. Paulo, falando de nosso Pai Abra\u00e3o, nos diz: \u2018Esperando contra toda esperan\u00e7a\u2019. Quando n\u00e3o h\u00e1 esperan\u00e7a humana, h\u00e1 aquela virtude que nos leva adiante, humilde e simples, e nos d\u00e1 uma alegria, \u00e0s vezes uma grande alegria, \u00e0s vezes somente a paz, mas a seguran\u00e7a de que aquela esperan\u00e7a n\u00e3o desilude. A esperan\u00e7a n\u00e3o desilude\u201d.<\/p>\n<p>\u201cEsta alegria de Abra\u00e3o, esta esperan\u00e7a\u201d, prosseguiu, \u201ccresce na hist\u00f3ria. \u00c0s vezes se esconde, n\u00e3o se v\u00ea; \u00e0s vezes se manifesta abertamente\u201d. Francisco cita o exemplo de Isabel gr\u00e1vida que exulta de alegria quando foi visitada pela sua prima Maria. \u201c\u00c9 a alegria da presen\u00e7a de Deus que caminha com o seu povo. E quando existe alegria, existe paz. Esta \u00e9 a virtude da esperan\u00e7a: da alegria \u00e0 paz\u201d. \u201cEsta esperan\u00e7a nunca desilude, nem mesmo nos momentos da escravid\u00e3o, quando o Povo de Deus estava em terra estrangeira.\u201d<br \/>\nEste fio de esperan\u00e7a come\u00e7a com Abra\u00e3o, \u201cDeus que fala a Abra\u00e3o e termina com Jesus\u201d. Francisco se deteve sobre as caracter\u00edsticas desta esperan\u00e7a. Se, de fato, se pode dizer ter f\u00e9 e caridade, \u00e9 mais dif\u00edcil responder sobre a esperan\u00e7a: \u201cIsto tantas vezes podemos facilmente dizer, mas quando perguntamos: \u2018Voc\u00ea tem esperan\u00e7a? Voc\u00ea tem a alegria da esperan\u00e7a? \u2018Mas, Padre, eu n\u00e3o entendo, explica-me\u2019. A esperan\u00e7a, esta virtude humilde, a virtude que escorre por baixo da \u00e1gua da vida, mas que nos sustenta para n\u00e3o se afogar nas muitas dificuldades, para n\u00e3o perder o desejo de encontrar Deus, de encontrar aquele rosto maravilhoso que todos n\u00f3s vamos ver um dia: a esperan\u00e7a.&#8221;<\/p>\n<p>Hoje, disse o Papa, vai ser um bom dia para pensar sobre isso: o mesmo Deus, que chamou Abra\u00e3o e o fez sair da sua terra, sem saber para onde estava indo, \u00e9 o mesmo Deus que vai \u00e0 cruz, para realizar a promessa que fez&#8221;: \u201c\u00c9 o mesmo Deus que na plenitude dos tempos faz com que a promessa se torne uma realidade para todos n\u00f3s. E o que une aquele primeiro momento a este \u00faltimo momento \u00e9 o fio de esperan\u00e7a; e o que une minha vida crist\u00e3 \u00e0 nossa vida crist\u00e3, de um momento para outro, para ir sempre avante &#8211; pecadores, mas avante &#8211; \u00e9 a esperan\u00e7a; e o que nos d\u00e1 a paz em tempos dif\u00edceis, nos momentos mais sombrios da vida \u00e9 a esperan\u00e7a. A esperan\u00e7a n\u00e3o desilude, est\u00e1 sempre ali: silenciosa, humilde, mas forte\u201d.<\/p>\n<hr \/>\n<p><em>Fonte: R\u00e1dio Vaticano<\/em><\/p>\n","protected":false},"excerpt":{"rendered":"<p>Missa em Santa Marta<\/p>\n","protected":false},"author":1,"featured_media":223760,"comment_status":"open","ping_status":"open","sticky":false,"template":"","format":"standard","meta":[],"categories":[1428],"tags":[1586],"acf":[],"yoast_head":"<!-- This site is optimized with the Yoast SEO plugin v19.2 - https:\/\/yoast.com\/wordpress\/plugins\/seo\/ -->\n<title>A esperan\u00e7a, silenciosa e forte, nunca desilude - Not\u00edcias - Franciscanos<\/title>\n<meta name=\"robots\" content=\"index, follow, max-snippet:-1, max-image-preview:large, max-video-preview:-1\" \/>\n<link rel=\"canonical\" href=\"https:\/\/franciscanos.org.br\/noticias\/a-esperanca-silenciosa-e-forte-nunca-desilude.html\" \/>\n<meta property=\"og:locale\" content=\"pt_BR\" \/>\n<meta property=\"og:type\" content=\"article\" \/>\n<meta property=\"og:title\" content=\"A esperan\u00e7a, silenciosa e forte, nunca desilude - Not\u00edcias - Franciscanos\" \/>\n<meta property=\"og:description\" content=\"Missa em Santa Marta\" \/>\n<meta property=\"og:url\" content=\"https:\/\/franciscanos.org.br\/noticias\/a-esperanca-silenciosa-e-forte-nunca-desilude.html\" \/>\n<meta property=\"og:site_name\" content=\"Not\u00edcias - Franciscanos\" \/>\n<meta property=\"article:published_time\" content=\"2016-03-17T10:53:30+00:00\" \/>\n<meta property=\"article:modified_time\" content=\"2020-06-09T22:10:00+00:00\" \/>\n<meta property=\"og:image\" content=\"https:\/\/franciscanos.org.br\/noticias\/wp-content\/uploads\/2016\/03\/papa_17.jpg\" \/>\n\t<meta property=\"og:image:width\" content=\"800\" \/>\n\t<meta property=\"og:image:height\" content=\"601\" \/>\n\t<meta property=\"og:image:type\" content=\"image\/jpeg\" \/>\n<meta name=\"author\" content=\"admin\" \/>\n<meta name=\"twitter:card\" content=\"summary_large_image\" \/>\n<meta name=\"twitter:label1\" content=\"Escrito por\" \/>\n\t<meta name=\"twitter:data1\" content=\"admin\" \/>\n\t<meta name=\"twitter:label2\" content=\"Est. tempo de leitura\" \/>\n\t<meta name=\"twitter:data2\" content=\"3 minutos\" \/>\n<script type=\"application\/ld+json\" class=\"yoast-schema-graph\">{\"@context\":\"https:\/\/schema.org\",\"@graph\":[{\"@type\":\"WebSite\",\"@id\":\"https:\/\/franciscanos.org.br\/noticias\/#website\",\"url\":\"https:\/\/franciscanos.org.br\/noticias\/\",\"name\":\"Not\u00edcias - Franciscanos\",\"description\":\"Prov\u00edncia Franciscana da Imaculada Concei\u00e7\u00e3o do Brasil - Ordem dos Frades Menores - OFM\",\"potentialAction\":[{\"@type\":\"SearchAction\",\"target\":{\"@type\":\"EntryPoint\",\"urlTemplate\":\"https:\/\/franciscanos.org.br\/noticias\/?s={search_term_string}\"},\"query-input\":\"required name=search_term_string\"}],\"inLanguage\":\"pt-BR\"},{\"@type\":\"ImageObject\",\"inLanguage\":\"pt-BR\",\"@id\":\"https:\/\/franciscanos.org.br\/noticias\/a-esperanca-silenciosa-e-forte-nunca-desilude.html#primaryimage\",\"url\":\"https:\/\/franciscanos.org.br\/noticias\/wp-content\/uploads\/2016\/03\/papa_17.jpg\",\"contentUrl\":\"https:\/\/franciscanos.org.br\/noticias\/wp-content\/uploads\/2016\/03\/papa_17.jpg\",\"width\":800,\"height\":601},{\"@type\":\"WebPage\",\"@id\":\"https:\/\/franciscanos.org.br\/noticias\/a-esperanca-silenciosa-e-forte-nunca-desilude.html#webpage\",\"url\":\"https:\/\/franciscanos.org.br\/noticias\/a-esperanca-silenciosa-e-forte-nunca-desilude.html\",\"name\":\"A esperan\u00e7a, silenciosa e forte, nunca desilude - Not\u00edcias - Franciscanos\",\"isPartOf\":{\"@id\":\"https:\/\/franciscanos.org.br\/noticias\/#website\"},\"primaryImageOfPage\":{\"@id\":\"https:\/\/franciscanos.org.br\/noticias\/a-esperanca-silenciosa-e-forte-nunca-desilude.html#primaryimage\"},\"datePublished\":\"2016-03-17T10:53:30+00:00\",\"dateModified\":\"2020-06-09T22:10:00+00:00\",\"author\":{\"@id\":\"https:\/\/franciscanos.org.br\/noticias\/#\/schema\/person\/b38fbf43118f02820bd932f2e4b14ad3\"},\"breadcrumb\":{\"@id\":\"https:\/\/franciscanos.org.br\/noticias\/a-esperanca-silenciosa-e-forte-nunca-desilude.html#breadcrumb\"},\"inLanguage\":\"pt-BR\",\"potentialAction\":[{\"@type\":\"ReadAction\",\"target\":[\"https:\/\/franciscanos.org.br\/noticias\/a-esperanca-silenciosa-e-forte-nunca-desilude.html\"]}]},{\"@type\":\"BreadcrumbList\",\"@id\":\"https:\/\/franciscanos.org.br\/noticias\/a-esperanca-silenciosa-e-forte-nunca-desilude.html#breadcrumb\",\"itemListElement\":[{\"@type\":\"ListItem\",\"position\":1,\"name\":\"Home\",\"item\":\"https:\/\/franciscanos.org.br\/noticias\"},{\"@type\":\"ListItem\",\"position\":2,\"name\":\"A esperan\u00e7a, silenciosa e forte, nunca desilude\"}]},{\"@type\":\"Person\",\"@id\":\"https:\/\/franciscanos.org.br\/noticias\/#\/schema\/person\/b38fbf43118f02820bd932f2e4b14ad3\",\"name\":\"admin\",\"image\":{\"@type\":\"ImageObject\",\"inLanguage\":\"pt-BR\",\"@id\":\"https:\/\/franciscanos.org.br\/noticias\/#\/schema\/person\/image\/\",\"url\":\"https:\/\/secure.gravatar.com\/avatar\/e8495742d34d0ba6448ea1c628263b3e?s=96&d=mm&r=g\",\"contentUrl\":\"https:\/\/secure.gravatar.com\/avatar\/e8495742d34d0ba6448ea1c628263b3e?s=96&d=mm&r=g\",\"caption\":\"admin\"},\"url\":\"https:\/\/franciscanos.org.br\/noticias\/author\/admin\"}]}<\/script>\n<!-- \/ Yoast SEO plugin. -->","yoast_head_json":{"title":"A esperan\u00e7a, silenciosa e forte, nunca desilude - Not\u00edcias - Franciscanos","robots":{"index":"index","follow":"follow","max-snippet":"max-snippet:-1","max-image-preview":"max-image-preview:large","max-video-preview":"max-video-preview:-1"},"canonical":"https:\/\/franciscanos.org.br\/noticias\/a-esperanca-silenciosa-e-forte-nunca-desilude.html","og_locale":"pt_BR","og_type":"article","og_title":"A esperan\u00e7a, silenciosa e forte, nunca desilude - Not\u00edcias - Franciscanos","og_description":"Missa em Santa Marta","og_url":"https:\/\/franciscanos.org.br\/noticias\/a-esperanca-silenciosa-e-forte-nunca-desilude.html","og_site_name":"Not\u00edcias - Franciscanos","article_published_time":"2016-03-17T10:53:30+00:00","article_modified_time":"2020-06-09T22:10:00+00:00","og_image":[{"width":800,"height":601,"url":"https:\/\/franciscanos.org.br\/noticias\/wp-content\/uploads\/2016\/03\/papa_17.jpg","type":"image\/jpeg"}],"author":"admin","twitter_card":"summary_large_image","twitter_misc":{"Escrito por":"admin","Est. tempo de leitura":"3 minutos"},"schema":{"@context":"https:\/\/schema.org","@graph":[{"@type":"WebSite","@id":"https:\/\/franciscanos.org.br\/noticias\/#website","url":"https:\/\/franciscanos.org.br\/noticias\/","name":"Not\u00edcias - Franciscanos","description":"Prov\u00edncia Franciscana da Imaculada Concei\u00e7\u00e3o do Brasil - Ordem dos Frades Menores - OFM","potentialAction":[{"@type":"SearchAction","target":{"@type":"EntryPoint","urlTemplate":"https:\/\/franciscanos.org.br\/noticias\/?s={search_term_string}"},"query-input":"required name=search_term_string"}],"inLanguage":"pt-BR"},{"@type":"ImageObject","inLanguage":"pt-BR","@id":"https:\/\/franciscanos.org.br\/noticias\/a-esperanca-silenciosa-e-forte-nunca-desilude.html#primaryimage","url":"https:\/\/franciscanos.org.br\/noticias\/wp-content\/uploads\/2016\/03\/papa_17.jpg","contentUrl":"https:\/\/franciscanos.org.br\/noticias\/wp-content\/uploads\/2016\/03\/papa_17.jpg","width":800,"height":601},{"@type":"WebPage","@id":"https:\/\/franciscanos.org.br\/noticias\/a-esperanca-silenciosa-e-forte-nunca-desilude.html#webpage","url":"https:\/\/franciscanos.org.br\/noticias\/a-esperanca-silenciosa-e-forte-nunca-desilude.html","name":"A esperan\u00e7a, silenciosa e forte, nunca desilude - Not\u00edcias - Franciscanos","isPartOf":{"@id":"https:\/\/franciscanos.org.br\/noticias\/#website"},"primaryImageOfPage":{"@id":"https:\/\/franciscanos.org.br\/noticias\/a-esperanca-silenciosa-e-forte-nunca-desilude.html#primaryimage"},"datePublished":"2016-03-17T10:53:30+00:00","dateModified":"2020-06-09T22:10:00+00:00","author":{"@id":"https:\/\/franciscanos.org.br\/noticias\/#\/schema\/person\/b38fbf43118f02820bd932f2e4b14ad3"},"breadcrumb":{"@id":"https:\/\/franciscanos.org.br\/noticias\/a-esperanca-silenciosa-e-forte-nunca-desilude.html#breadcrumb"},"inLanguage":"pt-BR","potentialAction":[{"@type":"ReadAction","target":["https:\/\/franciscanos.org.br\/noticias\/a-esperanca-silenciosa-e-forte-nunca-desilude.html"]}]},{"@type":"BreadcrumbList","@id":"https:\/\/franciscanos.org.br\/noticias\/a-esperanca-silenciosa-e-forte-nunca-desilude.html#breadcrumb","itemListElement":[{"@type":"ListItem","position":1,"name":"Home","item":"https:\/\/franciscanos.org.br\/noticias"},{"@type":"ListItem","position":2,"name":"A esperan\u00e7a, silenciosa e forte, nunca desilude"}]},{"@type":"Person","@id":"https:\/\/franciscanos.org.br\/noticias\/#\/schema\/person\/b38fbf43118f02820bd932f2e4b14ad3","name":"admin","image":{"@type":"ImageObject","inLanguage":"pt-BR","@id":"https:\/\/franciscanos.org.br\/noticias\/#\/schema\/person\/image\/","url":"https:\/\/secure.gravatar.com\/avatar\/e8495742d34d0ba6448ea1c628263b3e?s=96&d=mm&r=g","contentUrl":"https:\/\/secure.gravatar.com\/avatar\/e8495742d34d0ba6448ea1c628263b3e?s=96&d=mm&r=g","caption":"admin"},"url":"https:\/\/franciscanos.org.br\/noticias\/author\/admin"}]}},"_links":{"self":[{"href":"https:\/\/franciscanos.org.br\/noticias\/wp-json\/wp\/v2\/posts\/106139"}],"collection":[{"href":"https:\/\/franciscanos.org.br\/noticias\/wp-json\/wp\/v2\/posts"}],"about":[{"href":"https:\/\/franciscanos.org.br\/noticias\/wp-json\/wp\/v2\/types\/post"}],"author":[{"embeddable":true,"href":"https:\/\/franciscanos.org.br\/noticias\/wp-json\/wp\/v2\/users\/1"}],"replies":[{"embeddable":true,"href":"https:\/\/franciscanos.org.br\/noticias\/wp-json\/wp\/v2\/comments?post=106139"}],"version-history":[{"count":2,"href":"https:\/\/franciscanos.org.br\/noticias\/wp-json\/wp\/v2\/posts\/106139\/revisions"}],"predecessor-version":[{"id":225751,"href":"https:\/\/franciscanos.org.br\/noticias\/wp-json\/wp\/v2\/posts\/106139\/revisions\/225751"}],"wp:featuredmedia":[{"embeddable":true,"href":"https:\/\/franciscanos.org.br\/noticias\/wp-json\/wp\/v2\/media\/223760"}],"wp:attachment":[{"href":"https:\/\/franciscanos.org.br\/noticias\/wp-json\/wp\/v2\/media?parent=106139"}],"wp:term":[{"taxonomy":"category","embeddable":true,"href":"https:\/\/franciscanos.org.br\/noticias\/wp-json\/wp\/v2\/categories?post=106139"},{"taxonomy":"post_tag","embeddable":true,"href":"https:\/\/franciscanos.org.br\/noticias\/wp-json\/wp\/v2\/tags?post=106139"}],"curies":[{"name":"wp","href":"https:\/\/api.w.org\/{rel}","templated":true}]}}