{"id":106124,"date":"2016-03-16T08:41:47","date_gmt":"2016-03-16T11:41:47","guid":{"rendered":"http:\/\/franciscanos.org.br\/?p=106124"},"modified":"2020-06-09T19:10:52","modified_gmt":"2020-06-09T22:10:52","slug":"papa-pede-que-portas-se-abram-aos-migrantes-exilados-de-hoje","status":"publish","type":"post","link":"https:\/\/franciscanos.org.br\/noticias\/papa-pede-que-portas-se-abram-aos-migrantes-exilados-de-hoje.html","title":{"rendered":"Papa pede que portas se abram aos migrantes"},"content":{"rendered":"<p><strong><img loading=\"lazy\" class=\"alignnone\" src=\"http:\/\/franciscanos.org.br\/wp-content\/uploads\/2016\/03\/audiencia_alto.jpg\" alt=\"audiencia_alto\" width=\"820\" height=\"373\" \/><\/strong><\/p>\n<p><strong>Cidade do Vaticano\u00a0<\/strong>\u2013 Miseric\u00f3rdia e consola\u00e7\u00e3o: duas palavras que nortearam a reflex\u00e3o do Papa na Audi\u00eancia Geral da quarta-feira, (16\/03), na Pra\u00e7a S\u00e3o Pedro.<\/p>\n<p>Diante de mais de 25 mil fi\u00e9is, Francisco recordou os cap\u00edtulos 30 e 31 do profeta Jeremias, conhecidos como \u201clivro da consola\u00e7\u00e3o\u201d, no qual \u201ca miseric\u00f3rdia de Deus se apresenta com toda a sua capacidade de confortar e abrir o cora\u00e7\u00e3o dos aflitos \u00e0 esperan\u00e7a\u201d.<\/p>\n<p>Deus, por meio do profeta Jeremias, dirige-se aos israelitas exilados em terra estrangeira para pr\u00e9-anunciar o retorno \u00e0 p\u00e1tria. \u201cO ex\u00edlio foi uma experi\u00eancia devastante para Israel\u201d, afirmou Francisco: a f\u00e9 de Israel vacilou, sentiu-se abandonado por Deus e, vendo a p\u00e1tria destru\u00edda, era \u201cdif\u00edcil continuar a acreditar na bondade do Senhor\u201d.<\/p>\n<p>\u201cMas me vem \u00e0 mente o pensamento da Alb\u00e2nia e, como depois de tanta persegui\u00e7\u00e3o e destrui\u00e7\u00e3o, o pa\u00eds conseguiu reerguer-se na dignidade e na f\u00e9\u201d, recordou Francisco, que visitou o pa\u00eds do leste Europeu em setembro de 2014. \u201cTamb\u00e9m n\u00f3s \u2013 acrescentou o Papa \u2013 podemos viver um tipo de ex\u00edlio quando a solid\u00e3o, o sofrimento, a morte nos fazem pensar que fomos abandonados por Deus. \u201cQuantas vezes ouvimos essa palavra: Deus se esqueceu de mim. Tantas vezes: pessoas que sofrem e que se sentem abandonadas\u201d.<\/p>\n<p><strong>Migrantes<\/strong><\/p>\n<p>Neste ponto, com a voz embargada por\u00e9m firme, Francisco citou os migrantes \u2013 exilados de hoje \u2013 que vivem uma real e dram\u00e1tica situa\u00e7\u00e3o, longe de sua p\u00e1tria, com o olhar marcado pelas ru\u00ednas das suas casas, com o cora\u00e7\u00e3o cheio de medo e a dor da perda dos entes queridos!<\/p>\n<p>\u201cQuantos tentam chegar em outros lugares e lhes fecham as portas. E est\u00e3o ali na fronteira, porque tantas portas e tantos cora\u00e7\u00f5es est\u00e3o fechados. Os migrantes de hoje que sofrem, que sofrem a c\u00e9u aberto, sem alimento, e n\u00e3o podem entrar, n\u00e3o sentem a acolhida. Como gosto quando vejo as na\u00e7\u00f5es, os governantes que abrem o cora\u00e7\u00e3o e abrem as portas\u201d.<\/p>\n<p>O Papa ent\u00e3o voltou ao \u201clivro da consola\u00e7\u00e3o\u201d para afirmar que Deus n\u00e3o est\u00e1 ausente e n\u00e3o se deve ceder ao desespero: \u201co Senhor secar\u00e1 todas as l\u00e1grimas e nos libertar\u00e1 de todos os temores\u201d. \u201cO Senhor \u00e9 fiel, n\u00e3o abandona \u00e0 desola\u00e7\u00e3o. Deus ama com um amor sem limites, que tampouco o pecado pode frear, e gra\u00e7as a Ele o cora\u00e7\u00e3o do homem se enche de alegria e de consola\u00e7\u00e3o\u201d, afirmou o Francisco, que concluiu:<\/p>\n<p>\u201cO verdadeiro e radical retorno do ex\u00edlio e a confortante luz ap\u00f3s a escurid\u00e3o da crise de f\u00e9, acontece na P\u00e1scoa, na experi\u00eancia cheia e definitiva do amor de Deus, amor misericordioso que doa alegria, paz e vida eterna\u201d.<\/p>\n<hr \/>\n<p><em>Fonte: R\u00e1dio Vaticano<\/em><\/p>\n","protected":false},"excerpt":{"rendered":"<p>Audi\u00eancia Geral<\/p>\n","protected":false},"author":1,"featured_media":216870,"comment_status":"open","ping_status":"open","sticky":false,"template":"","format":"standard","meta":[],"categories":[1428],"tags":[487],"acf":[],"yoast_head":"<!-- This site is optimized with the Yoast SEO plugin v19.2 - https:\/\/yoast.com\/wordpress\/plugins\/seo\/ -->\n<title>Papa pede que portas se abram aos migrantes - Not\u00edcias - Franciscanos<\/title>\n<meta name=\"robots\" content=\"index, follow, max-snippet:-1, max-image-preview:large, max-video-preview:-1\" \/>\n<link rel=\"canonical\" href=\"https:\/\/franciscanos.org.br\/noticias\/papa-pede-que-portas-se-abram-aos-migrantes-exilados-de-hoje.html\" \/>\n<meta property=\"og:locale\" content=\"pt_BR\" \/>\n<meta property=\"og:type\" content=\"article\" \/>\n<meta property=\"og:title\" content=\"Papa pede que portas se abram aos migrantes - Not\u00edcias - Franciscanos\" \/>\n<meta property=\"og:description\" content=\"Audi\u00eancia Geral\" \/>\n<meta property=\"og:url\" content=\"https:\/\/franciscanos.org.br\/noticias\/papa-pede-que-portas-se-abram-aos-migrantes-exilados-de-hoje.html\" \/>\n<meta property=\"og:site_name\" content=\"Not\u00edcias - Franciscanos\" \/>\n<meta property=\"article:published_time\" content=\"2016-03-16T11:41:47+00:00\" \/>\n<meta property=\"article:modified_time\" content=\"2020-06-09T22:10:52+00:00\" \/>\n<meta property=\"og:image\" content=\"https:\/\/franciscanos.org.br\/noticias\/wp-content\/uploads\/2016\/03\/audiencia_alto.jpg\" \/>\n\t<meta property=\"og:image:width\" content=\"273\" \/>\n\t<meta property=\"og:image:height\" content=\"181\" \/>\n\t<meta property=\"og:image:type\" content=\"image\/jpeg\" \/>\n<meta name=\"author\" content=\"admin\" \/>\n<meta name=\"twitter:card\" content=\"summary_large_image\" \/>\n<meta name=\"twitter:label1\" content=\"Escrito por\" \/>\n\t<meta name=\"twitter:data1\" content=\"admin\" \/>\n\t<meta name=\"twitter:label2\" content=\"Est. tempo de leitura\" \/>\n\t<meta name=\"twitter:data2\" content=\"2 minutos\" \/>\n<script type=\"application\/ld+json\" class=\"yoast-schema-graph\">{\"@context\":\"https:\/\/schema.org\",\"@graph\":[{\"@type\":\"WebSite\",\"@id\":\"https:\/\/franciscanos.org.br\/noticias\/#website\",\"url\":\"https:\/\/franciscanos.org.br\/noticias\/\",\"name\":\"Not\u00edcias - Franciscanos\",\"description\":\"Prov\u00edncia Franciscana da Imaculada Concei\u00e7\u00e3o do Brasil - Ordem dos Frades Menores - OFM\",\"potentialAction\":[{\"@type\":\"SearchAction\",\"target\":{\"@type\":\"EntryPoint\",\"urlTemplate\":\"https:\/\/franciscanos.org.br\/noticias\/?s={search_term_string}\"},\"query-input\":\"required name=search_term_string\"}],\"inLanguage\":\"pt-BR\"},{\"@type\":\"ImageObject\",\"inLanguage\":\"pt-BR\",\"@id\":\"https:\/\/franciscanos.org.br\/noticias\/papa-pede-que-portas-se-abram-aos-migrantes-exilados-de-hoje.html#primaryimage\",\"url\":\"https:\/\/franciscanos.org.br\/noticias\/wp-content\/uploads\/2016\/03\/audiencia_alto.jpg\",\"contentUrl\":\"https:\/\/franciscanos.org.br\/noticias\/wp-content\/uploads\/2016\/03\/audiencia_alto.jpg\",\"width\":273,\"height\":181},{\"@type\":\"WebPage\",\"@id\":\"https:\/\/franciscanos.org.br\/noticias\/papa-pede-que-portas-se-abram-aos-migrantes-exilados-de-hoje.html#webpage\",\"url\":\"https:\/\/franciscanos.org.br\/noticias\/papa-pede-que-portas-se-abram-aos-migrantes-exilados-de-hoje.html\",\"name\":\"Papa pede que portas se abram aos migrantes - Not\u00edcias - Franciscanos\",\"isPartOf\":{\"@id\":\"https:\/\/franciscanos.org.br\/noticias\/#website\"},\"primaryImageOfPage\":{\"@id\":\"https:\/\/franciscanos.org.br\/noticias\/papa-pede-que-portas-se-abram-aos-migrantes-exilados-de-hoje.html#primaryimage\"},\"datePublished\":\"2016-03-16T11:41:47+00:00\",\"dateModified\":\"2020-06-09T22:10:52+00:00\",\"author\":{\"@id\":\"https:\/\/franciscanos.org.br\/noticias\/#\/schema\/person\/b38fbf43118f02820bd932f2e4b14ad3\"},\"breadcrumb\":{\"@id\":\"https:\/\/franciscanos.org.br\/noticias\/papa-pede-que-portas-se-abram-aos-migrantes-exilados-de-hoje.html#breadcrumb\"},\"inLanguage\":\"pt-BR\",\"potentialAction\":[{\"@type\":\"ReadAction\",\"target\":[\"https:\/\/franciscanos.org.br\/noticias\/papa-pede-que-portas-se-abram-aos-migrantes-exilados-de-hoje.html\"]}]},{\"@type\":\"BreadcrumbList\",\"@id\":\"https:\/\/franciscanos.org.br\/noticias\/papa-pede-que-portas-se-abram-aos-migrantes-exilados-de-hoje.html#breadcrumb\",\"itemListElement\":[{\"@type\":\"ListItem\",\"position\":1,\"name\":\"Home\",\"item\":\"https:\/\/franciscanos.org.br\/noticias\"},{\"@type\":\"ListItem\",\"position\":2,\"name\":\"Papa pede que portas se abram aos migrantes\"}]},{\"@type\":\"Person\",\"@id\":\"https:\/\/franciscanos.org.br\/noticias\/#\/schema\/person\/b38fbf43118f02820bd932f2e4b14ad3\",\"name\":\"admin\",\"image\":{\"@type\":\"ImageObject\",\"inLanguage\":\"pt-BR\",\"@id\":\"https:\/\/franciscanos.org.br\/noticias\/#\/schema\/person\/image\/\",\"url\":\"https:\/\/secure.gravatar.com\/avatar\/e8495742d34d0ba6448ea1c628263b3e?s=96&d=mm&r=g\",\"contentUrl\":\"https:\/\/secure.gravatar.com\/avatar\/e8495742d34d0ba6448ea1c628263b3e?s=96&d=mm&r=g\",\"caption\":\"admin\"},\"url\":\"https:\/\/franciscanos.org.br\/noticias\/author\/admin\"}]}<\/script>\n<!-- \/ Yoast SEO plugin. -->","yoast_head_json":{"title":"Papa pede que portas se abram aos migrantes - Not\u00edcias - Franciscanos","robots":{"index":"index","follow":"follow","max-snippet":"max-snippet:-1","max-image-preview":"max-image-preview:large","max-video-preview":"max-video-preview:-1"},"canonical":"https:\/\/franciscanos.org.br\/noticias\/papa-pede-que-portas-se-abram-aos-migrantes-exilados-de-hoje.html","og_locale":"pt_BR","og_type":"article","og_title":"Papa pede que portas se abram aos migrantes - Not\u00edcias - Franciscanos","og_description":"Audi\u00eancia Geral","og_url":"https:\/\/franciscanos.org.br\/noticias\/papa-pede-que-portas-se-abram-aos-migrantes-exilados-de-hoje.html","og_site_name":"Not\u00edcias - Franciscanos","article_published_time":"2016-03-16T11:41:47+00:00","article_modified_time":"2020-06-09T22:10:52+00:00","og_image":[{"width":273,"height":181,"url":"https:\/\/franciscanos.org.br\/noticias\/wp-content\/uploads\/2016\/03\/audiencia_alto.jpg","type":"image\/jpeg"}],"author":"admin","twitter_card":"summary_large_image","twitter_misc":{"Escrito por":"admin","Est. tempo de leitura":"2 minutos"},"schema":{"@context":"https:\/\/schema.org","@graph":[{"@type":"WebSite","@id":"https:\/\/franciscanos.org.br\/noticias\/#website","url":"https:\/\/franciscanos.org.br\/noticias\/","name":"Not\u00edcias - Franciscanos","description":"Prov\u00edncia Franciscana da Imaculada Concei\u00e7\u00e3o do Brasil - Ordem dos Frades Menores - OFM","potentialAction":[{"@type":"SearchAction","target":{"@type":"EntryPoint","urlTemplate":"https:\/\/franciscanos.org.br\/noticias\/?s={search_term_string}"},"query-input":"required name=search_term_string"}],"inLanguage":"pt-BR"},{"@type":"ImageObject","inLanguage":"pt-BR","@id":"https:\/\/franciscanos.org.br\/noticias\/papa-pede-que-portas-se-abram-aos-migrantes-exilados-de-hoje.html#primaryimage","url":"https:\/\/franciscanos.org.br\/noticias\/wp-content\/uploads\/2016\/03\/audiencia_alto.jpg","contentUrl":"https:\/\/franciscanos.org.br\/noticias\/wp-content\/uploads\/2016\/03\/audiencia_alto.jpg","width":273,"height":181},{"@type":"WebPage","@id":"https:\/\/franciscanos.org.br\/noticias\/papa-pede-que-portas-se-abram-aos-migrantes-exilados-de-hoje.html#webpage","url":"https:\/\/franciscanos.org.br\/noticias\/papa-pede-que-portas-se-abram-aos-migrantes-exilados-de-hoje.html","name":"Papa pede que portas se abram aos migrantes - Not\u00edcias - Franciscanos","isPartOf":{"@id":"https:\/\/franciscanos.org.br\/noticias\/#website"},"primaryImageOfPage":{"@id":"https:\/\/franciscanos.org.br\/noticias\/papa-pede-que-portas-se-abram-aos-migrantes-exilados-de-hoje.html#primaryimage"},"datePublished":"2016-03-16T11:41:47+00:00","dateModified":"2020-06-09T22:10:52+00:00","author":{"@id":"https:\/\/franciscanos.org.br\/noticias\/#\/schema\/person\/b38fbf43118f02820bd932f2e4b14ad3"},"breadcrumb":{"@id":"https:\/\/franciscanos.org.br\/noticias\/papa-pede-que-portas-se-abram-aos-migrantes-exilados-de-hoje.html#breadcrumb"},"inLanguage":"pt-BR","potentialAction":[{"@type":"ReadAction","target":["https:\/\/franciscanos.org.br\/noticias\/papa-pede-que-portas-se-abram-aos-migrantes-exilados-de-hoje.html"]}]},{"@type":"BreadcrumbList","@id":"https:\/\/franciscanos.org.br\/noticias\/papa-pede-que-portas-se-abram-aos-migrantes-exilados-de-hoje.html#breadcrumb","itemListElement":[{"@type":"ListItem","position":1,"name":"Home","item":"https:\/\/franciscanos.org.br\/noticias"},{"@type":"ListItem","position":2,"name":"Papa pede que portas se abram aos migrantes"}]},{"@type":"Person","@id":"https:\/\/franciscanos.org.br\/noticias\/#\/schema\/person\/b38fbf43118f02820bd932f2e4b14ad3","name":"admin","image":{"@type":"ImageObject","inLanguage":"pt-BR","@id":"https:\/\/franciscanos.org.br\/noticias\/#\/schema\/person\/image\/","url":"https:\/\/secure.gravatar.com\/avatar\/e8495742d34d0ba6448ea1c628263b3e?s=96&d=mm&r=g","contentUrl":"https:\/\/secure.gravatar.com\/avatar\/e8495742d34d0ba6448ea1c628263b3e?s=96&d=mm&r=g","caption":"admin"},"url":"https:\/\/franciscanos.org.br\/noticias\/author\/admin"}]}},"_links":{"self":[{"href":"https:\/\/franciscanos.org.br\/noticias\/wp-json\/wp\/v2\/posts\/106124"}],"collection":[{"href":"https:\/\/franciscanos.org.br\/noticias\/wp-json\/wp\/v2\/posts"}],"about":[{"href":"https:\/\/franciscanos.org.br\/noticias\/wp-json\/wp\/v2\/types\/post"}],"author":[{"embeddable":true,"href":"https:\/\/franciscanos.org.br\/noticias\/wp-json\/wp\/v2\/users\/1"}],"replies":[{"embeddable":true,"href":"https:\/\/franciscanos.org.br\/noticias\/wp-json\/wp\/v2\/comments?post=106124"}],"version-history":[{"count":2,"href":"https:\/\/franciscanos.org.br\/noticias\/wp-json\/wp\/v2\/posts\/106124\/revisions"}],"predecessor-version":[{"id":225752,"href":"https:\/\/franciscanos.org.br\/noticias\/wp-json\/wp\/v2\/posts\/106124\/revisions\/225752"}],"wp:featuredmedia":[{"embeddable":true,"href":"https:\/\/franciscanos.org.br\/noticias\/wp-json\/wp\/v2\/media\/216870"}],"wp:attachment":[{"href":"https:\/\/franciscanos.org.br\/noticias\/wp-json\/wp\/v2\/media?parent=106124"}],"wp:term":[{"taxonomy":"category","embeddable":true,"href":"https:\/\/franciscanos.org.br\/noticias\/wp-json\/wp\/v2\/categories?post=106124"},{"taxonomy":"post_tag","embeddable":true,"href":"https:\/\/franciscanos.org.br\/noticias\/wp-json\/wp\/v2\/tags?post=106124"}],"curies":[{"name":"wp","href":"https:\/\/api.w.org\/{rel}","templated":true}]}}