{"id":105833,"date":"2016-03-14T06:06:45","date_gmt":"2016-03-14T09:06:45","guid":{"rendered":"http:\/\/franciscanos.org.br\/?p=105833"},"modified":"2020-06-09T19:12:14","modified_gmt":"2020-06-09T22:12:14","slug":"quanto-bem-nos-fara-ter-a-coragem-de-fazer-cair-no-chao-as-pedras-que-lancamos-contra-os-outros","status":"publish","type":"post","link":"https:\/\/franciscanos.org.br\/noticias\/quanto-bem-nos-fara-ter-a-coragem-de-fazer-cair-no-chao-as-pedras-que-lancamos-contra-os-outros.html","title":{"rendered":"&#8220;Quanto bem nos far\u00e1 ter a coragem de fazer cair  no ch\u00e3o as pedras que lan\u00e7amos contra os outros&#8221;"},"content":{"rendered":"<p><img loading=\"lazy\" src=\"http:\/\/franciscanos.org.br\/wp-content\/uploads\/2016\/03\/papa_13.jpg\" alt=\"papa_13\" width=\"820\" height=\"322\" \/><\/p>\n<p>O Papa Francisco rezou a ora\u00e7\u00e3o mariana do Angelus, deste domingo (13\/03), com os fi\u00e9is e peregrinos reunidos na Pra\u00e7a S\u00e3o Pedro. Na alocu\u00e7\u00e3o que precedeu a ora\u00e7\u00e3o, o Pont\u00edfice frisou que \u201co evangelista Jo\u00e3o apresenta o epis\u00f3dio da mulher ad\u00faltera, evidenciando o tema da miseric\u00f3rdia de Deus que n\u00e3o quer a morte do pecador, mas que se converta e viva\u201d.<\/p>\n<p>\u201cA cena se realiza na esplanada do templo. Jesus est\u00e1 ensinando \u00e0s pessoas e eis que chegam alguns escribas e fariseus que arrastam diante Dele uma mulher que tinha sido pega em adult\u00e9rio. Esta mulher se encontra ali, entre Jesus e a multid\u00e3o, entre a miseric\u00f3rdia do Filho de Deus e a viol\u00eancia, a raiva de seus acusadores. Na realidade, eles n\u00e3o foram ao Mestre para pedir-lhe o seu parecer, mas para fazer-lhe uma armadilha. De fato, se Jesus seguir a severidade da lei, aprovando a lapida\u00e7\u00e3o da mulher, perder\u00e1 a sua fama de mansid\u00e3o e bondade que tanto fascina o povo; se ao inv\u00e9s for misericordioso, ir\u00e1 contra a lei que Ele mesmo disse n\u00e3o querer abolir, mas cumprir.\u201d<\/p>\n<p>Segundo Francisco, \u201cesta m\u00e1 inten\u00e7\u00e3o se esconde debaixo da pergunta que eles fazem a Jesus: \u2018E tu, o que dizes?\u2019 Jesus n\u00e3o responde, se cala e realiza um gesto misterioso: \u2018Inclinou-se e come\u00e7ou a escrever no ch\u00e3o com o dedo\u2019. Desta maneira, convida todos \u00e0 calma, a n\u00e3o agir de impulso e procurar a justi\u00e7a de Deus. Mas aqueles, maus, insistem e esperam dele uma resposta. Parece que tinham sede de sangue. Ent\u00e3o, Jesus levanta o olhar e diz: \u2018Quem de voc\u00eas n\u00e3o tiver pecado, atire-lhe a primeira pedra\u2019.\u201d<\/p>\n<p>\u201cEsta resposta abala os acusadores, desarma todos no verdadeiro sentido da palavra: Todos depuseram as armas, ou seja, as pedras prontas para serem lan\u00e7adas, tanto aquelas vis\u00edveis contra a mulher, quanto as pedras escondidas contra Jesus. Enquanto o Senhor continua escrevendo no ch\u00e3o, os acusadores v\u00e3o embora um por um, com a cabe\u00e7a baixa, come\u00e7ando pelos idosos, mais conscientes de n\u00e3o serem sem pecado.\u201d<\/p>\n<p>\u201cQuanto bem nos far\u00e1 ser conscientes de que tamb\u00e9m n\u00f3s somos pecadores! Quando falamos mal dos outros e todas essas coisas que n\u00f3s conhecemos! Quanto bem nos far\u00e1 ter a coragem de fazer cair no ch\u00e3o as pedras que lan\u00e7amos contra os outros e pensar um pouco em nossos pecados\u201d, sublinhou o Papa.<\/p>\n<p>\u201cPermaneceram ali a mulher e Jesus: a mis\u00e9ria e a miseric\u00f3rdia, uma diante da outra. Quantas vezes isso nos acontece, quando nos detemos diante do confession\u00e1rio, com vergonha, para mostrar a nossa mis\u00e9ria e pedir perd\u00e3o? &#8216;Mulher, onde est\u00e3o eles?\u2019, disse Jesus. Basta esta constata\u00e7\u00e3o e o seu olhar cheio de miseric\u00f3rdia, cheio de amor para fazer aquela pessoa sentir, talvez pela primeira vez, que tem uma dignidade, que ela n\u00e3o \u00e9 o seu pecado, ela tem uma dignidade de pessoa, que pode mudar de vida, pode sair daquelas escravid\u00f5es e caminhar numa estrada nova\u201d, disse ainda o Pont\u00edfice.<\/p>\n<p>Francisco destacou que \u201caquela mulher representa todos n\u00f3s que somos pecadores, ou seja, ad\u00falteros diante de Deus, traidores de sua fidelidade. A sua experi\u00eancia representa a vontade de Deus para cada um de n\u00f3s: n\u00e3o a nossa condena\u00e7\u00e3o, mas a nossa salva\u00e7\u00e3o atrav\u00e9s de Jesus. Ele \u00e9 a gra\u00e7a que salva do pecado e da morte. Ele escreveu no ch\u00e3o, no p\u00f3 do qual \u00e9 formado todo ser humano, a senten\u00e7a de Deus: N\u00e3o quero que morra, mas que tenha vida.\u201d<\/p>\n<p>Segundo o pont\u00edfice, \u201cDeus n\u00e3o nos prega ao nosso pecado, n\u00e3o nos identifica com o mal que cometemos. Temos um nome e Deus n\u00e3o identifica esse nome com o pecado que cometemos. Ele quer nos libertar e quer que tamb\u00e9m n\u00f3s queiramos junto com Ele. Quer que a nossa liberdade se converta do mal para o bem, e isso \u00e9 poss\u00edvel com a sua gra\u00e7a\u201d.<\/p>\n<p>O Papa concluiu pedindo \u00e0 Virgem Maria que nos ajude a confiar-nos completamente \u00e0 miseric\u00f3rdia de Deus para nos tornar novas criaturas.<\/p>\n<hr \/>\n<p><em>Fonte: R\u00e1dio Vaticano<\/em><\/p>\n","protected":false},"excerpt":{"rendered":"<p>Angelus<\/p>\n","protected":false},"author":1,"featured_media":223764,"comment_status":"open","ping_status":"open","sticky":false,"template":"","format":"standard","meta":[],"categories":[1428],"tags":[403],"acf":[],"yoast_head":"<!-- This site is optimized with the Yoast SEO plugin v19.2 - https:\/\/yoast.com\/wordpress\/plugins\/seo\/ -->\n<title>&quot;Quanto bem nos far\u00e1 ter a coragem de fazer cair no ch\u00e3o as pedras que lan\u00e7amos contra os outros&quot; - Not\u00edcias - Franciscanos<\/title>\n<meta name=\"robots\" content=\"index, follow, max-snippet:-1, max-image-preview:large, max-video-preview:-1\" \/>\n<link rel=\"canonical\" href=\"https:\/\/franciscanos.org.br\/noticias\/quanto-bem-nos-fara-ter-a-coragem-de-fazer-cair-no-chao-as-pedras-que-lancamos-contra-os-outros.html\" \/>\n<meta property=\"og:locale\" content=\"pt_BR\" \/>\n<meta property=\"og:type\" content=\"article\" \/>\n<meta property=\"og:title\" content=\"&quot;Quanto bem nos far\u00e1 ter a coragem de fazer cair no ch\u00e3o as pedras que lan\u00e7amos contra os outros&quot; - Not\u00edcias - Franciscanos\" \/>\n<meta property=\"og:description\" content=\"Angelus\" \/>\n<meta property=\"og:url\" content=\"https:\/\/franciscanos.org.br\/noticias\/quanto-bem-nos-fara-ter-a-coragem-de-fazer-cair-no-chao-as-pedras-que-lancamos-contra-os-outros.html\" \/>\n<meta property=\"og:site_name\" content=\"Not\u00edcias - Franciscanos\" \/>\n<meta property=\"article:published_time\" content=\"2016-03-14T09:06:45+00:00\" \/>\n<meta property=\"article:modified_time\" content=\"2020-06-09T22:12:14+00:00\" \/>\n<meta property=\"og:image\" content=\"https:\/\/franciscanos.org.br\/noticias\/wp-content\/uploads\/2016\/03\/papa_13-1.jpg\" \/>\n\t<meta property=\"og:image:width\" content=\"800\" \/>\n\t<meta property=\"og:image:height\" content=\"599\" \/>\n\t<meta property=\"og:image:type\" content=\"image\/jpeg\" \/>\n<meta name=\"author\" content=\"admin\" \/>\n<meta name=\"twitter:card\" content=\"summary_large_image\" \/>\n<meta name=\"twitter:label1\" content=\"Escrito por\" \/>\n\t<meta name=\"twitter:data1\" content=\"admin\" \/>\n\t<meta name=\"twitter:label2\" content=\"Est. tempo de leitura\" \/>\n\t<meta name=\"twitter:data2\" content=\"4 minutos\" \/>\n<script type=\"application\/ld+json\" class=\"yoast-schema-graph\">{\"@context\":\"https:\/\/schema.org\",\"@graph\":[{\"@type\":\"WebSite\",\"@id\":\"https:\/\/franciscanos.org.br\/noticias\/#website\",\"url\":\"https:\/\/franciscanos.org.br\/noticias\/\",\"name\":\"Not\u00edcias - Franciscanos\",\"description\":\"Prov\u00edncia Franciscana da Imaculada Concei\u00e7\u00e3o do Brasil - Ordem dos Frades Menores - OFM\",\"potentialAction\":[{\"@type\":\"SearchAction\",\"target\":{\"@type\":\"EntryPoint\",\"urlTemplate\":\"https:\/\/franciscanos.org.br\/noticias\/?s={search_term_string}\"},\"query-input\":\"required name=search_term_string\"}],\"inLanguage\":\"pt-BR\"},{\"@type\":\"ImageObject\",\"inLanguage\":\"pt-BR\",\"@id\":\"https:\/\/franciscanos.org.br\/noticias\/quanto-bem-nos-fara-ter-a-coragem-de-fazer-cair-no-chao-as-pedras-que-lancamos-contra-os-outros.html#primaryimage\",\"url\":\"https:\/\/franciscanos.org.br\/noticias\/wp-content\/uploads\/2016\/03\/papa_13-1.jpg\",\"contentUrl\":\"https:\/\/franciscanos.org.br\/noticias\/wp-content\/uploads\/2016\/03\/papa_13-1.jpg\",\"width\":800,\"height\":599},{\"@type\":\"WebPage\",\"@id\":\"https:\/\/franciscanos.org.br\/noticias\/quanto-bem-nos-fara-ter-a-coragem-de-fazer-cair-no-chao-as-pedras-que-lancamos-contra-os-outros.html#webpage\",\"url\":\"https:\/\/franciscanos.org.br\/noticias\/quanto-bem-nos-fara-ter-a-coragem-de-fazer-cair-no-chao-as-pedras-que-lancamos-contra-os-outros.html\",\"name\":\"\\\"Quanto bem nos far\u00e1 ter a coragem de fazer cair no ch\u00e3o as pedras que lan\u00e7amos contra os outros\\\" - Not\u00edcias - Franciscanos\",\"isPartOf\":{\"@id\":\"https:\/\/franciscanos.org.br\/noticias\/#website\"},\"primaryImageOfPage\":{\"@id\":\"https:\/\/franciscanos.org.br\/noticias\/quanto-bem-nos-fara-ter-a-coragem-de-fazer-cair-no-chao-as-pedras-que-lancamos-contra-os-outros.html#primaryimage\"},\"datePublished\":\"2016-03-14T09:06:45+00:00\",\"dateModified\":\"2020-06-09T22:12:14+00:00\",\"author\":{\"@id\":\"https:\/\/franciscanos.org.br\/noticias\/#\/schema\/person\/b38fbf43118f02820bd932f2e4b14ad3\"},\"breadcrumb\":{\"@id\":\"https:\/\/franciscanos.org.br\/noticias\/quanto-bem-nos-fara-ter-a-coragem-de-fazer-cair-no-chao-as-pedras-que-lancamos-contra-os-outros.html#breadcrumb\"},\"inLanguage\":\"pt-BR\",\"potentialAction\":[{\"@type\":\"ReadAction\",\"target\":[\"https:\/\/franciscanos.org.br\/noticias\/quanto-bem-nos-fara-ter-a-coragem-de-fazer-cair-no-chao-as-pedras-que-lancamos-contra-os-outros.html\"]}]},{\"@type\":\"BreadcrumbList\",\"@id\":\"https:\/\/franciscanos.org.br\/noticias\/quanto-bem-nos-fara-ter-a-coragem-de-fazer-cair-no-chao-as-pedras-que-lancamos-contra-os-outros.html#breadcrumb\",\"itemListElement\":[{\"@type\":\"ListItem\",\"position\":1,\"name\":\"Home\",\"item\":\"https:\/\/franciscanos.org.br\/noticias\"},{\"@type\":\"ListItem\",\"position\":2,\"name\":\"&#8220;Quanto bem nos far\u00e1 ter a coragem de fazer cair no ch\u00e3o as pedras que lan\u00e7amos contra os outros&#8221;\"}]},{\"@type\":\"Person\",\"@id\":\"https:\/\/franciscanos.org.br\/noticias\/#\/schema\/person\/b38fbf43118f02820bd932f2e4b14ad3\",\"name\":\"admin\",\"image\":{\"@type\":\"ImageObject\",\"inLanguage\":\"pt-BR\",\"@id\":\"https:\/\/franciscanos.org.br\/noticias\/#\/schema\/person\/image\/\",\"url\":\"https:\/\/secure.gravatar.com\/avatar\/e8495742d34d0ba6448ea1c628263b3e?s=96&d=mm&r=g\",\"contentUrl\":\"https:\/\/secure.gravatar.com\/avatar\/e8495742d34d0ba6448ea1c628263b3e?s=96&d=mm&r=g\",\"caption\":\"admin\"},\"url\":\"https:\/\/franciscanos.org.br\/noticias\/author\/admin\"}]}<\/script>\n<!-- \/ Yoast SEO plugin. -->","yoast_head_json":{"title":"\"Quanto bem nos far\u00e1 ter a coragem de fazer cair no ch\u00e3o as pedras que lan\u00e7amos contra os outros\" - Not\u00edcias - Franciscanos","robots":{"index":"index","follow":"follow","max-snippet":"max-snippet:-1","max-image-preview":"max-image-preview:large","max-video-preview":"max-video-preview:-1"},"canonical":"https:\/\/franciscanos.org.br\/noticias\/quanto-bem-nos-fara-ter-a-coragem-de-fazer-cair-no-chao-as-pedras-que-lancamos-contra-os-outros.html","og_locale":"pt_BR","og_type":"article","og_title":"\"Quanto bem nos far\u00e1 ter a coragem de fazer cair no ch\u00e3o as pedras que lan\u00e7amos contra os outros\" - Not\u00edcias - Franciscanos","og_description":"Angelus","og_url":"https:\/\/franciscanos.org.br\/noticias\/quanto-bem-nos-fara-ter-a-coragem-de-fazer-cair-no-chao-as-pedras-que-lancamos-contra-os-outros.html","og_site_name":"Not\u00edcias - Franciscanos","article_published_time":"2016-03-14T09:06:45+00:00","article_modified_time":"2020-06-09T22:12:14+00:00","og_image":[{"width":800,"height":599,"url":"https:\/\/franciscanos.org.br\/noticias\/wp-content\/uploads\/2016\/03\/papa_13-1.jpg","type":"image\/jpeg"}],"author":"admin","twitter_card":"summary_large_image","twitter_misc":{"Escrito por":"admin","Est. tempo de leitura":"4 minutos"},"schema":{"@context":"https:\/\/schema.org","@graph":[{"@type":"WebSite","@id":"https:\/\/franciscanos.org.br\/noticias\/#website","url":"https:\/\/franciscanos.org.br\/noticias\/","name":"Not\u00edcias - Franciscanos","description":"Prov\u00edncia Franciscana da Imaculada Concei\u00e7\u00e3o do Brasil - Ordem dos Frades Menores - OFM","potentialAction":[{"@type":"SearchAction","target":{"@type":"EntryPoint","urlTemplate":"https:\/\/franciscanos.org.br\/noticias\/?s={search_term_string}"},"query-input":"required name=search_term_string"}],"inLanguage":"pt-BR"},{"@type":"ImageObject","inLanguage":"pt-BR","@id":"https:\/\/franciscanos.org.br\/noticias\/quanto-bem-nos-fara-ter-a-coragem-de-fazer-cair-no-chao-as-pedras-que-lancamos-contra-os-outros.html#primaryimage","url":"https:\/\/franciscanos.org.br\/noticias\/wp-content\/uploads\/2016\/03\/papa_13-1.jpg","contentUrl":"https:\/\/franciscanos.org.br\/noticias\/wp-content\/uploads\/2016\/03\/papa_13-1.jpg","width":800,"height":599},{"@type":"WebPage","@id":"https:\/\/franciscanos.org.br\/noticias\/quanto-bem-nos-fara-ter-a-coragem-de-fazer-cair-no-chao-as-pedras-que-lancamos-contra-os-outros.html#webpage","url":"https:\/\/franciscanos.org.br\/noticias\/quanto-bem-nos-fara-ter-a-coragem-de-fazer-cair-no-chao-as-pedras-que-lancamos-contra-os-outros.html","name":"\"Quanto bem nos far\u00e1 ter a coragem de fazer cair no ch\u00e3o as pedras que lan\u00e7amos contra os outros\" - Not\u00edcias - Franciscanos","isPartOf":{"@id":"https:\/\/franciscanos.org.br\/noticias\/#website"},"primaryImageOfPage":{"@id":"https:\/\/franciscanos.org.br\/noticias\/quanto-bem-nos-fara-ter-a-coragem-de-fazer-cair-no-chao-as-pedras-que-lancamos-contra-os-outros.html#primaryimage"},"datePublished":"2016-03-14T09:06:45+00:00","dateModified":"2020-06-09T22:12:14+00:00","author":{"@id":"https:\/\/franciscanos.org.br\/noticias\/#\/schema\/person\/b38fbf43118f02820bd932f2e4b14ad3"},"breadcrumb":{"@id":"https:\/\/franciscanos.org.br\/noticias\/quanto-bem-nos-fara-ter-a-coragem-de-fazer-cair-no-chao-as-pedras-que-lancamos-contra-os-outros.html#breadcrumb"},"inLanguage":"pt-BR","potentialAction":[{"@type":"ReadAction","target":["https:\/\/franciscanos.org.br\/noticias\/quanto-bem-nos-fara-ter-a-coragem-de-fazer-cair-no-chao-as-pedras-que-lancamos-contra-os-outros.html"]}]},{"@type":"BreadcrumbList","@id":"https:\/\/franciscanos.org.br\/noticias\/quanto-bem-nos-fara-ter-a-coragem-de-fazer-cair-no-chao-as-pedras-que-lancamos-contra-os-outros.html#breadcrumb","itemListElement":[{"@type":"ListItem","position":1,"name":"Home","item":"https:\/\/franciscanos.org.br\/noticias"},{"@type":"ListItem","position":2,"name":"&#8220;Quanto bem nos far\u00e1 ter a coragem de fazer cair no ch\u00e3o as pedras que lan\u00e7amos contra os outros&#8221;"}]},{"@type":"Person","@id":"https:\/\/franciscanos.org.br\/noticias\/#\/schema\/person\/b38fbf43118f02820bd932f2e4b14ad3","name":"admin","image":{"@type":"ImageObject","inLanguage":"pt-BR","@id":"https:\/\/franciscanos.org.br\/noticias\/#\/schema\/person\/image\/","url":"https:\/\/secure.gravatar.com\/avatar\/e8495742d34d0ba6448ea1c628263b3e?s=96&d=mm&r=g","contentUrl":"https:\/\/secure.gravatar.com\/avatar\/e8495742d34d0ba6448ea1c628263b3e?s=96&d=mm&r=g","caption":"admin"},"url":"https:\/\/franciscanos.org.br\/noticias\/author\/admin"}]}},"_links":{"self":[{"href":"https:\/\/franciscanos.org.br\/noticias\/wp-json\/wp\/v2\/posts\/105833"}],"collection":[{"href":"https:\/\/franciscanos.org.br\/noticias\/wp-json\/wp\/v2\/posts"}],"about":[{"href":"https:\/\/franciscanos.org.br\/noticias\/wp-json\/wp\/v2\/types\/post"}],"author":[{"embeddable":true,"href":"https:\/\/franciscanos.org.br\/noticias\/wp-json\/wp\/v2\/users\/1"}],"replies":[{"embeddable":true,"href":"https:\/\/franciscanos.org.br\/noticias\/wp-json\/wp\/v2\/comments?post=105833"}],"version-history":[{"count":2,"href":"https:\/\/franciscanos.org.br\/noticias\/wp-json\/wp\/v2\/posts\/105833\/revisions"}],"predecessor-version":[{"id":225754,"href":"https:\/\/franciscanos.org.br\/noticias\/wp-json\/wp\/v2\/posts\/105833\/revisions\/225754"}],"wp:featuredmedia":[{"embeddable":true,"href":"https:\/\/franciscanos.org.br\/noticias\/wp-json\/wp\/v2\/media\/223764"}],"wp:attachment":[{"href":"https:\/\/franciscanos.org.br\/noticias\/wp-json\/wp\/v2\/media?parent=105833"}],"wp:term":[{"taxonomy":"category","embeddable":true,"href":"https:\/\/franciscanos.org.br\/noticias\/wp-json\/wp\/v2\/categories?post=105833"},{"taxonomy":"post_tag","embeddable":true,"href":"https:\/\/franciscanos.org.br\/noticias\/wp-json\/wp\/v2\/tags?post=105833"}],"curies":[{"name":"wp","href":"https:\/\/api.w.org\/{rel}","templated":true}]}}