{"id":10543,"date":"2012-01-10T16:30:04","date_gmt":"2012-01-10T18:30:04","guid":{"rendered":"http:\/\/new.franciscanos.org.br\/?p=10543"},"modified":"2019-09-13T12:50:10","modified_gmt":"2019-09-13T15:50:10","slug":"coracao-missionario","status":"publish","type":"post","link":"https:\/\/franciscanos.org.br\/noticias\/coracao-missionario.html","title":{"rendered":"Cora\u00e7\u00e3o mission\u00e1rio"},"content":{"rendered":"<p><a href=\"http:\/\/franciscanos.org.br\/wp-content\/uploads\/2012\/01\/missao_g060112.jpg\"><br \/>\n<img loading=\"lazy\" class=\"alignright size-full wp-image-10544\" title=\"Rio Kwanza de Angola\" src=\"http:\/\/franciscanos.org.br\/wp-content\/uploads\/2012\/01\/missao_g060112.jpg\" alt=\"\" width=\"400\" height=\"266\" \/><\/a>O cora\u00e7\u00e3o mission\u00e1rio n\u00e3o tem nome, n\u00e3o tem local, n\u00e3o tem carro, n\u00e3o tem rumo, apenas possuiu um \u00fanico morador, Jesus Cristo. Ele \u00e9 o \u00fanico habitante deste cora\u00e7\u00e3o. Ele \u00e9 o \u00fanico dono, e \u00e9 por ele e nele que tudo se torna poss\u00edvel. O cora\u00e7\u00e3o mission\u00e1rio \u00e9 aquele que de tanto amor desejou entregar at\u00e9 o pr\u00f3prio cora\u00e7\u00e3o para que, sendo de Cristo, pudesse fazer aquilo que o Senhor suscitar.<\/p>\n<p>O cora\u00e7\u00e3o mission\u00e1rio n\u00e3o se apega a pequenas coisas, mas percebe nelas a grandeza do amor de Deus. Este cora\u00e7\u00e3o que tanto falo \u00e9 um cora\u00e7\u00e3o que n\u00e3o tem nome, muito menos pertence a um povo. Este cora\u00e7\u00e3o s\u00f3 pode ser crist\u00e3o. Eis que o Senhor nos deixou um legado, o do amor. Santo Agostinho afirma \u201cama e faze o que queres\u201d. Aquele que ama, ama simplesmente. O amor tudo suporta, tudo vence. \u00c9 este o conte\u00fado do cora\u00e7\u00e3o mission\u00e1rio.<\/p>\n<p>Haveria outra explica\u00e7\u00e3o para tal empenho e tamanha dedica\u00e7\u00e3o. Tenho encontrado mission\u00e1rios que j\u00e1 est\u00e3o longe de sua p\u00e1tria h\u00e1 10, 20, 40 anos. Tudo porque neles existe um cora\u00e7\u00e3o mission\u00e1rio.<\/p>\n<p>Em terras Angolanas a vida do mission\u00e1rio \u00e9 constantemente posto a prova, prova esta que se equipara aquela da transforma\u00e7\u00e3o e valora\u00e7\u00e3o do ouro. O ouro para se tornar belo e radiante passa in\u00fameras vezes pelo fogo. O cora\u00e7\u00e3o mission\u00e1rio tamb\u00e9m passa pelo fogo. Fogo do desconforto, da inseguran\u00e7a, da saudade da fam\u00edlia, da falta de energia el\u00e9trica, do calor intenso, da burocracia nas documenta\u00e7\u00f5es. Mas, a tudo isso o cora\u00e7\u00e3o mission\u00e1rio vence, n\u00e3o porque ele pulsa dentro de um peito forte e sim por ser habitado pelo Esp\u00edrito do Senhor e seu santo modo de operar.<\/p>\n<p>O cora\u00e7\u00e3o mission\u00e1rio, e, agora acrescento, franciscano, busca for\u00e7as nas \u00e1guas mais entranhadas da fonte l\u00edmpida que brota da mesa eucar\u00edstica. Sim, \u00e9 a ora\u00e7\u00e3o, a grande for\u00e7a e energia revitalizadora do cora\u00e7\u00e3o mission\u00e1rio. Sem a ora\u00e7\u00e3o facilmente se entraria em crise e as dificuldades superariam a fineza da alma atrelada a de Cristo.<\/p>\n<p>Na experi\u00eancia em que estou a viver de miss\u00e3o em Angola, onde os frades franciscanos h\u00e1 duas d\u00e9cadas est\u00e3o, pude perceber o cuidado e a dedica\u00e7\u00e3o para com a ora\u00e7\u00e3o. Assim \u00e9 o cora\u00e7\u00e3o mission\u00e1rio franciscano, ancora sua embarca\u00e7\u00e3o aos p\u00e9s do altar e dal\u00ed n\u00e3o arreda o p\u00e9. Este esp\u00edrito de ora\u00e7\u00e3o e devo\u00e7\u00e3o, o qual o nosso ser\u00e1fico Pai aspirava que seu frades vivessem, ainda hoje \u00e9 forma viva no cora\u00e7\u00e3o mission\u00e1rio.<\/p>\n<p>Certa vez, conta a tradi\u00e7\u00e3o franciscana, que o Ser\u00e1fico Pai convidou um dos irm\u00e3os a pregar na cidade. Rumaram-se ambos para a estrada que levava ao vilarejo. Dois irm\u00e3os com h\u00e1bito pobre caminhavam lado a lado, sem pressa, por\u00e9m com passos firmes. Ap\u00f3s uma jornada de algumas horas, certamente estavam cansados, pois haviam percorrido toda a cidade. Silenciosamente ambos voltaram para o seio da fraternidade. Assim que chegaram exaustos, o irm\u00e3o que Frei Francisco havia convidado indagou o m\u00f3vito de n\u00e3o tinham pregado. O santo homem olhou generosamente para o irm\u00e3o e com palavras doces e firmes assegurou-o que haviam sim pregado aquela manh\u00e3 toda, por meio de suas vidas.<\/p>\n<p>Eis o esp\u00edrito de ora\u00e7\u00e3o e devo\u00e7\u00e3o que nos ensina nosso Ser\u00e1fico Pai. N\u00e3o s\u00e3o as palavras e sim os exemplos, n\u00e3o s\u00e3o as grandes orat\u00f3rias e sim o testemunho. Eis o modo de ser mission\u00e1rio franciscano. O cora\u00e7\u00e3o mission\u00e1rio franciscano mesmo com a boca fechada anuncia ao mundo a generosidade do cora\u00e7\u00e3o divino.<\/p>\n<p>Quero aqui relatar um fato que me deixou comovido. Estava a visitar meus confrades em uma das casas da miss\u00e3o quando fui convidado por um irm\u00e3o a dar uma volta pela regi\u00e3o. Ansiosamente aceitei e naquela Toyota velha, penso que seja a mais velha da miss\u00e3o, ainda do tempo da guerra, segurando daqui apoiando de l\u00e1, ia atentamente conhecendo a regi\u00e3o. Por\u00e9m, o que me causou admira\u00e7\u00e3o n\u00e3o foi o externo do carro 4&#215;4, e sim aquele confrade que por onde passava ia chamando a uns, provocando a outros. \u00c0s mamas com feixe de lenha na cabe\u00e7a e um mi\u00fado amarrado nas costas ele carinhosamente gritava: \u201cBoa tarde mama, como \u00e9?\u201d e elas com um sorriso correspondendo ao carinho recebido diziam, \u201cbom dia pai, vou bem, obrigado!\u201d<\/p>\n<p>O reino de Deus \u00e9 isso, amor cordial, amor de pai, amor de m\u00e3e, amor de filhos. Assim \u00e9 o cora\u00e7\u00e3o mission\u00e1rio que com generosidade antes mesmo de enxergar os defeitos e espinhos dos outros, percebe a bela rosa que est\u00e1 por florir. O cora\u00e7\u00e3o mission\u00e1rio n\u00e3o coloca a sua vontade por primeiro e sim aquele do cora\u00e7\u00e3o de Deus.<\/p>\n<p>Frei Sim\u00e3o Lagiski, que durante 10 anos foi mission\u00e1rio em Angola, mesmo de idade avan\u00e7ada n\u00e3o quis deixar a miss\u00e3o, com for\u00e7a e f\u00e9 continuou, at\u00e9 o dia em que foi levado as pressas ao Brasil para um tratamento, de onde fez sua passagem para a casa do pai. Como a dele h\u00e1 muitas hist\u00f3rias que poderia ser contadas aqui de mission\u00e1rios que deram a vida por causa do Reino.<\/p>\n<p>Por onde passar ir\u00e1 ver as maravilhas de um povo rico em cultura e diversidade. Por onde seus p\u00e9s pisar ir\u00e1 conhecer as maravilhas que Deus te revela. Por onde o cora\u00e7\u00e3o mission\u00e1rio for o Senhor estar\u00e1 com ele e lhe apontar\u00e1 as suas maravilhas.<\/p>\n<p>O cora\u00e7\u00e3o mission\u00e1rio franciscano por onde passa deixa marcas profundas, marcas estas que transformam as folhas secas, tristes e podres em adubos que enriquecem o solo para receber a semente da miss\u00e3o. Por onde tenho andado em Angola tenho percebido algo de muito especial, o respeito para com o mission\u00e1rio. O mission\u00e1rio vem para ser instrumento de paz. Vem trazendo na bagagem muita boa vontade e for\u00e7a para promover a transforma\u00e7\u00e3o social. Do mesmo modo, o cora\u00e7\u00e3o mission\u00e1rio, seja em terras angolanas ou em qualquer parte deste planeta faz a mesma coisa. Leva o amor consigo. Amor este que fortalece e alimenta a locomotiva do Reino de Deus.<\/p>\n<p>&nbsp;<\/p>\n","protected":false},"excerpt":{"rendered":"<p>Miss\u00e3o de Angola<\/p>\n","protected":false},"author":1,"featured_media":210856,"comment_status":"open","ping_status":"open","sticky":false,"template":"","format":"standard","meta":[],"categories":[1],"tags":[109,52,122],"acf":[],"yoast_head":"<!-- This site is optimized with the Yoast SEO plugin v19.2 - https:\/\/yoast.com\/wordpress\/plugins\/seo\/ -->\n<title>Cora\u00e7\u00e3o mission\u00e1rio - Not\u00edcias - Franciscanos<\/title>\n<meta name=\"robots\" content=\"index, follow, max-snippet:-1, max-image-preview:large, max-video-preview:-1\" \/>\n<link rel=\"canonical\" href=\"https:\/\/franciscanos.org.br\/noticias\/coracao-missionario.html\" \/>\n<meta property=\"og:locale\" content=\"pt_BR\" \/>\n<meta property=\"og:type\" content=\"article\" \/>\n<meta property=\"og:title\" content=\"Cora\u00e7\u00e3o mission\u00e1rio - Not\u00edcias - Franciscanos\" \/>\n<meta property=\"og:description\" content=\"Miss\u00e3o de Angola\" \/>\n<meta property=\"og:url\" content=\"https:\/\/franciscanos.org.br\/noticias\/coracao-missionario.html\" \/>\n<meta property=\"og:site_name\" content=\"Not\u00edcias - Franciscanos\" \/>\n<meta property=\"article:published_time\" content=\"2012-01-10T18:30:04+00:00\" \/>\n<meta property=\"article:modified_time\" content=\"2019-09-13T15:50:10+00:00\" \/>\n<meta property=\"og:image\" content=\"https:\/\/franciscanos.org.br\/noticias\/wp-content\/uploads\/2012\/01\/missao_g060112.jpg\" \/>\n\t<meta property=\"og:image:width\" content=\"273\" \/>\n\t<meta property=\"og:image:height\" content=\"182\" \/>\n\t<meta property=\"og:image:type\" content=\"image\/jpeg\" \/>\n<meta name=\"author\" content=\"admin\" \/>\n<meta name=\"twitter:card\" content=\"summary_large_image\" \/>\n<meta name=\"twitter:label1\" content=\"Escrito por\" \/>\n\t<meta name=\"twitter:data1\" content=\"admin\" \/>\n\t<meta name=\"twitter:label2\" content=\"Est. tempo de leitura\" \/>\n\t<meta name=\"twitter:data2\" content=\"5 minutos\" \/>\n<script type=\"application\/ld+json\" class=\"yoast-schema-graph\">{\"@context\":\"https:\/\/schema.org\",\"@graph\":[{\"@type\":\"WebSite\",\"@id\":\"https:\/\/franciscanos.org.br\/noticias\/#website\",\"url\":\"https:\/\/franciscanos.org.br\/noticias\/\",\"name\":\"Not\u00edcias - Franciscanos\",\"description\":\"Prov\u00edncia Franciscana da Imaculada Concei\u00e7\u00e3o do Brasil - Ordem dos Frades Menores - OFM\",\"potentialAction\":[{\"@type\":\"SearchAction\",\"target\":{\"@type\":\"EntryPoint\",\"urlTemplate\":\"https:\/\/franciscanos.org.br\/noticias\/?s={search_term_string}\"},\"query-input\":\"required name=search_term_string\"}],\"inLanguage\":\"pt-BR\"},{\"@type\":\"ImageObject\",\"inLanguage\":\"pt-BR\",\"@id\":\"https:\/\/franciscanos.org.br\/noticias\/coracao-missionario.html#primaryimage\",\"url\":\"https:\/\/franciscanos.org.br\/noticias\/wp-content\/uploads\/2012\/01\/missao_g060112.jpg\",\"contentUrl\":\"https:\/\/franciscanos.org.br\/noticias\/wp-content\/uploads\/2012\/01\/missao_g060112.jpg\",\"width\":273,\"height\":182},{\"@type\":\"WebPage\",\"@id\":\"https:\/\/franciscanos.org.br\/noticias\/coracao-missionario.html#webpage\",\"url\":\"https:\/\/franciscanos.org.br\/noticias\/coracao-missionario.html\",\"name\":\"Cora\u00e7\u00e3o mission\u00e1rio - Not\u00edcias - Franciscanos\",\"isPartOf\":{\"@id\":\"https:\/\/franciscanos.org.br\/noticias\/#website\"},\"primaryImageOfPage\":{\"@id\":\"https:\/\/franciscanos.org.br\/noticias\/coracao-missionario.html#primaryimage\"},\"datePublished\":\"2012-01-10T18:30:04+00:00\",\"dateModified\":\"2019-09-13T15:50:10+00:00\",\"author\":{\"@id\":\"https:\/\/franciscanos.org.br\/noticias\/#\/schema\/person\/b38fbf43118f02820bd932f2e4b14ad3\"},\"breadcrumb\":{\"@id\":\"https:\/\/franciscanos.org.br\/noticias\/coracao-missionario.html#breadcrumb\"},\"inLanguage\":\"pt-BR\",\"potentialAction\":[{\"@type\":\"ReadAction\",\"target\":[\"https:\/\/franciscanos.org.br\/noticias\/coracao-missionario.html\"]}]},{\"@type\":\"BreadcrumbList\",\"@id\":\"https:\/\/franciscanos.org.br\/noticias\/coracao-missionario.html#breadcrumb\",\"itemListElement\":[{\"@type\":\"ListItem\",\"position\":1,\"name\":\"Home\",\"item\":\"https:\/\/franciscanos.org.br\/noticias\"},{\"@type\":\"ListItem\",\"position\":2,\"name\":\"Cora\u00e7\u00e3o mission\u00e1rio\"}]},{\"@type\":\"Person\",\"@id\":\"https:\/\/franciscanos.org.br\/noticias\/#\/schema\/person\/b38fbf43118f02820bd932f2e4b14ad3\",\"name\":\"admin\",\"image\":{\"@type\":\"ImageObject\",\"inLanguage\":\"pt-BR\",\"@id\":\"https:\/\/franciscanos.org.br\/noticias\/#\/schema\/person\/image\/\",\"url\":\"https:\/\/secure.gravatar.com\/avatar\/e8495742d34d0ba6448ea1c628263b3e?s=96&d=mm&r=g\",\"contentUrl\":\"https:\/\/secure.gravatar.com\/avatar\/e8495742d34d0ba6448ea1c628263b3e?s=96&d=mm&r=g\",\"caption\":\"admin\"},\"url\":\"https:\/\/franciscanos.org.br\/noticias\/author\/admin\"}]}<\/script>\n<!-- \/ Yoast SEO plugin. -->","yoast_head_json":{"title":"Cora\u00e7\u00e3o mission\u00e1rio - Not\u00edcias - Franciscanos","robots":{"index":"index","follow":"follow","max-snippet":"max-snippet:-1","max-image-preview":"max-image-preview:large","max-video-preview":"max-video-preview:-1"},"canonical":"https:\/\/franciscanos.org.br\/noticias\/coracao-missionario.html","og_locale":"pt_BR","og_type":"article","og_title":"Cora\u00e7\u00e3o mission\u00e1rio - Not\u00edcias - Franciscanos","og_description":"Miss\u00e3o de Angola","og_url":"https:\/\/franciscanos.org.br\/noticias\/coracao-missionario.html","og_site_name":"Not\u00edcias - Franciscanos","article_published_time":"2012-01-10T18:30:04+00:00","article_modified_time":"2019-09-13T15:50:10+00:00","og_image":[{"width":273,"height":182,"url":"https:\/\/franciscanos.org.br\/noticias\/wp-content\/uploads\/2012\/01\/missao_g060112.jpg","type":"image\/jpeg"}],"author":"admin","twitter_card":"summary_large_image","twitter_misc":{"Escrito por":"admin","Est. tempo de leitura":"5 minutos"},"schema":{"@context":"https:\/\/schema.org","@graph":[{"@type":"WebSite","@id":"https:\/\/franciscanos.org.br\/noticias\/#website","url":"https:\/\/franciscanos.org.br\/noticias\/","name":"Not\u00edcias - Franciscanos","description":"Prov\u00edncia Franciscana da Imaculada Concei\u00e7\u00e3o do Brasil - Ordem dos Frades Menores - OFM","potentialAction":[{"@type":"SearchAction","target":{"@type":"EntryPoint","urlTemplate":"https:\/\/franciscanos.org.br\/noticias\/?s={search_term_string}"},"query-input":"required name=search_term_string"}],"inLanguage":"pt-BR"},{"@type":"ImageObject","inLanguage":"pt-BR","@id":"https:\/\/franciscanos.org.br\/noticias\/coracao-missionario.html#primaryimage","url":"https:\/\/franciscanos.org.br\/noticias\/wp-content\/uploads\/2012\/01\/missao_g060112.jpg","contentUrl":"https:\/\/franciscanos.org.br\/noticias\/wp-content\/uploads\/2012\/01\/missao_g060112.jpg","width":273,"height":182},{"@type":"WebPage","@id":"https:\/\/franciscanos.org.br\/noticias\/coracao-missionario.html#webpage","url":"https:\/\/franciscanos.org.br\/noticias\/coracao-missionario.html","name":"Cora\u00e7\u00e3o mission\u00e1rio - Not\u00edcias - Franciscanos","isPartOf":{"@id":"https:\/\/franciscanos.org.br\/noticias\/#website"},"primaryImageOfPage":{"@id":"https:\/\/franciscanos.org.br\/noticias\/coracao-missionario.html#primaryimage"},"datePublished":"2012-01-10T18:30:04+00:00","dateModified":"2019-09-13T15:50:10+00:00","author":{"@id":"https:\/\/franciscanos.org.br\/noticias\/#\/schema\/person\/b38fbf43118f02820bd932f2e4b14ad3"},"breadcrumb":{"@id":"https:\/\/franciscanos.org.br\/noticias\/coracao-missionario.html#breadcrumb"},"inLanguage":"pt-BR","potentialAction":[{"@type":"ReadAction","target":["https:\/\/franciscanos.org.br\/noticias\/coracao-missionario.html"]}]},{"@type":"BreadcrumbList","@id":"https:\/\/franciscanos.org.br\/noticias\/coracao-missionario.html#breadcrumb","itemListElement":[{"@type":"ListItem","position":1,"name":"Home","item":"https:\/\/franciscanos.org.br\/noticias"},{"@type":"ListItem","position":2,"name":"Cora\u00e7\u00e3o mission\u00e1rio"}]},{"@type":"Person","@id":"https:\/\/franciscanos.org.br\/noticias\/#\/schema\/person\/b38fbf43118f02820bd932f2e4b14ad3","name":"admin","image":{"@type":"ImageObject","inLanguage":"pt-BR","@id":"https:\/\/franciscanos.org.br\/noticias\/#\/schema\/person\/image\/","url":"https:\/\/secure.gravatar.com\/avatar\/e8495742d34d0ba6448ea1c628263b3e?s=96&d=mm&r=g","contentUrl":"https:\/\/secure.gravatar.com\/avatar\/e8495742d34d0ba6448ea1c628263b3e?s=96&d=mm&r=g","caption":"admin"},"url":"https:\/\/franciscanos.org.br\/noticias\/author\/admin"}]}},"_links":{"self":[{"href":"https:\/\/franciscanos.org.br\/noticias\/wp-json\/wp\/v2\/posts\/10543"}],"collection":[{"href":"https:\/\/franciscanos.org.br\/noticias\/wp-json\/wp\/v2\/posts"}],"about":[{"href":"https:\/\/franciscanos.org.br\/noticias\/wp-json\/wp\/v2\/types\/post"}],"author":[{"embeddable":true,"href":"https:\/\/franciscanos.org.br\/noticias\/wp-json\/wp\/v2\/users\/1"}],"replies":[{"embeddable":true,"href":"https:\/\/franciscanos.org.br\/noticias\/wp-json\/wp\/v2\/comments?post=10543"}],"version-history":[{"count":0,"href":"https:\/\/franciscanos.org.br\/noticias\/wp-json\/wp\/v2\/posts\/10543\/revisions"}],"wp:featuredmedia":[{"embeddable":true,"href":"https:\/\/franciscanos.org.br\/noticias\/wp-json\/wp\/v2\/media\/210856"}],"wp:attachment":[{"href":"https:\/\/franciscanos.org.br\/noticias\/wp-json\/wp\/v2\/media?parent=10543"}],"wp:term":[{"taxonomy":"category","embeddable":true,"href":"https:\/\/franciscanos.org.br\/noticias\/wp-json\/wp\/v2\/categories?post=10543"},{"taxonomy":"post_tag","embeddable":true,"href":"https:\/\/franciscanos.org.br\/noticias\/wp-json\/wp\/v2\/tags?post=10543"}],"curies":[{"name":"wp","href":"https:\/\/api.w.org\/{rel}","templated":true}]}}