{"id":105422,"date":"2016-03-07T08:34:50","date_gmt":"2016-03-07T11:34:50","guid":{"rendered":"http:\/\/franciscanos.org.br\/?p=105422"},"modified":"2020-02-11T13:15:10","modified_gmt":"2020-02-11T16:15:10","slug":"paroquia-sao-paulo-apostolo-de-agudos-recebeu-reliquia-de-sao-francisco-de-assis","status":"publish","type":"post","link":"https:\/\/franciscanos.org.br\/noticias\/paroquia-sao-paulo-apostolo-de-agudos-recebeu-reliquia-de-sao-francisco-de-assis.html","title":{"rendered":"Par\u00f3quia S\u00e3o Paulo Ap\u00f3stolo recebe rel\u00edquia de S\u00e3o Francisco"},"content":{"rendered":"<p><a href=\"http:\/\/franciscanos.org.br\/wp-content\/uploads\/2016\/03\/agudos-820.jpg\"><img loading=\"lazy\" src=\"http:\/\/franciscanos.org.br\/wp-content\/uploads\/2016\/03\/agudos-820.jpg\" alt=\"agudos-820\" width=\"820\" height=\"442\" \/><\/a><\/p>\n<p>Neste domingo (06\/03), a Par\u00f3quia S\u00e3o Paulo Ap\u00f3stolo de Agudos recebeu a rel\u00edquia de S\u00e3o Francisco de Assis. A iniciativa ser\u00e1 realizada em todo o Brasil para celebrar os 800 anos da funda\u00e7\u00e3o da Ordem Franciscana Secular (OFS), que ser\u00e1 no ano de 2021.<\/p>\n<p>A programa\u00e7\u00e3o da visita da rel\u00edquia teve in\u00edcio na sexta-feira (04\/03), no Semin\u00e1rio Santo Ant\u00f4nio de Agudos, local onde foi realizada Missa com a presen\u00e7a do Bispo Diocesano Dom Caetano Ferrari. A rel\u00edquia tamb\u00e9m passou pela Par\u00f3quia Santo Ant\u00f4nio de Agudos, comunidade Santa Clara e setor S\u00e3o Francisco de Assis, que faz parte da Par\u00f3quia S\u00e3o Paulo Ap\u00f3stolo.<\/p>\n<p>A rel\u00edquia, acompanhada da imagem do santo, chegaram \u00e0 Par\u00f3quia por volta das 12h do domingo, onde permaneceu durante todo o dia com programa\u00e7\u00e3o que contou com exposi\u00e7\u00e3o da rel\u00edquia e venera\u00e7\u00e3o p\u00fablica, mesa-redonda sobre a Campanha da Fraternidade 2016 e o t\u00e9rmino com Missa solene.<\/p>\n<p>Imagem e rel\u00edquia se despendem da comunidade agudense nesta segunda-feira (07\/03) e seguem para a cidade de C\u00e2ndido Mota (SP).<\/p>\n<p><em>Isabela Gaspar, especial para este site<\/em><\/p>\n","protected":false},"excerpt":{"rendered":"<p>Em Agudos<\/p>\n","protected":false},"author":1,"featured_media":219346,"comment_status":"open","ping_status":"open","sticky":false,"template":"","format":"standard","meta":[],"categories":[1],"tags":[],"acf":[],"yoast_head":"<!-- This site is optimized with the Yoast SEO plugin v19.2 - https:\/\/yoast.com\/wordpress\/plugins\/seo\/ -->\n<title>Par\u00f3quia S\u00e3o Paulo Ap\u00f3stolo recebe rel\u00edquia de S\u00e3o Francisco - Not\u00edcias - Franciscanos<\/title>\n<meta name=\"robots\" content=\"index, follow, max-snippet:-1, max-image-preview:large, max-video-preview:-1\" \/>\n<link rel=\"canonical\" href=\"https:\/\/franciscanos.org.br\/noticias\/paroquia-sao-paulo-apostolo-de-agudos-recebeu-reliquia-de-sao-francisco-de-assis.html\" \/>\n<meta property=\"og:locale\" content=\"pt_BR\" \/>\n<meta property=\"og:type\" content=\"article\" \/>\n<meta property=\"og:title\" content=\"Par\u00f3quia S\u00e3o Paulo Ap\u00f3stolo recebe rel\u00edquia de S\u00e3o Francisco - Not\u00edcias - Franciscanos\" \/>\n<meta property=\"og:description\" content=\"Em Agudos\" \/>\n<meta property=\"og:url\" content=\"https:\/\/franciscanos.org.br\/noticias\/paroquia-sao-paulo-apostolo-de-agudos-recebeu-reliquia-de-sao-francisco-de-assis.html\" \/>\n<meta property=\"og:site_name\" content=\"Not\u00edcias - Franciscanos\" \/>\n<meta property=\"article:published_time\" content=\"2016-03-07T11:34:50+00:00\" \/>\n<meta property=\"article:modified_time\" content=\"2020-02-11T16:15:10+00:00\" \/>\n<meta property=\"og:image\" content=\"https:\/\/franciscanos.org.br\/noticias\/wp-content\/uploads\/2016\/03\/agudos-820.jpg\" \/>\n\t<meta property=\"og:image:width\" content=\"273\" \/>\n\t<meta property=\"og:image:height\" content=\"181\" \/>\n\t<meta property=\"og:image:type\" content=\"image\/jpeg\" \/>\n<meta name=\"author\" content=\"admin\" \/>\n<meta name=\"twitter:card\" content=\"summary_large_image\" \/>\n<meta name=\"twitter:label1\" content=\"Escrito por\" \/>\n\t<meta name=\"twitter:data1\" content=\"admin\" \/>\n\t<meta name=\"twitter:label2\" content=\"Est. tempo de leitura\" \/>\n\t<meta name=\"twitter:data2\" content=\"1 minuto\" \/>\n<script type=\"application\/ld+json\" class=\"yoast-schema-graph\">{\"@context\":\"https:\/\/schema.org\",\"@graph\":[{\"@type\":\"WebSite\",\"@id\":\"https:\/\/franciscanos.org.br\/noticias\/#website\",\"url\":\"https:\/\/franciscanos.org.br\/noticias\/\",\"name\":\"Not\u00edcias - Franciscanos\",\"description\":\"Prov\u00edncia Franciscana da Imaculada Concei\u00e7\u00e3o do Brasil - Ordem dos Frades Menores - OFM\",\"potentialAction\":[{\"@type\":\"SearchAction\",\"target\":{\"@type\":\"EntryPoint\",\"urlTemplate\":\"https:\/\/franciscanos.org.br\/noticias\/?s={search_term_string}\"},\"query-input\":\"required name=search_term_string\"}],\"inLanguage\":\"pt-BR\"},{\"@type\":\"ImageObject\",\"inLanguage\":\"pt-BR\",\"@id\":\"https:\/\/franciscanos.org.br\/noticias\/paroquia-sao-paulo-apostolo-de-agudos-recebeu-reliquia-de-sao-francisco-de-assis.html#primaryimage\",\"url\":\"https:\/\/franciscanos.org.br\/noticias\/wp-content\/uploads\/2016\/03\/agudos-820.jpg\",\"contentUrl\":\"https:\/\/franciscanos.org.br\/noticias\/wp-content\/uploads\/2016\/03\/agudos-820.jpg\",\"width\":273,\"height\":181},{\"@type\":\"WebPage\",\"@id\":\"https:\/\/franciscanos.org.br\/noticias\/paroquia-sao-paulo-apostolo-de-agudos-recebeu-reliquia-de-sao-francisco-de-assis.html#webpage\",\"url\":\"https:\/\/franciscanos.org.br\/noticias\/paroquia-sao-paulo-apostolo-de-agudos-recebeu-reliquia-de-sao-francisco-de-assis.html\",\"name\":\"Par\u00f3quia S\u00e3o Paulo Ap\u00f3stolo recebe rel\u00edquia de S\u00e3o Francisco - Not\u00edcias - Franciscanos\",\"isPartOf\":{\"@id\":\"https:\/\/franciscanos.org.br\/noticias\/#website\"},\"primaryImageOfPage\":{\"@id\":\"https:\/\/franciscanos.org.br\/noticias\/paroquia-sao-paulo-apostolo-de-agudos-recebeu-reliquia-de-sao-francisco-de-assis.html#primaryimage\"},\"datePublished\":\"2016-03-07T11:34:50+00:00\",\"dateModified\":\"2020-02-11T16:15:10+00:00\",\"author\":{\"@id\":\"https:\/\/franciscanos.org.br\/noticias\/#\/schema\/person\/b38fbf43118f02820bd932f2e4b14ad3\"},\"breadcrumb\":{\"@id\":\"https:\/\/franciscanos.org.br\/noticias\/paroquia-sao-paulo-apostolo-de-agudos-recebeu-reliquia-de-sao-francisco-de-assis.html#breadcrumb\"},\"inLanguage\":\"pt-BR\",\"potentialAction\":[{\"@type\":\"ReadAction\",\"target\":[\"https:\/\/franciscanos.org.br\/noticias\/paroquia-sao-paulo-apostolo-de-agudos-recebeu-reliquia-de-sao-francisco-de-assis.html\"]}]},{\"@type\":\"BreadcrumbList\",\"@id\":\"https:\/\/franciscanos.org.br\/noticias\/paroquia-sao-paulo-apostolo-de-agudos-recebeu-reliquia-de-sao-francisco-de-assis.html#breadcrumb\",\"itemListElement\":[{\"@type\":\"ListItem\",\"position\":1,\"name\":\"Home\",\"item\":\"https:\/\/franciscanos.org.br\/noticias\"},{\"@type\":\"ListItem\",\"position\":2,\"name\":\"Par\u00f3quia S\u00e3o Paulo Ap\u00f3stolo recebe rel\u00edquia de S\u00e3o Francisco\"}]},{\"@type\":\"Person\",\"@id\":\"https:\/\/franciscanos.org.br\/noticias\/#\/schema\/person\/b38fbf43118f02820bd932f2e4b14ad3\",\"name\":\"admin\",\"image\":{\"@type\":\"ImageObject\",\"inLanguage\":\"pt-BR\",\"@id\":\"https:\/\/franciscanos.org.br\/noticias\/#\/schema\/person\/image\/\",\"url\":\"https:\/\/secure.gravatar.com\/avatar\/e8495742d34d0ba6448ea1c628263b3e?s=96&d=mm&r=g\",\"contentUrl\":\"https:\/\/secure.gravatar.com\/avatar\/e8495742d34d0ba6448ea1c628263b3e?s=96&d=mm&r=g\",\"caption\":\"admin\"},\"url\":\"https:\/\/franciscanos.org.br\/noticias\/author\/admin\"}]}<\/script>\n<!-- \/ Yoast SEO plugin. -->","yoast_head_json":{"title":"Par\u00f3quia S\u00e3o Paulo Ap\u00f3stolo recebe rel\u00edquia de S\u00e3o Francisco - Not\u00edcias - Franciscanos","robots":{"index":"index","follow":"follow","max-snippet":"max-snippet:-1","max-image-preview":"max-image-preview:large","max-video-preview":"max-video-preview:-1"},"canonical":"https:\/\/franciscanos.org.br\/noticias\/paroquia-sao-paulo-apostolo-de-agudos-recebeu-reliquia-de-sao-francisco-de-assis.html","og_locale":"pt_BR","og_type":"article","og_title":"Par\u00f3quia S\u00e3o Paulo Ap\u00f3stolo recebe rel\u00edquia de S\u00e3o Francisco - Not\u00edcias - Franciscanos","og_description":"Em Agudos","og_url":"https:\/\/franciscanos.org.br\/noticias\/paroquia-sao-paulo-apostolo-de-agudos-recebeu-reliquia-de-sao-francisco-de-assis.html","og_site_name":"Not\u00edcias - Franciscanos","article_published_time":"2016-03-07T11:34:50+00:00","article_modified_time":"2020-02-11T16:15:10+00:00","og_image":[{"width":273,"height":181,"url":"https:\/\/franciscanos.org.br\/noticias\/wp-content\/uploads\/2016\/03\/agudos-820.jpg","type":"image\/jpeg"}],"author":"admin","twitter_card":"summary_large_image","twitter_misc":{"Escrito por":"admin","Est. tempo de leitura":"1 minuto"},"schema":{"@context":"https:\/\/schema.org","@graph":[{"@type":"WebSite","@id":"https:\/\/franciscanos.org.br\/noticias\/#website","url":"https:\/\/franciscanos.org.br\/noticias\/","name":"Not\u00edcias - Franciscanos","description":"Prov\u00edncia Franciscana da Imaculada Concei\u00e7\u00e3o do Brasil - Ordem dos Frades Menores - OFM","potentialAction":[{"@type":"SearchAction","target":{"@type":"EntryPoint","urlTemplate":"https:\/\/franciscanos.org.br\/noticias\/?s={search_term_string}"},"query-input":"required name=search_term_string"}],"inLanguage":"pt-BR"},{"@type":"ImageObject","inLanguage":"pt-BR","@id":"https:\/\/franciscanos.org.br\/noticias\/paroquia-sao-paulo-apostolo-de-agudos-recebeu-reliquia-de-sao-francisco-de-assis.html#primaryimage","url":"https:\/\/franciscanos.org.br\/noticias\/wp-content\/uploads\/2016\/03\/agudos-820.jpg","contentUrl":"https:\/\/franciscanos.org.br\/noticias\/wp-content\/uploads\/2016\/03\/agudos-820.jpg","width":273,"height":181},{"@type":"WebPage","@id":"https:\/\/franciscanos.org.br\/noticias\/paroquia-sao-paulo-apostolo-de-agudos-recebeu-reliquia-de-sao-francisco-de-assis.html#webpage","url":"https:\/\/franciscanos.org.br\/noticias\/paroquia-sao-paulo-apostolo-de-agudos-recebeu-reliquia-de-sao-francisco-de-assis.html","name":"Par\u00f3quia S\u00e3o Paulo Ap\u00f3stolo recebe rel\u00edquia de S\u00e3o Francisco - Not\u00edcias - Franciscanos","isPartOf":{"@id":"https:\/\/franciscanos.org.br\/noticias\/#website"},"primaryImageOfPage":{"@id":"https:\/\/franciscanos.org.br\/noticias\/paroquia-sao-paulo-apostolo-de-agudos-recebeu-reliquia-de-sao-francisco-de-assis.html#primaryimage"},"datePublished":"2016-03-07T11:34:50+00:00","dateModified":"2020-02-11T16:15:10+00:00","author":{"@id":"https:\/\/franciscanos.org.br\/noticias\/#\/schema\/person\/b38fbf43118f02820bd932f2e4b14ad3"},"breadcrumb":{"@id":"https:\/\/franciscanos.org.br\/noticias\/paroquia-sao-paulo-apostolo-de-agudos-recebeu-reliquia-de-sao-francisco-de-assis.html#breadcrumb"},"inLanguage":"pt-BR","potentialAction":[{"@type":"ReadAction","target":["https:\/\/franciscanos.org.br\/noticias\/paroquia-sao-paulo-apostolo-de-agudos-recebeu-reliquia-de-sao-francisco-de-assis.html"]}]},{"@type":"BreadcrumbList","@id":"https:\/\/franciscanos.org.br\/noticias\/paroquia-sao-paulo-apostolo-de-agudos-recebeu-reliquia-de-sao-francisco-de-assis.html#breadcrumb","itemListElement":[{"@type":"ListItem","position":1,"name":"Home","item":"https:\/\/franciscanos.org.br\/noticias"},{"@type":"ListItem","position":2,"name":"Par\u00f3quia S\u00e3o Paulo Ap\u00f3stolo recebe rel\u00edquia de S\u00e3o Francisco"}]},{"@type":"Person","@id":"https:\/\/franciscanos.org.br\/noticias\/#\/schema\/person\/b38fbf43118f02820bd932f2e4b14ad3","name":"admin","image":{"@type":"ImageObject","inLanguage":"pt-BR","@id":"https:\/\/franciscanos.org.br\/noticias\/#\/schema\/person\/image\/","url":"https:\/\/secure.gravatar.com\/avatar\/e8495742d34d0ba6448ea1c628263b3e?s=96&d=mm&r=g","contentUrl":"https:\/\/secure.gravatar.com\/avatar\/e8495742d34d0ba6448ea1c628263b3e?s=96&d=mm&r=g","caption":"admin"},"url":"https:\/\/franciscanos.org.br\/noticias\/author\/admin"}]}},"_links":{"self":[{"href":"https:\/\/franciscanos.org.br\/noticias\/wp-json\/wp\/v2\/posts\/105422"}],"collection":[{"href":"https:\/\/franciscanos.org.br\/noticias\/wp-json\/wp\/v2\/posts"}],"about":[{"href":"https:\/\/franciscanos.org.br\/noticias\/wp-json\/wp\/v2\/types\/post"}],"author":[{"embeddable":true,"href":"https:\/\/franciscanos.org.br\/noticias\/wp-json\/wp\/v2\/users\/1"}],"replies":[{"embeddable":true,"href":"https:\/\/franciscanos.org.br\/noticias\/wp-json\/wp\/v2\/comments?post=105422"}],"version-history":[{"count":0,"href":"https:\/\/franciscanos.org.br\/noticias\/wp-json\/wp\/v2\/posts\/105422\/revisions"}],"wp:featuredmedia":[{"embeddable":true,"href":"https:\/\/franciscanos.org.br\/noticias\/wp-json\/wp\/v2\/media\/219346"}],"wp:attachment":[{"href":"https:\/\/franciscanos.org.br\/noticias\/wp-json\/wp\/v2\/media?parent=105422"}],"wp:term":[{"taxonomy":"category","embeddable":true,"href":"https:\/\/franciscanos.org.br\/noticias\/wp-json\/wp\/v2\/categories?post=105422"},{"taxonomy":"post_tag","embeddable":true,"href":"https:\/\/franciscanos.org.br\/noticias\/wp-json\/wp\/v2\/tags?post=105422"}],"curies":[{"name":"wp","href":"https:\/\/api.w.org\/{rel}","templated":true}]}}