{"id":105288,"date":"2016-03-03T13:15:56","date_gmt":"2016-03-03T16:15:56","guid":{"rendered":"http:\/\/franciscanos.org.br\/?p=105288"},"modified":"2019-02-14T13:31:01","modified_gmt":"2019-02-14T15:31:01","slug":"editora-vozes-115-anos-pela-cultura-e-evangelizacao","status":"publish","type":"post","link":"https:\/\/franciscanos.org.br\/noticias\/editora-vozes-115-anos-pela-cultura-e-evangelizacao.html","title":{"rendered":"Editora Vozes: 115 anos pela cultura e evangeliza\u00e7\u00e3o"},"content":{"rendered":"<p><img loading=\"lazy\" src=\"http:\/\/franciscanos.org.br\/wp-content\/uploads\/2016\/03\/vozes.jpg\" alt=\"vozes\" width=\"820\" height=\"475\" \/><\/p>\n<p>Uma das poucas empresas centen\u00e1rias que se mant\u00eam na ativa no ramo editorial, a Editora Vozes celebra no pr\u00f3ximo dia 5 de mar\u00e7o 115 anos de sua funda\u00e7\u00e3o. O segredo para essa longevidade, segundo o seu diretor, Frei Volney Berkenbrock, \u00e9 simples: &#8220;A Vozes, antes de ser uma empresa, \u00e9 um esp\u00edrito coletivo, um esp\u00edrito unido em torno da evangeliza\u00e7\u00e3o e da cultura. Sua longevidade se deve, penso, ao fato de nesses anos todos ter sempre existido um grupo de pessoas que manteve este esp\u00edrito. \u00c9 isto que faz a sua longevidade: a continuidade deste esp\u00edrito ao longo do tempo&#8221;, explica Frei Volney.<\/p>\n<p>A Editora Vozes, em 115 anos, responde por mais de 5 mil t\u00edtulos no seu cat\u00e1logo, tem 14 distribuidoras e 18 livrarias no Brasil e uma livraria em Lisboa, Portugal. H\u00e1 dez anos, a administra\u00e7\u00e3o da Editora Vozes \u00e9 feita por um sistema colegiado, tendo \u00e0 frente tr\u00eas diretores: Frei Ant\u00f4nio Moser, Frei Volney Berkenbrock e Frei Ludovico Garmus.<\/p>\n<p>A Vozes \u00e9 respons\u00e1vel por uma fatia do mercado editorial de livros de qualidade, refer\u00eancia em diversas \u00e1reas do conhecimento, entre elas, filosofia, sociologia, educa\u00e7\u00e3o e psicologia. Segundo seu diretor-presidente, a editora \u00e9 refer\u00eancia na forma\u00e7\u00e3o de uma consci\u00eancia de cidadania fundada sobre os valores evang\u00e9licos. \u201cNosso objetivo \u00e9 humanizar para divinizar e divinizar para humanizar\u201d, ressalta Frei Moser.<\/p>\n<p>Al\u00e9m de obras fundamentais para o meio acad\u00eamico e intelectual, a Editora investe em publica\u00e7\u00f5es na \u00e1rea religiosa, catequese, autoconhecimento e espiritualidade, que tem como um de seus principais autores Anselm Gr\u00fcn.<\/p>\n<p>A editora tem duas publica\u00e7\u00f5es tradicionais: o Almanaque Santo Ant\u00f4nio e a Folhinha do Sagrado Cora\u00e7\u00e3o de Jesus, editadas por Frei Edrian Pasini A Folhinha \u00e9 distribu\u00edda aos lares brasileiros h\u00e1 77 anos.<\/p>\n<p>A Vozes tamb\u00e9m possui o Selo Nobilis, que neste ano completa 10 anos e \u00e9 uma linha editorial especial com o objetivo de publicar obras diferenciadas com uma qualidade superior e alto valor agregado, e o Vozes de Bolso, segmento pelo qual s\u00e3o publicados textos cl\u00e1ssicos em formato de bolso e a pre\u00e7os mais acess\u00edveis.<\/p>\n<h3><strong>Um pouco de hist\u00f3ria<\/strong><\/h3>\n<p>Sua hist\u00f3ria come\u00e7a com a iniciativa de um frade, Frei In\u00e1cio Hinte, que adquiriu, em Petr\u00f3polis, uma velha impressora Alauzet dos padres lazaristas. Para isso, contou com o apoio de Frei Cir\u00edaco Hielscher, que foi o respons\u00e1vel pela constru\u00e7\u00e3o do primeiro Convento Franciscano de Petr\u00f3polis e o fundador da Escola Gratuita S\u00e3o Jos\u00e9, da qual foi o primeiro diretor. Como guardi\u00e3o do convento, foi tamb\u00e9m o primeiro respons\u00e1vel pela Editora Vozes, assinando a ata da reuni\u00e3o de funda\u00e7\u00e3o da editora, em 5 de mar\u00e7o de 1901. A editora nasceu com o nome de Typographia da Escola Gratuita S\u00e3o Jos\u00e9.<\/p>\n<p>Tocada a m\u00e3o pelo Irm\u00e3o Frei Matias Hermanns e sob a dire\u00e7\u00e3o t\u00e9cnica de Frei In\u00e1cio Hinte, a restaurada Alauzet funcionou pela primeira vez imprimindo cart\u00f5es de visita para o guardi\u00e3o Frei Cir\u00edaco.<\/p>\n<p>Quando Frei Cir\u00edaco foi transferido, o novo guardi\u00e3o Frei Celso Dreiling continuou apoiando a Typographia, deixando Frei In\u00e1cio como respons\u00e1vel. Ele ainda incentivou a compra das m\u00e1quinas Sollo e Phoenix, que substitu\u00edram a Alauzet. A m\u00e1quina Sollo dispensava a a\u00e7\u00e3o humana para tocar a alavanca de impress\u00e3o, pois ela possu\u00eda um motor. Estas duas m\u00e1quinas aumentaram a capacidade de produ\u00e7\u00e3o da Typographia, possibilitando o atendimento ao aumento de pedidos de livros, especialmente aos escolares.<\/p>\n<p>Por muitos anos, os funcion\u00e1rios que auxiliavam Frei In\u00e1cio na Typographia da Escola Gratuita S\u00e3o Jos\u00e9 eram alunos ou ex-alunos da pr\u00f3pria escola, que destacavam-se nos estudos e iam a\u00ed trabalhar. Entre os primeiros livros publicados pela Typographia est\u00e3o: \u201cO primeiro livro de leitura\u201d, editado pelos professores da Escola Gratuita S\u00e3o Jos\u00e9, \u201cA vida e o culto de Santo Ant\u00f4nio\u201d, de Frei Lu\u00eds Reinke, \u201cCec\u00edlia\u201d, de Frei Bas\u00edlio R\u00f6wer, \u201cBreves medita\u00e7\u00f5es para todos os dias do anno\u201d, de Frei Pedro Sinzig, e \u201cMann\u00e1: o alimento da alma devota\u201d, um livro de ora\u00e7\u00f5es populares escrito por Frei Ambr\u00f3sio Johanning.<\/p>\n<p>Em 1939, ela ganhava uma nova raz\u00e3o social: Editora Vozes Ltda. Tinha 50 funcion\u00e1rios e v\u00e1rias m\u00e1quinas. Neste ano, o grande lan\u00e7amento foi a Folhinha do Sagrado Cora\u00e7\u00e3o de Jesus. Frei Ludovico Gomes de Castro deu outro impulso em 1963, com novos equipamentos, como a m\u00e1quina \u201coffset\u201d, que aumentou a produ\u00e7\u00e3o e permitiu a impress\u00e3o de um caderno de 64 p\u00e1ginas de cada vez. Em 1968 tinha quatro filiais no Brasil.<\/p>\n<p>Durante a d\u00e9cada de 70 viria nova expans\u00e3o gr\u00e1fica e comercial. A Editora comprava a impressora Speed Master, uma guilhotina Guarani, de fabrica\u00e7\u00e3o nacional, e outras m\u00e1quinas da marca Heidelberg para fazer capas. Durante o per\u00edodo de repress\u00e3o, a editora destacou-se pela corajosa publica\u00e7\u00e3o de obras em defesa da liberdade, como \u201cTortura Nunca Mais\u201d e a \u201cVoz dos Vencidos\u201d. Em 1989, a editora tinha 600 funcion\u00e1rios e 30 lojas.<\/p>\n<p>Mas o mercado editorial entrou em crise no final do s\u00e9culo passado e, junto a dificuldades internas, a Vozes sofreu a pior crise de sua hist\u00f3ria. A partir de 1999 assumiu a empresa a diretoria formada por uma gest\u00e3o colegiada, que equilibrou as finan\u00e7as e, dentro de uma economia globalizada, investe para atravessar mais um s\u00e9culo.<\/p>\n<p>LEIA TAMB\u00c9M: <a href=\"http:\/\/franciscanos.org.br\/?p=80660\">entrevista Frei Volney<\/a><\/p>\n","protected":false},"excerpt":{"rendered":"<p>Cultura<\/p>\n","protected":false},"author":1,"featured_media":200295,"comment_status":"open","ping_status":"open","sticky":false,"template":"","format":"standard","meta":[],"categories":[1],"tags":[],"acf":[],"yoast_head":"<!-- This site is optimized with the Yoast SEO plugin v19.2 - https:\/\/yoast.com\/wordpress\/plugins\/seo\/ -->\n<title>Editora Vozes: 115 anos pela cultura e evangeliza\u00e7\u00e3o - Not\u00edcias - Franciscanos<\/title>\n<meta name=\"robots\" content=\"index, follow, max-snippet:-1, max-image-preview:large, max-video-preview:-1\" \/>\n<link rel=\"canonical\" href=\"https:\/\/franciscanos.org.br\/noticias\/editora-vozes-115-anos-pela-cultura-e-evangelizacao.html\" \/>\n<meta property=\"og:locale\" content=\"pt_BR\" \/>\n<meta property=\"og:type\" content=\"article\" \/>\n<meta property=\"og:title\" content=\"Editora Vozes: 115 anos pela cultura e evangeliza\u00e7\u00e3o - Not\u00edcias - Franciscanos\" \/>\n<meta property=\"og:description\" content=\"Cultura\" \/>\n<meta property=\"og:url\" content=\"https:\/\/franciscanos.org.br\/noticias\/editora-vozes-115-anos-pela-cultura-e-evangelizacao.html\" \/>\n<meta property=\"og:site_name\" content=\"Not\u00edcias - Franciscanos\" \/>\n<meta property=\"article:published_time\" content=\"2016-03-03T16:15:56+00:00\" \/>\n<meta property=\"article:modified_time\" content=\"2019-02-14T15:31:01+00:00\" \/>\n<meta property=\"og:image\" content=\"https:\/\/franciscanos.org.br\/noticias\/wp-content\/uploads\/2016\/03\/vozes.jpg\" \/>\n\t<meta property=\"og:image:width\" content=\"273\" \/>\n\t<meta property=\"og:image:height\" content=\"181\" \/>\n\t<meta property=\"og:image:type\" content=\"image\/jpeg\" \/>\n<meta name=\"author\" content=\"admin\" \/>\n<meta name=\"twitter:card\" content=\"summary_large_image\" \/>\n<meta name=\"twitter:label1\" content=\"Escrito por\" \/>\n\t<meta name=\"twitter:data1\" content=\"admin\" \/>\n\t<meta name=\"twitter:label2\" content=\"Est. tempo de leitura\" \/>\n\t<meta name=\"twitter:data2\" content=\"5 minutos\" \/>\n<script type=\"application\/ld+json\" class=\"yoast-schema-graph\">{\"@context\":\"https:\/\/schema.org\",\"@graph\":[{\"@type\":\"WebSite\",\"@id\":\"https:\/\/franciscanos.org.br\/noticias\/#website\",\"url\":\"https:\/\/franciscanos.org.br\/noticias\/\",\"name\":\"Not\u00edcias - Franciscanos\",\"description\":\"Prov\u00edncia Franciscana da Imaculada Concei\u00e7\u00e3o do Brasil - Ordem dos Frades Menores - OFM\",\"potentialAction\":[{\"@type\":\"SearchAction\",\"target\":{\"@type\":\"EntryPoint\",\"urlTemplate\":\"https:\/\/franciscanos.org.br\/noticias\/?s={search_term_string}\"},\"query-input\":\"required name=search_term_string\"}],\"inLanguage\":\"pt-BR\"},{\"@type\":\"ImageObject\",\"inLanguage\":\"pt-BR\",\"@id\":\"https:\/\/franciscanos.org.br\/noticias\/editora-vozes-115-anos-pela-cultura-e-evangelizacao.html#primaryimage\",\"url\":\"https:\/\/franciscanos.org.br\/noticias\/wp-content\/uploads\/2016\/03\/vozes.jpg\",\"contentUrl\":\"https:\/\/franciscanos.org.br\/noticias\/wp-content\/uploads\/2016\/03\/vozes.jpg\",\"width\":273,\"height\":181},{\"@type\":\"WebPage\",\"@id\":\"https:\/\/franciscanos.org.br\/noticias\/editora-vozes-115-anos-pela-cultura-e-evangelizacao.html#webpage\",\"url\":\"https:\/\/franciscanos.org.br\/noticias\/editora-vozes-115-anos-pela-cultura-e-evangelizacao.html\",\"name\":\"Editora Vozes: 115 anos pela cultura e evangeliza\u00e7\u00e3o - Not\u00edcias - Franciscanos\",\"isPartOf\":{\"@id\":\"https:\/\/franciscanos.org.br\/noticias\/#website\"},\"primaryImageOfPage\":{\"@id\":\"https:\/\/franciscanos.org.br\/noticias\/editora-vozes-115-anos-pela-cultura-e-evangelizacao.html#primaryimage\"},\"datePublished\":\"2016-03-03T16:15:56+00:00\",\"dateModified\":\"2019-02-14T15:31:01+00:00\",\"author\":{\"@id\":\"https:\/\/franciscanos.org.br\/noticias\/#\/schema\/person\/b38fbf43118f02820bd932f2e4b14ad3\"},\"breadcrumb\":{\"@id\":\"https:\/\/franciscanos.org.br\/noticias\/editora-vozes-115-anos-pela-cultura-e-evangelizacao.html#breadcrumb\"},\"inLanguage\":\"pt-BR\",\"potentialAction\":[{\"@type\":\"ReadAction\",\"target\":[\"https:\/\/franciscanos.org.br\/noticias\/editora-vozes-115-anos-pela-cultura-e-evangelizacao.html\"]}]},{\"@type\":\"BreadcrumbList\",\"@id\":\"https:\/\/franciscanos.org.br\/noticias\/editora-vozes-115-anos-pela-cultura-e-evangelizacao.html#breadcrumb\",\"itemListElement\":[{\"@type\":\"ListItem\",\"position\":1,\"name\":\"Home\",\"item\":\"https:\/\/franciscanos.org.br\/noticias\"},{\"@type\":\"ListItem\",\"position\":2,\"name\":\"Editora Vozes: 115 anos pela cultura e evangeliza\u00e7\u00e3o\"}]},{\"@type\":\"Person\",\"@id\":\"https:\/\/franciscanos.org.br\/noticias\/#\/schema\/person\/b38fbf43118f02820bd932f2e4b14ad3\",\"name\":\"admin\",\"image\":{\"@type\":\"ImageObject\",\"inLanguage\":\"pt-BR\",\"@id\":\"https:\/\/franciscanos.org.br\/noticias\/#\/schema\/person\/image\/\",\"url\":\"https:\/\/secure.gravatar.com\/avatar\/e8495742d34d0ba6448ea1c628263b3e?s=96&d=mm&r=g\",\"contentUrl\":\"https:\/\/secure.gravatar.com\/avatar\/e8495742d34d0ba6448ea1c628263b3e?s=96&d=mm&r=g\",\"caption\":\"admin\"},\"url\":\"https:\/\/franciscanos.org.br\/noticias\/author\/admin\"}]}<\/script>\n<!-- \/ Yoast SEO plugin. -->","yoast_head_json":{"title":"Editora Vozes: 115 anos pela cultura e evangeliza\u00e7\u00e3o - Not\u00edcias - Franciscanos","robots":{"index":"index","follow":"follow","max-snippet":"max-snippet:-1","max-image-preview":"max-image-preview:large","max-video-preview":"max-video-preview:-1"},"canonical":"https:\/\/franciscanos.org.br\/noticias\/editora-vozes-115-anos-pela-cultura-e-evangelizacao.html","og_locale":"pt_BR","og_type":"article","og_title":"Editora Vozes: 115 anos pela cultura e evangeliza\u00e7\u00e3o - Not\u00edcias - Franciscanos","og_description":"Cultura","og_url":"https:\/\/franciscanos.org.br\/noticias\/editora-vozes-115-anos-pela-cultura-e-evangelizacao.html","og_site_name":"Not\u00edcias - Franciscanos","article_published_time":"2016-03-03T16:15:56+00:00","article_modified_time":"2019-02-14T15:31:01+00:00","og_image":[{"width":273,"height":181,"url":"https:\/\/franciscanos.org.br\/noticias\/wp-content\/uploads\/2016\/03\/vozes.jpg","type":"image\/jpeg"}],"author":"admin","twitter_card":"summary_large_image","twitter_misc":{"Escrito por":"admin","Est. tempo de leitura":"5 minutos"},"schema":{"@context":"https:\/\/schema.org","@graph":[{"@type":"WebSite","@id":"https:\/\/franciscanos.org.br\/noticias\/#website","url":"https:\/\/franciscanos.org.br\/noticias\/","name":"Not\u00edcias - Franciscanos","description":"Prov\u00edncia Franciscana da Imaculada Concei\u00e7\u00e3o do Brasil - Ordem dos Frades Menores - OFM","potentialAction":[{"@type":"SearchAction","target":{"@type":"EntryPoint","urlTemplate":"https:\/\/franciscanos.org.br\/noticias\/?s={search_term_string}"},"query-input":"required name=search_term_string"}],"inLanguage":"pt-BR"},{"@type":"ImageObject","inLanguage":"pt-BR","@id":"https:\/\/franciscanos.org.br\/noticias\/editora-vozes-115-anos-pela-cultura-e-evangelizacao.html#primaryimage","url":"https:\/\/franciscanos.org.br\/noticias\/wp-content\/uploads\/2016\/03\/vozes.jpg","contentUrl":"https:\/\/franciscanos.org.br\/noticias\/wp-content\/uploads\/2016\/03\/vozes.jpg","width":273,"height":181},{"@type":"WebPage","@id":"https:\/\/franciscanos.org.br\/noticias\/editora-vozes-115-anos-pela-cultura-e-evangelizacao.html#webpage","url":"https:\/\/franciscanos.org.br\/noticias\/editora-vozes-115-anos-pela-cultura-e-evangelizacao.html","name":"Editora Vozes: 115 anos pela cultura e evangeliza\u00e7\u00e3o - Not\u00edcias - Franciscanos","isPartOf":{"@id":"https:\/\/franciscanos.org.br\/noticias\/#website"},"primaryImageOfPage":{"@id":"https:\/\/franciscanos.org.br\/noticias\/editora-vozes-115-anos-pela-cultura-e-evangelizacao.html#primaryimage"},"datePublished":"2016-03-03T16:15:56+00:00","dateModified":"2019-02-14T15:31:01+00:00","author":{"@id":"https:\/\/franciscanos.org.br\/noticias\/#\/schema\/person\/b38fbf43118f02820bd932f2e4b14ad3"},"breadcrumb":{"@id":"https:\/\/franciscanos.org.br\/noticias\/editora-vozes-115-anos-pela-cultura-e-evangelizacao.html#breadcrumb"},"inLanguage":"pt-BR","potentialAction":[{"@type":"ReadAction","target":["https:\/\/franciscanos.org.br\/noticias\/editora-vozes-115-anos-pela-cultura-e-evangelizacao.html"]}]},{"@type":"BreadcrumbList","@id":"https:\/\/franciscanos.org.br\/noticias\/editora-vozes-115-anos-pela-cultura-e-evangelizacao.html#breadcrumb","itemListElement":[{"@type":"ListItem","position":1,"name":"Home","item":"https:\/\/franciscanos.org.br\/noticias"},{"@type":"ListItem","position":2,"name":"Editora Vozes: 115 anos pela cultura e evangeliza\u00e7\u00e3o"}]},{"@type":"Person","@id":"https:\/\/franciscanos.org.br\/noticias\/#\/schema\/person\/b38fbf43118f02820bd932f2e4b14ad3","name":"admin","image":{"@type":"ImageObject","inLanguage":"pt-BR","@id":"https:\/\/franciscanos.org.br\/noticias\/#\/schema\/person\/image\/","url":"https:\/\/secure.gravatar.com\/avatar\/e8495742d34d0ba6448ea1c628263b3e?s=96&d=mm&r=g","contentUrl":"https:\/\/secure.gravatar.com\/avatar\/e8495742d34d0ba6448ea1c628263b3e?s=96&d=mm&r=g","caption":"admin"},"url":"https:\/\/franciscanos.org.br\/noticias\/author\/admin"}]}},"_links":{"self":[{"href":"https:\/\/franciscanos.org.br\/noticias\/wp-json\/wp\/v2\/posts\/105288"}],"collection":[{"href":"https:\/\/franciscanos.org.br\/noticias\/wp-json\/wp\/v2\/posts"}],"about":[{"href":"https:\/\/franciscanos.org.br\/noticias\/wp-json\/wp\/v2\/types\/post"}],"author":[{"embeddable":true,"href":"https:\/\/franciscanos.org.br\/noticias\/wp-json\/wp\/v2\/users\/1"}],"replies":[{"embeddable":true,"href":"https:\/\/franciscanos.org.br\/noticias\/wp-json\/wp\/v2\/comments?post=105288"}],"version-history":[{"count":0,"href":"https:\/\/franciscanos.org.br\/noticias\/wp-json\/wp\/v2\/posts\/105288\/revisions"}],"wp:featuredmedia":[{"embeddable":true,"href":"https:\/\/franciscanos.org.br\/noticias\/wp-json\/wp\/v2\/media\/200295"}],"wp:attachment":[{"href":"https:\/\/franciscanos.org.br\/noticias\/wp-json\/wp\/v2\/media?parent=105288"}],"wp:term":[{"taxonomy":"category","embeddable":true,"href":"https:\/\/franciscanos.org.br\/noticias\/wp-json\/wp\/v2\/categories?post=105288"},{"taxonomy":"post_tag","embeddable":true,"href":"https:\/\/franciscanos.org.br\/noticias\/wp-json\/wp\/v2\/tags?post=105288"}],"curies":[{"name":"wp","href":"https:\/\/api.w.org\/{rel}","templated":true}]}}