{"id":105205,"date":"2016-03-25T15:51:52","date_gmt":"2016-03-25T18:51:52","guid":{"rendered":"http:\/\/franciscanos.org.br\/?p=105205"},"modified":"2020-05-15T09:51:09","modified_gmt":"2020-05-15T12:51:09","slug":"festa-da-penha-reflete-sobre-tema-da-misericordia","status":"publish","type":"post","link":"https:\/\/franciscanos.org.br\/noticias\/festa-da-penha-reflete-sobre-tema-da-misericordia.html","title":{"rendered":"Festa da Penha reflete sobre tema da Miseric\u00f3rdia"},"content":{"rendered":"<p><strong><img loading=\"lazy\" class=\"alignright wp-image-105206 size-full\" src=\"http:\/\/franciscanos.org.br\/wp-content\/uploads\/2016\/03\/penha_cartaz.jpg\" alt=\"penha_cartaz\" width=\"380\" height=\"600\" \/>Moacir Beggo\u00a0<\/strong><\/p>\n<p>Na primeira oitava da P\u00e1scoa, o Estado do Esp\u00edrito Santo celebra a sua Padroeira Nossa Senhora da Penha. Neste ano, a terceira maior festa mariana nacional tem in\u00edcio no domingo de P\u00e1scoa, 27 de mar\u00e7o, e termina solenemente no dia 4 de abril em Vila Velha (ES). Ser\u00e3o nove dias dedicados \u00e0 devo\u00e7\u00e3o mariana, sendo que os tr\u00eas \u00faltimos ser\u00e3o os mais intensos com as grandes romarias &#8211; a Romaria dos Homens e a das Mulheres &#8211; e a Missa do encerramento. Durante esse per\u00edodo festivo, um p\u00fablico de mais de 1 milh\u00e3o e duzentas mil pessoas participa das celebra\u00e7\u00f5es ou visita o Convento da Penha para fazer as suas ora\u00e7\u00f5es.<\/p>\n<p>Neste ano, a festa ter\u00e1 como tema &#8220;Maria, M\u00e3e e Porta da Miseric\u00f3rdia&#8221;, tendo em vista a celebra\u00e7\u00e3o do Ano Santo da Miseric\u00f3rdia. Segundo o guardi\u00e3o Frei Valdecir Schwambach, o tema n\u00e3o poderia ser mais prop\u00edcio para a reflex\u00e3o. &#8220;O Ano Santo foi aberto no dia da Imaculada Concei\u00e7\u00e3o. Ao escolher esse tema, estamos em sintonia com o Papa Francisco, que escreveu: &#8216;Ningu\u00e9m, como Maria, conheceu a profundidade do mist\u00e9rio de Deus feito homem. Na sua vida, tudo foi plasmado pela presen\u00e7a da miseric\u00f3rdia feita carne. A M\u00e3e do Crucificado Ressuscitado entrou no santu\u00e1rio da miseric\u00f3rdia divina, porque participou intimamente no mist\u00e9rio do seu amor&#8217;. Durante o Oitav\u00e1rio da festa, vamos ter a oportunidade de refletir sobre\u00a0 a miseric\u00f3rdia do Filho de Deus e Maria&#8221;, explicou Frei Valdecir.<\/p>\n<p>A festa da Penha \u00e9 fruto de uma semente lan\u00e7ada por Frei Pedro Pal\u00e1cios em 1558, quando chegou ao Brasil com os colonizadores portugueses e desembarcou nas terras capixabas. O frade espanhol trouxe na sua bagagem um painel de Nossa Senhora das 7 Alegrias, que foi colocado numa gruta e deu origem \u00e0 devo\u00e7\u00e3o franciscana que vem at\u00e9 hoje. Ao longo do tempo, essa devo\u00e7\u00e3o cresceu e foi constru\u00eddo o Santu\u00e1rio para a M\u00e3e de Deus no ponto mais alto do penhasco. Desde ent\u00e3o, romeiros visitam o Convento durante todo o ano.<\/p>\n<p>A festa \u00e9 a terceira maior manifesta\u00e7\u00e3o religiosa mariana do Brasil, atr\u00e1s somente da festa de Nossa Senhora Aparecida, Padroeira do Brasil, e a festa do C\u00edrio de Nazar\u00e9, em Bel\u00e9m do Par\u00e1. Como santu\u00e1rio mariano mais procurado durante todo o ano por romeiros, \u00e9 o segundo do Brasil depois de Aparecida.<\/p>\n<p>A Festa da Penha \u00e9 totalmente devocional e os shows de m\u00fasica religiosa acontecem fora do entorno do Convento, em uma pra\u00e7a conhecida como Prainha. As express\u00f5es de f\u00e9 acontecem nos dias da festa com a devo\u00e7\u00e3o franciscana chamada Oitav\u00e1rio da Penha, antes da Missa celebrada no Campinho, \u00e0s 14h30. Depois, as romarias d\u00e3o um colorido especial \u00e0 Festa, como as romarias dos Cavaleiros, dos Ciclistas, dos Motociclistas, das Pessoas com Defici\u00eancia, dos Militares, das Dioceses de Cachoeiro, Colatina e S\u00e3o Mateus, das Mulheres e dos Homens.<\/p>\n<p>A Romaria dos Homens \u00e9, sem d\u00favida, a grande manifesta\u00e7\u00e3o de f\u00e9 da festa. Mais de 400 mil pessoas caminham de Vit\u00f3ria at\u00e9 o Santu\u00e1rio na noite do s\u00e1bado, que neste ano cair\u00e1 no dia 2 de abril. Os fi\u00e9is caminham durante 14 quil\u00f4metros com velas acesas e em ora\u00e7\u00e3o. Mesmo com toda a multid\u00e3o no longo percurso, a devo\u00e7\u00e3o n\u00e3o \u00e9 quebrada. Saindo da Catedral Metropolitana, \u00e0s 19 horas, a romaria termina \u00e0s 23 horas na Prainha, quando \u00e0s 23h30 tem in\u00edcio a celebra\u00e7\u00e3o eucar\u00edstica.<\/p>\n<p><strong>Confira toda a programa\u00e7\u00e3o:<\/strong><\/p>\n<p><strong>Tema: MARIA, M\u00c3E E PORTA DA MISERIC\u00d3RDIA<\/strong><\/p>\n<p><strong>\u00a0<\/strong><strong>27\/03 \u2013 DOMINGO DE P\u00c1SCOA \u2013 RESSURREI\u00c7\u00c3O DO SENHOR<\/strong><\/p>\n<p>Missas na Capela: 5h, 7h, 9h e 11h<\/p>\n<p>14h30: Abertura do Oitav\u00e1rio e Missa no Campinho (Estacionamento) do Convento<\/p>\n<p>Romaria: Cavaleiros \u2013 8h30 saindo de Cobil\u00e2ndia \u2013 Vila Velha<\/p>\n<p>Obs: Missa coordenada pela \u00c1rea de Vila Velha<\/p>\n<p>(Neste dia, n\u00e3o h\u00e1 atendimento de confiss\u00f5es).<\/p>\n<p><strong>28\/03 \u2013 SEGUNDA-FEIRA<\/strong><\/p>\n<p>Missas na Capela: 6h, 7h, 8h e 9h30<\/p>\n<p>14h30: Oitav\u00e1rio e Missa no Campinho do Convento<\/p>\n<p>Obs: Missa coordenada pela \u00c1rea Serrana<\/p>\n<p>Confiss\u00f5es: 8h \u00e0s 11h e 14h \u00e0s 16h00.<\/p>\n<p><strong>29\/03 \u2013 TER\u00c7A-FEIRA<\/strong><\/p>\n<p>Missas na Capela: 6h, 7h, 8h e 9h30<\/p>\n<p>14h30: Oitav\u00e1rio e Missa no Campinho<\/p>\n<p>Obs: Missa coordenada pela \u00c1rea Cariacica\/Viana<\/p>\n<p>Confiss\u00f5es: 8h \u00e0s 11h e 14h \u00e0s 16h00.<\/p>\n<p><strong>30\/03 \u2013 QUARTA-FEIRA<\/strong><\/p>\n<p>Missas na Capela: 6h, 7h, 8h e 9h30<\/p>\n<p>14h30: Oitav\u00e1rio e Missa no Campinho<\/p>\n<p>Obs: Missa coordenada pela \u00c1rea Benevente<\/p>\n<p>Confiss\u00f5es: 8h \u00e0s 11h e 14h \u00e0s 16h00.<\/p>\n<p><strong>31\/03 \u2013 QUINTA-FEIRA<\/strong><\/p>\n<p>Missas na Capela: 6h, 7h, 8h e 9h30<\/p>\n<p>14h30: Oitav\u00e1rio e Missa no Campinho<\/p>\n<p>Obs: Missa coordenada pela \u00c1rea Serra<\/p>\n<p>Confiss\u00f5es: 8h \u00e0s 11h e 14h \u00e0s 16h00.<\/p>\n<p><strong>01\/04 \u2013 SEXTA-FEIRA<\/strong><\/p>\n<p>Missas na Capela: 6h, 7h, 8h e 9h30 (Missa dos advogados)<\/p>\n<p>14h30: Oitav\u00e1rio e Missa no Campinho<\/p>\n<p>Romaria: Militares \u2013 saindo 14h da Prainha<\/p>\n<p>Obs: Missa coordenada pela \u00c1rea Vit\u00f3ria<\/p>\n<p>Confiss\u00f5es: 8h \u00e0s 11h e 14h \u00e0s 16h00.<\/p>\n<p><strong>02\/04 \u2013 S\u00c1BADO<\/strong><\/p>\n<p>Missas na Capela: 6h, 7h30 e 11 horas<\/p>\n<p>8h00: Campinho \u2013 Missa da Diocese de S\u00e3o Mateus (Romaria saindo 7h do Port\u00e3o do Convento)<\/p>\n<p>9h00: Prainha \u2013 Missa das pessoas com defici\u00eancia (Romaria saindo 8h da Pra\u00e7a Dq. de Caxias)<\/p>\n<p>14h30: Oitav\u00e1rio e Missa no Campinho<\/p>\n<p>Obs: Celebra nesta tarde a Diocese de Cachoeiro de Itapemirim (Romaria saindo 14h do Port\u00e3o do Convento)<\/p>\n<p>23h30: Prainha \u2013 Missa de encerramento da Romaria dos Homens (Romaria saindo \u00e0s 19h da Catedral)<\/p>\n<p>Confiss\u00f5es: 8h \u00e0s 11h e 14h \u00e0s 16h00.<\/p>\n<p><strong>03\/04- DOMINGO<\/strong><\/p>\n<p>Missas na Capela: 5h, 07h, 11h e 14h<\/p>\n<p>9h00: Campinho \u2013 Missa da Diocese de Colatina (Romaria saindo 8h do Port\u00e3o do Convento)<\/p>\n<p>15h30: Prainha \u2013 Oitav\u00e1rio<\/p>\n<p>16h00: Prainha \u2013 Missa de encerramento da Romaria das Mulheres (Saindo \u00e0s 15h00 do Santu\u00e1rio)<\/p>\n<p>Romaria dos motociclistas<\/p>\n<p>Obs. Confiss\u00f5es: 8h \u00e0s 11h e 14h \u00e0s 16h00.<\/p>\n<p>Show na Prainha<\/p>\n<p><strong>04\/04 \u2013 SEGUNDA-FEIRA \u2013 DIA DA PADROEIRA<\/strong><\/p>\n<p>Missas na Capela: 0h (meia-noite), 2h, 6h, 9h e 12h<\/p>\n<p>7h00: Campinho \u2013 Missa da CRB e Semin\u00e1rio Nossa Senhora da Penha<\/p>\n<p>Romaria: Ciclistas \u2013 saindo 8h30 de Cobil\u00e2ndia<\/p>\n<p>9h: Bandas de Congo homenageiam a Padroeira no Campinho e recebem a b\u00ean\u00e7\u00e3o<\/p>\n<p>10h00: Campinho \u2013 Missa das Pastorais<\/p>\n<p>16h00: Prainha \u2013 Missa de encerramento da Festa de Nossa Senhora da Penha<\/p>\n<p>Shows na Prainha ap\u00f3s a Missa<\/p>\n<p>Obs: Confiss\u00f5es: 8h \u00e0s 11h<\/p>\n<p>Show de encerramento ap\u00f3s a missa<\/p>\n<p>&nbsp;<\/p>\n","protected":false},"excerpt":{"rendered":"<p>Devo\u00e7\u00e3o mariana<\/p>\n","protected":false},"author":1,"featured_media":223743,"comment_status":"open","ping_status":"open","sticky":false,"template":"","format":"standard","meta":[],"categories":[1],"tags":[],"acf":[],"yoast_head":"<!-- This site is optimized with the Yoast SEO plugin v19.2 - https:\/\/yoast.com\/wordpress\/plugins\/seo\/ -->\n<title>Festa da Penha reflete sobre tema da Miseric\u00f3rdia - Not\u00edcias - Franciscanos<\/title>\n<meta name=\"robots\" content=\"index, follow, max-snippet:-1, max-image-preview:large, max-video-preview:-1\" \/>\n<link rel=\"canonical\" href=\"https:\/\/franciscanos.org.br\/noticias\/festa-da-penha-reflete-sobre-tema-da-misericordia.html\" \/>\n<meta property=\"og:locale\" content=\"pt_BR\" \/>\n<meta property=\"og:type\" content=\"article\" \/>\n<meta property=\"og:title\" content=\"Festa da Penha reflete sobre tema da Miseric\u00f3rdia - Not\u00edcias - Franciscanos\" \/>\n<meta property=\"og:description\" content=\"Devo\u00e7\u00e3o mariana\" \/>\n<meta property=\"og:url\" content=\"https:\/\/franciscanos.org.br\/noticias\/festa-da-penha-reflete-sobre-tema-da-misericordia.html\" \/>\n<meta property=\"og:site_name\" content=\"Not\u00edcias - Franciscanos\" \/>\n<meta property=\"article:published_time\" content=\"2016-03-25T18:51:52+00:00\" \/>\n<meta property=\"article:modified_time\" content=\"2020-05-15T12:51:09+00:00\" \/>\n<meta property=\"og:image\" content=\"https:\/\/franciscanos.org.br\/noticias\/wp-content\/uploads\/2016\/03\/penha_cartaz.jpg\" \/>\n\t<meta property=\"og:image:width\" content=\"800\" \/>\n\t<meta property=\"og:image:height\" content=\"599\" \/>\n\t<meta property=\"og:image:type\" content=\"image\/jpeg\" \/>\n<meta name=\"author\" content=\"admin\" \/>\n<meta name=\"twitter:card\" content=\"summary_large_image\" \/>\n<meta name=\"twitter:label1\" content=\"Escrito por\" \/>\n\t<meta name=\"twitter:data1\" content=\"admin\" \/>\n\t<meta name=\"twitter:label2\" content=\"Est. tempo de leitura\" \/>\n\t<meta name=\"twitter:data2\" content=\"5 minutos\" \/>\n<script type=\"application\/ld+json\" class=\"yoast-schema-graph\">{\"@context\":\"https:\/\/schema.org\",\"@graph\":[{\"@type\":\"WebSite\",\"@id\":\"https:\/\/franciscanos.org.br\/noticias\/#website\",\"url\":\"https:\/\/franciscanos.org.br\/noticias\/\",\"name\":\"Not\u00edcias - Franciscanos\",\"description\":\"Prov\u00edncia Franciscana da Imaculada Concei\u00e7\u00e3o do Brasil - Ordem dos Frades Menores - OFM\",\"potentialAction\":[{\"@type\":\"SearchAction\",\"target\":{\"@type\":\"EntryPoint\",\"urlTemplate\":\"https:\/\/franciscanos.org.br\/noticias\/?s={search_term_string}\"},\"query-input\":\"required name=search_term_string\"}],\"inLanguage\":\"pt-BR\"},{\"@type\":\"ImageObject\",\"inLanguage\":\"pt-BR\",\"@id\":\"https:\/\/franciscanos.org.br\/noticias\/festa-da-penha-reflete-sobre-tema-da-misericordia.html#primaryimage\",\"url\":\"https:\/\/franciscanos.org.br\/noticias\/wp-content\/uploads\/2016\/03\/penha_cartaz.jpg\",\"contentUrl\":\"https:\/\/franciscanos.org.br\/noticias\/wp-content\/uploads\/2016\/03\/penha_cartaz.jpg\",\"width\":800,\"height\":599},{\"@type\":\"WebPage\",\"@id\":\"https:\/\/franciscanos.org.br\/noticias\/festa-da-penha-reflete-sobre-tema-da-misericordia.html#webpage\",\"url\":\"https:\/\/franciscanos.org.br\/noticias\/festa-da-penha-reflete-sobre-tema-da-misericordia.html\",\"name\":\"Festa da Penha reflete sobre tema da Miseric\u00f3rdia - Not\u00edcias - Franciscanos\",\"isPartOf\":{\"@id\":\"https:\/\/franciscanos.org.br\/noticias\/#website\"},\"primaryImageOfPage\":{\"@id\":\"https:\/\/franciscanos.org.br\/noticias\/festa-da-penha-reflete-sobre-tema-da-misericordia.html#primaryimage\"},\"datePublished\":\"2016-03-25T18:51:52+00:00\",\"dateModified\":\"2020-05-15T12:51:09+00:00\",\"author\":{\"@id\":\"https:\/\/franciscanos.org.br\/noticias\/#\/schema\/person\/b38fbf43118f02820bd932f2e4b14ad3\"},\"breadcrumb\":{\"@id\":\"https:\/\/franciscanos.org.br\/noticias\/festa-da-penha-reflete-sobre-tema-da-misericordia.html#breadcrumb\"},\"inLanguage\":\"pt-BR\",\"potentialAction\":[{\"@type\":\"ReadAction\",\"target\":[\"https:\/\/franciscanos.org.br\/noticias\/festa-da-penha-reflete-sobre-tema-da-misericordia.html\"]}]},{\"@type\":\"BreadcrumbList\",\"@id\":\"https:\/\/franciscanos.org.br\/noticias\/festa-da-penha-reflete-sobre-tema-da-misericordia.html#breadcrumb\",\"itemListElement\":[{\"@type\":\"ListItem\",\"position\":1,\"name\":\"Home\",\"item\":\"https:\/\/franciscanos.org.br\/noticias\"},{\"@type\":\"ListItem\",\"position\":2,\"name\":\"Festa da Penha reflete sobre tema da Miseric\u00f3rdia\"}]},{\"@type\":\"Person\",\"@id\":\"https:\/\/franciscanos.org.br\/noticias\/#\/schema\/person\/b38fbf43118f02820bd932f2e4b14ad3\",\"name\":\"admin\",\"image\":{\"@type\":\"ImageObject\",\"inLanguage\":\"pt-BR\",\"@id\":\"https:\/\/franciscanos.org.br\/noticias\/#\/schema\/person\/image\/\",\"url\":\"https:\/\/secure.gravatar.com\/avatar\/e8495742d34d0ba6448ea1c628263b3e?s=96&d=mm&r=g\",\"contentUrl\":\"https:\/\/secure.gravatar.com\/avatar\/e8495742d34d0ba6448ea1c628263b3e?s=96&d=mm&r=g\",\"caption\":\"admin\"},\"url\":\"https:\/\/franciscanos.org.br\/noticias\/author\/admin\"}]}<\/script>\n<!-- \/ Yoast SEO plugin. -->","yoast_head_json":{"title":"Festa da Penha reflete sobre tema da Miseric\u00f3rdia - Not\u00edcias - Franciscanos","robots":{"index":"index","follow":"follow","max-snippet":"max-snippet:-1","max-image-preview":"max-image-preview:large","max-video-preview":"max-video-preview:-1"},"canonical":"https:\/\/franciscanos.org.br\/noticias\/festa-da-penha-reflete-sobre-tema-da-misericordia.html","og_locale":"pt_BR","og_type":"article","og_title":"Festa da Penha reflete sobre tema da Miseric\u00f3rdia - Not\u00edcias - Franciscanos","og_description":"Devo\u00e7\u00e3o mariana","og_url":"https:\/\/franciscanos.org.br\/noticias\/festa-da-penha-reflete-sobre-tema-da-misericordia.html","og_site_name":"Not\u00edcias - Franciscanos","article_published_time":"2016-03-25T18:51:52+00:00","article_modified_time":"2020-05-15T12:51:09+00:00","og_image":[{"width":800,"height":599,"url":"https:\/\/franciscanos.org.br\/noticias\/wp-content\/uploads\/2016\/03\/penha_cartaz.jpg","type":"image\/jpeg"}],"author":"admin","twitter_card":"summary_large_image","twitter_misc":{"Escrito por":"admin","Est. tempo de leitura":"5 minutos"},"schema":{"@context":"https:\/\/schema.org","@graph":[{"@type":"WebSite","@id":"https:\/\/franciscanos.org.br\/noticias\/#website","url":"https:\/\/franciscanos.org.br\/noticias\/","name":"Not\u00edcias - Franciscanos","description":"Prov\u00edncia Franciscana da Imaculada Concei\u00e7\u00e3o do Brasil - Ordem dos Frades Menores - OFM","potentialAction":[{"@type":"SearchAction","target":{"@type":"EntryPoint","urlTemplate":"https:\/\/franciscanos.org.br\/noticias\/?s={search_term_string}"},"query-input":"required name=search_term_string"}],"inLanguage":"pt-BR"},{"@type":"ImageObject","inLanguage":"pt-BR","@id":"https:\/\/franciscanos.org.br\/noticias\/festa-da-penha-reflete-sobre-tema-da-misericordia.html#primaryimage","url":"https:\/\/franciscanos.org.br\/noticias\/wp-content\/uploads\/2016\/03\/penha_cartaz.jpg","contentUrl":"https:\/\/franciscanos.org.br\/noticias\/wp-content\/uploads\/2016\/03\/penha_cartaz.jpg","width":800,"height":599},{"@type":"WebPage","@id":"https:\/\/franciscanos.org.br\/noticias\/festa-da-penha-reflete-sobre-tema-da-misericordia.html#webpage","url":"https:\/\/franciscanos.org.br\/noticias\/festa-da-penha-reflete-sobre-tema-da-misericordia.html","name":"Festa da Penha reflete sobre tema da Miseric\u00f3rdia - Not\u00edcias - Franciscanos","isPartOf":{"@id":"https:\/\/franciscanos.org.br\/noticias\/#website"},"primaryImageOfPage":{"@id":"https:\/\/franciscanos.org.br\/noticias\/festa-da-penha-reflete-sobre-tema-da-misericordia.html#primaryimage"},"datePublished":"2016-03-25T18:51:52+00:00","dateModified":"2020-05-15T12:51:09+00:00","author":{"@id":"https:\/\/franciscanos.org.br\/noticias\/#\/schema\/person\/b38fbf43118f02820bd932f2e4b14ad3"},"breadcrumb":{"@id":"https:\/\/franciscanos.org.br\/noticias\/festa-da-penha-reflete-sobre-tema-da-misericordia.html#breadcrumb"},"inLanguage":"pt-BR","potentialAction":[{"@type":"ReadAction","target":["https:\/\/franciscanos.org.br\/noticias\/festa-da-penha-reflete-sobre-tema-da-misericordia.html"]}]},{"@type":"BreadcrumbList","@id":"https:\/\/franciscanos.org.br\/noticias\/festa-da-penha-reflete-sobre-tema-da-misericordia.html#breadcrumb","itemListElement":[{"@type":"ListItem","position":1,"name":"Home","item":"https:\/\/franciscanos.org.br\/noticias"},{"@type":"ListItem","position":2,"name":"Festa da Penha reflete sobre tema da Miseric\u00f3rdia"}]},{"@type":"Person","@id":"https:\/\/franciscanos.org.br\/noticias\/#\/schema\/person\/b38fbf43118f02820bd932f2e4b14ad3","name":"admin","image":{"@type":"ImageObject","inLanguage":"pt-BR","@id":"https:\/\/franciscanos.org.br\/noticias\/#\/schema\/person\/image\/","url":"https:\/\/secure.gravatar.com\/avatar\/e8495742d34d0ba6448ea1c628263b3e?s=96&d=mm&r=g","contentUrl":"https:\/\/secure.gravatar.com\/avatar\/e8495742d34d0ba6448ea1c628263b3e?s=96&d=mm&r=g","caption":"admin"},"url":"https:\/\/franciscanos.org.br\/noticias\/author\/admin"}]}},"_links":{"self":[{"href":"https:\/\/franciscanos.org.br\/noticias\/wp-json\/wp\/v2\/posts\/105205"}],"collection":[{"href":"https:\/\/franciscanos.org.br\/noticias\/wp-json\/wp\/v2\/posts"}],"about":[{"href":"https:\/\/franciscanos.org.br\/noticias\/wp-json\/wp\/v2\/types\/post"}],"author":[{"embeddable":true,"href":"https:\/\/franciscanos.org.br\/noticias\/wp-json\/wp\/v2\/users\/1"}],"replies":[{"embeddable":true,"href":"https:\/\/franciscanos.org.br\/noticias\/wp-json\/wp\/v2\/comments?post=105205"}],"version-history":[{"count":1,"href":"https:\/\/franciscanos.org.br\/noticias\/wp-json\/wp\/v2\/posts\/105205\/revisions"}],"predecessor-version":[{"id":223744,"href":"https:\/\/franciscanos.org.br\/noticias\/wp-json\/wp\/v2\/posts\/105205\/revisions\/223744"}],"wp:featuredmedia":[{"embeddable":true,"href":"https:\/\/franciscanos.org.br\/noticias\/wp-json\/wp\/v2\/media\/223743"}],"wp:attachment":[{"href":"https:\/\/franciscanos.org.br\/noticias\/wp-json\/wp\/v2\/media?parent=105205"}],"wp:term":[{"taxonomy":"category","embeddable":true,"href":"https:\/\/franciscanos.org.br\/noticias\/wp-json\/wp\/v2\/categories?post=105205"},{"taxonomy":"post_tag","embeddable":true,"href":"https:\/\/franciscanos.org.br\/noticias\/wp-json\/wp\/v2\/tags?post=105205"}],"curies":[{"name":"wp","href":"https:\/\/api.w.org\/{rel}","templated":true}]}}