{"id":105156,"date":"2016-03-01T09:09:54","date_gmt":"2016-03-01T12:09:54","guid":{"rendered":"http:\/\/franciscanos.org.br\/?p=105156"},"modified":"2020-06-09T19:18:10","modified_gmt":"2020-06-09T22:18:10","slug":"se-voce-nao-e-capaz-de-perdoar-como-deus-podera-o-perdoar","status":"publish","type":"post","link":"https:\/\/franciscanos.org.br\/noticias\/se-voce-nao-e-capaz-de-perdoar-como-deus-podera-o-perdoar.html","title":{"rendered":"Se n\u00e3o \u00e9 capaz de perdoar, como Deus poder\u00e1 perdo\u00e1-lo?"},"content":{"rendered":"<p><img loading=\"lazy\" src=\"http:\/\/franciscanos.org.br\/wp-content\/uploads\/2016\/03\/papa_01.jpg\" alt=\"papa_01\" width=\"820\" height=\"478\" \/><\/p>\n<p><strong>Cidade do Vaticano<\/strong> \u00a0\u2013 Que o tempo da Quaresma \u201cnos prepare o cora\u00e7\u00e3o\u201d ao perd\u00e3o de Deus e a perdoarmos como Ele, isto \u00e9, esquecendo das culpas dos outros. Com esta ora\u00e7\u00e3o, o Papa concluiu a homilia da missa da manh\u00e3 desta ter\u00e7a-feira (1\u00ba\/3), celebrada na Casa Santa Marta.A perfei\u00e7\u00e3o de Deus tem um ponto fraco exatamente aonde a imperfei\u00e7\u00e3o humana tende a n\u00e3o dar desconto: a capacidade de perdoar.<\/p>\n<p>O pensamento do Papa, na homilia, \u00e9 conduzido pelas leituras da liturgia. O Evangelho apresenta a c\u00e9lebre pergunta de Pedro a Jesus: quantas vezes devo perdoar um irm\u00e3o que cometeu uma ofensa contra mim? A leitura, extra\u00edda do Profeta Daniel, \u00e9 centrada na ora\u00e7\u00e3o do jovem Azarias que, colocado no forno por ter se recusado a adorar um \u00eddolo de ouro, invoca entre as chamas a miseric\u00f3rdia de Deus pelo povo, pedindo-lhe simultaneamente o perd\u00e3o para si. Este, sublinha Francisco, \u00e9 o modo justo certo de rezar. Sabendo contar com um aspecto especial da bondade de Deus:<\/p>\n<p>\u201cQuando Deus perdoa, o seu perd\u00e3o \u00e9 t\u00e3o grande que \u00e9 como se \u2018esquecesse\u2019. Todo o contr\u00e1rio daquilo que n\u00f3s fazemos, das fofocas: \u2018Mas ele fez isso, fez aquilo, fez aquilo outro \u2026\u2019, e n\u00f3s temos de tantas pessoas a hist\u00f3ria antiga, m\u00e9dia, medieval e moderna, eh?, e n\u00e3o esquecemos. Por qu\u00ea? Porque n\u00e3o temos o cora\u00e7\u00e3o misericordioso. \u2018Trata-nos segundo a Tua clem\u00eancia\u2019, diz este jovem Azarias. \u2018Segundo a Tua imensa miseric\u00f3rdia. Salva-nos. \u00c9 um apelo \u00e0 miseric\u00f3rdia de Deus, para que nos d\u00ea o perd\u00e3o e a salva\u00e7\u00e3o e esque\u00e7a os nossos pecados\u201d.<\/p>\n<p><strong>A equa\u00e7\u00e3o do perd\u00e3o<\/strong><br \/>\nNo trecho do Evangelho, para explicar a Pedro que precisa perdoar sempre, Jesus conta a par\u00e1bola dos dois endividados, o primeiro obt\u00e9m o perd\u00e3o do seu patr\u00e3o, mesmo lhe devendo uma cifra enorme, e pouco depois, \u00e9 incapaz de ser tamb\u00e9m ele misericordioso com outro que lhe devia somente uma pequena quantia. Assim observou o Papa:<\/p>\n<p>\u201cNo Pai-Nosso rezamos: \u2018Perdoai as nossas ofensas assim como n\u00f3s perdoamos a quem nos tem ofendido\u201d. \u00c9 uma equa\u00e7\u00e3o, v\u00e3o juntas. Se voc\u00ea n\u00e3o \u00e9 capaz de perdoar, como Deus poder\u00e1 o perdoar? Ele quer perdoar voc\u00ea, mas n\u00e3o poder\u00e1 se o seu cora\u00e7\u00e3o estiver fechado, e a miseric\u00f3rdia n\u00e3o poder\u00e1 entrar. \u2018Mas, Pai, eu perdoo, mas n\u00e3o posso esquecer aquele mal que ele me fez \u2026\u2019. \u2018Eh, pe\u00e7a ao Senhor que o ajude a esquecer\u2019: mas isso \u00e9 outra coisa. Pode-se perdoar, mas esquecer nem sempre se consegue. Mas \u2018perdoar\u2019 e dizer: \u2018voc\u00ea me paga\u2019: isso n\u00e3o! Perdoar como Deus perdoa: perdoar ao m\u00e1ximo\u201d.<\/p>\n<p><strong>Miseric\u00f3rdia que \u201cesquece\u201d<\/strong><br \/>\nMiseric\u00f3rdia, compaix\u00e3o, perd\u00e3o, repete o Papa, recordando que \u201co perd\u00e3o do cora\u00e7\u00e3o que nos d\u00e1 Deus \u00e9 sempre miseric\u00f3rdia\u201d: \u201cQue a Quaresma prepare o nosso cora\u00e7\u00e3o para receber o perd\u00e3o de Deus. Receb\u00ea-lo e, depois, fazer o mesmo com os outros: perdoar de cora\u00e7\u00e3o. Talvez n\u00e3o me dirija a palavra, mas no meu cora\u00e7\u00e3o eu lhe perdoei. E assim nos aproximamos desta coisa t\u00e3o grande de Deus que \u00e9 a miseric\u00f3rdia. E perdoando abrimos o nosso cora\u00e7\u00e3o para que a miseric\u00f3rdia de Deus entre e nos perdoe, a n\u00f3s. Porque todos n\u00f3s precisamos pedir perd\u00e3o: todos. Perdoemos e seremos perdoados. Tenhamos miseric\u00f3rdia com os outros, e n\u00f3s sentiremos aquela miseric\u00f3rdia de Deus que, quando perdoa, \u201cse esquece&#8221;\u201d.<\/p>\n<hr \/>\n<p><em>Fonte: R\u00e1dio Vaticano<\/em><\/p>\n","protected":false},"excerpt":{"rendered":"<p>Missa em Santa Marta<\/p>\n","protected":false},"author":1,"featured_media":223777,"comment_status":"open","ping_status":"open","sticky":false,"template":"","format":"standard","meta":[],"categories":[1428],"tags":[1586],"acf":[],"yoast_head":"<!-- This site is optimized with the Yoast SEO plugin v19.2 - https:\/\/yoast.com\/wordpress\/plugins\/seo\/ -->\n<title>Se n\u00e3o \u00e9 capaz de perdoar, como Deus poder\u00e1 perdo\u00e1-lo? - Not\u00edcias - Franciscanos<\/title>\n<meta name=\"robots\" content=\"index, follow, max-snippet:-1, max-image-preview:large, max-video-preview:-1\" \/>\n<link rel=\"canonical\" href=\"https:\/\/franciscanos.org.br\/noticias\/se-voce-nao-e-capaz-de-perdoar-como-deus-podera-o-perdoar.html\" \/>\n<meta property=\"og:locale\" content=\"pt_BR\" \/>\n<meta property=\"og:type\" content=\"article\" \/>\n<meta property=\"og:title\" content=\"Se n\u00e3o \u00e9 capaz de perdoar, como Deus poder\u00e1 perdo\u00e1-lo? - Not\u00edcias - Franciscanos\" \/>\n<meta property=\"og:description\" content=\"Missa em Santa Marta\" \/>\n<meta property=\"og:url\" content=\"https:\/\/franciscanos.org.br\/noticias\/se-voce-nao-e-capaz-de-perdoar-como-deus-podera-o-perdoar.html\" \/>\n<meta property=\"og:site_name\" content=\"Not\u00edcias - Franciscanos\" \/>\n<meta property=\"article:published_time\" content=\"2016-03-01T12:09:54+00:00\" \/>\n<meta property=\"article:modified_time\" content=\"2020-06-09T22:18:10+00:00\" \/>\n<meta property=\"og:image\" content=\"https:\/\/franciscanos.org.br\/noticias\/wp-content\/uploads\/2016\/03\/papa_01.jpg\" \/>\n\t<meta property=\"og:image:width\" content=\"800\" \/>\n\t<meta property=\"og:image:height\" content=\"599\" \/>\n\t<meta property=\"og:image:type\" content=\"image\/jpeg\" \/>\n<meta name=\"author\" content=\"admin\" \/>\n<meta name=\"twitter:card\" content=\"summary_large_image\" \/>\n<meta name=\"twitter:label1\" content=\"Escrito por\" \/>\n\t<meta name=\"twitter:data1\" content=\"admin\" \/>\n\t<meta name=\"twitter:label2\" content=\"Est. tempo de leitura\" \/>\n\t<meta name=\"twitter:data2\" content=\"3 minutos\" \/>\n<script type=\"application\/ld+json\" class=\"yoast-schema-graph\">{\"@context\":\"https:\/\/schema.org\",\"@graph\":[{\"@type\":\"WebSite\",\"@id\":\"https:\/\/franciscanos.org.br\/noticias\/#website\",\"url\":\"https:\/\/franciscanos.org.br\/noticias\/\",\"name\":\"Not\u00edcias - Franciscanos\",\"description\":\"Prov\u00edncia Franciscana da Imaculada Concei\u00e7\u00e3o do Brasil - Ordem dos Frades Menores - OFM\",\"potentialAction\":[{\"@type\":\"SearchAction\",\"target\":{\"@type\":\"EntryPoint\",\"urlTemplate\":\"https:\/\/franciscanos.org.br\/noticias\/?s={search_term_string}\"},\"query-input\":\"required name=search_term_string\"}],\"inLanguage\":\"pt-BR\"},{\"@type\":\"ImageObject\",\"inLanguage\":\"pt-BR\",\"@id\":\"https:\/\/franciscanos.org.br\/noticias\/se-voce-nao-e-capaz-de-perdoar-como-deus-podera-o-perdoar.html#primaryimage\",\"url\":\"https:\/\/franciscanos.org.br\/noticias\/wp-content\/uploads\/2016\/03\/papa_01.jpg\",\"contentUrl\":\"https:\/\/franciscanos.org.br\/noticias\/wp-content\/uploads\/2016\/03\/papa_01.jpg\",\"width\":800,\"height\":599},{\"@type\":\"WebPage\",\"@id\":\"https:\/\/franciscanos.org.br\/noticias\/se-voce-nao-e-capaz-de-perdoar-como-deus-podera-o-perdoar.html#webpage\",\"url\":\"https:\/\/franciscanos.org.br\/noticias\/se-voce-nao-e-capaz-de-perdoar-como-deus-podera-o-perdoar.html\",\"name\":\"Se n\u00e3o \u00e9 capaz de perdoar, como Deus poder\u00e1 perdo\u00e1-lo? - Not\u00edcias - Franciscanos\",\"isPartOf\":{\"@id\":\"https:\/\/franciscanos.org.br\/noticias\/#website\"},\"primaryImageOfPage\":{\"@id\":\"https:\/\/franciscanos.org.br\/noticias\/se-voce-nao-e-capaz-de-perdoar-como-deus-podera-o-perdoar.html#primaryimage\"},\"datePublished\":\"2016-03-01T12:09:54+00:00\",\"dateModified\":\"2020-06-09T22:18:10+00:00\",\"author\":{\"@id\":\"https:\/\/franciscanos.org.br\/noticias\/#\/schema\/person\/b38fbf43118f02820bd932f2e4b14ad3\"},\"breadcrumb\":{\"@id\":\"https:\/\/franciscanos.org.br\/noticias\/se-voce-nao-e-capaz-de-perdoar-como-deus-podera-o-perdoar.html#breadcrumb\"},\"inLanguage\":\"pt-BR\",\"potentialAction\":[{\"@type\":\"ReadAction\",\"target\":[\"https:\/\/franciscanos.org.br\/noticias\/se-voce-nao-e-capaz-de-perdoar-como-deus-podera-o-perdoar.html\"]}]},{\"@type\":\"BreadcrumbList\",\"@id\":\"https:\/\/franciscanos.org.br\/noticias\/se-voce-nao-e-capaz-de-perdoar-como-deus-podera-o-perdoar.html#breadcrumb\",\"itemListElement\":[{\"@type\":\"ListItem\",\"position\":1,\"name\":\"Home\",\"item\":\"https:\/\/franciscanos.org.br\/noticias\"},{\"@type\":\"ListItem\",\"position\":2,\"name\":\"Se n\u00e3o \u00e9 capaz de perdoar, como Deus poder\u00e1 perdo\u00e1-lo?\"}]},{\"@type\":\"Person\",\"@id\":\"https:\/\/franciscanos.org.br\/noticias\/#\/schema\/person\/b38fbf43118f02820bd932f2e4b14ad3\",\"name\":\"admin\",\"image\":{\"@type\":\"ImageObject\",\"inLanguage\":\"pt-BR\",\"@id\":\"https:\/\/franciscanos.org.br\/noticias\/#\/schema\/person\/image\/\",\"url\":\"https:\/\/secure.gravatar.com\/avatar\/e8495742d34d0ba6448ea1c628263b3e?s=96&d=mm&r=g\",\"contentUrl\":\"https:\/\/secure.gravatar.com\/avatar\/e8495742d34d0ba6448ea1c628263b3e?s=96&d=mm&r=g\",\"caption\":\"admin\"},\"url\":\"https:\/\/franciscanos.org.br\/noticias\/author\/admin\"}]}<\/script>\n<!-- \/ Yoast SEO plugin. -->","yoast_head_json":{"title":"Se n\u00e3o \u00e9 capaz de perdoar, como Deus poder\u00e1 perdo\u00e1-lo? - Not\u00edcias - Franciscanos","robots":{"index":"index","follow":"follow","max-snippet":"max-snippet:-1","max-image-preview":"max-image-preview:large","max-video-preview":"max-video-preview:-1"},"canonical":"https:\/\/franciscanos.org.br\/noticias\/se-voce-nao-e-capaz-de-perdoar-como-deus-podera-o-perdoar.html","og_locale":"pt_BR","og_type":"article","og_title":"Se n\u00e3o \u00e9 capaz de perdoar, como Deus poder\u00e1 perdo\u00e1-lo? - Not\u00edcias - Franciscanos","og_description":"Missa em Santa Marta","og_url":"https:\/\/franciscanos.org.br\/noticias\/se-voce-nao-e-capaz-de-perdoar-como-deus-podera-o-perdoar.html","og_site_name":"Not\u00edcias - Franciscanos","article_published_time":"2016-03-01T12:09:54+00:00","article_modified_time":"2020-06-09T22:18:10+00:00","og_image":[{"width":800,"height":599,"url":"https:\/\/franciscanos.org.br\/noticias\/wp-content\/uploads\/2016\/03\/papa_01.jpg","type":"image\/jpeg"}],"author":"admin","twitter_card":"summary_large_image","twitter_misc":{"Escrito por":"admin","Est. tempo de leitura":"3 minutos"},"schema":{"@context":"https:\/\/schema.org","@graph":[{"@type":"WebSite","@id":"https:\/\/franciscanos.org.br\/noticias\/#website","url":"https:\/\/franciscanos.org.br\/noticias\/","name":"Not\u00edcias - Franciscanos","description":"Prov\u00edncia Franciscana da Imaculada Concei\u00e7\u00e3o do Brasil - Ordem dos Frades Menores - OFM","potentialAction":[{"@type":"SearchAction","target":{"@type":"EntryPoint","urlTemplate":"https:\/\/franciscanos.org.br\/noticias\/?s={search_term_string}"},"query-input":"required name=search_term_string"}],"inLanguage":"pt-BR"},{"@type":"ImageObject","inLanguage":"pt-BR","@id":"https:\/\/franciscanos.org.br\/noticias\/se-voce-nao-e-capaz-de-perdoar-como-deus-podera-o-perdoar.html#primaryimage","url":"https:\/\/franciscanos.org.br\/noticias\/wp-content\/uploads\/2016\/03\/papa_01.jpg","contentUrl":"https:\/\/franciscanos.org.br\/noticias\/wp-content\/uploads\/2016\/03\/papa_01.jpg","width":800,"height":599},{"@type":"WebPage","@id":"https:\/\/franciscanos.org.br\/noticias\/se-voce-nao-e-capaz-de-perdoar-como-deus-podera-o-perdoar.html#webpage","url":"https:\/\/franciscanos.org.br\/noticias\/se-voce-nao-e-capaz-de-perdoar-como-deus-podera-o-perdoar.html","name":"Se n\u00e3o \u00e9 capaz de perdoar, como Deus poder\u00e1 perdo\u00e1-lo? - Not\u00edcias - Franciscanos","isPartOf":{"@id":"https:\/\/franciscanos.org.br\/noticias\/#website"},"primaryImageOfPage":{"@id":"https:\/\/franciscanos.org.br\/noticias\/se-voce-nao-e-capaz-de-perdoar-como-deus-podera-o-perdoar.html#primaryimage"},"datePublished":"2016-03-01T12:09:54+00:00","dateModified":"2020-06-09T22:18:10+00:00","author":{"@id":"https:\/\/franciscanos.org.br\/noticias\/#\/schema\/person\/b38fbf43118f02820bd932f2e4b14ad3"},"breadcrumb":{"@id":"https:\/\/franciscanos.org.br\/noticias\/se-voce-nao-e-capaz-de-perdoar-como-deus-podera-o-perdoar.html#breadcrumb"},"inLanguage":"pt-BR","potentialAction":[{"@type":"ReadAction","target":["https:\/\/franciscanos.org.br\/noticias\/se-voce-nao-e-capaz-de-perdoar-como-deus-podera-o-perdoar.html"]}]},{"@type":"BreadcrumbList","@id":"https:\/\/franciscanos.org.br\/noticias\/se-voce-nao-e-capaz-de-perdoar-como-deus-podera-o-perdoar.html#breadcrumb","itemListElement":[{"@type":"ListItem","position":1,"name":"Home","item":"https:\/\/franciscanos.org.br\/noticias"},{"@type":"ListItem","position":2,"name":"Se n\u00e3o \u00e9 capaz de perdoar, como Deus poder\u00e1 perdo\u00e1-lo?"}]},{"@type":"Person","@id":"https:\/\/franciscanos.org.br\/noticias\/#\/schema\/person\/b38fbf43118f02820bd932f2e4b14ad3","name":"admin","image":{"@type":"ImageObject","inLanguage":"pt-BR","@id":"https:\/\/franciscanos.org.br\/noticias\/#\/schema\/person\/image\/","url":"https:\/\/secure.gravatar.com\/avatar\/e8495742d34d0ba6448ea1c628263b3e?s=96&d=mm&r=g","contentUrl":"https:\/\/secure.gravatar.com\/avatar\/e8495742d34d0ba6448ea1c628263b3e?s=96&d=mm&r=g","caption":"admin"},"url":"https:\/\/franciscanos.org.br\/noticias\/author\/admin"}]}},"_links":{"self":[{"href":"https:\/\/franciscanos.org.br\/noticias\/wp-json\/wp\/v2\/posts\/105156"}],"collection":[{"href":"https:\/\/franciscanos.org.br\/noticias\/wp-json\/wp\/v2\/posts"}],"about":[{"href":"https:\/\/franciscanos.org.br\/noticias\/wp-json\/wp\/v2\/types\/post"}],"author":[{"embeddable":true,"href":"https:\/\/franciscanos.org.br\/noticias\/wp-json\/wp\/v2\/users\/1"}],"replies":[{"embeddable":true,"href":"https:\/\/franciscanos.org.br\/noticias\/wp-json\/wp\/v2\/comments?post=105156"}],"version-history":[{"count":2,"href":"https:\/\/franciscanos.org.br\/noticias\/wp-json\/wp\/v2\/posts\/105156\/revisions"}],"predecessor-version":[{"id":225762,"href":"https:\/\/franciscanos.org.br\/noticias\/wp-json\/wp\/v2\/posts\/105156\/revisions\/225762"}],"wp:featuredmedia":[{"embeddable":true,"href":"https:\/\/franciscanos.org.br\/noticias\/wp-json\/wp\/v2\/media\/223777"}],"wp:attachment":[{"href":"https:\/\/franciscanos.org.br\/noticias\/wp-json\/wp\/v2\/media?parent=105156"}],"wp:term":[{"taxonomy":"category","embeddable":true,"href":"https:\/\/franciscanos.org.br\/noticias\/wp-json\/wp\/v2\/categories?post=105156"},{"taxonomy":"post_tag","embeddable":true,"href":"https:\/\/franciscanos.org.br\/noticias\/wp-json\/wp\/v2\/tags?post=105156"}],"curies":[{"name":"wp","href":"https:\/\/api.w.org\/{rel}","templated":true}]}}