{"id":105128,"date":"2016-02-29T13:22:19","date_gmt":"2016-02-29T16:22:19","guid":{"rendered":"http:\/\/franciscanos.org.br\/?p=105128"},"modified":"2020-06-10T07:40:55","modified_gmt":"2020-06-10T10:40:55","slug":"a-salvacao-vem-somente-do-pequeno-da-simplicidade-das-coisas-de-deus","status":"publish","type":"post","link":"https:\/\/franciscanos.org.br\/noticias\/a-salvacao-vem-somente-do-pequeno-da-simplicidade-das-coisas-de-deus.html","title":{"rendered":"&#8220;A salva\u00e7\u00e3o vem da simplicidade das coisas de Deus\u201d"},"content":{"rendered":"<p><img loading=\"lazy\" src=\"http:\/\/franciscanos.org.br\/wp-content\/uploads\/2016\/02\/papa_29.jpg\" alt=\"papa_29\" width=\"820\" height=\"329\" \/><\/p>\n<p><strong>Cidade do Vaticano &#8211;<\/strong> O Papa Francisco iniciou a semana celebrando a missa na Casa Santa Marta. A sua homilia foi inspirada nas leituras do dia, que nos falam da indigna\u00e7\u00e3o: Naam\u00e3, o s\u00edrio que se indigna por um leproso e pede ao profeta Eliseu que o cure, mas n\u00e3o aprecia o modo simples com que esta cura pode acontecer. E se indignam tamb\u00e9m os moradores de Nazar\u00e9 diante das palavras de Jesus, seu conterr\u00e2neo. \u00c9 a indigna\u00e7\u00e3o diante do projeto de salva\u00e7\u00e3o de Deus que n\u00e3o segue os nossos esquemas. N\u00e3o \u00e9 como n\u00f3s pensamos que seja a salva\u00e7\u00e3o, a salva\u00e7\u00e3o que todos queremos. Jesus sente o desprezo dos doutores da Lei que buscavam a salva\u00e7\u00e3o na casu\u00edstica da moral e em tantos preceitos, mas o povo n\u00e3o tinha confian\u00e7a neles:<\/p>\n<p>\u201cOs saduceus que buscavam a salva\u00e7\u00e3o nos compromissos com os poderes do mundo, com o Imp\u00e9rio&#8230; uns com grupos de cl\u00e9rigos, outros com grupos de pol\u00edticos, procuravam assim a salva\u00e7\u00e3o. Mas o povo percebia e n\u00e3o acreditava. Sim, acreditava em Jesus porque tinha \u2018autoridade\u2019. Mas por que este desprezo? Porque na nossa imagina\u00e7\u00e3o, a salva\u00e7\u00e3o deve provir de algo grande, majestoso; somente os poderosos nos salvam, aqueles que t\u00eam dinheiro, que t\u00eam poder: eles podem nos salvar. E o plano de Deus \u00e9 outro! Se indignam porque n\u00e3o podem compreender que a salva\u00e7\u00e3o vem somente do pequeno, da simplicidade das coisas de Deus\u201d.<\/p>\n<p>\u201cQuando Jesus faz a proposta do caminho de salva\u00e7\u00e3o \u2013 prosseguiu o Papa \u2013 jamais fala de coisas grandes\u201d, mas \u201cde coisas pequenas\u201d. S\u00e3o \u201cos dois pilares do Evangelho\u201d que se leem em Mateus, as Bem-aventuran\u00e7as e, no cap\u00edtulo 25, o Ju\u00edzo final, \u201cVem, vem comigo porque voc\u00ea fez isto\u201d:<\/p>\n<p>\u201cCoisas simples. Voc\u00ea n\u00e3o buscou a salva\u00e7\u00e3o ou a esperan\u00e7a no poder, nas negocia\u00e7\u00f5es, n\u00e3o. Fez simplesmente isto. E isto indigna a muitos&#8221;, disse, convidando \u2013 &#8220;tamb\u00e9m eu o farei&#8221; \u2013 a ler as Bem-aventuran\u00e7as e a ler Mateus 25, e pensar e ver se algo disso me indigna, me tira a paz. &#8220;Porque o desprezo \u00e9 um luxo que somente os vaidosos, os orgulhosos podem se permitir&#8221;, acrescentou.<\/p>\n<p>O Papa Francisco assim conclui a sua homilia:\u201cFar\u00e1 bem a n\u00f3s tomar um pouco de tempo \u2013 hoje, amanh\u00e3 \u2013 ler as Bem-aventuran\u00e7as, ler Mateus 25, e ficarmos atentos ao que acontece em nosso cora\u00e7\u00e3o: se existe desprezo, e pedir a gra\u00e7a ao Senhor para entender que o \u00fanico caminho da salva\u00e7\u00e3o \u00e9 a \u2018loucura da Cruz\u2019, ou seja, a aniquila\u00e7\u00e3o do Filho de Deus, e fazer-se pequeno&#8221;, disse, citando o banho no Jord\u00e3o ou a pequena aldeia de Nazar\u00e9\u201d.<\/p>\n<hr \/>\n<p><em>Fonte: R\u00e1dio Vaticano<\/em><\/p>\n","protected":false},"excerpt":{"rendered":"<p>Missa em Santa Marta<\/p>\n","protected":false},"author":1,"featured_media":203070,"comment_status":"open","ping_status":"open","sticky":false,"template":"","format":"standard","meta":[],"categories":[1428],"tags":[1586],"acf":[],"yoast_head":"<!-- This site is optimized with the Yoast SEO plugin v19.2 - https:\/\/yoast.com\/wordpress\/plugins\/seo\/ -->\n<title>&quot;A salva\u00e7\u00e3o vem da simplicidade das coisas de Deus\u201d - Not\u00edcias - Franciscanos<\/title>\n<meta name=\"robots\" content=\"index, follow, max-snippet:-1, max-image-preview:large, max-video-preview:-1\" \/>\n<link rel=\"canonical\" href=\"https:\/\/franciscanos.org.br\/noticias\/a-salvacao-vem-somente-do-pequeno-da-simplicidade-das-coisas-de-deus.html\" \/>\n<meta property=\"og:locale\" content=\"pt_BR\" \/>\n<meta property=\"og:type\" content=\"article\" \/>\n<meta property=\"og:title\" content=\"&quot;A salva\u00e7\u00e3o vem da simplicidade das coisas de Deus\u201d - Not\u00edcias - Franciscanos\" \/>\n<meta property=\"og:description\" content=\"Missa em Santa Marta\" \/>\n<meta property=\"og:url\" content=\"https:\/\/franciscanos.org.br\/noticias\/a-salvacao-vem-somente-do-pequeno-da-simplicidade-das-coisas-de-deus.html\" \/>\n<meta property=\"og:site_name\" content=\"Not\u00edcias - Franciscanos\" \/>\n<meta property=\"article:published_time\" content=\"2016-02-29T16:22:19+00:00\" \/>\n<meta property=\"article:modified_time\" content=\"2020-06-10T10:40:55+00:00\" \/>\n<meta property=\"og:image\" content=\"https:\/\/franciscanos.org.br\/noticias\/wp-content\/uploads\/2016\/02\/papa_29.jpg\" \/>\n\t<meta property=\"og:image:width\" content=\"273\" \/>\n\t<meta property=\"og:image:height\" content=\"181\" \/>\n\t<meta property=\"og:image:type\" content=\"image\/jpeg\" \/>\n<meta name=\"author\" content=\"admin\" \/>\n<meta name=\"twitter:card\" content=\"summary_large_image\" \/>\n<meta name=\"twitter:label1\" content=\"Escrito por\" \/>\n\t<meta name=\"twitter:data1\" content=\"admin\" \/>\n\t<meta name=\"twitter:label2\" content=\"Est. tempo de leitura\" \/>\n\t<meta name=\"twitter:data2\" content=\"2 minutos\" \/>\n<script type=\"application\/ld+json\" class=\"yoast-schema-graph\">{\"@context\":\"https:\/\/schema.org\",\"@graph\":[{\"@type\":\"WebSite\",\"@id\":\"https:\/\/franciscanos.org.br\/noticias\/#website\",\"url\":\"https:\/\/franciscanos.org.br\/noticias\/\",\"name\":\"Not\u00edcias - Franciscanos\",\"description\":\"Prov\u00edncia Franciscana da Imaculada Concei\u00e7\u00e3o do Brasil - Ordem dos Frades Menores - OFM\",\"potentialAction\":[{\"@type\":\"SearchAction\",\"target\":{\"@type\":\"EntryPoint\",\"urlTemplate\":\"https:\/\/franciscanos.org.br\/noticias\/?s={search_term_string}\"},\"query-input\":\"required name=search_term_string\"}],\"inLanguage\":\"pt-BR\"},{\"@type\":\"ImageObject\",\"inLanguage\":\"pt-BR\",\"@id\":\"https:\/\/franciscanos.org.br\/noticias\/a-salvacao-vem-somente-do-pequeno-da-simplicidade-das-coisas-de-deus.html#primaryimage\",\"url\":\"https:\/\/franciscanos.org.br\/noticias\/wp-content\/uploads\/2016\/02\/papa_29.jpg\",\"contentUrl\":\"https:\/\/franciscanos.org.br\/noticias\/wp-content\/uploads\/2016\/02\/papa_29.jpg\",\"width\":273,\"height\":181},{\"@type\":\"WebPage\",\"@id\":\"https:\/\/franciscanos.org.br\/noticias\/a-salvacao-vem-somente-do-pequeno-da-simplicidade-das-coisas-de-deus.html#webpage\",\"url\":\"https:\/\/franciscanos.org.br\/noticias\/a-salvacao-vem-somente-do-pequeno-da-simplicidade-das-coisas-de-deus.html\",\"name\":\"\\\"A salva\u00e7\u00e3o vem da simplicidade das coisas de Deus\u201d - Not\u00edcias - Franciscanos\",\"isPartOf\":{\"@id\":\"https:\/\/franciscanos.org.br\/noticias\/#website\"},\"primaryImageOfPage\":{\"@id\":\"https:\/\/franciscanos.org.br\/noticias\/a-salvacao-vem-somente-do-pequeno-da-simplicidade-das-coisas-de-deus.html#primaryimage\"},\"datePublished\":\"2016-02-29T16:22:19+00:00\",\"dateModified\":\"2020-06-10T10:40:55+00:00\",\"author\":{\"@id\":\"https:\/\/franciscanos.org.br\/noticias\/#\/schema\/person\/b38fbf43118f02820bd932f2e4b14ad3\"},\"breadcrumb\":{\"@id\":\"https:\/\/franciscanos.org.br\/noticias\/a-salvacao-vem-somente-do-pequeno-da-simplicidade-das-coisas-de-deus.html#breadcrumb\"},\"inLanguage\":\"pt-BR\",\"potentialAction\":[{\"@type\":\"ReadAction\",\"target\":[\"https:\/\/franciscanos.org.br\/noticias\/a-salvacao-vem-somente-do-pequeno-da-simplicidade-das-coisas-de-deus.html\"]}]},{\"@type\":\"BreadcrumbList\",\"@id\":\"https:\/\/franciscanos.org.br\/noticias\/a-salvacao-vem-somente-do-pequeno-da-simplicidade-das-coisas-de-deus.html#breadcrumb\",\"itemListElement\":[{\"@type\":\"ListItem\",\"position\":1,\"name\":\"Home\",\"item\":\"https:\/\/franciscanos.org.br\/noticias\"},{\"@type\":\"ListItem\",\"position\":2,\"name\":\"&#8220;A salva\u00e7\u00e3o vem da simplicidade das coisas de Deus\u201d\"}]},{\"@type\":\"Person\",\"@id\":\"https:\/\/franciscanos.org.br\/noticias\/#\/schema\/person\/b38fbf43118f02820bd932f2e4b14ad3\",\"name\":\"admin\",\"image\":{\"@type\":\"ImageObject\",\"inLanguage\":\"pt-BR\",\"@id\":\"https:\/\/franciscanos.org.br\/noticias\/#\/schema\/person\/image\/\",\"url\":\"https:\/\/secure.gravatar.com\/avatar\/e8495742d34d0ba6448ea1c628263b3e?s=96&d=mm&r=g\",\"contentUrl\":\"https:\/\/secure.gravatar.com\/avatar\/e8495742d34d0ba6448ea1c628263b3e?s=96&d=mm&r=g\",\"caption\":\"admin\"},\"url\":\"https:\/\/franciscanos.org.br\/noticias\/author\/admin\"}]}<\/script>\n<!-- \/ Yoast SEO plugin. -->","yoast_head_json":{"title":"\"A salva\u00e7\u00e3o vem da simplicidade das coisas de Deus\u201d - Not\u00edcias - Franciscanos","robots":{"index":"index","follow":"follow","max-snippet":"max-snippet:-1","max-image-preview":"max-image-preview:large","max-video-preview":"max-video-preview:-1"},"canonical":"https:\/\/franciscanos.org.br\/noticias\/a-salvacao-vem-somente-do-pequeno-da-simplicidade-das-coisas-de-deus.html","og_locale":"pt_BR","og_type":"article","og_title":"\"A salva\u00e7\u00e3o vem da simplicidade das coisas de Deus\u201d - Not\u00edcias - Franciscanos","og_description":"Missa em Santa Marta","og_url":"https:\/\/franciscanos.org.br\/noticias\/a-salvacao-vem-somente-do-pequeno-da-simplicidade-das-coisas-de-deus.html","og_site_name":"Not\u00edcias - Franciscanos","article_published_time":"2016-02-29T16:22:19+00:00","article_modified_time":"2020-06-10T10:40:55+00:00","og_image":[{"width":273,"height":181,"url":"https:\/\/franciscanos.org.br\/noticias\/wp-content\/uploads\/2016\/02\/papa_29.jpg","type":"image\/jpeg"}],"author":"admin","twitter_card":"summary_large_image","twitter_misc":{"Escrito por":"admin","Est. tempo de leitura":"2 minutos"},"schema":{"@context":"https:\/\/schema.org","@graph":[{"@type":"WebSite","@id":"https:\/\/franciscanos.org.br\/noticias\/#website","url":"https:\/\/franciscanos.org.br\/noticias\/","name":"Not\u00edcias - Franciscanos","description":"Prov\u00edncia Franciscana da Imaculada Concei\u00e7\u00e3o do Brasil - Ordem dos Frades Menores - OFM","potentialAction":[{"@type":"SearchAction","target":{"@type":"EntryPoint","urlTemplate":"https:\/\/franciscanos.org.br\/noticias\/?s={search_term_string}"},"query-input":"required name=search_term_string"}],"inLanguage":"pt-BR"},{"@type":"ImageObject","inLanguage":"pt-BR","@id":"https:\/\/franciscanos.org.br\/noticias\/a-salvacao-vem-somente-do-pequeno-da-simplicidade-das-coisas-de-deus.html#primaryimage","url":"https:\/\/franciscanos.org.br\/noticias\/wp-content\/uploads\/2016\/02\/papa_29.jpg","contentUrl":"https:\/\/franciscanos.org.br\/noticias\/wp-content\/uploads\/2016\/02\/papa_29.jpg","width":273,"height":181},{"@type":"WebPage","@id":"https:\/\/franciscanos.org.br\/noticias\/a-salvacao-vem-somente-do-pequeno-da-simplicidade-das-coisas-de-deus.html#webpage","url":"https:\/\/franciscanos.org.br\/noticias\/a-salvacao-vem-somente-do-pequeno-da-simplicidade-das-coisas-de-deus.html","name":"\"A salva\u00e7\u00e3o vem da simplicidade das coisas de Deus\u201d - Not\u00edcias - Franciscanos","isPartOf":{"@id":"https:\/\/franciscanos.org.br\/noticias\/#website"},"primaryImageOfPage":{"@id":"https:\/\/franciscanos.org.br\/noticias\/a-salvacao-vem-somente-do-pequeno-da-simplicidade-das-coisas-de-deus.html#primaryimage"},"datePublished":"2016-02-29T16:22:19+00:00","dateModified":"2020-06-10T10:40:55+00:00","author":{"@id":"https:\/\/franciscanos.org.br\/noticias\/#\/schema\/person\/b38fbf43118f02820bd932f2e4b14ad3"},"breadcrumb":{"@id":"https:\/\/franciscanos.org.br\/noticias\/a-salvacao-vem-somente-do-pequeno-da-simplicidade-das-coisas-de-deus.html#breadcrumb"},"inLanguage":"pt-BR","potentialAction":[{"@type":"ReadAction","target":["https:\/\/franciscanos.org.br\/noticias\/a-salvacao-vem-somente-do-pequeno-da-simplicidade-das-coisas-de-deus.html"]}]},{"@type":"BreadcrumbList","@id":"https:\/\/franciscanos.org.br\/noticias\/a-salvacao-vem-somente-do-pequeno-da-simplicidade-das-coisas-de-deus.html#breadcrumb","itemListElement":[{"@type":"ListItem","position":1,"name":"Home","item":"https:\/\/franciscanos.org.br\/noticias"},{"@type":"ListItem","position":2,"name":"&#8220;A salva\u00e7\u00e3o vem da simplicidade das coisas de Deus\u201d"}]},{"@type":"Person","@id":"https:\/\/franciscanos.org.br\/noticias\/#\/schema\/person\/b38fbf43118f02820bd932f2e4b14ad3","name":"admin","image":{"@type":"ImageObject","inLanguage":"pt-BR","@id":"https:\/\/franciscanos.org.br\/noticias\/#\/schema\/person\/image\/","url":"https:\/\/secure.gravatar.com\/avatar\/e8495742d34d0ba6448ea1c628263b3e?s=96&d=mm&r=g","contentUrl":"https:\/\/secure.gravatar.com\/avatar\/e8495742d34d0ba6448ea1c628263b3e?s=96&d=mm&r=g","caption":"admin"},"url":"https:\/\/franciscanos.org.br\/noticias\/author\/admin"}]}},"_links":{"self":[{"href":"https:\/\/franciscanos.org.br\/noticias\/wp-json\/wp\/v2\/posts\/105128"}],"collection":[{"href":"https:\/\/franciscanos.org.br\/noticias\/wp-json\/wp\/v2\/posts"}],"about":[{"href":"https:\/\/franciscanos.org.br\/noticias\/wp-json\/wp\/v2\/types\/post"}],"author":[{"embeddable":true,"href":"https:\/\/franciscanos.org.br\/noticias\/wp-json\/wp\/v2\/users\/1"}],"replies":[{"embeddable":true,"href":"https:\/\/franciscanos.org.br\/noticias\/wp-json\/wp\/v2\/comments?post=105128"}],"version-history":[{"count":2,"href":"https:\/\/franciscanos.org.br\/noticias\/wp-json\/wp\/v2\/posts\/105128\/revisions"}],"predecessor-version":[{"id":225768,"href":"https:\/\/franciscanos.org.br\/noticias\/wp-json\/wp\/v2\/posts\/105128\/revisions\/225768"}],"wp:featuredmedia":[{"embeddable":true,"href":"https:\/\/franciscanos.org.br\/noticias\/wp-json\/wp\/v2\/media\/203070"}],"wp:attachment":[{"href":"https:\/\/franciscanos.org.br\/noticias\/wp-json\/wp\/v2\/media?parent=105128"}],"wp:term":[{"taxonomy":"category","embeddable":true,"href":"https:\/\/franciscanos.org.br\/noticias\/wp-json\/wp\/v2\/categories?post=105128"},{"taxonomy":"post_tag","embeddable":true,"href":"https:\/\/franciscanos.org.br\/noticias\/wp-json\/wp\/v2\/tags?post=105128"}],"curies":[{"name":"wp","href":"https:\/\/api.w.org\/{rel}","templated":true}]}}