{"id":105013,"date":"2016-02-25T10:27:21","date_gmt":"2016-02-25T13:27:21","guid":{"rendered":"http:\/\/franciscanos.org.br\/?p=105013"},"modified":"2020-06-10T07:42:32","modified_gmt":"2020-06-10T10:42:32","slug":"papa-quantas-fechaduras-tenho-ainda-em-meu-coracao","status":"publish","type":"post","link":"https:\/\/franciscanos.org.br\/noticias\/papa-quantas-fechaduras-tenho-ainda-em-meu-coracao.html","title":{"rendered":"&#8220;Quantas fechaduras tenho ainda em meu cora\u00e7\u00e3o?&#8221;"},"content":{"rendered":"<p><img loading=\"lazy\" src=\"http:\/\/franciscanos.org.br\/wp-content\/uploads\/2016\/02\/papa_25.jpg\" alt=\"papa_25\" width=\"820\" height=\"479\" \/><\/p>\n<p><strong>Cidade do Vaticano<\/strong> &#8211; O Papa Francisco celebrou a missa na Casa Santa Marta, na manh\u00e3 desta quinta-feira (25\/02). No Evangelho do dia, Jesus conta a par\u00e1bola do homem rico \u201cque se vestia com roupas finas e elegantes e fazia festas espl\u00eandidas todos os dias\u201d e n\u00e3o percebia que \u00e0 sua porta havia um pobre, chamado L\u00e1zaro, cheio de chagas. O Papa convidou a fazer-se a seguinte pergunta: \u201cSou um crist\u00e3o que caminha na estrada da mentira, somente do dizer, ou sou um crist\u00e3o que segue o caminho da vida, ou seja, das obras, do fazer?\u201d Este homem rico, de fato, ressalta Francisco, \u201cconhecia os mandamentos, certamente todos os s\u00e1bados ia \u00e0 sinagoga e uma vez por ano ao templo\u201d. Tinha uma certa religiosidade\u201d.<\/p>\n<p>\u201cMas era um homem fechado, fechado em seu pequeno mundo, o mundo dos banquetes, das roupas, da vaidade, dos amigos. Um homem fechado numa bolha de vaidade. N\u00e3o tinha a capacidade de olhar al\u00e9m, mas somente ao seu pr\u00f3prio mundo. E este homem n\u00e3o percebia o que acontecia fora de seu mundo fechado. N\u00e3o pensava, por exemplo, nas necessidades de muitas pessoas ou na necessidade de companhia dos doentes, somente pensava nele, em suas riquezas, em sua vida boa: se entregava \u00e0 boa vida.\u201d<\/p>\n<p>Era, portanto, um religioso aparente, \u201cn\u00e3o conhecia nenhuma periferia, era fechado em si mesmo. N\u00e3o conhecia a periferia que estava pr\u00f3xima \u00e0 sua porta de casa. Percorria o caminho da mentira, porque confiava somente em si mesmo, em suas coisas, n\u00e3o confiava em Deus\u201d. Um homem que n\u00e3o deixou heran\u00e7a, n\u00e3o deixou vida, porque somente era fechado em si mesmo. \u00c9 curioso, sublinha o Papa Francisco, que tinha perdido o nome. O Evangelho n\u00e3o diz como se chamava, somente diz que era um homem rico, e quando o seu nome \u00e9 somente um adjetivo \u00e9 porque voc\u00ea perdeu a subst\u00e2ncia, perdeu a for\u00e7a\u201d.<\/p>\n<p>\u201cEste \u00e9 rico, este \u00e9 potente, este pode fazer tudo, este \u00e9 um sacerdote de carreira, um bispo de carreira. Quantas vezes n\u00f3s nominamos as pessoas com adjetivos, n\u00e3o com os nomes, porque n\u00e3o t\u00eam subst\u00e2ncia. Mas eu me pergunto: \u201cDeus que \u00e9 Pai, n\u00e3o teve miseric\u00f3rdia deste homem? N\u00e3o bateu \u00e0 porta de seu cora\u00e7\u00e3o para mov\u00ea-lo? Sim, o Senhor estava ali na porta, na pessoa de L\u00e1zaro, que tinha um nome. Este L\u00e1zaro com as suas necessidades e suas mis\u00e9rias, suas doen\u00e7as, era o Senhor que batia \u00e0 porta para que aquele homem abrisse o cora\u00e7\u00e3o e a miseric\u00f3rdia pudesse entrar. Mas ele n\u00e3o via, estava fechado: para ele al\u00e9m da porta n\u00e3o havia nada\u201d.<\/p>\n<p><strong>Estrada da vida ou da mentira<\/strong><br \/>\nEstamos na Quaresma, recorda o Papa, e nos far\u00e1 bem nos perguntar: qual estrada estamos percorrendo?<br \/>\n\u201cEstou na estrada da vida ou na estrada da mentira? Quantas fechaduras tenho ainda em meu cora\u00e7\u00e3o? Onde est\u00e1 a minha alegria: no fazer ou no dizer? O sair de mim mesmo para ir ao encontro dos outros \u00e9 para ajudar? Olha as obras de miseric\u00f3rdia, hein! Ou a minha alegria \u00e9 ter tudo arrumado, fechado em mim mesmo? Pe\u00e7amos ao Senhor, enquanto pensamos nisto, em nossa vida, a gra\u00e7a de ver sempre os L\u00e1zaros que est\u00e3o \u00e0 nossa porta, os L\u00e1zaros que batem ao cora\u00e7\u00e3o, e que possamos sair de n\u00f3s mesmos com generosidade, numa atitude de miseric\u00f3rdia a fim de que a miseric\u00f3rdia de Deus possa entrar em nosso cora\u00e7\u00e3o.\u201d<\/p>\n<hr \/>\n<p><em>Fonte: R\u00e1dio Vaticano<\/em><\/p>\n","protected":false},"excerpt":{"rendered":"<p>Missa em Santa Marta:<\/p>\n","protected":false},"author":1,"featured_media":220461,"comment_status":"open","ping_status":"open","sticky":false,"template":"","format":"standard","meta":[],"categories":[1428],"tags":[1586],"acf":[],"yoast_head":"<!-- This site is optimized with the Yoast SEO plugin v19.2 - https:\/\/yoast.com\/wordpress\/plugins\/seo\/ -->\n<title>&quot;Quantas fechaduras tenho ainda em meu cora\u00e7\u00e3o?&quot; - Not\u00edcias - Franciscanos<\/title>\n<meta name=\"robots\" content=\"index, follow, max-snippet:-1, max-image-preview:large, max-video-preview:-1\" \/>\n<link rel=\"canonical\" href=\"https:\/\/franciscanos.org.br\/noticias\/papa-quantas-fechaduras-tenho-ainda-em-meu-coracao.html\" \/>\n<meta property=\"og:locale\" content=\"pt_BR\" \/>\n<meta property=\"og:type\" content=\"article\" \/>\n<meta property=\"og:title\" content=\"&quot;Quantas fechaduras tenho ainda em meu cora\u00e7\u00e3o?&quot; - Not\u00edcias - Franciscanos\" \/>\n<meta property=\"og:description\" content=\"Missa em Santa Marta:\" \/>\n<meta property=\"og:url\" content=\"https:\/\/franciscanos.org.br\/noticias\/papa-quantas-fechaduras-tenho-ainda-em-meu-coracao.html\" \/>\n<meta property=\"og:site_name\" content=\"Not\u00edcias - Franciscanos\" \/>\n<meta property=\"article:published_time\" content=\"2016-02-25T13:27:21+00:00\" \/>\n<meta property=\"article:modified_time\" content=\"2020-06-10T10:42:32+00:00\" \/>\n<meta property=\"og:image\" content=\"https:\/\/franciscanos.org.br\/noticias\/wp-content\/uploads\/2016\/02\/papa_25-2-1.jpg\" \/>\n\t<meta property=\"og:image:width\" content=\"273\" \/>\n\t<meta property=\"og:image:height\" content=\"181\" \/>\n\t<meta property=\"og:image:type\" content=\"image\/jpeg\" \/>\n<meta name=\"author\" content=\"admin\" \/>\n<meta name=\"twitter:card\" content=\"summary_large_image\" \/>\n<meta name=\"twitter:label1\" content=\"Escrito por\" \/>\n\t<meta name=\"twitter:data1\" content=\"admin\" \/>\n\t<meta name=\"twitter:label2\" content=\"Est. tempo de leitura\" \/>\n\t<meta name=\"twitter:data2\" content=\"3 minutos\" \/>\n<script type=\"application\/ld+json\" class=\"yoast-schema-graph\">{\"@context\":\"https:\/\/schema.org\",\"@graph\":[{\"@type\":\"WebSite\",\"@id\":\"https:\/\/franciscanos.org.br\/noticias\/#website\",\"url\":\"https:\/\/franciscanos.org.br\/noticias\/\",\"name\":\"Not\u00edcias - Franciscanos\",\"description\":\"Prov\u00edncia Franciscana da Imaculada Concei\u00e7\u00e3o do Brasil - Ordem dos Frades Menores - OFM\",\"potentialAction\":[{\"@type\":\"SearchAction\",\"target\":{\"@type\":\"EntryPoint\",\"urlTemplate\":\"https:\/\/franciscanos.org.br\/noticias\/?s={search_term_string}\"},\"query-input\":\"required name=search_term_string\"}],\"inLanguage\":\"pt-BR\"},{\"@type\":\"ImageObject\",\"inLanguage\":\"pt-BR\",\"@id\":\"https:\/\/franciscanos.org.br\/noticias\/papa-quantas-fechaduras-tenho-ainda-em-meu-coracao.html#primaryimage\",\"url\":\"https:\/\/franciscanos.org.br\/noticias\/wp-content\/uploads\/2016\/02\/papa_25-2-1.jpg\",\"contentUrl\":\"https:\/\/franciscanos.org.br\/noticias\/wp-content\/uploads\/2016\/02\/papa_25-2-1.jpg\",\"width\":273,\"height\":181},{\"@type\":\"WebPage\",\"@id\":\"https:\/\/franciscanos.org.br\/noticias\/papa-quantas-fechaduras-tenho-ainda-em-meu-coracao.html#webpage\",\"url\":\"https:\/\/franciscanos.org.br\/noticias\/papa-quantas-fechaduras-tenho-ainda-em-meu-coracao.html\",\"name\":\"\\\"Quantas fechaduras tenho ainda em meu cora\u00e7\u00e3o?\\\" - Not\u00edcias - Franciscanos\",\"isPartOf\":{\"@id\":\"https:\/\/franciscanos.org.br\/noticias\/#website\"},\"primaryImageOfPage\":{\"@id\":\"https:\/\/franciscanos.org.br\/noticias\/papa-quantas-fechaduras-tenho-ainda-em-meu-coracao.html#primaryimage\"},\"datePublished\":\"2016-02-25T13:27:21+00:00\",\"dateModified\":\"2020-06-10T10:42:32+00:00\",\"author\":{\"@id\":\"https:\/\/franciscanos.org.br\/noticias\/#\/schema\/person\/b38fbf43118f02820bd932f2e4b14ad3\"},\"breadcrumb\":{\"@id\":\"https:\/\/franciscanos.org.br\/noticias\/papa-quantas-fechaduras-tenho-ainda-em-meu-coracao.html#breadcrumb\"},\"inLanguage\":\"pt-BR\",\"potentialAction\":[{\"@type\":\"ReadAction\",\"target\":[\"https:\/\/franciscanos.org.br\/noticias\/papa-quantas-fechaduras-tenho-ainda-em-meu-coracao.html\"]}]},{\"@type\":\"BreadcrumbList\",\"@id\":\"https:\/\/franciscanos.org.br\/noticias\/papa-quantas-fechaduras-tenho-ainda-em-meu-coracao.html#breadcrumb\",\"itemListElement\":[{\"@type\":\"ListItem\",\"position\":1,\"name\":\"Home\",\"item\":\"https:\/\/franciscanos.org.br\/noticias\"},{\"@type\":\"ListItem\",\"position\":2,\"name\":\"&#8220;Quantas fechaduras tenho ainda em meu cora\u00e7\u00e3o?&#8221;\"}]},{\"@type\":\"Person\",\"@id\":\"https:\/\/franciscanos.org.br\/noticias\/#\/schema\/person\/b38fbf43118f02820bd932f2e4b14ad3\",\"name\":\"admin\",\"image\":{\"@type\":\"ImageObject\",\"inLanguage\":\"pt-BR\",\"@id\":\"https:\/\/franciscanos.org.br\/noticias\/#\/schema\/person\/image\/\",\"url\":\"https:\/\/secure.gravatar.com\/avatar\/e8495742d34d0ba6448ea1c628263b3e?s=96&d=mm&r=g\",\"contentUrl\":\"https:\/\/secure.gravatar.com\/avatar\/e8495742d34d0ba6448ea1c628263b3e?s=96&d=mm&r=g\",\"caption\":\"admin\"},\"url\":\"https:\/\/franciscanos.org.br\/noticias\/author\/admin\"}]}<\/script>\n<!-- \/ Yoast SEO plugin. -->","yoast_head_json":{"title":"\"Quantas fechaduras tenho ainda em meu cora\u00e7\u00e3o?\" - Not\u00edcias - Franciscanos","robots":{"index":"index","follow":"follow","max-snippet":"max-snippet:-1","max-image-preview":"max-image-preview:large","max-video-preview":"max-video-preview:-1"},"canonical":"https:\/\/franciscanos.org.br\/noticias\/papa-quantas-fechaduras-tenho-ainda-em-meu-coracao.html","og_locale":"pt_BR","og_type":"article","og_title":"\"Quantas fechaduras tenho ainda em meu cora\u00e7\u00e3o?\" - Not\u00edcias - Franciscanos","og_description":"Missa em Santa Marta:","og_url":"https:\/\/franciscanos.org.br\/noticias\/papa-quantas-fechaduras-tenho-ainda-em-meu-coracao.html","og_site_name":"Not\u00edcias - Franciscanos","article_published_time":"2016-02-25T13:27:21+00:00","article_modified_time":"2020-06-10T10:42:32+00:00","og_image":[{"width":273,"height":181,"url":"https:\/\/franciscanos.org.br\/noticias\/wp-content\/uploads\/2016\/02\/papa_25-2-1.jpg","type":"image\/jpeg"}],"author":"admin","twitter_card":"summary_large_image","twitter_misc":{"Escrito por":"admin","Est. tempo de leitura":"3 minutos"},"schema":{"@context":"https:\/\/schema.org","@graph":[{"@type":"WebSite","@id":"https:\/\/franciscanos.org.br\/noticias\/#website","url":"https:\/\/franciscanos.org.br\/noticias\/","name":"Not\u00edcias - Franciscanos","description":"Prov\u00edncia Franciscana da Imaculada Concei\u00e7\u00e3o do Brasil - Ordem dos Frades Menores - OFM","potentialAction":[{"@type":"SearchAction","target":{"@type":"EntryPoint","urlTemplate":"https:\/\/franciscanos.org.br\/noticias\/?s={search_term_string}"},"query-input":"required name=search_term_string"}],"inLanguage":"pt-BR"},{"@type":"ImageObject","inLanguage":"pt-BR","@id":"https:\/\/franciscanos.org.br\/noticias\/papa-quantas-fechaduras-tenho-ainda-em-meu-coracao.html#primaryimage","url":"https:\/\/franciscanos.org.br\/noticias\/wp-content\/uploads\/2016\/02\/papa_25-2-1.jpg","contentUrl":"https:\/\/franciscanos.org.br\/noticias\/wp-content\/uploads\/2016\/02\/papa_25-2-1.jpg","width":273,"height":181},{"@type":"WebPage","@id":"https:\/\/franciscanos.org.br\/noticias\/papa-quantas-fechaduras-tenho-ainda-em-meu-coracao.html#webpage","url":"https:\/\/franciscanos.org.br\/noticias\/papa-quantas-fechaduras-tenho-ainda-em-meu-coracao.html","name":"\"Quantas fechaduras tenho ainda em meu cora\u00e7\u00e3o?\" - Not\u00edcias - Franciscanos","isPartOf":{"@id":"https:\/\/franciscanos.org.br\/noticias\/#website"},"primaryImageOfPage":{"@id":"https:\/\/franciscanos.org.br\/noticias\/papa-quantas-fechaduras-tenho-ainda-em-meu-coracao.html#primaryimage"},"datePublished":"2016-02-25T13:27:21+00:00","dateModified":"2020-06-10T10:42:32+00:00","author":{"@id":"https:\/\/franciscanos.org.br\/noticias\/#\/schema\/person\/b38fbf43118f02820bd932f2e4b14ad3"},"breadcrumb":{"@id":"https:\/\/franciscanos.org.br\/noticias\/papa-quantas-fechaduras-tenho-ainda-em-meu-coracao.html#breadcrumb"},"inLanguage":"pt-BR","potentialAction":[{"@type":"ReadAction","target":["https:\/\/franciscanos.org.br\/noticias\/papa-quantas-fechaduras-tenho-ainda-em-meu-coracao.html"]}]},{"@type":"BreadcrumbList","@id":"https:\/\/franciscanos.org.br\/noticias\/papa-quantas-fechaduras-tenho-ainda-em-meu-coracao.html#breadcrumb","itemListElement":[{"@type":"ListItem","position":1,"name":"Home","item":"https:\/\/franciscanos.org.br\/noticias"},{"@type":"ListItem","position":2,"name":"&#8220;Quantas fechaduras tenho ainda em meu cora\u00e7\u00e3o?&#8221;"}]},{"@type":"Person","@id":"https:\/\/franciscanos.org.br\/noticias\/#\/schema\/person\/b38fbf43118f02820bd932f2e4b14ad3","name":"admin","image":{"@type":"ImageObject","inLanguage":"pt-BR","@id":"https:\/\/franciscanos.org.br\/noticias\/#\/schema\/person\/image\/","url":"https:\/\/secure.gravatar.com\/avatar\/e8495742d34d0ba6448ea1c628263b3e?s=96&d=mm&r=g","contentUrl":"https:\/\/secure.gravatar.com\/avatar\/e8495742d34d0ba6448ea1c628263b3e?s=96&d=mm&r=g","caption":"admin"},"url":"https:\/\/franciscanos.org.br\/noticias\/author\/admin"}]}},"_links":{"self":[{"href":"https:\/\/franciscanos.org.br\/noticias\/wp-json\/wp\/v2\/posts\/105013"}],"collection":[{"href":"https:\/\/franciscanos.org.br\/noticias\/wp-json\/wp\/v2\/posts"}],"about":[{"href":"https:\/\/franciscanos.org.br\/noticias\/wp-json\/wp\/v2\/types\/post"}],"author":[{"embeddable":true,"href":"https:\/\/franciscanos.org.br\/noticias\/wp-json\/wp\/v2\/users\/1"}],"replies":[{"embeddable":true,"href":"https:\/\/franciscanos.org.br\/noticias\/wp-json\/wp\/v2\/comments?post=105013"}],"version-history":[{"count":3,"href":"https:\/\/franciscanos.org.br\/noticias\/wp-json\/wp\/v2\/posts\/105013\/revisions"}],"predecessor-version":[{"id":225770,"href":"https:\/\/franciscanos.org.br\/noticias\/wp-json\/wp\/v2\/posts\/105013\/revisions\/225770"}],"wp:featuredmedia":[{"embeddable":true,"href":"https:\/\/franciscanos.org.br\/noticias\/wp-json\/wp\/v2\/media\/220461"}],"wp:attachment":[{"href":"https:\/\/franciscanos.org.br\/noticias\/wp-json\/wp\/v2\/media?parent=105013"}],"wp:term":[{"taxonomy":"category","embeddable":true,"href":"https:\/\/franciscanos.org.br\/noticias\/wp-json\/wp\/v2\/categories?post=105013"},{"taxonomy":"post_tag","embeddable":true,"href":"https:\/\/franciscanos.org.br\/noticias\/wp-json\/wp\/v2\/tags?post=105013"}],"curies":[{"name":"wp","href":"https:\/\/api.w.org\/{rel}","templated":true}]}}