{"id":104953,"date":"2016-02-23T09:51:34","date_gmt":"2016-02-23T12:51:34","guid":{"rendered":"http:\/\/franciscanos.org.br\/?p=104953"},"modified":"2020-03-19T13:53:51","modified_gmt":"2020-03-19T16:53:51","slug":"frei-luiz-flavio-celebra-25-anos-de-vida-sacerdotal","status":"publish","type":"post","link":"https:\/\/franciscanos.org.br\/noticias\/frei-luiz-flavio-celebra-25-anos-de-vida-sacerdotal.html","title":{"rendered":"Frei Luiz Fl\u00e1vio celebra 25 anos de vida sacerdotal"},"content":{"rendered":"<p><a href=\"http:\/\/franciscanos.org.br\/wp-content\/uploads\/2016\/02\/luiz-flavio-820.jpg\"><img loading=\"lazy\" src=\"http:\/\/franciscanos.org.br\/wp-content\/uploads\/2016\/02\/luiz-flavio-820.jpg\" alt=\"luiz-flavio-820\" width=\"820\" height=\"380\" \/><\/a><\/p>\n<p>A tarde-noite do dia 20 de fevereiro foi marcada pela emo\u00e7\u00e3o na Igreja do Sagrado Cora\u00e7\u00e3o de Jesus, em Petr\u00f3polis. E n\u00e3o era para menos, afinal comemorou-se o Jubileu de Prata sacerdotal do Vig\u00e1rio Paroquial Frei Luiz Fl\u00e1vio Adami Loureiro. A celebra\u00e7\u00e3o foi presidida pelo pr\u00f3prio Frei Luiz e concelebrada pelo P\u00e1roco Frei \u00c2ngelo Jos\u00e9 Luiz e pelo Guardi\u00e3o do Convento da Fraternidade do Sagrado, Frei C\u00e9sar K\u00fclkamp.<\/p>\n<p><a href=\"http:\/\/franciscanos.org.br\/wp-content\/uploads\/2016\/02\/luiz-flavio-350.jpg\"><img loading=\"lazy\" class=\"alignright wp-image-104960 \" src=\"http:\/\/franciscanos.org.br\/wp-content\/uploads\/2016\/02\/luiz-flavio-350.jpg\" alt=\"luiz-flavio-350\" width=\"248\" height=\"421\" \/><\/a>Diversos Frades estudantes do Tempo da Teologia que residem em Petr\u00f3polis estiveram presentes no forte momento na vida do religioso, assim como membros da Comunidade da Presid\u00eancia, onde Frei Luiz celebra aos domingos; integrantes do Grupo de Ora\u00e7\u00e3o do Sagrado e da Ordem Franciscana Secular, onde o Sacerdote auxilia nos trabalhos pastorais; familiares do Esp\u00edrito Santo, terra natal do jubilar; e paroquianos de Nil\u00f3polis, onde o Frade trabalhou anteriormente. Ap\u00f3s o Rito da Comunh\u00e3o, representantes dos diversos Movimentos e Pastorais em que o Sacerdote atua, bem como das comunidades em que ele trabalha e j\u00e1 trabalhou, entraram com cartazes contendo frases que retratam bem a presen\u00e7a de Frei Luiz junto ao povo de Deus.<\/p>\n<p>Em seis anos de miss\u00e3o na Cidade de Petr\u00f3polis, Frei Luiz Fl\u00e1vio segue a colecionar amizades e agradecimento dos fi\u00e9is, principalmente pelas v\u00e1rias visitas que realiza nas casas de enfermos que constantemente solicitam sua presen\u00e7a, inclusive para a ben\u00e7\u00e3o de resid\u00eancias. Enfim, Frei Luiz Fl\u00e1vio caminha exalando o jeito alegre e dispon\u00edvel de ser Frade Franciscano, facilmente percebido na recep\u00e7\u00e3o realizada no sal\u00e3o do antigo Col\u00e9gio dos Canarinhos, ao lado da Igreja do Sagrado, ap\u00f3s a Santa Missa de A\u00e7\u00e3o de Gra\u00e7as. Entre uma foto e outra, e ao som de boa m\u00fasica sob o comando de Frei Cristiano Maciel e da equipe de Liturgia dos s\u00e1bados, Frei Luiz recebia presentes e saboreava os deliciosos salgados, cachorro quente, bolo e refrigerante servidos aos convidados.<\/p>\n<p>Frei Luiz Fl\u00e1vio Adami Loureiro \u00e9 natural de Colatina, Esp\u00edrito Santo, e ordenou-se Sacerdote em 02 de fevereiro de 1991, tamb\u00e9m em terras capixabas.<\/p>\n<p><strong>Equipe de Comunica\u00e7\u00e3o da Par\u00f3quia do Sagrado<\/strong><\/p>\n","protected":false},"excerpt":{"rendered":"<p>Jubileu<\/p>\n","protected":false},"author":1,"featured_media":222032,"comment_status":"open","ping_status":"open","sticky":false,"template":"","format":"standard","meta":[],"categories":[1],"tags":[],"acf":[],"yoast_head":"<!-- This site is optimized with the Yoast SEO plugin v19.2 - https:\/\/yoast.com\/wordpress\/plugins\/seo\/ -->\n<title>Frei Luiz Fl\u00e1vio celebra 25 anos de vida sacerdotal - Not\u00edcias - Franciscanos<\/title>\n<meta name=\"robots\" content=\"index, follow, max-snippet:-1, max-image-preview:large, max-video-preview:-1\" \/>\n<link rel=\"canonical\" href=\"https:\/\/franciscanos.org.br\/noticias\/frei-luiz-flavio-celebra-25-anos-de-vida-sacerdotal.html\" \/>\n<meta property=\"og:locale\" content=\"pt_BR\" \/>\n<meta property=\"og:type\" content=\"article\" \/>\n<meta property=\"og:title\" content=\"Frei Luiz Fl\u00e1vio celebra 25 anos de vida sacerdotal - Not\u00edcias - Franciscanos\" \/>\n<meta property=\"og:description\" content=\"Jubileu\" \/>\n<meta property=\"og:url\" content=\"https:\/\/franciscanos.org.br\/noticias\/frei-luiz-flavio-celebra-25-anos-de-vida-sacerdotal.html\" \/>\n<meta property=\"og:site_name\" content=\"Not\u00edcias - Franciscanos\" \/>\n<meta property=\"article:published_time\" content=\"2016-02-23T12:51:34+00:00\" \/>\n<meta property=\"article:modified_time\" content=\"2020-03-19T16:53:51+00:00\" \/>\n<meta property=\"og:image\" content=\"https:\/\/franciscanos.org.br\/noticias\/wp-content\/uploads\/2016\/02\/luiz-flavio-820.jpg\" \/>\n\t<meta property=\"og:image:width\" content=\"273\" \/>\n\t<meta property=\"og:image:height\" content=\"181\" \/>\n\t<meta property=\"og:image:type\" content=\"image\/jpeg\" \/>\n<meta name=\"author\" content=\"admin\" \/>\n<meta name=\"twitter:card\" content=\"summary_large_image\" \/>\n<meta name=\"twitter:label1\" content=\"Escrito por\" \/>\n\t<meta name=\"twitter:data1\" content=\"admin\" \/>\n\t<meta name=\"twitter:label2\" content=\"Est. tempo de leitura\" \/>\n\t<meta name=\"twitter:data2\" content=\"2 minutos\" \/>\n<script type=\"application\/ld+json\" class=\"yoast-schema-graph\">{\"@context\":\"https:\/\/schema.org\",\"@graph\":[{\"@type\":\"WebSite\",\"@id\":\"https:\/\/franciscanos.org.br\/noticias\/#website\",\"url\":\"https:\/\/franciscanos.org.br\/noticias\/\",\"name\":\"Not\u00edcias - Franciscanos\",\"description\":\"Prov\u00edncia Franciscana da Imaculada Concei\u00e7\u00e3o do Brasil - Ordem dos Frades Menores - OFM\",\"potentialAction\":[{\"@type\":\"SearchAction\",\"target\":{\"@type\":\"EntryPoint\",\"urlTemplate\":\"https:\/\/franciscanos.org.br\/noticias\/?s={search_term_string}\"},\"query-input\":\"required name=search_term_string\"}],\"inLanguage\":\"pt-BR\"},{\"@type\":\"ImageObject\",\"inLanguage\":\"pt-BR\",\"@id\":\"https:\/\/franciscanos.org.br\/noticias\/frei-luiz-flavio-celebra-25-anos-de-vida-sacerdotal.html#primaryimage\",\"url\":\"https:\/\/franciscanos.org.br\/noticias\/wp-content\/uploads\/2016\/02\/luiz-flavio-820.jpg\",\"contentUrl\":\"https:\/\/franciscanos.org.br\/noticias\/wp-content\/uploads\/2016\/02\/luiz-flavio-820.jpg\",\"width\":273,\"height\":181},{\"@type\":\"WebPage\",\"@id\":\"https:\/\/franciscanos.org.br\/noticias\/frei-luiz-flavio-celebra-25-anos-de-vida-sacerdotal.html#webpage\",\"url\":\"https:\/\/franciscanos.org.br\/noticias\/frei-luiz-flavio-celebra-25-anos-de-vida-sacerdotal.html\",\"name\":\"Frei Luiz Fl\u00e1vio celebra 25 anos de vida sacerdotal - Not\u00edcias - Franciscanos\",\"isPartOf\":{\"@id\":\"https:\/\/franciscanos.org.br\/noticias\/#website\"},\"primaryImageOfPage\":{\"@id\":\"https:\/\/franciscanos.org.br\/noticias\/frei-luiz-flavio-celebra-25-anos-de-vida-sacerdotal.html#primaryimage\"},\"datePublished\":\"2016-02-23T12:51:34+00:00\",\"dateModified\":\"2020-03-19T16:53:51+00:00\",\"author\":{\"@id\":\"https:\/\/franciscanos.org.br\/noticias\/#\/schema\/person\/b38fbf43118f02820bd932f2e4b14ad3\"},\"breadcrumb\":{\"@id\":\"https:\/\/franciscanos.org.br\/noticias\/frei-luiz-flavio-celebra-25-anos-de-vida-sacerdotal.html#breadcrumb\"},\"inLanguage\":\"pt-BR\",\"potentialAction\":[{\"@type\":\"ReadAction\",\"target\":[\"https:\/\/franciscanos.org.br\/noticias\/frei-luiz-flavio-celebra-25-anos-de-vida-sacerdotal.html\"]}]},{\"@type\":\"BreadcrumbList\",\"@id\":\"https:\/\/franciscanos.org.br\/noticias\/frei-luiz-flavio-celebra-25-anos-de-vida-sacerdotal.html#breadcrumb\",\"itemListElement\":[{\"@type\":\"ListItem\",\"position\":1,\"name\":\"Home\",\"item\":\"https:\/\/franciscanos.org.br\/noticias\"},{\"@type\":\"ListItem\",\"position\":2,\"name\":\"Frei Luiz Fl\u00e1vio celebra 25 anos de vida sacerdotal\"}]},{\"@type\":\"Person\",\"@id\":\"https:\/\/franciscanos.org.br\/noticias\/#\/schema\/person\/b38fbf43118f02820bd932f2e4b14ad3\",\"name\":\"admin\",\"image\":{\"@type\":\"ImageObject\",\"inLanguage\":\"pt-BR\",\"@id\":\"https:\/\/franciscanos.org.br\/noticias\/#\/schema\/person\/image\/\",\"url\":\"https:\/\/secure.gravatar.com\/avatar\/e8495742d34d0ba6448ea1c628263b3e?s=96&d=mm&r=g\",\"contentUrl\":\"https:\/\/secure.gravatar.com\/avatar\/e8495742d34d0ba6448ea1c628263b3e?s=96&d=mm&r=g\",\"caption\":\"admin\"},\"url\":\"https:\/\/franciscanos.org.br\/noticias\/author\/admin\"}]}<\/script>\n<!-- \/ Yoast SEO plugin. -->","yoast_head_json":{"title":"Frei Luiz Fl\u00e1vio celebra 25 anos de vida sacerdotal - Not\u00edcias - Franciscanos","robots":{"index":"index","follow":"follow","max-snippet":"max-snippet:-1","max-image-preview":"max-image-preview:large","max-video-preview":"max-video-preview:-1"},"canonical":"https:\/\/franciscanos.org.br\/noticias\/frei-luiz-flavio-celebra-25-anos-de-vida-sacerdotal.html","og_locale":"pt_BR","og_type":"article","og_title":"Frei Luiz Fl\u00e1vio celebra 25 anos de vida sacerdotal - Not\u00edcias - Franciscanos","og_description":"Jubileu","og_url":"https:\/\/franciscanos.org.br\/noticias\/frei-luiz-flavio-celebra-25-anos-de-vida-sacerdotal.html","og_site_name":"Not\u00edcias - Franciscanos","article_published_time":"2016-02-23T12:51:34+00:00","article_modified_time":"2020-03-19T16:53:51+00:00","og_image":[{"width":273,"height":181,"url":"https:\/\/franciscanos.org.br\/noticias\/wp-content\/uploads\/2016\/02\/luiz-flavio-820.jpg","type":"image\/jpeg"}],"author":"admin","twitter_card":"summary_large_image","twitter_misc":{"Escrito por":"admin","Est. tempo de leitura":"2 minutos"},"schema":{"@context":"https:\/\/schema.org","@graph":[{"@type":"WebSite","@id":"https:\/\/franciscanos.org.br\/noticias\/#website","url":"https:\/\/franciscanos.org.br\/noticias\/","name":"Not\u00edcias - Franciscanos","description":"Prov\u00edncia Franciscana da Imaculada Concei\u00e7\u00e3o do Brasil - Ordem dos Frades Menores - OFM","potentialAction":[{"@type":"SearchAction","target":{"@type":"EntryPoint","urlTemplate":"https:\/\/franciscanos.org.br\/noticias\/?s={search_term_string}"},"query-input":"required name=search_term_string"}],"inLanguage":"pt-BR"},{"@type":"ImageObject","inLanguage":"pt-BR","@id":"https:\/\/franciscanos.org.br\/noticias\/frei-luiz-flavio-celebra-25-anos-de-vida-sacerdotal.html#primaryimage","url":"https:\/\/franciscanos.org.br\/noticias\/wp-content\/uploads\/2016\/02\/luiz-flavio-820.jpg","contentUrl":"https:\/\/franciscanos.org.br\/noticias\/wp-content\/uploads\/2016\/02\/luiz-flavio-820.jpg","width":273,"height":181},{"@type":"WebPage","@id":"https:\/\/franciscanos.org.br\/noticias\/frei-luiz-flavio-celebra-25-anos-de-vida-sacerdotal.html#webpage","url":"https:\/\/franciscanos.org.br\/noticias\/frei-luiz-flavio-celebra-25-anos-de-vida-sacerdotal.html","name":"Frei Luiz Fl\u00e1vio celebra 25 anos de vida sacerdotal - Not\u00edcias - Franciscanos","isPartOf":{"@id":"https:\/\/franciscanos.org.br\/noticias\/#website"},"primaryImageOfPage":{"@id":"https:\/\/franciscanos.org.br\/noticias\/frei-luiz-flavio-celebra-25-anos-de-vida-sacerdotal.html#primaryimage"},"datePublished":"2016-02-23T12:51:34+00:00","dateModified":"2020-03-19T16:53:51+00:00","author":{"@id":"https:\/\/franciscanos.org.br\/noticias\/#\/schema\/person\/b38fbf43118f02820bd932f2e4b14ad3"},"breadcrumb":{"@id":"https:\/\/franciscanos.org.br\/noticias\/frei-luiz-flavio-celebra-25-anos-de-vida-sacerdotal.html#breadcrumb"},"inLanguage":"pt-BR","potentialAction":[{"@type":"ReadAction","target":["https:\/\/franciscanos.org.br\/noticias\/frei-luiz-flavio-celebra-25-anos-de-vida-sacerdotal.html"]}]},{"@type":"BreadcrumbList","@id":"https:\/\/franciscanos.org.br\/noticias\/frei-luiz-flavio-celebra-25-anos-de-vida-sacerdotal.html#breadcrumb","itemListElement":[{"@type":"ListItem","position":1,"name":"Home","item":"https:\/\/franciscanos.org.br\/noticias"},{"@type":"ListItem","position":2,"name":"Frei Luiz Fl\u00e1vio celebra 25 anos de vida sacerdotal"}]},{"@type":"Person","@id":"https:\/\/franciscanos.org.br\/noticias\/#\/schema\/person\/b38fbf43118f02820bd932f2e4b14ad3","name":"admin","image":{"@type":"ImageObject","inLanguage":"pt-BR","@id":"https:\/\/franciscanos.org.br\/noticias\/#\/schema\/person\/image\/","url":"https:\/\/secure.gravatar.com\/avatar\/e8495742d34d0ba6448ea1c628263b3e?s=96&d=mm&r=g","contentUrl":"https:\/\/secure.gravatar.com\/avatar\/e8495742d34d0ba6448ea1c628263b3e?s=96&d=mm&r=g","caption":"admin"},"url":"https:\/\/franciscanos.org.br\/noticias\/author\/admin"}]}},"_links":{"self":[{"href":"https:\/\/franciscanos.org.br\/noticias\/wp-json\/wp\/v2\/posts\/104953"}],"collection":[{"href":"https:\/\/franciscanos.org.br\/noticias\/wp-json\/wp\/v2\/posts"}],"about":[{"href":"https:\/\/franciscanos.org.br\/noticias\/wp-json\/wp\/v2\/types\/post"}],"author":[{"embeddable":true,"href":"https:\/\/franciscanos.org.br\/noticias\/wp-json\/wp\/v2\/users\/1"}],"replies":[{"embeddable":true,"href":"https:\/\/franciscanos.org.br\/noticias\/wp-json\/wp\/v2\/comments?post=104953"}],"version-history":[{"count":2,"href":"https:\/\/franciscanos.org.br\/noticias\/wp-json\/wp\/v2\/posts\/104953\/revisions"}],"predecessor-version":[{"id":222033,"href":"https:\/\/franciscanos.org.br\/noticias\/wp-json\/wp\/v2\/posts\/104953\/revisions\/222033"}],"wp:featuredmedia":[{"embeddable":true,"href":"https:\/\/franciscanos.org.br\/noticias\/wp-json\/wp\/v2\/media\/222032"}],"wp:attachment":[{"href":"https:\/\/franciscanos.org.br\/noticias\/wp-json\/wp\/v2\/media?parent=104953"}],"wp:term":[{"taxonomy":"category","embeddable":true,"href":"https:\/\/franciscanos.org.br\/noticias\/wp-json\/wp\/v2\/categories?post=104953"},{"taxonomy":"post_tag","embeddable":true,"href":"https:\/\/franciscanos.org.br\/noticias\/wp-json\/wp\/v2\/tags?post=104953"}],"curies":[{"name":"wp","href":"https:\/\/api.w.org\/{rel}","templated":true}]}}