{"id":104562,"date":"2016-02-17T09:48:02","date_gmt":"2016-02-17T11:48:02","guid":{"rendered":"http:\/\/franciscanos.org.br\/?p=104562"},"modified":"2020-02-13T09:48:47","modified_gmt":"2020-02-13T12:48:47","slug":"provincial-da-provincia-de-santo-antonio-e-nomeado-bispo","status":"publish","type":"post","link":"https:\/\/franciscanos.org.br\/noticias\/provincial-da-provincia-de-santo-antonio-e-nomeado-bispo.html","title":{"rendered":"Provincial da Prov\u00edncia de Santo Ant\u00f4nio \u00e9 nomeado bispo"},"content":{"rendered":"<p><img loading=\"lazy\" src=\"http:\/\/franciscanos.org.br\/wp-content\/uploads\/2016\/02\/beto.jpg\" alt=\"beto\" width=\"820\" height=\"383\" \/><\/p>\n<p>Frei Carlos Alberto Breis Pereira (Frei Beto), OFM, Ministro Provincial da Prov\u00edncia Franciscana de Santo Ant\u00f4nio do Brasil, foi eleito Bispo pela Santa S\u00e9 e nomeado como Coadjutor da Diocese de Juazeiro, na Bahia. A not\u00edcia foi anunciada nesta quarta-feira, 17 de fevereiro, e publicada no Jornal L\u2019Osservatore Romano.<\/p>\n<p>Dom Carlos Alberto Breis Pereira, O.F.M., nasceu em 16 de setembro de 1965 em S\u00e3o Francisco do Sul, Diocese de Joinville (SC). Ingressou na Prov\u00edncia Franciscana da Imaculada Concei\u00e7\u00e3o e fez o noviciado. Depois, se transferiu para a Prov\u00edncia de Santo Ant\u00f4nio do Brasil, no nordeste. Emitiu a profiss\u00e3o religiosa como Frade Menor Franciscano em 10 de janeiro de 1987 e foi ordenado sacerdote em 20 de agosto de 1994.<\/p>\n<p>Estudou Filosofia no Instituto de Teologia do Recife \u2013 ITER (1988-1989) e Teologia no Instituto Franciscano de Teologia de Olinda \u2013 IFTO (1990-1993). Licenciou-se em Teologia Espiritual na Pontif\u00edcia Universidade Antonianum de Roma (2005-2007).<\/p>\n<p>No \u00e2mbito da sua Ordem desempenhou os cargos de p\u00e1roco em v\u00e1rias par\u00f3quias; Mestre dos professor tempor\u00e1rios; Secret\u00e1rio provincial da forma\u00e7\u00e3o e estudos; Guardi\u00e3o e Definidor provincial; Vig\u00e1rio provincial; Moderador da forma\u00e7\u00e3o permanente; Coordenador do servi\u00e7o de forma\u00e7\u00e3o da Confer\u00eancia O.F.M. no Brasil. Atualmente, \u00e9 Ministro Provincial da Provincia de \u201cSanto Ant\u00f4nio\u201d, com sede em Recife.<\/p>\n<p>O an\u00fancio da elei\u00e7\u00e3o foi feito nesta quarta-feira, 17 de fevereiro, por D. Fernando Saburido, arcebispo de Olinda e Recife, em companhia de Dom Genilval Saraiva, Bispo Em\u00e9rito de Palmares-PE. Em visita logo pela manh\u00e3 a Fraternidade do Convento de Santo Ant\u00f4nio do Recife, onde vive Frei Beto, comunicaram a mensagem recebida da Santa S\u00e9 e presentearam o novo eleito com uma cruz peitoral e um solid\u00e9u.<\/p>\n<p><em>Informa\u00e7\u00f5es do site da Prov\u00edncia de Santo Ant\u00f4nio do Brasil\u00a0<\/em><\/p>\n","protected":false},"excerpt":{"rendered":"<p>Novo bispo franciscano<\/p>\n","protected":false},"author":1,"featured_media":219924,"comment_status":"open","ping_status":"open","sticky":false,"template":"","format":"standard","meta":[],"categories":[1],"tags":[],"acf":[],"yoast_head":"<!-- This site is optimized with the Yoast SEO plugin v19.2 - https:\/\/yoast.com\/wordpress\/plugins\/seo\/ -->\n<title>Provincial da Prov\u00edncia de Santo Ant\u00f4nio \u00e9 nomeado bispo - Not\u00edcias - Franciscanos<\/title>\n<meta name=\"robots\" content=\"index, follow, max-snippet:-1, max-image-preview:large, max-video-preview:-1\" \/>\n<link rel=\"canonical\" href=\"https:\/\/franciscanos.org.br\/noticias\/provincial-da-provincia-de-santo-antonio-e-nomeado-bispo.html\" \/>\n<meta property=\"og:locale\" content=\"pt_BR\" \/>\n<meta property=\"og:type\" content=\"article\" \/>\n<meta property=\"og:title\" content=\"Provincial da Prov\u00edncia de Santo Ant\u00f4nio \u00e9 nomeado bispo - Not\u00edcias - Franciscanos\" \/>\n<meta property=\"og:description\" content=\"Novo bispo franciscano\" \/>\n<meta property=\"og:url\" content=\"https:\/\/franciscanos.org.br\/noticias\/provincial-da-provincia-de-santo-antonio-e-nomeado-bispo.html\" \/>\n<meta property=\"og:site_name\" content=\"Not\u00edcias - Franciscanos\" \/>\n<meta property=\"article:published_time\" content=\"2016-02-17T11:48:02+00:00\" \/>\n<meta property=\"article:modified_time\" content=\"2020-02-13T12:48:47+00:00\" \/>\n<meta property=\"og:image\" content=\"https:\/\/franciscanos.org.br\/noticias\/wp-content\/uploads\/2016\/02\/beto.jpg\" \/>\n\t<meta property=\"og:image:width\" content=\"273\" \/>\n\t<meta property=\"og:image:height\" content=\"181\" \/>\n\t<meta property=\"og:image:type\" content=\"image\/jpeg\" \/>\n<meta name=\"author\" content=\"admin\" \/>\n<meta name=\"twitter:card\" content=\"summary_large_image\" \/>\n<meta name=\"twitter:label1\" content=\"Escrito por\" \/>\n\t<meta name=\"twitter:data1\" content=\"admin\" \/>\n\t<meta name=\"twitter:label2\" content=\"Est. tempo de leitura\" \/>\n\t<meta name=\"twitter:data2\" content=\"2 minutos\" \/>\n<script type=\"application\/ld+json\" class=\"yoast-schema-graph\">{\"@context\":\"https:\/\/schema.org\",\"@graph\":[{\"@type\":\"WebSite\",\"@id\":\"https:\/\/franciscanos.org.br\/noticias\/#website\",\"url\":\"https:\/\/franciscanos.org.br\/noticias\/\",\"name\":\"Not\u00edcias - Franciscanos\",\"description\":\"Prov\u00edncia Franciscana da Imaculada Concei\u00e7\u00e3o do Brasil - Ordem dos Frades Menores - OFM\",\"potentialAction\":[{\"@type\":\"SearchAction\",\"target\":{\"@type\":\"EntryPoint\",\"urlTemplate\":\"https:\/\/franciscanos.org.br\/noticias\/?s={search_term_string}\"},\"query-input\":\"required name=search_term_string\"}],\"inLanguage\":\"pt-BR\"},{\"@type\":\"ImageObject\",\"inLanguage\":\"pt-BR\",\"@id\":\"https:\/\/franciscanos.org.br\/noticias\/provincial-da-provincia-de-santo-antonio-e-nomeado-bispo.html#primaryimage\",\"url\":\"https:\/\/franciscanos.org.br\/noticias\/wp-content\/uploads\/2016\/02\/beto.jpg\",\"contentUrl\":\"https:\/\/franciscanos.org.br\/noticias\/wp-content\/uploads\/2016\/02\/beto.jpg\",\"width\":273,\"height\":181},{\"@type\":\"WebPage\",\"@id\":\"https:\/\/franciscanos.org.br\/noticias\/provincial-da-provincia-de-santo-antonio-e-nomeado-bispo.html#webpage\",\"url\":\"https:\/\/franciscanos.org.br\/noticias\/provincial-da-provincia-de-santo-antonio-e-nomeado-bispo.html\",\"name\":\"Provincial da Prov\u00edncia de Santo Ant\u00f4nio \u00e9 nomeado bispo - Not\u00edcias - Franciscanos\",\"isPartOf\":{\"@id\":\"https:\/\/franciscanos.org.br\/noticias\/#website\"},\"primaryImageOfPage\":{\"@id\":\"https:\/\/franciscanos.org.br\/noticias\/provincial-da-provincia-de-santo-antonio-e-nomeado-bispo.html#primaryimage\"},\"datePublished\":\"2016-02-17T11:48:02+00:00\",\"dateModified\":\"2020-02-13T12:48:47+00:00\",\"author\":{\"@id\":\"https:\/\/franciscanos.org.br\/noticias\/#\/schema\/person\/b38fbf43118f02820bd932f2e4b14ad3\"},\"breadcrumb\":{\"@id\":\"https:\/\/franciscanos.org.br\/noticias\/provincial-da-provincia-de-santo-antonio-e-nomeado-bispo.html#breadcrumb\"},\"inLanguage\":\"pt-BR\",\"potentialAction\":[{\"@type\":\"ReadAction\",\"target\":[\"https:\/\/franciscanos.org.br\/noticias\/provincial-da-provincia-de-santo-antonio-e-nomeado-bispo.html\"]}]},{\"@type\":\"BreadcrumbList\",\"@id\":\"https:\/\/franciscanos.org.br\/noticias\/provincial-da-provincia-de-santo-antonio-e-nomeado-bispo.html#breadcrumb\",\"itemListElement\":[{\"@type\":\"ListItem\",\"position\":1,\"name\":\"Home\",\"item\":\"https:\/\/franciscanos.org.br\/noticias\"},{\"@type\":\"ListItem\",\"position\":2,\"name\":\"Provincial da Prov\u00edncia de Santo Ant\u00f4nio \u00e9 nomeado bispo\"}]},{\"@type\":\"Person\",\"@id\":\"https:\/\/franciscanos.org.br\/noticias\/#\/schema\/person\/b38fbf43118f02820bd932f2e4b14ad3\",\"name\":\"admin\",\"image\":{\"@type\":\"ImageObject\",\"inLanguage\":\"pt-BR\",\"@id\":\"https:\/\/franciscanos.org.br\/noticias\/#\/schema\/person\/image\/\",\"url\":\"https:\/\/secure.gravatar.com\/avatar\/e8495742d34d0ba6448ea1c628263b3e?s=96&d=mm&r=g\",\"contentUrl\":\"https:\/\/secure.gravatar.com\/avatar\/e8495742d34d0ba6448ea1c628263b3e?s=96&d=mm&r=g\",\"caption\":\"admin\"},\"url\":\"https:\/\/franciscanos.org.br\/noticias\/author\/admin\"}]}<\/script>\n<!-- \/ Yoast SEO plugin. -->","yoast_head_json":{"title":"Provincial da Prov\u00edncia de Santo Ant\u00f4nio \u00e9 nomeado bispo - Not\u00edcias - Franciscanos","robots":{"index":"index","follow":"follow","max-snippet":"max-snippet:-1","max-image-preview":"max-image-preview:large","max-video-preview":"max-video-preview:-1"},"canonical":"https:\/\/franciscanos.org.br\/noticias\/provincial-da-provincia-de-santo-antonio-e-nomeado-bispo.html","og_locale":"pt_BR","og_type":"article","og_title":"Provincial da Prov\u00edncia de Santo Ant\u00f4nio \u00e9 nomeado bispo - Not\u00edcias - Franciscanos","og_description":"Novo bispo franciscano","og_url":"https:\/\/franciscanos.org.br\/noticias\/provincial-da-provincia-de-santo-antonio-e-nomeado-bispo.html","og_site_name":"Not\u00edcias - Franciscanos","article_published_time":"2016-02-17T11:48:02+00:00","article_modified_time":"2020-02-13T12:48:47+00:00","og_image":[{"width":273,"height":181,"url":"https:\/\/franciscanos.org.br\/noticias\/wp-content\/uploads\/2016\/02\/beto.jpg","type":"image\/jpeg"}],"author":"admin","twitter_card":"summary_large_image","twitter_misc":{"Escrito por":"admin","Est. tempo de leitura":"2 minutos"},"schema":{"@context":"https:\/\/schema.org","@graph":[{"@type":"WebSite","@id":"https:\/\/franciscanos.org.br\/noticias\/#website","url":"https:\/\/franciscanos.org.br\/noticias\/","name":"Not\u00edcias - Franciscanos","description":"Prov\u00edncia Franciscana da Imaculada Concei\u00e7\u00e3o do Brasil - Ordem dos Frades Menores - OFM","potentialAction":[{"@type":"SearchAction","target":{"@type":"EntryPoint","urlTemplate":"https:\/\/franciscanos.org.br\/noticias\/?s={search_term_string}"},"query-input":"required name=search_term_string"}],"inLanguage":"pt-BR"},{"@type":"ImageObject","inLanguage":"pt-BR","@id":"https:\/\/franciscanos.org.br\/noticias\/provincial-da-provincia-de-santo-antonio-e-nomeado-bispo.html#primaryimage","url":"https:\/\/franciscanos.org.br\/noticias\/wp-content\/uploads\/2016\/02\/beto.jpg","contentUrl":"https:\/\/franciscanos.org.br\/noticias\/wp-content\/uploads\/2016\/02\/beto.jpg","width":273,"height":181},{"@type":"WebPage","@id":"https:\/\/franciscanos.org.br\/noticias\/provincial-da-provincia-de-santo-antonio-e-nomeado-bispo.html#webpage","url":"https:\/\/franciscanos.org.br\/noticias\/provincial-da-provincia-de-santo-antonio-e-nomeado-bispo.html","name":"Provincial da Prov\u00edncia de Santo Ant\u00f4nio \u00e9 nomeado bispo - Not\u00edcias - Franciscanos","isPartOf":{"@id":"https:\/\/franciscanos.org.br\/noticias\/#website"},"primaryImageOfPage":{"@id":"https:\/\/franciscanos.org.br\/noticias\/provincial-da-provincia-de-santo-antonio-e-nomeado-bispo.html#primaryimage"},"datePublished":"2016-02-17T11:48:02+00:00","dateModified":"2020-02-13T12:48:47+00:00","author":{"@id":"https:\/\/franciscanos.org.br\/noticias\/#\/schema\/person\/b38fbf43118f02820bd932f2e4b14ad3"},"breadcrumb":{"@id":"https:\/\/franciscanos.org.br\/noticias\/provincial-da-provincia-de-santo-antonio-e-nomeado-bispo.html#breadcrumb"},"inLanguage":"pt-BR","potentialAction":[{"@type":"ReadAction","target":["https:\/\/franciscanos.org.br\/noticias\/provincial-da-provincia-de-santo-antonio-e-nomeado-bispo.html"]}]},{"@type":"BreadcrumbList","@id":"https:\/\/franciscanos.org.br\/noticias\/provincial-da-provincia-de-santo-antonio-e-nomeado-bispo.html#breadcrumb","itemListElement":[{"@type":"ListItem","position":1,"name":"Home","item":"https:\/\/franciscanos.org.br\/noticias"},{"@type":"ListItem","position":2,"name":"Provincial da Prov\u00edncia de Santo Ant\u00f4nio \u00e9 nomeado bispo"}]},{"@type":"Person","@id":"https:\/\/franciscanos.org.br\/noticias\/#\/schema\/person\/b38fbf43118f02820bd932f2e4b14ad3","name":"admin","image":{"@type":"ImageObject","inLanguage":"pt-BR","@id":"https:\/\/franciscanos.org.br\/noticias\/#\/schema\/person\/image\/","url":"https:\/\/secure.gravatar.com\/avatar\/e8495742d34d0ba6448ea1c628263b3e?s=96&d=mm&r=g","contentUrl":"https:\/\/secure.gravatar.com\/avatar\/e8495742d34d0ba6448ea1c628263b3e?s=96&d=mm&r=g","caption":"admin"},"url":"https:\/\/franciscanos.org.br\/noticias\/author\/admin"}]}},"_links":{"self":[{"href":"https:\/\/franciscanos.org.br\/noticias\/wp-json\/wp\/v2\/posts\/104562"}],"collection":[{"href":"https:\/\/franciscanos.org.br\/noticias\/wp-json\/wp\/v2\/posts"}],"about":[{"href":"https:\/\/franciscanos.org.br\/noticias\/wp-json\/wp\/v2\/types\/post"}],"author":[{"embeddable":true,"href":"https:\/\/franciscanos.org.br\/noticias\/wp-json\/wp\/v2\/users\/1"}],"replies":[{"embeddable":true,"href":"https:\/\/franciscanos.org.br\/noticias\/wp-json\/wp\/v2\/comments?post=104562"}],"version-history":[{"count":0,"href":"https:\/\/franciscanos.org.br\/noticias\/wp-json\/wp\/v2\/posts\/104562\/revisions"}],"wp:featuredmedia":[{"embeddable":true,"href":"https:\/\/franciscanos.org.br\/noticias\/wp-json\/wp\/v2\/media\/219924"}],"wp:attachment":[{"href":"https:\/\/franciscanos.org.br\/noticias\/wp-json\/wp\/v2\/media?parent=104562"}],"wp:term":[{"taxonomy":"category","embeddable":true,"href":"https:\/\/franciscanos.org.br\/noticias\/wp-json\/wp\/v2\/categories?post=104562"},{"taxonomy":"post_tag","embeddable":true,"href":"https:\/\/franciscanos.org.br\/noticias\/wp-json\/wp\/v2\/tags?post=104562"}],"curies":[{"name":"wp","href":"https:\/\/api.w.org\/{rel}","templated":true}]}}