{"id":10443,"date":"2012-01-05T11:05:30","date_gmt":"2012-01-05T13:05:30","guid":{"rendered":"http:\/\/new.franciscanos.org.br\/?p=10443"},"modified":"2023-01-09T11:04:57","modified_gmt":"2023-01-09T14:04:57","slug":"quatro-jovens-batem-a-porta-da-ordem-franciscana","status":"publish","type":"post","link":"https:\/\/franciscanos.org.br\/noticias\/quatro-jovens-batem-a-porta-da-ordem-franciscana.html","title":{"rendered":"O &#8216;sim&#8221; definitivo de Frei Robson em Rodeio"},"content":{"rendered":"<p><img loading=\"lazy\" class=\"wp-image-229096 size-full alignnone\" src=\"https:\/\/franciscanos.org.br\/noticias\/wp-content\/uploads\/2012\/01\/robson_01.jpg\" alt=\"\" width=\"1280\" height=\"720\" srcset=\"https:\/\/franciscanos.org.br\/noticias\/wp-content\/uploads\/2012\/01\/robson_01.jpg 1280w, https:\/\/franciscanos.org.br\/noticias\/wp-content\/uploads\/2012\/01\/robson_01-450x253.jpg 450w, https:\/\/franciscanos.org.br\/noticias\/wp-content\/uploads\/2012\/01\/robson_01-1024x576.jpg 1024w, https:\/\/franciscanos.org.br\/noticias\/wp-content\/uploads\/2012\/01\/robson_01-768x432.jpg 768w, https:\/\/franciscanos.org.br\/noticias\/wp-content\/uploads\/2012\/01\/robson_01-150x84.jpg 150w\" sizes=\"(max-width: 1280px) 100vw, 1280px\" \/><\/p>\n<p><strong>Moacir Beggo<\/strong><\/p>\n<p><strong>Rodeio (SC)<\/strong> &#8211; &#8220;Francisco de Assis se alegrou com a chegada e a convers\u00e3o de Bernardo e, hoje, creio que ele tamb\u00e9m se alegra com a chegada de cada um de voc\u00eas&#8221;. O Ministro Provincial, Frei Fid\u00eancio Vanboemmel, citou o bi\u00f3grafo Tom\u00e1s de Celano, que narra a alegria de S\u00e3o Francisco com a chegada do seu primeiro disc\u00edpulo, para falar da felicidade que \u00e9 para a Ordem dos Frades Menores e para a Prov\u00edncia da Imaculada Concei\u00e7\u00e3o do Brasil receber novos irm\u00e3os: Frei Claudinei Canan\u00e9a Bustamante, Frei Cristiano Aparecido Maciel e\u00a0 Frei Juliano Fachini Fernandes fizeram a primeira profiss\u00e3o, e Frei Robson Luiz Scudela professou solenemente na Ordem. Todos eles prometeram a Deus e a toda sua Igreja, reunida na matriz S\u00e3o Francisco de Assis, em Rodeio (SC), viver por todo o tempo de suas vidas em obedi\u00eancia, sem nada de pr\u00f3prio e em castidade. A diferen\u00e7a \u00e9 que os tr\u00eas primeiros ter\u00e3o de renovar os votos todos os anos at\u00e9 a profiss\u00e3o solene e Frei R\u00f3bson deu o seu &#8220;sim&#8221; definitivo.<\/p>\n<p>Depois de um dia quente, a chuva chegou forte na hora da celebra\u00e7\u00e3o (19 horas), mas o povo que convive a cada ano com uma turma de novi\u00e7os, especialmente durante as celebra\u00e7\u00f5es e of\u00edcios lit\u00fargicos, n\u00e3o deixou de participar da \u00faltima Santa Missa. O acolhimento dos novos irm\u00e3os foi feito de forma solene e significativa pelo grande n\u00famero de frades de todas as regi\u00f5es da Prov\u00edncia. O Ministro Provincial presidiu a celebra\u00e7\u00e3o, tendo como concelebrantes Frei Valdir Laurentino, que \u00e9 o guardi\u00e3o e vice mestre, e Frei C\u00e9sar K\u00fclkamp, Definidor e Secret\u00e1rio da Forma\u00e7\u00e3o e Estudos. Presentes ainda muitas religiosas e seminaristas.<\/p>\n<p>Um a um, os novi\u00e7os foram chamados para se apresentarem diante do Ministro Provincial e responderam: \u201cAqui Estou\u201d. E Frei C\u00e9sar K\u00fclkamp fez a chamada do professando Frei R\u00f3bson e apresentou-o ao povo fazendo um resumo de sua caminhada vocacional at\u00e9 este momento solene.<\/p>\n<p>Na sequ\u00eancia, o Ministro Provincial fez a homilia e ressaltou que aquele momento de festa e alegria se estendia \u00e0 toda Prov\u00edncia, \u00e0 Ordem Franciscana e \u00e0s comunidades de onde vieram os professandos. Confessou que gosta particularmente &#8220;da hist\u00f3ria da nossa origem franciscana, quando Frei Francisco come\u00e7ou a viver o santo Evangelho&#8221; e da chegada do primeiro disc\u00edpulo. &#8220;Francisco se alegra com a chegada de Frei Bernardo e todos n\u00f3s nos alegramos quando voc\u00eas bateram aqui \u00e0 porta desta casa de forma\u00e7\u00e3o para iniciarem o tempo de experi\u00eancia de vida franciscana&#8221;, enfatizou.<\/p>\n<p>Mas, segundo o Provincial, n\u00e3o basta apenas chegar. &#8220;\u00c9 preciso se converter cada vez mais. E o ano do Noviciado \u00e9 um ano de grande convers\u00e3o nesta experi\u00eancia origin\u00e1ria de Francisco de Assis&#8221;, acrescentou falando diretamente a Frei R\u00f3bson: &#8220;Voc\u00ea, mais do que ningu\u00e9m, fez esta experi\u00eancia profunda de convers\u00e3o nesse tempo de profiss\u00e3o tempor\u00e1ria e nesses dois \u00faltimos anos em que voc\u00ea conviveu com nossos irm\u00e3os l\u00e1 em Angola&#8221;.<\/p>\n<p>Ao comentar o Evangelho do dia, da transfigura\u00e7\u00e3o no Monte Tabor, disse que, na vida religiosa, \u00e9 preciso escalar de vez em quando o Tabor. &#8220;N\u00e3o sozinhos, porque Jesus tamb\u00e9m escolheu Pedro, Tiago e Jo\u00e3o para l\u00e1 se transfigurarem com Cristo na contempla\u00e7\u00e3o e na ora\u00e7\u00e3o. \u00c9 preciso despertar no Tabor para que a nossa vida religiosa franciscana seja de fato essa transpar\u00eancia da gl\u00f3ria de Deus no mundo de hoje. \u00c9 o que n\u00f3s devemos refletir \u00e9 o que o povo de Deus espera de n\u00f3s, irm\u00e3os menores. Homens que se transfiguram a partir do Cristo e que, transfigurados, transfigurem tamb\u00e9m o mundo, o universo, onde n\u00f3s vamos viver a nossa voca\u00e7\u00e3o&#8221;, ensinou.<\/p>\n<p>Dirigindo-se aos professandos e aos frades presentes na celebra\u00e7\u00e3o disse que \u00e9 preciso escutar, escutar muito, aquilo que Jesus, ou melhor, aquilo que os ap\u00f3stolos experimentaram no Monte Tabor: &#8220;Esse \u00e9 o meu Filho amado, escutai-o&#8221;. E finalizou: &#8220;A felicidade, a realiza\u00e7\u00e3o daquilo que voc\u00eas hoje est\u00e3o prometendo, a fidelidade, a realiza\u00e7\u00e3o daquilo que um dia n\u00f3s prometemos dependem muito e, principalmente, de escutar a linguagem do Filho de Deus&#8221;.<\/p>\n<p>Na sequ\u00eancia da celebra\u00e7\u00e3o, Frei R\u00f3bson se prostrou no ch\u00e3o em sinal de despojamento, enquanto foi cantada a Ladainha de Todos os Santos. No momento central do rito, ele se ajoelhou diante de Frei Fid\u00eancio e, com as suas m\u00e3os nas m\u00e3os do Ministro Provincial, proferiu a f\u00f3rmula da profiss\u00e3o. &#8220;&#8230; tendo o Senhor me dado a gra\u00e7a de seguir mais de perto o Evangelho e os passos de nosso Senhor Jesus Cristo, em tuas m\u00e3os, com firme f\u00e9 e vontade, fa\u00e7o voto a Deus, Pai Santo e todo-poderoso, de viver por todo o tempo da minha vida em obedi\u00eancia, sem nada de pr\u00f3prio e em castidade&#8230;&#8221;. Em seguida, sobre altar, assinou um documento que confirmou os votos emitidos e outro renunciando \u00e0 posse de todo e qualquer bem temporal.<\/p>\n<p>J\u00e1 os novi\u00e7os, depois de prometerem obedi\u00eancia, castidade e pobreza, receberem a Regra e as Constitui\u00e7\u00f5es da Ordem dos Frades Menores das m\u00e3os do Ministro Provincial. Eles tamb\u00e9m assinaram um documento de ingresso na Ordem e de ren\u00fancia aos bens temporais. Na sequ\u00eancia, o professo solene foi abra\u00e7ado pelos pais e todos os professandos tamb\u00e9m foram abra\u00e7ados pela fraternidade provincial.<\/p>\n<p>Durante este &#8220;ano de prova\u00e7\u00e3o&#8221; no Noviciado, a turma, que teve como Mestre Frei Samuel Ferreira de Lima, caminhou com o angolano Frei Mvula Nzaji Andr\u00e9 e Frei Israel Rodigheri. O primeiro chegou com um m\u00eas de atraso a Rodeio devido \u00e0 burocracia no seu visto de entrada no pa\u00eds e o segundo pediu mais um tempo antes de fazer a primeira profiss\u00e3o e vai continuar a experi\u00eancia no Santu\u00e1rio mariano da Penha (ES). Frei Mvula vai professar no dia 29 de janeiro, na Par\u00f3quia S\u00e3o Francisco de Assis, na Vila Clementino, em S\u00e3o Paulo.<\/p>\n<p><strong><img loading=\"lazy\" class=\"alignright size-full wp-image-10450\" title=\"Frei R\u00f3bson \" src=\"http:\/\/franciscanos.org.br\/wp-content\/uploads\/2012\/01\/1627_050112.jpg\" alt=\"\" width=\"350\" height=\"469\" \/>Quem \u00e9 Frei Robson?<\/strong><\/p>\n<p>Natural de Cordilheira Alta, no Oeste Catarinense, Frei R\u00f3bson nasceu no dia 27 de outubro de 1986 e vestiu o h\u00e1bito franciscano no dia 8 de janeiro de 2006, em Rodeio.<\/p>\n<p>O mais novo dos tr\u00eas filhos do casal Lu\u00eds e Maria Scudela, cresceu na comunidade rural de Fernando Machado, onde teve a base de fam\u00edlia, cresceu no trabalho, na ora\u00e7\u00e3o, no estudo prim\u00e1rio, na catequese. Fez o seu acompanhamento vocacional com os frades de Coronel Freitas (SC). Com 14 anos de idade, seguiu para o Semin\u00e1rio Santo Ant\u00f4nio em Agudos (SP), onde cursou o Ensino M\u00e9dio e fez o Aspirantado em 2004. Depois de cumprir as etapas do Aspirantado e Noviciado, em dezembro de 2006 foi atendido \u00e0 profiss\u00e3o tempor\u00e1ria na Ordem Franciscana, aqui nesta igreja Matriz de Rodeio.<\/p>\n<p>Em seguida cumpriu o programa de forma\u00e7\u00e3o juntamente com o Curso de Filosofia em Rondinha, munic\u00edpio de Campo Largo (PR). Terminado este tempo, fez o pedido para um tempo de est\u00e1gio na Miss\u00e3o que a Prov\u00edncia mant\u00e9m em Angola.<\/p>\n<p>Foi aceito e passou l\u00e1 os dois \u00faltimos anos: um em Kibala (Postulantado) e em Malanje (Aspirantado). Segue agora para Petr\u00f3polis, onde ir\u00e1 continuar a forma\u00e7\u00e3o franciscana, vivendo na Fraternidade do Sagrado Cora\u00e7\u00e3o de Jesus, estudando a Sagrada Teologia e se preparando para o minist\u00e9rio sacerdotal.<\/p>\n<p>Frei R\u00f3bson agradeceu a todos pela sua caminhada vocacional que come\u00e7ou, segundo ele, h\u00e1 dez anos. &#8220;Eu, pobre servo, pe\u00e7o ora\u00e7\u00f5es para que seja fiel ao Senhor naquilo em que Ele se destinou a realizar em mim&#8221;, completou.<\/p>\n<p><strong>Frei Valdir e Cimabue<\/strong><\/p>\n<p>Frei Juliano, em nome dos novi\u00e7os, agradeceu \u00e0 Prov\u00edncia, \u00e0 comunidade de Rodeio, \u00e0 fraternidade do Noviciado e aos mestres pela forma\u00e7\u00e3o durante o &#8220;ano de prova\u00e7\u00e3o&#8221;. Brincou com Frei Valdir ao pedir que ele n\u00e3o tivesse vergonha de mostrar a eles nas pr\u00f3ximas etapas da Filosofia e Teologia o santinho de S\u00e3o Francisco, a tradicional pintura de Cimabue. Frei Valdir n\u00e3o perdeu a deixa e fez a sua prega\u00e7\u00e3o. &#8220;O Santinho de Cimabue, para os que n\u00e3o conhecem, trata-se do pintor que muitos franciscanos admitem que fez a melhor representa\u00e7\u00e3o de S\u00e3o Francisco de Assis. Eu mostrava o santinho para eles e dizia: &#8216;Esse aqui aumenta a voca\u00e7\u00e3o, gente!&#8217;. Eu dizia isso, muitas vezes brincando, mas no fundo com uma pitada daquilo que deve ser: Olhemos para esse \u00edcone; ele desperta vigores novos na nossa caminhada!&#8221;, admoestou.<\/p>\n<p>Frei Fid\u00eancio encerrou a Celebra\u00e7\u00e3o Eucar\u00edstica falando especialmente para Frei Israel e Frei Mvula que esperava rev\u00ea-los em breve. &#8220;Eu tor\u00e7o por voc\u00eas!&#8221;.<img class=\"ngg_displayed_gallery mceItem\" src=\"http:\/\/franciscanos.org.br\/index.php\/nextgen-attach_to_post\/preview\/id--72511\" alt=\"\" \/><\/p>\n","protected":false},"excerpt":{"rendered":"<p>SAV<\/p>\n","protected":false},"author":1,"featured_media":229097,"comment_status":"closed","ping_status":"open","sticky":false,"template":"","format":"standard","meta":[],"categories":[1],"tags":[135,397,418],"acf":[],"yoast_head":"<!-- This site is optimized with the Yoast SEO plugin v19.2 - https:\/\/yoast.com\/wordpress\/plugins\/seo\/ -->\n<title>O &#039;sim&quot; definitivo de Frei Robson em Rodeio - Not\u00edcias - Franciscanos<\/title>\n<meta name=\"robots\" content=\"index, follow, max-snippet:-1, max-image-preview:large, max-video-preview:-1\" \/>\n<link rel=\"canonical\" href=\"https:\/\/franciscanos.org.br\/noticias\/quatro-jovens-batem-a-porta-da-ordem-franciscana.html\" \/>\n<meta property=\"og:locale\" content=\"pt_BR\" \/>\n<meta property=\"og:type\" content=\"article\" \/>\n<meta property=\"og:title\" content=\"O &#039;sim&quot; definitivo de Frei Robson em Rodeio - Not\u00edcias - Franciscanos\" \/>\n<meta property=\"og:description\" content=\"SAV\" \/>\n<meta property=\"og:url\" content=\"https:\/\/franciscanos.org.br\/noticias\/quatro-jovens-batem-a-porta-da-ordem-franciscana.html\" \/>\n<meta property=\"og:site_name\" content=\"Not\u00edcias - Franciscanos\" \/>\n<meta property=\"article:published_time\" content=\"2012-01-05T13:05:30+00:00\" \/>\n<meta property=\"article:modified_time\" content=\"2023-01-09T14:04:57+00:00\" \/>\n<meta property=\"og:image\" content=\"https:\/\/franciscanos.org.br\/noticias\/wp-content\/uploads\/2012\/01\/robson_01d.jpg\" \/>\n\t<meta property=\"og:image:width\" content=\"800\" \/>\n\t<meta property=\"og:image:height\" content=\"600\" \/>\n\t<meta property=\"og:image:type\" content=\"image\/jpeg\" \/>\n<meta name=\"author\" content=\"admin\" \/>\n<meta name=\"twitter:card\" content=\"summary_large_image\" \/>\n<meta name=\"twitter:label1\" content=\"Escrito por\" \/>\n\t<meta name=\"twitter:data1\" content=\"admin\" \/>\n\t<meta name=\"twitter:label2\" content=\"Est. tempo de leitura\" \/>\n\t<meta name=\"twitter:data2\" content=\"8 minutos\" \/>\n<script type=\"application\/ld+json\" class=\"yoast-schema-graph\">{\"@context\":\"https:\/\/schema.org\",\"@graph\":[{\"@type\":\"WebSite\",\"@id\":\"https:\/\/franciscanos.org.br\/noticias\/#website\",\"url\":\"https:\/\/franciscanos.org.br\/noticias\/\",\"name\":\"Not\u00edcias - Franciscanos\",\"description\":\"Prov\u00edncia Franciscana da Imaculada Concei\u00e7\u00e3o do Brasil - Ordem dos Frades Menores - OFM\",\"potentialAction\":[{\"@type\":\"SearchAction\",\"target\":{\"@type\":\"EntryPoint\",\"urlTemplate\":\"https:\/\/franciscanos.org.br\/noticias\/?s={search_term_string}\"},\"query-input\":\"required name=search_term_string\"}],\"inLanguage\":\"pt-BR\"},{\"@type\":\"ImageObject\",\"inLanguage\":\"pt-BR\",\"@id\":\"https:\/\/franciscanos.org.br\/noticias\/quatro-jovens-batem-a-porta-da-ordem-franciscana.html#primaryimage\",\"url\":\"https:\/\/franciscanos.org.br\/noticias\/wp-content\/uploads\/2012\/01\/robson_01d.jpg\",\"contentUrl\":\"https:\/\/franciscanos.org.br\/noticias\/wp-content\/uploads\/2012\/01\/robson_01d.jpg\",\"width\":800,\"height\":600},{\"@type\":\"WebPage\",\"@id\":\"https:\/\/franciscanos.org.br\/noticias\/quatro-jovens-batem-a-porta-da-ordem-franciscana.html#webpage\",\"url\":\"https:\/\/franciscanos.org.br\/noticias\/quatro-jovens-batem-a-porta-da-ordem-franciscana.html\",\"name\":\"O 'sim\\\" definitivo de Frei Robson em Rodeio - Not\u00edcias - Franciscanos\",\"isPartOf\":{\"@id\":\"https:\/\/franciscanos.org.br\/noticias\/#website\"},\"primaryImageOfPage\":{\"@id\":\"https:\/\/franciscanos.org.br\/noticias\/quatro-jovens-batem-a-porta-da-ordem-franciscana.html#primaryimage\"},\"datePublished\":\"2012-01-05T13:05:30+00:00\",\"dateModified\":\"2023-01-09T14:04:57+00:00\",\"author\":{\"@id\":\"https:\/\/franciscanos.org.br\/noticias\/#\/schema\/person\/b38fbf43118f02820bd932f2e4b14ad3\"},\"breadcrumb\":{\"@id\":\"https:\/\/franciscanos.org.br\/noticias\/quatro-jovens-batem-a-porta-da-ordem-franciscana.html#breadcrumb\"},\"inLanguage\":\"pt-BR\",\"potentialAction\":[{\"@type\":\"ReadAction\",\"target\":[\"https:\/\/franciscanos.org.br\/noticias\/quatro-jovens-batem-a-porta-da-ordem-franciscana.html\"]}]},{\"@type\":\"BreadcrumbList\",\"@id\":\"https:\/\/franciscanos.org.br\/noticias\/quatro-jovens-batem-a-porta-da-ordem-franciscana.html#breadcrumb\",\"itemListElement\":[{\"@type\":\"ListItem\",\"position\":1,\"name\":\"Home\",\"item\":\"https:\/\/franciscanos.org.br\/noticias\"},{\"@type\":\"ListItem\",\"position\":2,\"name\":\"O &#8216;sim&#8221; definitivo de Frei Robson em Rodeio\"}]},{\"@type\":\"Person\",\"@id\":\"https:\/\/franciscanos.org.br\/noticias\/#\/schema\/person\/b38fbf43118f02820bd932f2e4b14ad3\",\"name\":\"admin\",\"image\":{\"@type\":\"ImageObject\",\"inLanguage\":\"pt-BR\",\"@id\":\"https:\/\/franciscanos.org.br\/noticias\/#\/schema\/person\/image\/\",\"url\":\"https:\/\/secure.gravatar.com\/avatar\/e8495742d34d0ba6448ea1c628263b3e?s=96&d=mm&r=g\",\"contentUrl\":\"https:\/\/secure.gravatar.com\/avatar\/e8495742d34d0ba6448ea1c628263b3e?s=96&d=mm&r=g\",\"caption\":\"admin\"},\"url\":\"https:\/\/franciscanos.org.br\/noticias\/author\/admin\"}]}<\/script>\n<!-- \/ Yoast SEO plugin. -->","yoast_head_json":{"title":"O 'sim\" definitivo de Frei Robson em Rodeio - Not\u00edcias - Franciscanos","robots":{"index":"index","follow":"follow","max-snippet":"max-snippet:-1","max-image-preview":"max-image-preview:large","max-video-preview":"max-video-preview:-1"},"canonical":"https:\/\/franciscanos.org.br\/noticias\/quatro-jovens-batem-a-porta-da-ordem-franciscana.html","og_locale":"pt_BR","og_type":"article","og_title":"O 'sim\" definitivo de Frei Robson em Rodeio - Not\u00edcias - Franciscanos","og_description":"SAV","og_url":"https:\/\/franciscanos.org.br\/noticias\/quatro-jovens-batem-a-porta-da-ordem-franciscana.html","og_site_name":"Not\u00edcias - Franciscanos","article_published_time":"2012-01-05T13:05:30+00:00","article_modified_time":"2023-01-09T14:04:57+00:00","og_image":[{"width":800,"height":600,"url":"https:\/\/franciscanos.org.br\/noticias\/wp-content\/uploads\/2012\/01\/robson_01d.jpg","type":"image\/jpeg"}],"author":"admin","twitter_card":"summary_large_image","twitter_misc":{"Escrito por":"admin","Est. tempo de leitura":"8 minutos"},"schema":{"@context":"https:\/\/schema.org","@graph":[{"@type":"WebSite","@id":"https:\/\/franciscanos.org.br\/noticias\/#website","url":"https:\/\/franciscanos.org.br\/noticias\/","name":"Not\u00edcias - Franciscanos","description":"Prov\u00edncia Franciscana da Imaculada Concei\u00e7\u00e3o do Brasil - Ordem dos Frades Menores - OFM","potentialAction":[{"@type":"SearchAction","target":{"@type":"EntryPoint","urlTemplate":"https:\/\/franciscanos.org.br\/noticias\/?s={search_term_string}"},"query-input":"required name=search_term_string"}],"inLanguage":"pt-BR"},{"@type":"ImageObject","inLanguage":"pt-BR","@id":"https:\/\/franciscanos.org.br\/noticias\/quatro-jovens-batem-a-porta-da-ordem-franciscana.html#primaryimage","url":"https:\/\/franciscanos.org.br\/noticias\/wp-content\/uploads\/2012\/01\/robson_01d.jpg","contentUrl":"https:\/\/franciscanos.org.br\/noticias\/wp-content\/uploads\/2012\/01\/robson_01d.jpg","width":800,"height":600},{"@type":"WebPage","@id":"https:\/\/franciscanos.org.br\/noticias\/quatro-jovens-batem-a-porta-da-ordem-franciscana.html#webpage","url":"https:\/\/franciscanos.org.br\/noticias\/quatro-jovens-batem-a-porta-da-ordem-franciscana.html","name":"O 'sim\" definitivo de Frei Robson em Rodeio - Not\u00edcias - Franciscanos","isPartOf":{"@id":"https:\/\/franciscanos.org.br\/noticias\/#website"},"primaryImageOfPage":{"@id":"https:\/\/franciscanos.org.br\/noticias\/quatro-jovens-batem-a-porta-da-ordem-franciscana.html#primaryimage"},"datePublished":"2012-01-05T13:05:30+00:00","dateModified":"2023-01-09T14:04:57+00:00","author":{"@id":"https:\/\/franciscanos.org.br\/noticias\/#\/schema\/person\/b38fbf43118f02820bd932f2e4b14ad3"},"breadcrumb":{"@id":"https:\/\/franciscanos.org.br\/noticias\/quatro-jovens-batem-a-porta-da-ordem-franciscana.html#breadcrumb"},"inLanguage":"pt-BR","potentialAction":[{"@type":"ReadAction","target":["https:\/\/franciscanos.org.br\/noticias\/quatro-jovens-batem-a-porta-da-ordem-franciscana.html"]}]},{"@type":"BreadcrumbList","@id":"https:\/\/franciscanos.org.br\/noticias\/quatro-jovens-batem-a-porta-da-ordem-franciscana.html#breadcrumb","itemListElement":[{"@type":"ListItem","position":1,"name":"Home","item":"https:\/\/franciscanos.org.br\/noticias"},{"@type":"ListItem","position":2,"name":"O &#8216;sim&#8221; definitivo de Frei Robson em Rodeio"}]},{"@type":"Person","@id":"https:\/\/franciscanos.org.br\/noticias\/#\/schema\/person\/b38fbf43118f02820bd932f2e4b14ad3","name":"admin","image":{"@type":"ImageObject","inLanguage":"pt-BR","@id":"https:\/\/franciscanos.org.br\/noticias\/#\/schema\/person\/image\/","url":"https:\/\/secure.gravatar.com\/avatar\/e8495742d34d0ba6448ea1c628263b3e?s=96&d=mm&r=g","contentUrl":"https:\/\/secure.gravatar.com\/avatar\/e8495742d34d0ba6448ea1c628263b3e?s=96&d=mm&r=g","caption":"admin"},"url":"https:\/\/franciscanos.org.br\/noticias\/author\/admin"}]}},"_links":{"self":[{"href":"https:\/\/franciscanos.org.br\/noticias\/wp-json\/wp\/v2\/posts\/10443"}],"collection":[{"href":"https:\/\/franciscanos.org.br\/noticias\/wp-json\/wp\/v2\/posts"}],"about":[{"href":"https:\/\/franciscanos.org.br\/noticias\/wp-json\/wp\/v2\/types\/post"}],"author":[{"embeddable":true,"href":"https:\/\/franciscanos.org.br\/noticias\/wp-json\/wp\/v2\/users\/1"}],"replies":[{"embeddable":true,"href":"https:\/\/franciscanos.org.br\/noticias\/wp-json\/wp\/v2\/comments?post=10443"}],"version-history":[{"count":4,"href":"https:\/\/franciscanos.org.br\/noticias\/wp-json\/wp\/v2\/posts\/10443\/revisions"}],"predecessor-version":[{"id":229099,"href":"https:\/\/franciscanos.org.br\/noticias\/wp-json\/wp\/v2\/posts\/10443\/revisions\/229099"}],"wp:featuredmedia":[{"embeddable":true,"href":"https:\/\/franciscanos.org.br\/noticias\/wp-json\/wp\/v2\/media\/229097"}],"wp:attachment":[{"href":"https:\/\/franciscanos.org.br\/noticias\/wp-json\/wp\/v2\/media?parent=10443"}],"wp:term":[{"taxonomy":"category","embeddable":true,"href":"https:\/\/franciscanos.org.br\/noticias\/wp-json\/wp\/v2\/categories?post=10443"},{"taxonomy":"post_tag","embeddable":true,"href":"https:\/\/franciscanos.org.br\/noticias\/wp-json\/wp\/v2\/tags?post=10443"}],"curies":[{"name":"wp","href":"https:\/\/api.w.org\/{rel}","templated":true}]}}