{"id":104351,"date":"2016-02-16T14:30:23","date_gmt":"2016-02-16T16:30:23","guid":{"rendered":"http:\/\/franciscanos.org.br\/?p=104351"},"modified":"2019-03-16T09:23:00","modified_gmt":"2019-03-16T12:23:00","slug":"romaria-frei-bruno-no-ano-da-misericordia","status":"publish","type":"post","link":"https:\/\/franciscanos.org.br\/noticias\/romaria-frei-bruno-no-ano-da-misericordia.html","title":{"rendered":"Caminhada Frei Bruno no Ano da Miseric\u00f3rdia"},"content":{"rendered":"<p><img loading=\"lazy\" class=\"alignnone size-full wp-image-196180\" src=\"https:\/\/franciscanos.org.br\/noticias\/wp-content\/uploads\/2016\/02\/alto9.jpg\" alt=\"\" width=\"820\" height=\"380\" srcset=\"https:\/\/franciscanos.org.br\/noticias\/wp-content\/uploads\/2016\/02\/alto9.jpg 820w, https:\/\/franciscanos.org.br\/noticias\/wp-content\/uploads\/2016\/02\/alto9-450x209.jpg 450w, https:\/\/franciscanos.org.br\/noticias\/wp-content\/uploads\/2016\/02\/alto9-768x356.jpg 768w, https:\/\/franciscanos.org.br\/noticias\/wp-content\/uploads\/2016\/02\/alto9-150x70.jpg 150w\" sizes=\"(max-width: 820px) 100vw, 820px\" \/><\/p>\n<p><strong>Moacir Beggo<\/strong><\/p>\n<p>A Caminhada Penitencial Frei Bruno acontece pela 26\u00aa vez neste domingo, 21 de fevereiro, na cidade de Joa\u00e7aba, em Santa Catarina. Al\u00e9m de comemorar os 56 anos da morte do frade franciscano Frei Bruno Linden, esta Caminhada tamb\u00e9m \u00e9 uma\u00a0 demonstra\u00e7\u00e3o de f\u00e9 no Servo de Deus que j\u00e1 \u00e9 considerado &#8220;santo&#8221; pelos catarinenses, especialmente o povo que conviveu mais proximamente com o frade na regi\u00e3o de Joa\u00e7aba, Xaxim e Rodeio.<\/p>\n<p>Mais uma vez \u00e9 esperada uma multid\u00e3o na Caminhada, que tem in\u00edcio \u00e0s 8 horas na Catedral Santa Terezinha de Joa\u00e7aba e percorre cerca de quatro quil\u00f4metros at\u00e9 o t\u00famulo de Frei Bruno, no Cemit\u00e9rio Frei Edgar. Ao mesmo tempo, da Par\u00f3quia de Luzerna sai outra prociss\u00e3o, que se encontra na porta do Cemit\u00e9rio com a de Joa\u00e7aba.<\/p>\n<p>O Provincial da Prov\u00edncia Franciscana da Imaculada Concei\u00e7\u00e3o, Frei Fid\u00eancio Vanboemmel, ser\u00e1 representado nesta celebra\u00e7\u00e3o por Frei Est\u00eav\u00e3o Ottenbreit, Vice-postulador da Causa de Frei Bruno, al\u00e9m de frades de toda a Prov\u00edncia, entre eles os novi\u00e7os de Rodeio.<\/p>\n<p>Frei Fid\u00eancio, que se prepara para a segunda etapa do Congresso Capitular da Prov\u00edncia, que come\u00e7a nesta segunda-feira (22) em S\u00e3o Paulo, fala da import\u00e2ncia desta demonstra\u00e7\u00e3o de f\u00e9 do povo brasileiro pela causa de Frei Bruno.<\/p>\n<p>&#8220;Mais uma caminhada penitencial acontece em Joa\u00e7aba. Uma caminhada que n\u00e3o se restringe \u00e0s duas prociss\u00f5es que se encontram em frente ao cemit\u00e9rio de Joa\u00e7aba, onde est\u00e1 a sepultura de Frei Bruno. Esta grande caminhada penitencial \u00e9 express\u00e3o viva de homens e mulheres que, a exemplo de Frei Bruno Linden, buscam na sua peregrina\u00e7\u00e3o terrestre uma vida de convers\u00e3o ao Evangelho, t\u00e3o incisivo neste tempo quaresmal: &#8216;Convertei-vos e crede no Evangelho&#8217; (Mc 1,15)&#8221;, destaca Frei Fid\u00eancio.<\/p>\n<p>Segundo o Ministro Provincial, neste Ano Santo da Miseric\u00f3rdia, esta caminhada adquire um valor prof\u00e9tico especial. &#8220;Sabemos que Miseric\u00f3rdia n\u00e3o \u00e9 uma palavra abstrata. Miseric\u00f3rdia \u00e9 quando ela se traduz em gestos e obras concretas, sejam elas corporais ou espirituais. Gosto das palavras de Frei Clar\u00eancio Neotti, na biografia &#8216;Frei Bruno Linden, tudo para todos&#8217;, quando fala da virtude da miseric\u00f3rdia na vida deste nosso confrade: &#8216;A miseric\u00f3rdia n\u00e3o olha o tipo de necessidade; olha o cora\u00e7\u00e3o que se abre para ajudar&#8217;. E Frei Bruno herdou esta m\u00edstica b\u00edblica de S\u00e3o Francisco de Assis que nos interpela constantemente a oferecer miseric\u00f3rdia a quem miseric\u00f3rdia busca&#8221;, enfatiza Frei Fid\u00eancio, completando: &#8220;E caminhada penitencial significa caminhar ao encontro da Miseric\u00f3rdia de Deus presente em Jesus de Nazar\u00e9&#8221;.<\/p>\n<p>Frei Est\u00eav\u00e3o viaja nesta quinta-feira para Xaxim, onde se encontrar\u00e1 com Frei Alex Ciarnoscki, tamb\u00e9m vice-postulador para a Causa do Servo de Deus, e a equipe que est\u00e1 trabalhando no processo diocesano.<\/p>\n<p>O processo da Causa do Servo de Deus recebeu o \u201c<em>Nihil obstat<\/em>\u201d (nada obsta) no dia 7 de maio de 2013, quando o Cardeal Angelo Amato, prefeito da Congrega\u00e7\u00e3o para as Causas dos Santos, enviou documento ao bispo da Diocese de Joa\u00e7aba (SC), D. M\u00e1rio Marquez, OFMCap, informando n\u00e3o existir impedimento para iniciar oficialmente o processo de beatifica\u00e7\u00e3o do frade franciscano.<\/p>\n<p>No momento, o processo da Causa de Frei Bruno continua em n\u00edvel diocesano. &#8220;Al\u00e9m do trabalho do Tribunal Eclesi\u00e1stico Diocesano, deve-se continuar simultaneamente a recorrer a Deus pela intercess\u00e3o de Frei Bruno em situa\u00e7\u00f5es graves da nossa vida (sa\u00fade, outros problemas). Em outras palavras necessitamos, para continua\u00e7\u00e3o do processo, de um assim chamado &#8216;milagre'&#8221;, explica Frei Est\u00eav\u00e3o.<\/p>\n<p>&#8220;Devemos distinguir um verdadeiro milagre de gra\u00e7as alcan\u00e7adas, que por sinal s\u00e3o muitas no caso de Frei Bruno&#8221;, observa o vice-postulador da causa. &#8220;Milagre significa uma situa\u00e7\u00e3o extrema, cuja gravidade deve ser documentada. No caso de uma melhora constatada, essa documenta\u00e7\u00e3o dever\u00e1 ser fornecida por profissionais competentes e envolvidos no caso&#8221;, acrescenta Frei Est\u00eav\u00e3o, frisando que o importante \u00e9 que no caso de invoca\u00e7\u00e3o a Deus, se recorra, \u00fanica e explicitamente, \u00e0 intercess\u00e3o de Frei Bruno.<\/p>\n<p>A Caminhada acontece sempre no segundo domingo da Quaresma porque \u00e9 um tempo prop\u00edcio para convers\u00e3o, penit\u00eancia e prepara\u00e7\u00e3o para a P\u00e1scoa do Senhor. Ela ter\u00e1 in\u00edcio \u00e0s 8 horas na Catedral Santa Terezinha, passando em seguida pela rua 15 de Novembro e seguindo pela rua Caetano Branco at\u00e9 chegar no Cemit\u00e9rio Municipal Frei Edgar, onde, ser\u00e1 celebrada a Santa Missa.<\/p>\n<p>O Monumento ao frade franciscano, localizado no Bairro Flor da Serra, em Joa\u00e7aba, foi restaurado pela C\u00e2mara dos Dirigentes Lojistas da cidade. A imagem recebeu\u00a0 uma nova pintura e parte da instala\u00e7\u00e3o el\u00e9trica.<\/p>\n<p>A Caminhada Penitencial Frei Bruno ser\u00e1 transmitida pela R\u00e1dio L\u00edder ao vivo no domingo (21) a partir das 7 horas.<\/p>\n","protected":false},"excerpt":{"rendered":"<p>Caminhada Penitencial Frei Bruno no Ano da Miseric\u00f3rdia &#8211; 2016<\/p>\n","protected":false},"author":1,"featured_media":200875,"comment_status":"open","ping_status":"open","sticky":false,"template":"","format":"standard","meta":[],"categories":[1],"tags":[873,193],"acf":[],"yoast_head":"<!-- This site is optimized with the Yoast SEO plugin v19.2 - https:\/\/yoast.com\/wordpress\/plugins\/seo\/ -->\n<title>Caminhada Frei Bruno no Ano da Miseric\u00f3rdia - Not\u00edcias - Franciscanos<\/title>\n<meta name=\"robots\" content=\"index, follow, max-snippet:-1, max-image-preview:large, max-video-preview:-1\" \/>\n<link rel=\"canonical\" href=\"https:\/\/franciscanos.org.br\/noticias\/romaria-frei-bruno-no-ano-da-misericordia.html\" \/>\n<meta property=\"og:locale\" content=\"pt_BR\" \/>\n<meta property=\"og:type\" content=\"article\" \/>\n<meta property=\"og:title\" content=\"Caminhada Frei Bruno no Ano da Miseric\u00f3rdia - Not\u00edcias - Franciscanos\" \/>\n<meta property=\"og:description\" content=\"Caminhada Penitencial Frei Bruno no Ano da Miseric\u00f3rdia - 2016\" \/>\n<meta property=\"og:url\" content=\"https:\/\/franciscanos.org.br\/noticias\/romaria-frei-bruno-no-ano-da-misericordia.html\" \/>\n<meta property=\"og:site_name\" content=\"Not\u00edcias - Franciscanos\" \/>\n<meta property=\"article:published_time\" content=\"2016-02-16T16:30:23+00:00\" \/>\n<meta property=\"article:modified_time\" content=\"2019-03-16T12:23:00+00:00\" \/>\n<meta property=\"og:image\" content=\"https:\/\/franciscanos.org.br\/noticias\/wp-content\/uploads\/2016\/02\/bruno_2802d.jpg\" \/>\n\t<meta property=\"og:image:width\" content=\"273\" \/>\n\t<meta property=\"og:image:height\" content=\"181\" \/>\n\t<meta property=\"og:image:type\" content=\"image\/jpeg\" \/>\n<meta name=\"author\" content=\"admin\" \/>\n<meta name=\"twitter:card\" content=\"summary_large_image\" \/>\n<meta name=\"twitter:label1\" content=\"Escrito por\" \/>\n\t<meta name=\"twitter:data1\" content=\"admin\" \/>\n\t<meta name=\"twitter:label2\" content=\"Est. tempo de leitura\" \/>\n\t<meta name=\"twitter:data2\" content=\"4 minutos\" \/>\n<script type=\"application\/ld+json\" class=\"yoast-schema-graph\">{\"@context\":\"https:\/\/schema.org\",\"@graph\":[{\"@type\":\"WebSite\",\"@id\":\"https:\/\/franciscanos.org.br\/noticias\/#website\",\"url\":\"https:\/\/franciscanos.org.br\/noticias\/\",\"name\":\"Not\u00edcias - Franciscanos\",\"description\":\"Prov\u00edncia Franciscana da Imaculada Concei\u00e7\u00e3o do Brasil - Ordem dos Frades Menores - OFM\",\"potentialAction\":[{\"@type\":\"SearchAction\",\"target\":{\"@type\":\"EntryPoint\",\"urlTemplate\":\"https:\/\/franciscanos.org.br\/noticias\/?s={search_term_string}\"},\"query-input\":\"required name=search_term_string\"}],\"inLanguage\":\"pt-BR\"},{\"@type\":\"ImageObject\",\"inLanguage\":\"pt-BR\",\"@id\":\"https:\/\/franciscanos.org.br\/noticias\/romaria-frei-bruno-no-ano-da-misericordia.html#primaryimage\",\"url\":\"https:\/\/franciscanos.org.br\/noticias\/wp-content\/uploads\/2016\/02\/bruno_2802d.jpg\",\"contentUrl\":\"https:\/\/franciscanos.org.br\/noticias\/wp-content\/uploads\/2016\/02\/bruno_2802d.jpg\",\"width\":273,\"height\":181},{\"@type\":\"WebPage\",\"@id\":\"https:\/\/franciscanos.org.br\/noticias\/romaria-frei-bruno-no-ano-da-misericordia.html#webpage\",\"url\":\"https:\/\/franciscanos.org.br\/noticias\/romaria-frei-bruno-no-ano-da-misericordia.html\",\"name\":\"Caminhada Frei Bruno no Ano da Miseric\u00f3rdia - Not\u00edcias - Franciscanos\",\"isPartOf\":{\"@id\":\"https:\/\/franciscanos.org.br\/noticias\/#website\"},\"primaryImageOfPage\":{\"@id\":\"https:\/\/franciscanos.org.br\/noticias\/romaria-frei-bruno-no-ano-da-misericordia.html#primaryimage\"},\"datePublished\":\"2016-02-16T16:30:23+00:00\",\"dateModified\":\"2019-03-16T12:23:00+00:00\",\"author\":{\"@id\":\"https:\/\/franciscanos.org.br\/noticias\/#\/schema\/person\/b38fbf43118f02820bd932f2e4b14ad3\"},\"breadcrumb\":{\"@id\":\"https:\/\/franciscanos.org.br\/noticias\/romaria-frei-bruno-no-ano-da-misericordia.html#breadcrumb\"},\"inLanguage\":\"pt-BR\",\"potentialAction\":[{\"@type\":\"ReadAction\",\"target\":[\"https:\/\/franciscanos.org.br\/noticias\/romaria-frei-bruno-no-ano-da-misericordia.html\"]}]},{\"@type\":\"BreadcrumbList\",\"@id\":\"https:\/\/franciscanos.org.br\/noticias\/romaria-frei-bruno-no-ano-da-misericordia.html#breadcrumb\",\"itemListElement\":[{\"@type\":\"ListItem\",\"position\":1,\"name\":\"Home\",\"item\":\"https:\/\/franciscanos.org.br\/noticias\"},{\"@type\":\"ListItem\",\"position\":2,\"name\":\"Caminhada Frei Bruno no Ano da Miseric\u00f3rdia\"}]},{\"@type\":\"Person\",\"@id\":\"https:\/\/franciscanos.org.br\/noticias\/#\/schema\/person\/b38fbf43118f02820bd932f2e4b14ad3\",\"name\":\"admin\",\"image\":{\"@type\":\"ImageObject\",\"inLanguage\":\"pt-BR\",\"@id\":\"https:\/\/franciscanos.org.br\/noticias\/#\/schema\/person\/image\/\",\"url\":\"https:\/\/secure.gravatar.com\/avatar\/e8495742d34d0ba6448ea1c628263b3e?s=96&d=mm&r=g\",\"contentUrl\":\"https:\/\/secure.gravatar.com\/avatar\/e8495742d34d0ba6448ea1c628263b3e?s=96&d=mm&r=g\",\"caption\":\"admin\"},\"url\":\"https:\/\/franciscanos.org.br\/noticias\/author\/admin\"}]}<\/script>\n<!-- \/ Yoast SEO plugin. -->","yoast_head_json":{"title":"Caminhada Frei Bruno no Ano da Miseric\u00f3rdia - Not\u00edcias - Franciscanos","robots":{"index":"index","follow":"follow","max-snippet":"max-snippet:-1","max-image-preview":"max-image-preview:large","max-video-preview":"max-video-preview:-1"},"canonical":"https:\/\/franciscanos.org.br\/noticias\/romaria-frei-bruno-no-ano-da-misericordia.html","og_locale":"pt_BR","og_type":"article","og_title":"Caminhada Frei Bruno no Ano da Miseric\u00f3rdia - Not\u00edcias - Franciscanos","og_description":"Caminhada Penitencial Frei Bruno no Ano da Miseric\u00f3rdia - 2016","og_url":"https:\/\/franciscanos.org.br\/noticias\/romaria-frei-bruno-no-ano-da-misericordia.html","og_site_name":"Not\u00edcias - Franciscanos","article_published_time":"2016-02-16T16:30:23+00:00","article_modified_time":"2019-03-16T12:23:00+00:00","og_image":[{"width":273,"height":181,"url":"https:\/\/franciscanos.org.br\/noticias\/wp-content\/uploads\/2016\/02\/bruno_2802d.jpg","type":"image\/jpeg"}],"author":"admin","twitter_card":"summary_large_image","twitter_misc":{"Escrito por":"admin","Est. tempo de leitura":"4 minutos"},"schema":{"@context":"https:\/\/schema.org","@graph":[{"@type":"WebSite","@id":"https:\/\/franciscanos.org.br\/noticias\/#website","url":"https:\/\/franciscanos.org.br\/noticias\/","name":"Not\u00edcias - Franciscanos","description":"Prov\u00edncia Franciscana da Imaculada Concei\u00e7\u00e3o do Brasil - Ordem dos Frades Menores - OFM","potentialAction":[{"@type":"SearchAction","target":{"@type":"EntryPoint","urlTemplate":"https:\/\/franciscanos.org.br\/noticias\/?s={search_term_string}"},"query-input":"required name=search_term_string"}],"inLanguage":"pt-BR"},{"@type":"ImageObject","inLanguage":"pt-BR","@id":"https:\/\/franciscanos.org.br\/noticias\/romaria-frei-bruno-no-ano-da-misericordia.html#primaryimage","url":"https:\/\/franciscanos.org.br\/noticias\/wp-content\/uploads\/2016\/02\/bruno_2802d.jpg","contentUrl":"https:\/\/franciscanos.org.br\/noticias\/wp-content\/uploads\/2016\/02\/bruno_2802d.jpg","width":273,"height":181},{"@type":"WebPage","@id":"https:\/\/franciscanos.org.br\/noticias\/romaria-frei-bruno-no-ano-da-misericordia.html#webpage","url":"https:\/\/franciscanos.org.br\/noticias\/romaria-frei-bruno-no-ano-da-misericordia.html","name":"Caminhada Frei Bruno no Ano da Miseric\u00f3rdia - Not\u00edcias - Franciscanos","isPartOf":{"@id":"https:\/\/franciscanos.org.br\/noticias\/#website"},"primaryImageOfPage":{"@id":"https:\/\/franciscanos.org.br\/noticias\/romaria-frei-bruno-no-ano-da-misericordia.html#primaryimage"},"datePublished":"2016-02-16T16:30:23+00:00","dateModified":"2019-03-16T12:23:00+00:00","author":{"@id":"https:\/\/franciscanos.org.br\/noticias\/#\/schema\/person\/b38fbf43118f02820bd932f2e4b14ad3"},"breadcrumb":{"@id":"https:\/\/franciscanos.org.br\/noticias\/romaria-frei-bruno-no-ano-da-misericordia.html#breadcrumb"},"inLanguage":"pt-BR","potentialAction":[{"@type":"ReadAction","target":["https:\/\/franciscanos.org.br\/noticias\/romaria-frei-bruno-no-ano-da-misericordia.html"]}]},{"@type":"BreadcrumbList","@id":"https:\/\/franciscanos.org.br\/noticias\/romaria-frei-bruno-no-ano-da-misericordia.html#breadcrumb","itemListElement":[{"@type":"ListItem","position":1,"name":"Home","item":"https:\/\/franciscanos.org.br\/noticias"},{"@type":"ListItem","position":2,"name":"Caminhada Frei Bruno no Ano da Miseric\u00f3rdia"}]},{"@type":"Person","@id":"https:\/\/franciscanos.org.br\/noticias\/#\/schema\/person\/b38fbf43118f02820bd932f2e4b14ad3","name":"admin","image":{"@type":"ImageObject","inLanguage":"pt-BR","@id":"https:\/\/franciscanos.org.br\/noticias\/#\/schema\/person\/image\/","url":"https:\/\/secure.gravatar.com\/avatar\/e8495742d34d0ba6448ea1c628263b3e?s=96&d=mm&r=g","contentUrl":"https:\/\/secure.gravatar.com\/avatar\/e8495742d34d0ba6448ea1c628263b3e?s=96&d=mm&r=g","caption":"admin"},"url":"https:\/\/franciscanos.org.br\/noticias\/author\/admin"}]}},"_links":{"self":[{"href":"https:\/\/franciscanos.org.br\/noticias\/wp-json\/wp\/v2\/posts\/104351"}],"collection":[{"href":"https:\/\/franciscanos.org.br\/noticias\/wp-json\/wp\/v2\/posts"}],"about":[{"href":"https:\/\/franciscanos.org.br\/noticias\/wp-json\/wp\/v2\/types\/post"}],"author":[{"embeddable":true,"href":"https:\/\/franciscanos.org.br\/noticias\/wp-json\/wp\/v2\/users\/1"}],"replies":[{"embeddable":true,"href":"https:\/\/franciscanos.org.br\/noticias\/wp-json\/wp\/v2\/comments?post=104351"}],"version-history":[{"count":1,"href":"https:\/\/franciscanos.org.br\/noticias\/wp-json\/wp\/v2\/posts\/104351\/revisions"}],"predecessor-version":[{"id":222014,"href":"https:\/\/franciscanos.org.br\/noticias\/wp-json\/wp\/v2\/posts\/104351\/revisions\/222014"}],"wp:featuredmedia":[{"embeddable":true,"href":"https:\/\/franciscanos.org.br\/noticias\/wp-json\/wp\/v2\/media\/200875"}],"wp:attachment":[{"href":"https:\/\/franciscanos.org.br\/noticias\/wp-json\/wp\/v2\/media?parent=104351"}],"wp:term":[{"taxonomy":"category","embeddable":true,"href":"https:\/\/franciscanos.org.br\/noticias\/wp-json\/wp\/v2\/categories?post=104351"},{"taxonomy":"post_tag","embeddable":true,"href":"https:\/\/franciscanos.org.br\/noticias\/wp-json\/wp\/v2\/tags?post=104351"}],"curies":[{"name":"wp","href":"https:\/\/api.w.org\/{rel}","templated":true}]}}