{"id":103899,"date":"2016-02-12T16:08:03","date_gmt":"2016-02-12T18:08:03","guid":{"rendered":"http:\/\/franciscanos.org.br\/?p=103899"},"modified":"2019-03-11T08:45:49","modified_gmt":"2019-03-11T11:45:49","slug":"jufra-tem-novo-secretariado-fraterno-nacional","status":"publish","type":"post","link":"https:\/\/franciscanos.org.br\/noticias\/jufra-tem-novo-secretariado-fraterno-nacional.html","title":{"rendered":"Jufra tem novo Secretariado Fraterno Nacional"},"content":{"rendered":"<p>&nbsp;<\/p>\n<p><img loading=\"lazy\" src=\"http:\/\/franciscanos.org.br\/wp-content\/uploads\/2016\/02\/jufra_oficial.jpg\" alt=\"jufra_oficial\" width=\"820\" height=\"337\" \/><\/p>\n<p>A Juventude Franciscana do Brasil, reunida na cidade de Campo Grande, Mato Grosso do Sul, de 5 a 9 de fevereiro, elegeu o novo Secretariado Fraterno Nacional durante o seu XVI Congresso Ordin\u00e1rio e Celebrativo pelos 45 anos de miss\u00e3o no Brasil.<\/p>\n<p><img loading=\"lazy\" class=\"alignleft wp-image-103901 size-full\" src=\"http:\/\/franciscanos.org.br\/wp-content\/uploads\/2016\/02\/jufra_secretario.jpg\" alt=\"jufra_secretario\" width=\"400\" height=\"293\" \/>Segundo o site da Jufra, foram dias de muitas alegrias, emo\u00e7\u00f5es, partilhas e trocas de experi\u00eancias. Estiveram presentes jovens de todo o Brasil, representando 17 regionais que formam a Fraternidade Nacional.<\/p>\n<p>Na ocasi\u00e3o foi celebrado os 45 anos da Jufra com uma linda Celebra\u00e7\u00e3o Eucar\u00edstica e a inaugura\u00e7\u00e3o de uma placa comemorativa na Igreja de S\u00e3o Francisco. O novo Secretariado Fraterno Nacional vai conduzir os trabalhos da juventude franciscana nos pr\u00f3ximos tr\u00eas anos.<\/p>\n<p>\u00c0 frente dessa caminhada estar\u00e1 o jovem Washington Lima, da cidade de Penedo-Alagoas, eleito Secret\u00e1rio Fraterno Nacional. Junto com ele foi escolhida a equipe que formar\u00e1 o Secretariado Fraterno Nacional:<img loading=\"lazy\" class=\"alignright size-full wp-image-103902\" src=\"http:\/\/franciscanos.org.br\/wp-content\/uploads\/2016\/02\/jufra_equipe.jpg\" alt=\"jufra_equipe\" width=\"400\" height=\"296\" \/><\/p>\n<p>Washington Lima (Penedo\/AL) &#8211; Secret\u00e1rio Fraterno Nacional;<br \/>\nAdrielly Alves (Santar\u00e9m\/PA) &#8211; Secret\u00e1ria para \u00c1rea Norte;<br \/>\nJ\u00e9ssica Lima (Teresina\/PI) &#8211; Secret\u00e1ria para \u00c1rea Nordeste A;<br \/>\nDouglas Cordeiro (Bom Conselho\/PE) &#8211; Secret\u00e1rio para \u00c1rea Nordeste B;<br \/>\nM\u00e1rcio Bernardo (Nil\u00f3polis\/RJ) &#8211; Secret\u00e1rio para \u00c1rea Sudeste;<br \/>\nMaric\u00e9lia Ribeiro (Campo Grande\/MS) &#8211; Secret\u00e1ria para \u00c1rea Centro-Oeste;<br \/>\nBruno Oliveira (Curitiba\/PR) &#8211; Secret\u00e1rio para \u00c1rea Sul;<br \/>\nJuliana Caroline (Triunfo\/PE) &#8211; Secret\u00e1ria Nacional de Forma\u00e7\u00e3o.<\/p>\n<p>&nbsp;<\/p>\n<h2><a href=\"http:\/\/franciscanos.org.br\/?p=103488\">LEIA TAMB\u00c9M A ENTREVISTA COM A EX-SECRET\u00c1RIA FRATERNA NACIONAL: MAYARA LIMA<\/a><\/h2>\n<p>&nbsp;<\/p>\n","protected":false},"excerpt":{"rendered":"<p>Jufra<\/p>\n","protected":false},"author":1,"featured_media":201349,"comment_status":"open","ping_status":"open","sticky":false,"template":"","format":"standard","meta":[],"categories":[1],"tags":[],"acf":[],"yoast_head":"<!-- This site is optimized with the Yoast SEO plugin v19.2 - https:\/\/yoast.com\/wordpress\/plugins\/seo\/ -->\n<title>Jufra tem novo Secretariado Fraterno Nacional - Not\u00edcias - Franciscanos<\/title>\n<meta name=\"robots\" content=\"index, follow, max-snippet:-1, max-image-preview:large, max-video-preview:-1\" \/>\n<link rel=\"canonical\" href=\"https:\/\/franciscanos.org.br\/noticias\/jufra-tem-novo-secretariado-fraterno-nacional.html\" \/>\n<meta property=\"og:locale\" content=\"pt_BR\" \/>\n<meta property=\"og:type\" content=\"article\" \/>\n<meta property=\"og:title\" content=\"Jufra tem novo Secretariado Fraterno Nacional - Not\u00edcias - Franciscanos\" \/>\n<meta property=\"og:description\" content=\"Jufra\" \/>\n<meta property=\"og:url\" content=\"https:\/\/franciscanos.org.br\/noticias\/jufra-tem-novo-secretariado-fraterno-nacional.html\" \/>\n<meta property=\"og:site_name\" content=\"Not\u00edcias - Franciscanos\" \/>\n<meta property=\"article:published_time\" content=\"2016-02-12T18:08:03+00:00\" \/>\n<meta property=\"article:modified_time\" content=\"2019-03-11T11:45:49+00:00\" \/>\n<meta property=\"og:image\" content=\"https:\/\/franciscanos.org.br\/noticias\/wp-content\/uploads\/2016\/02\/jufra_equipe.jpg\" \/>\n\t<meta property=\"og:image:width\" content=\"273\" \/>\n\t<meta property=\"og:image:height\" content=\"181\" \/>\n\t<meta property=\"og:image:type\" content=\"image\/jpeg\" \/>\n<meta name=\"author\" content=\"admin\" \/>\n<meta name=\"twitter:card\" content=\"summary_large_image\" \/>\n<meta name=\"twitter:label1\" content=\"Escrito por\" \/>\n\t<meta name=\"twitter:data1\" content=\"admin\" \/>\n\t<meta name=\"twitter:label2\" content=\"Est. tempo de leitura\" \/>\n\t<meta name=\"twitter:data2\" content=\"1 minuto\" \/>\n<script type=\"application\/ld+json\" class=\"yoast-schema-graph\">{\"@context\":\"https:\/\/schema.org\",\"@graph\":[{\"@type\":\"WebSite\",\"@id\":\"https:\/\/franciscanos.org.br\/noticias\/#website\",\"url\":\"https:\/\/franciscanos.org.br\/noticias\/\",\"name\":\"Not\u00edcias - Franciscanos\",\"description\":\"Prov\u00edncia Franciscana da Imaculada Concei\u00e7\u00e3o do Brasil - Ordem dos Frades Menores - OFM\",\"potentialAction\":[{\"@type\":\"SearchAction\",\"target\":{\"@type\":\"EntryPoint\",\"urlTemplate\":\"https:\/\/franciscanos.org.br\/noticias\/?s={search_term_string}\"},\"query-input\":\"required name=search_term_string\"}],\"inLanguage\":\"pt-BR\"},{\"@type\":\"ImageObject\",\"inLanguage\":\"pt-BR\",\"@id\":\"https:\/\/franciscanos.org.br\/noticias\/jufra-tem-novo-secretariado-fraterno-nacional.html#primaryimage\",\"url\":\"https:\/\/franciscanos.org.br\/noticias\/wp-content\/uploads\/2016\/02\/jufra_equipe.jpg\",\"contentUrl\":\"https:\/\/franciscanos.org.br\/noticias\/wp-content\/uploads\/2016\/02\/jufra_equipe.jpg\",\"width\":273,\"height\":181},{\"@type\":\"WebPage\",\"@id\":\"https:\/\/franciscanos.org.br\/noticias\/jufra-tem-novo-secretariado-fraterno-nacional.html#webpage\",\"url\":\"https:\/\/franciscanos.org.br\/noticias\/jufra-tem-novo-secretariado-fraterno-nacional.html\",\"name\":\"Jufra tem novo Secretariado Fraterno Nacional - Not\u00edcias - Franciscanos\",\"isPartOf\":{\"@id\":\"https:\/\/franciscanos.org.br\/noticias\/#website\"},\"primaryImageOfPage\":{\"@id\":\"https:\/\/franciscanos.org.br\/noticias\/jufra-tem-novo-secretariado-fraterno-nacional.html#primaryimage\"},\"datePublished\":\"2016-02-12T18:08:03+00:00\",\"dateModified\":\"2019-03-11T11:45:49+00:00\",\"author\":{\"@id\":\"https:\/\/franciscanos.org.br\/noticias\/#\/schema\/person\/b38fbf43118f02820bd932f2e4b14ad3\"},\"breadcrumb\":{\"@id\":\"https:\/\/franciscanos.org.br\/noticias\/jufra-tem-novo-secretariado-fraterno-nacional.html#breadcrumb\"},\"inLanguage\":\"pt-BR\",\"potentialAction\":[{\"@type\":\"ReadAction\",\"target\":[\"https:\/\/franciscanos.org.br\/noticias\/jufra-tem-novo-secretariado-fraterno-nacional.html\"]}]},{\"@type\":\"BreadcrumbList\",\"@id\":\"https:\/\/franciscanos.org.br\/noticias\/jufra-tem-novo-secretariado-fraterno-nacional.html#breadcrumb\",\"itemListElement\":[{\"@type\":\"ListItem\",\"position\":1,\"name\":\"Home\",\"item\":\"https:\/\/franciscanos.org.br\/noticias\"},{\"@type\":\"ListItem\",\"position\":2,\"name\":\"Jufra tem novo Secretariado Fraterno Nacional\"}]},{\"@type\":\"Person\",\"@id\":\"https:\/\/franciscanos.org.br\/noticias\/#\/schema\/person\/b38fbf43118f02820bd932f2e4b14ad3\",\"name\":\"admin\",\"image\":{\"@type\":\"ImageObject\",\"inLanguage\":\"pt-BR\",\"@id\":\"https:\/\/franciscanos.org.br\/noticias\/#\/schema\/person\/image\/\",\"url\":\"https:\/\/secure.gravatar.com\/avatar\/e8495742d34d0ba6448ea1c628263b3e?s=96&d=mm&r=g\",\"contentUrl\":\"https:\/\/secure.gravatar.com\/avatar\/e8495742d34d0ba6448ea1c628263b3e?s=96&d=mm&r=g\",\"caption\":\"admin\"},\"url\":\"https:\/\/franciscanos.org.br\/noticias\/author\/admin\"}]}<\/script>\n<!-- \/ Yoast SEO plugin. -->","yoast_head_json":{"title":"Jufra tem novo Secretariado Fraterno Nacional - Not\u00edcias - Franciscanos","robots":{"index":"index","follow":"follow","max-snippet":"max-snippet:-1","max-image-preview":"max-image-preview:large","max-video-preview":"max-video-preview:-1"},"canonical":"https:\/\/franciscanos.org.br\/noticias\/jufra-tem-novo-secretariado-fraterno-nacional.html","og_locale":"pt_BR","og_type":"article","og_title":"Jufra tem novo Secretariado Fraterno Nacional - Not\u00edcias - Franciscanos","og_description":"Jufra","og_url":"https:\/\/franciscanos.org.br\/noticias\/jufra-tem-novo-secretariado-fraterno-nacional.html","og_site_name":"Not\u00edcias - Franciscanos","article_published_time":"2016-02-12T18:08:03+00:00","article_modified_time":"2019-03-11T11:45:49+00:00","og_image":[{"width":273,"height":181,"url":"https:\/\/franciscanos.org.br\/noticias\/wp-content\/uploads\/2016\/02\/jufra_equipe.jpg","type":"image\/jpeg"}],"author":"admin","twitter_card":"summary_large_image","twitter_misc":{"Escrito por":"admin","Est. tempo de leitura":"1 minuto"},"schema":{"@context":"https:\/\/schema.org","@graph":[{"@type":"WebSite","@id":"https:\/\/franciscanos.org.br\/noticias\/#website","url":"https:\/\/franciscanos.org.br\/noticias\/","name":"Not\u00edcias - Franciscanos","description":"Prov\u00edncia Franciscana da Imaculada Concei\u00e7\u00e3o do Brasil - Ordem dos Frades Menores - OFM","potentialAction":[{"@type":"SearchAction","target":{"@type":"EntryPoint","urlTemplate":"https:\/\/franciscanos.org.br\/noticias\/?s={search_term_string}"},"query-input":"required name=search_term_string"}],"inLanguage":"pt-BR"},{"@type":"ImageObject","inLanguage":"pt-BR","@id":"https:\/\/franciscanos.org.br\/noticias\/jufra-tem-novo-secretariado-fraterno-nacional.html#primaryimage","url":"https:\/\/franciscanos.org.br\/noticias\/wp-content\/uploads\/2016\/02\/jufra_equipe.jpg","contentUrl":"https:\/\/franciscanos.org.br\/noticias\/wp-content\/uploads\/2016\/02\/jufra_equipe.jpg","width":273,"height":181},{"@type":"WebPage","@id":"https:\/\/franciscanos.org.br\/noticias\/jufra-tem-novo-secretariado-fraterno-nacional.html#webpage","url":"https:\/\/franciscanos.org.br\/noticias\/jufra-tem-novo-secretariado-fraterno-nacional.html","name":"Jufra tem novo Secretariado Fraterno Nacional - Not\u00edcias - Franciscanos","isPartOf":{"@id":"https:\/\/franciscanos.org.br\/noticias\/#website"},"primaryImageOfPage":{"@id":"https:\/\/franciscanos.org.br\/noticias\/jufra-tem-novo-secretariado-fraterno-nacional.html#primaryimage"},"datePublished":"2016-02-12T18:08:03+00:00","dateModified":"2019-03-11T11:45:49+00:00","author":{"@id":"https:\/\/franciscanos.org.br\/noticias\/#\/schema\/person\/b38fbf43118f02820bd932f2e4b14ad3"},"breadcrumb":{"@id":"https:\/\/franciscanos.org.br\/noticias\/jufra-tem-novo-secretariado-fraterno-nacional.html#breadcrumb"},"inLanguage":"pt-BR","potentialAction":[{"@type":"ReadAction","target":["https:\/\/franciscanos.org.br\/noticias\/jufra-tem-novo-secretariado-fraterno-nacional.html"]}]},{"@type":"BreadcrumbList","@id":"https:\/\/franciscanos.org.br\/noticias\/jufra-tem-novo-secretariado-fraterno-nacional.html#breadcrumb","itemListElement":[{"@type":"ListItem","position":1,"name":"Home","item":"https:\/\/franciscanos.org.br\/noticias"},{"@type":"ListItem","position":2,"name":"Jufra tem novo Secretariado Fraterno Nacional"}]},{"@type":"Person","@id":"https:\/\/franciscanos.org.br\/noticias\/#\/schema\/person\/b38fbf43118f02820bd932f2e4b14ad3","name":"admin","image":{"@type":"ImageObject","inLanguage":"pt-BR","@id":"https:\/\/franciscanos.org.br\/noticias\/#\/schema\/person\/image\/","url":"https:\/\/secure.gravatar.com\/avatar\/e8495742d34d0ba6448ea1c628263b3e?s=96&d=mm&r=g","contentUrl":"https:\/\/secure.gravatar.com\/avatar\/e8495742d34d0ba6448ea1c628263b3e?s=96&d=mm&r=g","caption":"admin"},"url":"https:\/\/franciscanos.org.br\/noticias\/author\/admin"}]}},"_links":{"self":[{"href":"https:\/\/franciscanos.org.br\/noticias\/wp-json\/wp\/v2\/posts\/103899"}],"collection":[{"href":"https:\/\/franciscanos.org.br\/noticias\/wp-json\/wp\/v2\/posts"}],"about":[{"href":"https:\/\/franciscanos.org.br\/noticias\/wp-json\/wp\/v2\/types\/post"}],"author":[{"embeddable":true,"href":"https:\/\/franciscanos.org.br\/noticias\/wp-json\/wp\/v2\/users\/1"}],"replies":[{"embeddable":true,"href":"https:\/\/franciscanos.org.br\/noticias\/wp-json\/wp\/v2\/comments?post=103899"}],"version-history":[{"count":1,"href":"https:\/\/franciscanos.org.br\/noticias\/wp-json\/wp\/v2\/posts\/103899\/revisions"}],"predecessor-version":[{"id":221993,"href":"https:\/\/franciscanos.org.br\/noticias\/wp-json\/wp\/v2\/posts\/103899\/revisions\/221993"}],"wp:featuredmedia":[{"embeddable":true,"href":"https:\/\/franciscanos.org.br\/noticias\/wp-json\/wp\/v2\/media\/201349"}],"wp:attachment":[{"href":"https:\/\/franciscanos.org.br\/noticias\/wp-json\/wp\/v2\/media?parent=103899"}],"wp:term":[{"taxonomy":"category","embeddable":true,"href":"https:\/\/franciscanos.org.br\/noticias\/wp-json\/wp\/v2\/categories?post=103899"},{"taxonomy":"post_tag","embeddable":true,"href":"https:\/\/franciscanos.org.br\/noticias\/wp-json\/wp\/v2\/tags?post=103899"}],"curies":[{"name":"wp","href":"https:\/\/api.w.org\/{rel}","templated":true}]}}