{"id":103461,"date":"2016-02-03T08:13:49","date_gmt":"2016-02-03T10:13:49","guid":{"rendered":"http:\/\/franciscanos.org.br\/?p=103461"},"modified":"2020-03-19T13:25:14","modified_gmt":"2020-03-19T16:25:14","slug":"reaberta-basilica-de-nossa-senhora-do-rosario-em-fatima","status":"publish","type":"post","link":"https:\/\/franciscanos.org.br\/noticias\/reaberta-basilica-de-nossa-senhora-do-rosario-em-fatima.html","title":{"rendered":"Reaberta Bas\u00edlica de Nossa Senhora do Ros\u00e1rio em F\u00e1tima"},"content":{"rendered":"<p><img loading=\"lazy\" src=\"http:\/\/franciscanos.org.br\/wp-content\/uploads\/2016\/02\/fatima_alto.jpg\" alt=\"fatima_alto\" width=\"820\" height=\"334\" \/><\/p>\n<p>O bispo de Leiria-F\u00e1tima, D. Ant\u00f4nio Marto, presidiu neste dia 2 de fevereiro, a Eucaristia de reabertura ao culto da Bas\u00edlica de Nossa Senhora do Ros\u00e1rio, na Cova da Iria, onde deixou um alerta para as consequ\u00eancias da perda de \u201cdimens\u00e3o transcendente\u201d na Europa.<\/p>\n<p>Na homilia da celebra\u00e7\u00e3o, perante centenas de pessoas, D. Ant\u00f4nio Marto falou da necessidade de \u201cdespertar no mundo distra\u00eddo e indiferente uma abertura do cora\u00e7\u00e3o ao Deus misericordioso, \u00e0 dimens\u00e3o transcendente da vida\u201d.<\/p>\n<p>\u201cSem ela, a Europa e a nossa sociedade portuguesa correm o risco de perder o esp\u00edrito humanista e fraterno, como estamos verificando em rela\u00e7\u00e3o ao drama dos refugiados\u201d, advertiu o vice-presidente da Confer\u00eancia Episcopal Portuguesa.<\/p>\n<p>A celebra\u00e7\u00e3o, durante a qual foi dedicado o novo altar, decorreu no Dia do Religioso, contando com a participa\u00e7\u00e3o de membros das v\u00e1rias congrega\u00e7\u00f5es religiosas presentes em F\u00e1tima, que renovaram os seus votos.<\/p>\n<p>\u201cA dedica\u00e7\u00e3o do altar tamb\u00e9m nos interpela a participar nesta oferta com aquele mesmo pedido que Nossa Senhora aqui fez aos Pastorinhos: \u2018Quereis oferecer-vos a Deus?\u2019\u201d, declarou.<\/p>\n<p>Segundo o bispo de Leiria-F\u00e1tima, \u201cDeus procura colaboradores em favor dos outros para a transforma\u00e7\u00e3o do mundo e pede uma resposta tamb\u00e9m hoje e aqui\u201d, a fim de \u201cvencer o \u00f3dio e a viol\u00eancia\u201d.<\/p>\n<p>O prelado falou do \u201cfeliz entrosamento\u201d entre o ano da Vida Consagrada, que hoje se conclui, e o Jubileu da Miseric\u00f3rdia, que veio \u201cfazer sobressair a Vida consagrada como um dom precioso para a Igreja e para o mundo\u201d.<\/p>\n<p><strong>BAS\u00cdLICA REABERTA<\/strong><br \/>\n<img loading=\"lazy\" class=\"alignleft wp-image-103464 size-full\" src=\"http:\/\/franciscanos.org.br\/wp-content\/uploads\/2016\/02\/fatima_1.jpg\" alt=\"fatima_1\" width=\"500\" height=\"301\" \/>A bas\u00edlica reabriu ao culto depois de cerca de ano e meio de obras de conserva\u00e7\u00e3o, limpeza e reabilita\u00e7\u00e3o. Entre as obras, destaque para a reformula\u00e7\u00e3o do presbit\u00e9rio e para a cria\u00e7\u00e3o de um itiner\u00e1rio devocional que permite aos peregrinos a venera\u00e7\u00e3o e ora\u00e7\u00e3o junto dos t\u00famulos dos Pastorinhos.<\/p>\n<p>\u201cQueremos propor a todos os peregrinos que queiram ir aos t\u00famulos, um itiner\u00e1rio devocional que os conduza aos t\u00famulos e crie condi\u00e7\u00f5es, nas capelas tumulares, para que eles rezem\u201d, explicou o Reitor do Santu\u00e1rio de F\u00e1tima, Padre Carlos Cabecinhas<\/p>\n<p>O Padre Carlos Cabecinhas adiantou que o \u201cprimeiro motivo para a interven\u00e7\u00e3o na Bas\u00edlica de Nossa Senhora do Ros\u00e1rio de F\u00e1tima foi a necessidade de fazer uma limpeza naquele espa\u00e7o\u201d porque a \u201cpedra estava muito escurecida\u201d.<\/p>\n<p>O Reitor do Santu\u00e1rio de F\u00e1tima acrescentou ainda que as obras permitiram uma altera\u00e7\u00e3o dos \u201clugares lit\u00fargicos\u201d e recuperaram o \u201cgrande \u00f3rg\u00e3o\u201d de tubos. \u201cRenovamos o presbit\u00e9rio, que tem um novo altar, um novo amb\u00e3o, uma nova cruz e uma nova presid\u00eancia\u201d, descreveu.<\/p>\n<p>\u201cO grande \u00f3rg\u00e3o, h\u00e1 tanto tempo mudo, pode ser de novo ouvido e ter impato positivo na nossa forma de celebrar naquele lugar\u201d, disse tamb\u00e9m o padre Carlos Cabecinhas.<\/p>\n<p><strong>Hist\u00f3ria<\/strong><br \/>\nA sagra\u00e7\u00e3o da Bas\u00edlica de Nossa Senhora do Ros\u00e1rio de F\u00e1tima data de 7 de outubro de 1953, e o projeto foi concebido pelo arquiteto Gerard Van Kriechen e continuado pelo arquiteto Jo\u00e3o Antunes.<\/p>\n<p>A primeira bas\u00edlica do Santu\u00e1rio mariano da Cova da Iria recebeu este t\u00edtulo do Papa Pio XII, no breve \u201cLuce Superna\u201d, de 11 de novembro de 1954.<\/p>\n<p>Com 70,5 metros de comprimento e 37 de largura a bas\u00edlica foi constru\u00eddo \u201cinteiramente\u201d com \u201cpedra da regi\u00e3o e os altares s\u00e3o de m\u00e1rmore\u201d de Estremoz, de Pero Pinheiro e de F\u00e1tima.<\/p>\n<p>Ap\u00f3s a reabertura desta bas\u00edlica ao culto v\u00e3o ser retomadas tr\u00eas celebra\u00e7\u00f5es di\u00e1rias at\u00e9 \u00e0 P\u00e1scoa: 7h30, 11h00 e 18h30, quando ent\u00e3o a Missa das 11h ser\u00e1 \u201ctransferida para a Bas\u00edlica da Sant\u00edssima Trindade\u201d, informa o Santu\u00e1rio de F\u00e1tima.<\/p>\n","protected":false},"excerpt":{"rendered":"<p>Santu\u00e1rio Mariano<\/p>\n","protected":false},"author":1,"featured_media":221969,"comment_status":"open","ping_status":"open","sticky":false,"template":"","format":"standard","meta":[],"categories":[1],"tags":[],"acf":[],"yoast_head":"<!-- This site is optimized with the Yoast SEO plugin v19.2 - https:\/\/yoast.com\/wordpress\/plugins\/seo\/ -->\n<title>Reaberta Bas\u00edlica de Nossa Senhora do Ros\u00e1rio em F\u00e1tima - Not\u00edcias - Franciscanos<\/title>\n<meta name=\"robots\" content=\"index, follow, max-snippet:-1, max-image-preview:large, max-video-preview:-1\" \/>\n<link rel=\"canonical\" href=\"https:\/\/franciscanos.org.br\/noticias\/reaberta-basilica-de-nossa-senhora-do-rosario-em-fatima.html\" \/>\n<meta property=\"og:locale\" content=\"pt_BR\" \/>\n<meta property=\"og:type\" content=\"article\" \/>\n<meta property=\"og:title\" content=\"Reaberta Bas\u00edlica de Nossa Senhora do Ros\u00e1rio em F\u00e1tima - Not\u00edcias - Franciscanos\" \/>\n<meta property=\"og:description\" content=\"Santu\u00e1rio Mariano\" \/>\n<meta property=\"og:url\" content=\"https:\/\/franciscanos.org.br\/noticias\/reaberta-basilica-de-nossa-senhora-do-rosario-em-fatima.html\" \/>\n<meta property=\"og:site_name\" content=\"Not\u00edcias - Franciscanos\" \/>\n<meta property=\"article:published_time\" content=\"2016-02-03T10:13:49+00:00\" \/>\n<meta property=\"article:modified_time\" content=\"2020-03-19T16:25:14+00:00\" \/>\n<meta property=\"og:image\" content=\"https:\/\/franciscanos.org.br\/noticias\/wp-content\/uploads\/2016\/02\/fatima_alto.jpg\" \/>\n\t<meta property=\"og:image:width\" content=\"273\" \/>\n\t<meta property=\"og:image:height\" content=\"181\" \/>\n\t<meta property=\"og:image:type\" content=\"image\/jpeg\" \/>\n<meta name=\"author\" content=\"admin\" \/>\n<meta name=\"twitter:card\" content=\"summary_large_image\" \/>\n<meta name=\"twitter:label1\" content=\"Escrito por\" \/>\n\t<meta name=\"twitter:data1\" content=\"admin\" \/>\n\t<meta name=\"twitter:label2\" content=\"Est. tempo de leitura\" \/>\n\t<meta name=\"twitter:data2\" content=\"3 minutos\" \/>\n<script type=\"application\/ld+json\" class=\"yoast-schema-graph\">{\"@context\":\"https:\/\/schema.org\",\"@graph\":[{\"@type\":\"WebSite\",\"@id\":\"https:\/\/franciscanos.org.br\/noticias\/#website\",\"url\":\"https:\/\/franciscanos.org.br\/noticias\/\",\"name\":\"Not\u00edcias - Franciscanos\",\"description\":\"Prov\u00edncia Franciscana da Imaculada Concei\u00e7\u00e3o do Brasil - Ordem dos Frades Menores - OFM\",\"potentialAction\":[{\"@type\":\"SearchAction\",\"target\":{\"@type\":\"EntryPoint\",\"urlTemplate\":\"https:\/\/franciscanos.org.br\/noticias\/?s={search_term_string}\"},\"query-input\":\"required name=search_term_string\"}],\"inLanguage\":\"pt-BR\"},{\"@type\":\"ImageObject\",\"inLanguage\":\"pt-BR\",\"@id\":\"https:\/\/franciscanos.org.br\/noticias\/reaberta-basilica-de-nossa-senhora-do-rosario-em-fatima.html#primaryimage\",\"url\":\"https:\/\/franciscanos.org.br\/noticias\/wp-content\/uploads\/2016\/02\/fatima_alto.jpg\",\"contentUrl\":\"https:\/\/franciscanos.org.br\/noticias\/wp-content\/uploads\/2016\/02\/fatima_alto.jpg\",\"width\":273,\"height\":181},{\"@type\":\"WebPage\",\"@id\":\"https:\/\/franciscanos.org.br\/noticias\/reaberta-basilica-de-nossa-senhora-do-rosario-em-fatima.html#webpage\",\"url\":\"https:\/\/franciscanos.org.br\/noticias\/reaberta-basilica-de-nossa-senhora-do-rosario-em-fatima.html\",\"name\":\"Reaberta Bas\u00edlica de Nossa Senhora do Ros\u00e1rio em F\u00e1tima - Not\u00edcias - Franciscanos\",\"isPartOf\":{\"@id\":\"https:\/\/franciscanos.org.br\/noticias\/#website\"},\"primaryImageOfPage\":{\"@id\":\"https:\/\/franciscanos.org.br\/noticias\/reaberta-basilica-de-nossa-senhora-do-rosario-em-fatima.html#primaryimage\"},\"datePublished\":\"2016-02-03T10:13:49+00:00\",\"dateModified\":\"2020-03-19T16:25:14+00:00\",\"author\":{\"@id\":\"https:\/\/franciscanos.org.br\/noticias\/#\/schema\/person\/b38fbf43118f02820bd932f2e4b14ad3\"},\"breadcrumb\":{\"@id\":\"https:\/\/franciscanos.org.br\/noticias\/reaberta-basilica-de-nossa-senhora-do-rosario-em-fatima.html#breadcrumb\"},\"inLanguage\":\"pt-BR\",\"potentialAction\":[{\"@type\":\"ReadAction\",\"target\":[\"https:\/\/franciscanos.org.br\/noticias\/reaberta-basilica-de-nossa-senhora-do-rosario-em-fatima.html\"]}]},{\"@type\":\"BreadcrumbList\",\"@id\":\"https:\/\/franciscanos.org.br\/noticias\/reaberta-basilica-de-nossa-senhora-do-rosario-em-fatima.html#breadcrumb\",\"itemListElement\":[{\"@type\":\"ListItem\",\"position\":1,\"name\":\"Home\",\"item\":\"https:\/\/franciscanos.org.br\/noticias\"},{\"@type\":\"ListItem\",\"position\":2,\"name\":\"Reaberta Bas\u00edlica de Nossa Senhora do Ros\u00e1rio em F\u00e1tima\"}]},{\"@type\":\"Person\",\"@id\":\"https:\/\/franciscanos.org.br\/noticias\/#\/schema\/person\/b38fbf43118f02820bd932f2e4b14ad3\",\"name\":\"admin\",\"image\":{\"@type\":\"ImageObject\",\"inLanguage\":\"pt-BR\",\"@id\":\"https:\/\/franciscanos.org.br\/noticias\/#\/schema\/person\/image\/\",\"url\":\"https:\/\/secure.gravatar.com\/avatar\/e8495742d34d0ba6448ea1c628263b3e?s=96&d=mm&r=g\",\"contentUrl\":\"https:\/\/secure.gravatar.com\/avatar\/e8495742d34d0ba6448ea1c628263b3e?s=96&d=mm&r=g\",\"caption\":\"admin\"},\"url\":\"https:\/\/franciscanos.org.br\/noticias\/author\/admin\"}]}<\/script>\n<!-- \/ Yoast SEO plugin. -->","yoast_head_json":{"title":"Reaberta Bas\u00edlica de Nossa Senhora do Ros\u00e1rio em F\u00e1tima - Not\u00edcias - Franciscanos","robots":{"index":"index","follow":"follow","max-snippet":"max-snippet:-1","max-image-preview":"max-image-preview:large","max-video-preview":"max-video-preview:-1"},"canonical":"https:\/\/franciscanos.org.br\/noticias\/reaberta-basilica-de-nossa-senhora-do-rosario-em-fatima.html","og_locale":"pt_BR","og_type":"article","og_title":"Reaberta Bas\u00edlica de Nossa Senhora do Ros\u00e1rio em F\u00e1tima - Not\u00edcias - Franciscanos","og_description":"Santu\u00e1rio Mariano","og_url":"https:\/\/franciscanos.org.br\/noticias\/reaberta-basilica-de-nossa-senhora-do-rosario-em-fatima.html","og_site_name":"Not\u00edcias - Franciscanos","article_published_time":"2016-02-03T10:13:49+00:00","article_modified_time":"2020-03-19T16:25:14+00:00","og_image":[{"width":273,"height":181,"url":"https:\/\/franciscanos.org.br\/noticias\/wp-content\/uploads\/2016\/02\/fatima_alto.jpg","type":"image\/jpeg"}],"author":"admin","twitter_card":"summary_large_image","twitter_misc":{"Escrito por":"admin","Est. tempo de leitura":"3 minutos"},"schema":{"@context":"https:\/\/schema.org","@graph":[{"@type":"WebSite","@id":"https:\/\/franciscanos.org.br\/noticias\/#website","url":"https:\/\/franciscanos.org.br\/noticias\/","name":"Not\u00edcias - Franciscanos","description":"Prov\u00edncia Franciscana da Imaculada Concei\u00e7\u00e3o do Brasil - Ordem dos Frades Menores - OFM","potentialAction":[{"@type":"SearchAction","target":{"@type":"EntryPoint","urlTemplate":"https:\/\/franciscanos.org.br\/noticias\/?s={search_term_string}"},"query-input":"required name=search_term_string"}],"inLanguage":"pt-BR"},{"@type":"ImageObject","inLanguage":"pt-BR","@id":"https:\/\/franciscanos.org.br\/noticias\/reaberta-basilica-de-nossa-senhora-do-rosario-em-fatima.html#primaryimage","url":"https:\/\/franciscanos.org.br\/noticias\/wp-content\/uploads\/2016\/02\/fatima_alto.jpg","contentUrl":"https:\/\/franciscanos.org.br\/noticias\/wp-content\/uploads\/2016\/02\/fatima_alto.jpg","width":273,"height":181},{"@type":"WebPage","@id":"https:\/\/franciscanos.org.br\/noticias\/reaberta-basilica-de-nossa-senhora-do-rosario-em-fatima.html#webpage","url":"https:\/\/franciscanos.org.br\/noticias\/reaberta-basilica-de-nossa-senhora-do-rosario-em-fatima.html","name":"Reaberta Bas\u00edlica de Nossa Senhora do Ros\u00e1rio em F\u00e1tima - Not\u00edcias - Franciscanos","isPartOf":{"@id":"https:\/\/franciscanos.org.br\/noticias\/#website"},"primaryImageOfPage":{"@id":"https:\/\/franciscanos.org.br\/noticias\/reaberta-basilica-de-nossa-senhora-do-rosario-em-fatima.html#primaryimage"},"datePublished":"2016-02-03T10:13:49+00:00","dateModified":"2020-03-19T16:25:14+00:00","author":{"@id":"https:\/\/franciscanos.org.br\/noticias\/#\/schema\/person\/b38fbf43118f02820bd932f2e4b14ad3"},"breadcrumb":{"@id":"https:\/\/franciscanos.org.br\/noticias\/reaberta-basilica-de-nossa-senhora-do-rosario-em-fatima.html#breadcrumb"},"inLanguage":"pt-BR","potentialAction":[{"@type":"ReadAction","target":["https:\/\/franciscanos.org.br\/noticias\/reaberta-basilica-de-nossa-senhora-do-rosario-em-fatima.html"]}]},{"@type":"BreadcrumbList","@id":"https:\/\/franciscanos.org.br\/noticias\/reaberta-basilica-de-nossa-senhora-do-rosario-em-fatima.html#breadcrumb","itemListElement":[{"@type":"ListItem","position":1,"name":"Home","item":"https:\/\/franciscanos.org.br\/noticias"},{"@type":"ListItem","position":2,"name":"Reaberta Bas\u00edlica de Nossa Senhora do Ros\u00e1rio em F\u00e1tima"}]},{"@type":"Person","@id":"https:\/\/franciscanos.org.br\/noticias\/#\/schema\/person\/b38fbf43118f02820bd932f2e4b14ad3","name":"admin","image":{"@type":"ImageObject","inLanguage":"pt-BR","@id":"https:\/\/franciscanos.org.br\/noticias\/#\/schema\/person\/image\/","url":"https:\/\/secure.gravatar.com\/avatar\/e8495742d34d0ba6448ea1c628263b3e?s=96&d=mm&r=g","contentUrl":"https:\/\/secure.gravatar.com\/avatar\/e8495742d34d0ba6448ea1c628263b3e?s=96&d=mm&r=g","caption":"admin"},"url":"https:\/\/franciscanos.org.br\/noticias\/author\/admin"}]}},"_links":{"self":[{"href":"https:\/\/franciscanos.org.br\/noticias\/wp-json\/wp\/v2\/posts\/103461"}],"collection":[{"href":"https:\/\/franciscanos.org.br\/noticias\/wp-json\/wp\/v2\/posts"}],"about":[{"href":"https:\/\/franciscanos.org.br\/noticias\/wp-json\/wp\/v2\/types\/post"}],"author":[{"embeddable":true,"href":"https:\/\/franciscanos.org.br\/noticias\/wp-json\/wp\/v2\/users\/1"}],"replies":[{"embeddable":true,"href":"https:\/\/franciscanos.org.br\/noticias\/wp-json\/wp\/v2\/comments?post=103461"}],"version-history":[{"count":2,"href":"https:\/\/franciscanos.org.br\/noticias\/wp-json\/wp\/v2\/posts\/103461\/revisions"}],"predecessor-version":[{"id":221970,"href":"https:\/\/franciscanos.org.br\/noticias\/wp-json\/wp\/v2\/posts\/103461\/revisions\/221970"}],"wp:featuredmedia":[{"embeddable":true,"href":"https:\/\/franciscanos.org.br\/noticias\/wp-json\/wp\/v2\/media\/221969"}],"wp:attachment":[{"href":"https:\/\/franciscanos.org.br\/noticias\/wp-json\/wp\/v2\/media?parent=103461"}],"wp:term":[{"taxonomy":"category","embeddable":true,"href":"https:\/\/franciscanos.org.br\/noticias\/wp-json\/wp\/v2\/categories?post=103461"},{"taxonomy":"post_tag","embeddable":true,"href":"https:\/\/franciscanos.org.br\/noticias\/wp-json\/wp\/v2\/tags?post=103461"}],"curies":[{"name":"wp","href":"https:\/\/api.w.org\/{rel}","templated":true}]}}