{"id":103374,"date":"2016-02-01T07:19:31","date_gmt":"2016-02-01T09:19:31","guid":{"rendered":"http:\/\/franciscanos.org.br\/?p=103374"},"modified":"2020-06-10T08:25:37","modified_gmt":"2020-06-10T11:25:37","slug":"papa-religiao-nao-e-investimento-humano","status":"publish","type":"post","link":"https:\/\/franciscanos.org.br\/noticias\/papa-religiao-nao-e-investimento-humano.html","title":{"rendered":"Papa: Religi\u00e3o n\u00e3o \u00e9 investimento humano"},"content":{"rendered":"<p><img loading=\"lazy\" src=\"http:\/\/franciscanos.org.br\/wp-content\/uploads\/2016\/02\/papa_31.jpg\" alt=\"papa_31\" width=\"820\" height=\"300\" \/><\/p>\n<p>Na ora\u00e7\u00e3o mariana do Angelus deste domingo, 31, o Papa Francisco alertou para uma tenta\u00e7\u00e3o \u00e0 qual o homem religioso est\u00e1 exposto: a de considerar a religi\u00e3o como um investimento humano.<\/p>\n<p>O Papa refletiu sobre o Evangelho deste domingo em que Jesus afirma que \u201cNenhum profeta \u00e9 bem recebido em sua p\u00e1tria\u201d e se refere aos grandes Profetas do passado Elias e Eliseu, que realizavam milagres em favor dos pag\u00e3os para denunciar a incredulidade de seu povo. Francisco explicou que a este ponto os presentes se sentem ofendidos, levantam-se indignados, expulsam Jesus e t\u00eam vontade de lan\u00e7\u00e1-lo no precip\u00edcio, mas Ele, passando pelo meio deles, continua o seu caminho.<\/p>\n<p>\u201cEsta passagem do evangelista Lucas n\u00e3o \u00e9 simplesmente a narrativa de uma discuss\u00e3o entre companheiros, como \u00e0s vezes ocorre, suscitada por invejas e por ci\u00fames, mas revela uma tenta\u00e7\u00e3o \u00e0 qual o homem religioso est\u00e1 sempre exposto, e da qual \u00e9 necess\u00e1rio tomar dist\u00e2ncia com decis\u00e3o: a tenta\u00e7\u00e3o de considerar a religi\u00e3o como um investimento humano e, por consequ\u00eancia, come\u00e7ar a \u2018fazer contratos\u2019 com Deus buscando o pr\u00f3prio interesse.\u201d<\/p>\n<p>Francisco disse que o minist\u00e9rio prof\u00e9tico de Jesus consiste em anunciar que nenhuma condi\u00e7\u00e3o humana pode constituir motivo de exclus\u00e3o do cora\u00e7\u00e3o do Pai e que o \u00fanico privil\u00e9gio aos olhos de Deus \u00e9 o de n\u00e3o ter privil\u00e9gios, de estar abandonados nas suas m\u00e3os.<\/p>\n<p>Ao comentar a fala de Jesus \u201cHoje se cumpriu esta passagem da Escritura que acabastes de ouvir\u201d, o Papa explica que o hoje, proclamado naquele dia, vale para todos os tempos.<\/p>\n<p>\u201cDeus vem ao encontro dos homens e das mulheres de todos os tempos e lugares, na situa\u00e7\u00e3o concreta em que estes se encontram. Vem tamb\u00e9m ao nosso encontro. \u00c9 sempre ele que d\u00e1 o primeiro passo: vem visitar-nos com a sua miseric\u00f3rdia, levantar-nos da poeira dos nossos pecados, vem estender-nos a m\u00e3o para tirar-nos do abismo em que o nosso orgulho nos fez cair, e nos convida a acolher a consoladora verdade do Evangelho e a caminhar pelo caminho do bem.\u201d<\/p>\n<p>Ao concluir Francisco recordou que a Virgem Maria e pediu que ela ajude cada pessoa a converter-se de um deus dos milagres ao milagre de Deus, que \u00e9 Jesus Cristo.<\/p>\n<p><strong>Dia Mundial de Combate \u00e0 Hansen\u00edase<\/strong><br \/>\nAp\u00f3s a ora\u00e7\u00e3o do Angelus, o Papa recordou o Dia Mundial de Combate \u00e0 Hansen\u00edase, celebrado hoje. Francisco pediu solidariedade para com as pessoas que sofrem desta doen\u00e7a.<\/p>\n<hr \/>\n<p><em>Fonte: R\u00e1dio Vaticano<\/em><\/p>\n","protected":false},"excerpt":{"rendered":"<p>Angelus<\/p>\n","protected":false},"author":1,"featured_media":0,"comment_status":"open","ping_status":"open","sticky":false,"template":"","format":"standard","meta":[],"categories":[1428],"tags":[403],"acf":[],"yoast_head":"<!-- This site is optimized with the Yoast SEO plugin v19.2 - https:\/\/yoast.com\/wordpress\/plugins\/seo\/ -->\n<title>Papa: Religi\u00e3o n\u00e3o \u00e9 investimento humano - Not\u00edcias - Franciscanos<\/title>\n<meta name=\"robots\" content=\"index, follow, max-snippet:-1, max-image-preview:large, max-video-preview:-1\" \/>\n<link rel=\"canonical\" href=\"https:\/\/franciscanos.org.br\/noticias\/papa-religiao-nao-e-investimento-humano.html\" \/>\n<meta property=\"og:locale\" content=\"pt_BR\" \/>\n<meta property=\"og:type\" content=\"article\" \/>\n<meta property=\"og:title\" content=\"Papa: Religi\u00e3o n\u00e3o \u00e9 investimento humano - Not\u00edcias - Franciscanos\" \/>\n<meta property=\"og:description\" content=\"Angelus\" \/>\n<meta property=\"og:url\" content=\"https:\/\/franciscanos.org.br\/noticias\/papa-religiao-nao-e-investimento-humano.html\" \/>\n<meta property=\"og:site_name\" content=\"Not\u00edcias - Franciscanos\" \/>\n<meta property=\"article:published_time\" content=\"2016-02-01T09:19:31+00:00\" \/>\n<meta property=\"article:modified_time\" content=\"2020-06-10T11:25:37+00:00\" \/>\n<meta property=\"og:image\" content=\"http:\/\/franciscanos.org.br\/wp-content\/uploads\/2016\/02\/papa_31.jpg\" \/>\n<meta name=\"author\" content=\"admin\" \/>\n<meta name=\"twitter:card\" content=\"summary_large_image\" \/>\n<meta name=\"twitter:label1\" content=\"Escrito por\" \/>\n\t<meta name=\"twitter:data1\" content=\"admin\" \/>\n\t<meta name=\"twitter:label2\" content=\"Est. tempo de leitura\" \/>\n\t<meta name=\"twitter:data2\" content=\"2 minutos\" \/>\n<script type=\"application\/ld+json\" class=\"yoast-schema-graph\">{\"@context\":\"https:\/\/schema.org\",\"@graph\":[{\"@type\":\"WebSite\",\"@id\":\"https:\/\/franciscanos.org.br\/noticias\/#website\",\"url\":\"https:\/\/franciscanos.org.br\/noticias\/\",\"name\":\"Not\u00edcias - Franciscanos\",\"description\":\"Prov\u00edncia Franciscana da Imaculada Concei\u00e7\u00e3o do Brasil - Ordem dos Frades Menores - OFM\",\"potentialAction\":[{\"@type\":\"SearchAction\",\"target\":{\"@type\":\"EntryPoint\",\"urlTemplate\":\"https:\/\/franciscanos.org.br\/noticias\/?s={search_term_string}\"},\"query-input\":\"required name=search_term_string\"}],\"inLanguage\":\"pt-BR\"},{\"@type\":\"ImageObject\",\"inLanguage\":\"pt-BR\",\"@id\":\"https:\/\/franciscanos.org.br\/noticias\/papa-religiao-nao-e-investimento-humano.html#primaryimage\",\"url\":\"http:\/\/franciscanos.org.br\/wp-content\/uploads\/2016\/02\/papa_31.jpg\",\"contentUrl\":\"http:\/\/franciscanos.org.br\/wp-content\/uploads\/2016\/02\/papa_31.jpg\"},{\"@type\":\"WebPage\",\"@id\":\"https:\/\/franciscanos.org.br\/noticias\/papa-religiao-nao-e-investimento-humano.html#webpage\",\"url\":\"https:\/\/franciscanos.org.br\/noticias\/papa-religiao-nao-e-investimento-humano.html\",\"name\":\"Papa: Religi\u00e3o n\u00e3o \u00e9 investimento humano - Not\u00edcias - Franciscanos\",\"isPartOf\":{\"@id\":\"https:\/\/franciscanos.org.br\/noticias\/#website\"},\"primaryImageOfPage\":{\"@id\":\"https:\/\/franciscanos.org.br\/noticias\/papa-religiao-nao-e-investimento-humano.html#primaryimage\"},\"datePublished\":\"2016-02-01T09:19:31+00:00\",\"dateModified\":\"2020-06-10T11:25:37+00:00\",\"author\":{\"@id\":\"https:\/\/franciscanos.org.br\/noticias\/#\/schema\/person\/b38fbf43118f02820bd932f2e4b14ad3\"},\"breadcrumb\":{\"@id\":\"https:\/\/franciscanos.org.br\/noticias\/papa-religiao-nao-e-investimento-humano.html#breadcrumb\"},\"inLanguage\":\"pt-BR\",\"potentialAction\":[{\"@type\":\"ReadAction\",\"target\":[\"https:\/\/franciscanos.org.br\/noticias\/papa-religiao-nao-e-investimento-humano.html\"]}]},{\"@type\":\"BreadcrumbList\",\"@id\":\"https:\/\/franciscanos.org.br\/noticias\/papa-religiao-nao-e-investimento-humano.html#breadcrumb\",\"itemListElement\":[{\"@type\":\"ListItem\",\"position\":1,\"name\":\"Home\",\"item\":\"https:\/\/franciscanos.org.br\/noticias\"},{\"@type\":\"ListItem\",\"position\":2,\"name\":\"Papa: Religi\u00e3o n\u00e3o \u00e9 investimento humano\"}]},{\"@type\":\"Person\",\"@id\":\"https:\/\/franciscanos.org.br\/noticias\/#\/schema\/person\/b38fbf43118f02820bd932f2e4b14ad3\",\"name\":\"admin\",\"image\":{\"@type\":\"ImageObject\",\"inLanguage\":\"pt-BR\",\"@id\":\"https:\/\/franciscanos.org.br\/noticias\/#\/schema\/person\/image\/\",\"url\":\"https:\/\/secure.gravatar.com\/avatar\/e8495742d34d0ba6448ea1c628263b3e?s=96&d=mm&r=g\",\"contentUrl\":\"https:\/\/secure.gravatar.com\/avatar\/e8495742d34d0ba6448ea1c628263b3e?s=96&d=mm&r=g\",\"caption\":\"admin\"},\"url\":\"https:\/\/franciscanos.org.br\/noticias\/author\/admin\"}]}<\/script>\n<!-- \/ Yoast SEO plugin. -->","yoast_head_json":{"title":"Papa: Religi\u00e3o n\u00e3o \u00e9 investimento humano - Not\u00edcias - Franciscanos","robots":{"index":"index","follow":"follow","max-snippet":"max-snippet:-1","max-image-preview":"max-image-preview:large","max-video-preview":"max-video-preview:-1"},"canonical":"https:\/\/franciscanos.org.br\/noticias\/papa-religiao-nao-e-investimento-humano.html","og_locale":"pt_BR","og_type":"article","og_title":"Papa: Religi\u00e3o n\u00e3o \u00e9 investimento humano - Not\u00edcias - Franciscanos","og_description":"Angelus","og_url":"https:\/\/franciscanos.org.br\/noticias\/papa-religiao-nao-e-investimento-humano.html","og_site_name":"Not\u00edcias - Franciscanos","article_published_time":"2016-02-01T09:19:31+00:00","article_modified_time":"2020-06-10T11:25:37+00:00","og_image":[{"url":"http:\/\/franciscanos.org.br\/wp-content\/uploads\/2016\/02\/papa_31.jpg"}],"author":"admin","twitter_card":"summary_large_image","twitter_misc":{"Escrito por":"admin","Est. tempo de leitura":"2 minutos"},"schema":{"@context":"https:\/\/schema.org","@graph":[{"@type":"WebSite","@id":"https:\/\/franciscanos.org.br\/noticias\/#website","url":"https:\/\/franciscanos.org.br\/noticias\/","name":"Not\u00edcias - Franciscanos","description":"Prov\u00edncia Franciscana da Imaculada Concei\u00e7\u00e3o do Brasil - Ordem dos Frades Menores - OFM","potentialAction":[{"@type":"SearchAction","target":{"@type":"EntryPoint","urlTemplate":"https:\/\/franciscanos.org.br\/noticias\/?s={search_term_string}"},"query-input":"required name=search_term_string"}],"inLanguage":"pt-BR"},{"@type":"ImageObject","inLanguage":"pt-BR","@id":"https:\/\/franciscanos.org.br\/noticias\/papa-religiao-nao-e-investimento-humano.html#primaryimage","url":"http:\/\/franciscanos.org.br\/wp-content\/uploads\/2016\/02\/papa_31.jpg","contentUrl":"http:\/\/franciscanos.org.br\/wp-content\/uploads\/2016\/02\/papa_31.jpg"},{"@type":"WebPage","@id":"https:\/\/franciscanos.org.br\/noticias\/papa-religiao-nao-e-investimento-humano.html#webpage","url":"https:\/\/franciscanos.org.br\/noticias\/papa-religiao-nao-e-investimento-humano.html","name":"Papa: Religi\u00e3o n\u00e3o \u00e9 investimento humano - Not\u00edcias - Franciscanos","isPartOf":{"@id":"https:\/\/franciscanos.org.br\/noticias\/#website"},"primaryImageOfPage":{"@id":"https:\/\/franciscanos.org.br\/noticias\/papa-religiao-nao-e-investimento-humano.html#primaryimage"},"datePublished":"2016-02-01T09:19:31+00:00","dateModified":"2020-06-10T11:25:37+00:00","author":{"@id":"https:\/\/franciscanos.org.br\/noticias\/#\/schema\/person\/b38fbf43118f02820bd932f2e4b14ad3"},"breadcrumb":{"@id":"https:\/\/franciscanos.org.br\/noticias\/papa-religiao-nao-e-investimento-humano.html#breadcrumb"},"inLanguage":"pt-BR","potentialAction":[{"@type":"ReadAction","target":["https:\/\/franciscanos.org.br\/noticias\/papa-religiao-nao-e-investimento-humano.html"]}]},{"@type":"BreadcrumbList","@id":"https:\/\/franciscanos.org.br\/noticias\/papa-religiao-nao-e-investimento-humano.html#breadcrumb","itemListElement":[{"@type":"ListItem","position":1,"name":"Home","item":"https:\/\/franciscanos.org.br\/noticias"},{"@type":"ListItem","position":2,"name":"Papa: Religi\u00e3o n\u00e3o \u00e9 investimento humano"}]},{"@type":"Person","@id":"https:\/\/franciscanos.org.br\/noticias\/#\/schema\/person\/b38fbf43118f02820bd932f2e4b14ad3","name":"admin","image":{"@type":"ImageObject","inLanguage":"pt-BR","@id":"https:\/\/franciscanos.org.br\/noticias\/#\/schema\/person\/image\/","url":"https:\/\/secure.gravatar.com\/avatar\/e8495742d34d0ba6448ea1c628263b3e?s=96&d=mm&r=g","contentUrl":"https:\/\/secure.gravatar.com\/avatar\/e8495742d34d0ba6448ea1c628263b3e?s=96&d=mm&r=g","caption":"admin"},"url":"https:\/\/franciscanos.org.br\/noticias\/author\/admin"}]}},"_links":{"self":[{"href":"https:\/\/franciscanos.org.br\/noticias\/wp-json\/wp\/v2\/posts\/103374"}],"collection":[{"href":"https:\/\/franciscanos.org.br\/noticias\/wp-json\/wp\/v2\/posts"}],"about":[{"href":"https:\/\/franciscanos.org.br\/noticias\/wp-json\/wp\/v2\/types\/post"}],"author":[{"embeddable":true,"href":"https:\/\/franciscanos.org.br\/noticias\/wp-json\/wp\/v2\/users\/1"}],"replies":[{"embeddable":true,"href":"https:\/\/franciscanos.org.br\/noticias\/wp-json\/wp\/v2\/comments?post=103374"}],"version-history":[{"count":1,"href":"https:\/\/franciscanos.org.br\/noticias\/wp-json\/wp\/v2\/posts\/103374\/revisions"}],"predecessor-version":[{"id":225796,"href":"https:\/\/franciscanos.org.br\/noticias\/wp-json\/wp\/v2\/posts\/103374\/revisions\/225796"}],"wp:attachment":[{"href":"https:\/\/franciscanos.org.br\/noticias\/wp-json\/wp\/v2\/media?parent=103374"}],"wp:term":[{"taxonomy":"category","embeddable":true,"href":"https:\/\/franciscanos.org.br\/noticias\/wp-json\/wp\/v2\/categories?post=103374"},{"taxonomy":"post_tag","embeddable":true,"href":"https:\/\/franciscanos.org.br\/noticias\/wp-json\/wp\/v2\/tags?post=103374"}],"curies":[{"name":"wp","href":"https:\/\/api.w.org\/{rel}","templated":true}]}}