{"id":103281,"date":"2016-01-25T09:05:19","date_gmt":"2016-01-25T11:05:19","guid":{"rendered":"http:\/\/franciscanos.org.br\/?p=103281"},"modified":"2019-01-23T15:10:08","modified_gmt":"2019-01-23T17:10:08","slug":"lancamentos-da-semana-12","status":"publish","type":"post","link":"https:\/\/franciscanos.org.br\/noticias\/lancamentos-da-semana-12.html","title":{"rendered":"Lan\u00e7amentos da semana"},"content":{"rendered":"<h3><strong><a href=\"http:\/\/franciscanos.org.br\/wp-content\/uploads\/2016\/01\/ano-santo.jpg\"><img loading=\"lazy\" class=\"alignleft size-full wp-image-103284\" src=\"http:\/\/franciscanos.org.br\/wp-content\/uploads\/2016\/01\/ano-santo.jpg\" alt=\"ano-santo\" width=\"200\" height=\"322\" \/><\/a>Ano Santo da Miseric\u00f3rdia<br \/>\n100 textos para medita\u00e7\u00e3o<\/strong><\/h3>\n<p><strong>Papa Francisco<\/strong><\/p>\n<p>O papa Francisco tem o cora\u00e7\u00e3o voltado para os mais necessitados. Tem um cora\u00e7\u00e3o aberto e acolhedor dos m\u00edseros: ele \u00e9 misericordioso. Ser cordial para com todas as pessoas que precisam \u2013 quaisquer que sejam as suas necessidades \u2013 \u00e9 uma caracter\u00edstica de Deus, cuja miseric\u00f3rdia \u201cn\u00e3o tem limites\u201d, e algo essencial para quem deseja viver o Evangelho.<\/p>\n<p>Francisco dedicou o Ano Santo ao tema da miseric\u00f3rdia, e desde o in\u00edcio de seu pontificado, vem expressando de maneira muito simples, sem rodeios, como a miseric\u00f3rdia se d\u00e1 em nossa vida di\u00e1ria.<\/p>\n<p>Os 100 textos do papa aqui selecionados s\u00e3o um convite a medita\u00e7\u00f5es di\u00e1rias sobre a miseric\u00f3rdia, na consci\u00eancia do amor de Deus, na alegria de saber-se acolhido por Ele e, ao mesmo tempo, nos convida a ter para com os outros a mesma miseric\u00f3rdia que Deus tem para com cada um de n\u00f3s.<\/p>\n<p>N\u00ba DE P\u00c1GINAS: 160<\/p>\n<p>&nbsp;<\/p>\n<h3><strong><a href=\"http:\/\/franciscanos.org.br\/wp-content\/uploads\/2016\/01\/voltar-a-jesus.jpg\"><img loading=\"lazy\" class=\"alignleft size-full wp-image-103285\" src=\"http:\/\/franciscanos.org.br\/wp-content\/uploads\/2016\/01\/voltar-a-jesus.jpg\" alt=\"voltar-a-jesus\" width=\"200\" height=\"294\" \/><\/a>Voltar a Jesus<br \/>\nPara a renova\u00e7\u00e3o das par\u00f3quias e comunidades<\/strong><\/h3>\n<p><strong>Jos\u00e9 Antonio Pagola<\/strong><\/p>\n<p>Desde os primeiros dias de seu minist\u00e9rio, o papa levantou a voz para sacudir a consci\u00eancia de uma Igreja que ele v\u00ea muito fechada em si mesma, paralisada pelos medos e demasiado afastada dos problemas e sofrimentos vividos pelas pessoas. Por isso, poucos meses depois escreveu sua exorta\u00e7\u00e3o apost\u00f3lica A alegria do Evangelho, convidando todos os crist\u00e3os a promover \u201cuma nova etapa evangelizadora\u201d marcada pela convers\u00e3o a Jesus Cristo.<\/p>\n<p>\u00c9 o momento de mobilizar-nos, reunir esfor\u00e7os e iniciar a rea\u00e7\u00e3o. O papa nos convida a aplicar suas orienta\u00e7\u00f5es \u201ccom generosidade e coragem\u201d, \u201csem impedimentos nem receios\u201d.<\/p>\n<p>O objetivo deste pequeno livro \u00e9 muito concreto: ajudar as par\u00f3quias e comunidades crist\u00e3s a responder ao chamado do papa de maneira l\u00facida, respons\u00e1vel e entusiasta. \u00c9 muito importante a reforma das inst\u00e2ncias centrais do Vaticano, a renova\u00e7\u00e3o do minist\u00e9rio de Pedro ou a atua\u00e7\u00e3o das Confer\u00eancias episcopais; mas a verdadeira convers\u00e3o da Igreja se decidir\u00e1, sobretudo, nas par\u00f3quias e comunidades.<\/p>\n<p style=\"padding-left: 30px;\"><strong>Jos\u00e9 Antonio Pagola<\/strong> <em>cursou Teologia e Ci\u00eancias B\u00edblicas na Pontif\u00edcia Universidade Gregoriana, em Pontif\u00edcio Instituto B\u00edblico de Roma e na Escola B\u00edblica e Arqueol\u00f3gica Francesa de Jerusal\u00e9m. Foi professor de Cristologia na Faculdade Teol\u00f3gica do Norte da Espanha (Vitoria). \u00c9 autor de diversas obras de teologia, pastoral e cristologia e diretor do Instituto de Teologia e Pastoral de S\u00e3o Sebasti\u00e3o. H\u00e1 muitos anos se dedica exclusivamente a pesquisar e tornar conhecida a pessoa de Jesus, em obras como: Jesus \u2013 aproxima\u00e7\u00e3o hist\u00f3rica, O caminho aberto por Jesus e Grupos de Jesus.<\/em><\/p>\n<p><strong>N\u00ba DE P\u00c1GINAS: 112<\/strong><\/p>\n<p>&nbsp;<\/p>\n<h3><strong><a href=\"http:\/\/franciscanos.org.br\/wp-content\/uploads\/2016\/01\/tratado-bolso.jpg\"><img loading=\"lazy\" class=\"alignleft size-full wp-image-103286\" src=\"http:\/\/franciscanos.org.br\/wp-content\/uploads\/2016\/01\/tratado-bolso.jpg\" alt=\"tratado-bolso\" width=\"200\" height=\"289\" \/><\/a>Tratado da Verdadeira Devo\u00e7\u00e3o \u00e0 Sant\u00edssima Virgem<\/strong><\/h3>\n<p><strong>Louis-Marie Grignion<\/strong><\/p>\n<p>Nesta obra, no conhecido formato de bolso, mas agora sem orelhas, S\u00e3o Lu\u00eds Maria Grignion de Montfort apresenta seu m\u00e9todo de\u00a0<a href=\"http:\/\/blog.cancaonova.com\/tododemaria\/consagracao\/\">consagra\u00e7\u00e3o a Jesus Cristo pelas m\u00e3os da Virgem Maria<\/a>.<\/p>\n<p>Este pequeno livro \u00e9 um devocion\u00e1rio mariano. Seu objetivo \u00e9 anunciar \u00e0s pessoas, em particular \u00e0s fam\u00edlias, e todas as na\u00e7\u00f5es que o caminho para encontrar Jesus Cristo passa por depositar a confian\u00e7a no rega\u00e7o acolhedor da Virgem Maria.<\/p>\n<p>Aqui se encontram pensamentos, ora\u00e7\u00f5es e medita\u00e7\u00f5es sobre Nossa Senhora.<\/p>\n<p style=\"padding-left: 30px;\"><strong>Louis-Marie Grignion<\/strong> <em>nasceu na Fran\u00e7a no ano de 1673. Ap\u00f3s os estudos de Filosofia e Teologia, foi ordenado sacerdote em 1700. Dedicou grande parte de sua atividade sacerdotal a difundir a devo\u00e7\u00e3o \u00e0 Virgem Maria. Logo ap\u00f3s seu falecimento em 1716, sua fama de santidade come\u00e7a a se espalhar na Fran\u00e7a. Foi canonizado pelo Papa Pio XII no ano de 1947. Escreveu diversos textos mariol\u00f3gicos; o mais conhecido \u00e9 o <a href=\"http:\/\/blog.cancaonova.com\/tododemaria\/tratado\/\">Tratado da Verdadeira Devo\u00e7\u00e3o \u00e0 Sant\u00edssima Virgem<\/a> Maria.<\/em><\/p>\n<p><strong>N\u00ba DE P\u00c1GINAS: 320<\/strong><\/p>\n<p>&nbsp;<\/p>\n<h3><strong><a href=\"http:\/\/franciscanos.org.br\/wp-content\/uploads\/2016\/01\/tratado-normal.jpg\"><img loading=\"lazy\" class=\"alignleft size-full wp-image-103287\" src=\"http:\/\/franciscanos.org.br\/wp-content\/uploads\/2016\/01\/tratado-normal.jpg\" alt=\"tratado-normal\" width=\"200\" height=\"308\" \/><\/a>Tratado da Verdadeira Devo\u00e7\u00e3o \u00e0 Sant\u00edssima Virgem<\/strong><\/h3>\n<p><strong>Louis-Marie Grignion<\/strong><\/p>\n<p>Nesta obra, agora em formato americano e com uma diagrama\u00e7\u00e3o mais arejada, \u00a0S\u00e3o Lu\u00eds Maria Grignion de Montfort apresenta seu m\u00e9todo de\u00a0<a href=\"http:\/\/blog.cancaonova.com\/tododemaria\/consagracao\/\">consagra\u00e7\u00e3o a Jesus Cristo pelas m\u00e3os da Virgem Maria<\/a>.<\/p>\n<p>Este pequeno livro \u00e9 um devocion\u00e1rio mariano. Seu objetivo \u00e9 anunciar \u00e0s pessoas, em particular \u00e0s fam\u00edlias, e todas as na\u00e7\u00f5es que o caminho para encontrar Jesus Cristo passa por depositar a confian\u00e7a no rega\u00e7o acolhedor da Virgem Maria.<\/p>\n<p>Aqui se encontram pensamentos, ora\u00e7\u00f5es e medita\u00e7\u00f5es sobre Nossa Senhora.<\/p>\n<p><strong>Louis-Marie Grignion<\/strong> <em>nasceu na Fran\u00e7a no ano de 1673. Ap\u00f3s os estudos de Filosofia e Teologia, foi ordenado sacerdote em 1700. Dedicou grande parte de sua atividade sacerdotal a difundir a devo\u00e7\u00e3o \u00e0 Virgem Maria. Logo ap\u00f3s seu falecimento em 1716, sua fama de santidade come\u00e7a a se espalhar na Fran\u00e7a. Foi canonizado pelo Papa Pio XII no ano de 1947. Escreveu diversos textos mariol\u00f3gicos; o mais conhecido \u00e9 o <a href=\"http:\/\/blog.cancaonova.com\/tododemaria\/tratado\/\">Tratado da Verdadeira Devo\u00e7\u00e3o \u00e0 Sant\u00edssima Virgem<\/a> Maria.<\/em><\/p>\n<p><strong>N\u00ba DE P\u00c1GINAS: 224<\/strong><\/p>\n<p>&nbsp;<\/p>\n<h3><strong><a href=\"http:\/\/franciscanos.org.br\/wp-content\/uploads\/2016\/01\/os-multiplos-tesouros.jpg\"><img loading=\"lazy\" class=\"alignleft size-full wp-image-103288\" src=\"http:\/\/franciscanos.org.br\/wp-content\/uploads\/2016\/01\/os-multiplos-tesouros.jpg\" alt=\"os-multiplos-tesouros\" width=\"200\" height=\"306\" \/><\/a>Os m\u00faltiplos tesouros da \u00fanica palavra<\/strong><br \/>\n<strong>Introdu\u00e7\u00e3o ao Lecion\u00e1rio e \u00e0 leitura lit\u00fargica da B\u00edblia<\/strong><\/h3>\n<p><strong>Renato De Zan<\/strong><\/p>\n<p>Ao lado das metodologias exeg\u00e9ticas e da \u201cleitura orante\u201d h\u00e1 tamb\u00e9m a \u201cleitura lit\u00fargica\u201dque, infelizmente, nem sempre \u00e9 conhecida. Depois da Exorta\u00e7\u00e3o Apost\u00f3lica P\u00f3s-Sinodal, aumenta a aten\u00e7\u00e3o para com a Escritura presente na liturgia. O autor, seguindo um itiner\u00e1rio breve e f\u00e1cil, conduz o leitor a partir da hist\u00f3ria do Lecion\u00e1rio para a metodologia da leitura das per\u00edcopes b\u00edblicas na Liturgia.<\/p>\n<p>Esta obra pretende conduzir pela m\u00e3o para dentro das riquezas do Lecion\u00e1rio at\u00e9 o momento em que o leitor, tornando-se independente do livro, penetrar\u00e1 espontaneamente nas riquezas ocultas na forma mais antiga e sempre nova que a Igreja possui, ao ler as Escrituras. A obra destina-se ao pastor, o clero, ministros da Palavra e dos Sacramentos, Te\u00f3logos, Catequistas, evangelizadores, crist\u00e3os e crist\u00e3s leigos comprometidos com a leitura e medita\u00e7\u00e3o das Sagradas Escrituras.<\/p>\n<p style=\"padding-left: 30px;\"><strong>Renato De Zan<\/strong><em>, sacerdote da diocese de Concordia-Pordenone, ap\u00f3s o doutorado em Liturgia feito no Pontif\u00edcio Instituto Lit\u00fargico, obteve tamb\u00e9m o doutorado em Sagrada Escritura no Pontif\u00edcio Instituto B\u00edblico. \u00c9 docente ordin\u00e1rio de exegese b\u00edblica e hermen\u00eautica lit\u00fargica no Pontif\u00edcio Instituto Lit\u00fargico S. Anselmo (Roma), no Instituto de Liturgia Pastoral S. Giustina (P\u00e1dua), na Escola Teol\u00f3gica do Semin\u00e1rio de sua diocese e no ISSR de Portogruaro (Veneza). Participou da tradu\u00e7\u00e3o da B\u00edblia em l\u00edngua friulana, na nova tradu\u00e7\u00e3o da B\u00edblia da Confer\u00eancia Episcopal Italiana, na tradu\u00e7\u00e3o da terceira edi\u00e7\u00e3o do Missale Romanum. Atualmente \u00e9 consultor da Congrega\u00e7\u00e3o para o Culto Divino e para a Doutrina dos Sacramentos, e \u00e9 membro da comiss\u00e3o de peritos para a revis\u00e3o vaticana do Missal Italiano. \u00c9 autor de v\u00e1rios estudos e coment\u00e1rios exeg\u00e9ticos e b\u00edblicos publicados na It\u00e1lia.<\/em><\/p>\n<p><strong>N\u00ba DE P\u00c1GINAS: 160<\/strong><\/p>\n<p>&nbsp;<\/p>\n<h3><strong><a href=\"http:\/\/franciscanos.org.br\/wp-content\/uploads\/2016\/01\/jesus-de-nazare.jpg\"><img loading=\"lazy\" class=\"alignleft size-full wp-image-103289\" src=\"http:\/\/franciscanos.org.br\/wp-content\/uploads\/2016\/01\/jesus-de-nazare.jpg\" alt=\"jesus-de-nazare\" width=\"200\" height=\"296\" \/><\/a>Jesus de Nazar\u00e9<\/strong><br \/>\n<strong>O que ele queria? Quem ele era?<\/strong><\/h3>\n<p><strong>Gerhard Lohfink<\/strong><\/p>\n<p>Jesus de Nazar\u00e9 viveu distante dos centros culturais e pol\u00edticos do mundo antigo. Sua apari\u00e7\u00e3o na vida p\u00fablica durou no m\u00e1ximo um ano e meio. Depois foi executado. Mas esses poucos meses desencadearam uma hist\u00f3ria abrangente, que continua a ampliar-se. Como foi poss\u00edvel tal coisa? Quem foi ele? Um Rabino inteligente? Um profeta de palavras poderosas? Um curador de sucesso? Um revolucion\u00e1rio social radical? Um carism\u00e1tico? Ou era mais que isso?<\/p>\n<p>Este livro, do estudioso do Novo Testamento Gerhard Lohfink mostra que, mesmo utilizando um m\u00e9todo puramente historiogr\u00e1fico, \u00e9 poss\u00edvel aproximar-nos de tal modo do Jesus no qual cr\u00eaem os crist\u00e3os a n\u00e3o haver abismos insuper\u00e1veis.<\/p>\n<p>Esse interessante livro sobre Jesus n\u00e3o exige qualquer conhecimento pr\u00e9vio espec\u00edfico, mas nos leva a penetrar profundamente nas quest\u00f5es com que se ocupam os especialistas. Por fim, o leitor se v\u00ea colocado frente \u00e0 quest\u00e3o decisiva: ser\u00e1 que a Igreja divinizou a Jesus posteriormente \u2013 ou interpretou corretamente seu mist\u00e9rio? E aquilo a que Jesus deu in\u00edcio foi uma utopia \u2013 ou o come\u00e7o de um novo mundo ou a \u00fanica esperan\u00e7a para as feridas de nosso planeta?<\/p>\n<p style=\"padding-left: 30px;\"><strong>Gerhard Lohfink <\/strong><em>foi professor de exegese neotestament\u00e1ria na Universidade de T\u00fcbingen. Atualmente vive e atua como te\u00f3logo na Comunidade Cat\u00f3lica Integrada. Suas diversas publica\u00e7\u00f5es abordam o in\u00edcio das comunidades crist\u00e3s, a forma\u00e7\u00e3o da Igreja primitiva, a interpreta\u00e7\u00e3o da pessoa e da mensagem de Jesus e a figura de Maria, entre outros temas.<\/em><\/p>\n<p><strong>N\u00ba DE P\u00c1GINAS: 488<\/strong><\/p>\n<p>&nbsp;<\/p>\n<h3><strong><a href=\"http:\/\/franciscanos.org.br\/wp-content\/uploads\/2016\/01\/guia-de-leitura.jpg\"><img loading=\"lazy\" class=\"alignleft size-full wp-image-103290\" src=\"http:\/\/franciscanos.org.br\/wp-content\/uploads\/2016\/01\/guia-de-leitura.jpg\" alt=\"guia-de-leitura\" width=\"200\" height=\"286\" \/><\/a>Guia de leitura Jesus &#8211; Aproxima\u00e7\u00e3o hist\u00f3rica<\/strong><\/h3>\n<p><strong>Pedro Ign\u00e1cio Fraile Y\u00e9cora<\/strong><\/p>\n<p>Pagola tem recebido not\u00edcias de diferentes grupos de pessoas que utilizam seu livro \u201cJesus \u2013 Aproxima\u00e7\u00e3o hist\u00f3rica\u201d para aprofundar-se no conhecimento de Jesus e de sua f\u00e9. Muitos crist\u00e3os em comunidades eclesiais de base, em pequenos grupos de reflex\u00e3o organizados em par\u00f3quias, amigos que se re\u00fanem para ler e estudar a b\u00edblia, participantes de encontros de casais crist\u00e3os e de diversos movimentos e pastorais tem se reunido periodicamente para aprofundar-se nas p\u00e1ginas do seu livro e compreender melhor o conte\u00fado e o significado da sua f\u00e9. Foi da\u00ed que surgiu a id\u00e9ia de fazer este Guia de Leitura.<\/p>\n<p>O Guia foi elaborado pelo biblista Pedro Fraile, com supervis\u00e3o de Jos\u00e9 A. Pagola, e ajudar\u00e1 muitos leitores n\u00e3o s\u00f3 a aprofundar-se nas p\u00e1ginas do livro \u201cJesus &#8211; Aproxima\u00e7\u00e3o hist\u00f3rica\u201d, mas, sobretudo, a conhecer mais a Jesus, a sintonizar melhor com sua mensagem e a colaborar com mais entusiasmo no projeto do reino de Deus.<\/p>\n<p style=\"padding-left: 30px;\"><strong>Pedro Ign\u00e1cio Fraile Y\u00e9cora <\/strong><em>(Tarazona, 1960). Licenciado em Sagrada Escritura pelo Pontif\u00edcio Instituto B\u00edblico de Roma. Doutor em Teologia B\u00edblica pela Universidade Pontif\u00edcia de Salamanca. Especialista no mundo b\u00edblico: Terra Santa, Jord\u00e2nia, Sinai&#8230;Ele foi professor de Antigo e Novo Testamento.\u00a0 Divulgador da B\u00edblia. Entre sua obras destacam: Para mi la vida es Cristo (2008), sobre a vida e a obra de S\u00e3o Paulo, e Shem\u00e1. Lee, escucha, ama (2010), uma introdu\u00e7\u00e3o \u00e0 B\u00edblia como Palavra de Deus.<\/em><\/p>\n<p><strong>N\u00ba DE P\u00c1GINAS: 144<\/strong><\/p>\n<p>&nbsp;<\/p>\n<h3><strong><a href=\"http:\/\/franciscanos.org.br\/wp-content\/uploads\/2016\/01\/grupos-de-jesus.jpg\"><img loading=\"lazy\" class=\"alignleft size-full wp-image-103291\" src=\"http:\/\/franciscanos.org.br\/wp-content\/uploads\/2016\/01\/grupos-de-jesus.jpg\" alt=\"grupos-de-jesus\" width=\"200\" height=\"298\" \/><\/a>Grupos de Jesus<\/strong><\/h3>\n<p><strong>Jos\u00e9 Antonio Pagola<\/strong><\/p>\n<p>A proposta desta obra de Jos\u00e9 A. Pagola \u00e9 fomentar nas par\u00f3quias a cria\u00e7\u00e3o de Grupos de Jesus, pequenos grupos crist\u00e3os que se re\u00fanam para ler, refletir e meditar o Evangelho, e extrair desses encontros a seiva espiritual para alimentar sua vida comunit\u00e1ria e sua f\u00e9. O autor mostra como se podem organizar, quais s\u00e3o os passos, as etapas, os cuidados e as orienta\u00e7\u00f5es necess\u00e1rias para que funcionem bem e tragam crescimento na viv\u00eancia comunit\u00e1ria.<\/p>\n<p>Trata-se de um livro vibrante, marcado pelo desejo de fortalecer as comunidades e evangelizar, orientar e fazer com o que o trabalho pastoral seja frut\u00edfero e se harmonize com a a\u00e7\u00e3o evangelizadora da Igreja local e universal.<\/p>\n<p><strong>Jos\u00e9 Antonio Pagola<\/strong> <em>cursou Teologia e Ci\u00eancias B\u00edblicas na Pontif\u00edcia Universidade Gregoriana, em Pontif\u00edcio Instituto B\u00edblico de Roma e na Escola B\u00edblica e Arqueol\u00f3gica Francesa de Jerusal\u00e9m. Foi professor de Cristologia na Faculdade Teol\u00f3gica do Norte da Espanha (Vitoria). \u00c9 autor de diversas obras de teologia, pastoral e cristologia e diretor do Instituto de Teologia e Pastoral de S\u00e3o Sebasti\u00e3o. H\u00e1 muitos\u00a0 anos se dedica exclusivamente a pesquisar e tornar conhecida a pessoa de Jesus, em obras como: Jesus \u2013 aproxima\u00e7\u00e3o hist\u00f3rica, O caminho aberto por Jesus e Voltar a Jesus.<\/em><\/p>\n<p><strong>N\u00ba DE P\u00c1GINAS: 328<\/strong><\/p>\n<p>&nbsp;<\/p>\n<h3><strong><a href=\"http:\/\/franciscanos.org.br\/wp-content\/uploads\/2016\/01\/ginastica-mental.jpg\"><img loading=\"lazy\" class=\"alignleft size-full wp-image-103292\" src=\"http:\/\/franciscanos.org.br\/wp-content\/uploads\/2016\/01\/ginastica-mental.jpg\" alt=\"ginastica-mental\" width=\"200\" height=\"297\" \/><\/a>Gin\u00e1stica mental<\/strong><br \/>\n<strong>101 jogos para melhorar e refor\u00e7ar a mem\u00f3ria e a aten\u00e7\u00e3o<\/strong><\/h3>\n<p><strong>Jorge Batllori<\/strong><\/p>\n<p>Em qualquer idade nosso c\u00e9rebro precisa de um pouco de \u201cgin\u00e1stica\u201d. H\u00e1 atividades espec\u00edficas que s\u00e3o t\u00e3o ben\u00e9ficas para a mente como \u00e9 o exerc\u00edcio f\u00edsico moderado para nosso corpo. Mas n\u00e3o existe atividade melhor do que o jogo, para tornar essa \u201cgin\u00e1stica mental\u201d atraente e estimulante.<\/p>\n<p>Gin\u00e1stica mental \u2013 101 jogos para melhorar e refor\u00e7ar a mem\u00f3ria e a aten\u00e7\u00e3o \u00e9 uma proposta para estimular o c\u00e9rebro de maneira eficaz e divertida por meio de jogos. Com estes \u00e9 poss\u00edvel cuidar, melhorar e refor\u00e7ar capacidades cognitivas b\u00e1sicas como a mem\u00f3ria, a aten\u00e7\u00e3o e o racioc\u00ednio.<\/p>\n<p>Este livro pode servir tamb\u00e9m aos monitores de atividades e educadores nas resid\u00eancias para a terceira idade, quanto \u00e0queles que tenham sob sua responsabilidade uma pessoa idosa em seu lar, como \u00e0s pr\u00f3prias pessoas idosas.<\/p>\n<p><strong>Jorge Batllori<\/strong> <em>\u00e9 Doutor em Geologia pela Universidade de Barcelona, mestre em Engenharia e Gest\u00e3o Ambiental e Professor de Meio Ambiente. Lecionou cursos para diretores e monitores de recrea\u00e7\u00e3o e participou de diferentes semin\u00e1rios sobre a import\u00e2ncia do jogo e suas possibilidades educacionais, assunto ao qual dedicou v\u00e1rias de suas publica\u00e7\u00f5es. Colaborou com a Catalunya R\u00e0dio no programa El Suplement, onde apresentava seus Jocs Mentals, sucesso de audi\u00eancia. \u00c9 autor da obra Jogos para Agu\u00e7ar a intelig\u00eancia \u2013 111 enigmas surpreendentes e muito divertidos (Vozes, 2014).<\/em><\/p>\n<p><strong>N\u00ba DE P\u00c1GINAS: 144<\/strong><\/p>\n<p>&nbsp;<\/p>\n<h3><strong><a href=\"http:\/\/franciscanos.org.br\/wp-content\/uploads\/2016\/01\/eu-sou-assim-mesmo.jpg\"><img loading=\"lazy\" class=\"alignleft size-full wp-image-103293\" src=\"http:\/\/franciscanos.org.br\/wp-content\/uploads\/2016\/01\/eu-sou-assim-mesmo.jpg\" alt=\"eu-sou-assim-mesmo\" width=\"200\" height=\"296\" \/><\/a>Eu sou assim mesmo!<\/strong><br \/>\n<strong>Manual de instru\u00e7\u00f5es pessoal<\/strong><\/h3>\n<p><strong>Stefanie Stahl e Melanie Alt<\/strong><\/p>\n<p>As pessoas s\u00e3o diferentes umas das outras. Sabemos disso. E sabemos que, por serem diferentes, tamb\u00e9m agem, pensam e sentem de modo diverso. E apesar da diversidade ser uma das maiores obviedades, o que de fato sabemos sobre n\u00f3s mesmos? Mesmo que cada um de n\u00f3s j\u00e1 tenha constatado um dia \u201cSou assim!\u201d ou \u201cN\u00e3o sou assim!\u201d ser\u00edamos muito ing\u00eanuos ou muito arrogantes se quis\u00e9ssemos afirmar que nos conhecemos por inteiro.<\/p>\n<p>O que me determina? Por que sou como sou? Por que ajo, sinto e penso desse modo e n\u00e3o de outro? Sou normal ou, quem sabe, n\u00e3o \u201cregulo muito bem\u201d? Sou algu\u00e9m especial ou totalmente comum? Meus pais s\u00e3o respons\u00e1veis pelo que sou ou j\u00e1 nasci assim? Por que raz\u00e3o me sinto atra\u00eddo por algumas pessoas e com outras simplesmente n\u00e3o h\u00e1 qu\u00edmica? Quase todo mundo se pergunta coisas como essas.<\/p>\n<p>Na verdade o ideal seria haver um manual de instru\u00e7\u00f5es para entendermos os outros e a n\u00f3s mesmos! Mas \u00e9 poss\u00edvel um manual de instru\u00e7\u00f5es dessa esp\u00e9cie? \u2013 Pode existir algo assim?<\/p>\n<p>Sejamos honestos n\u00e3o h\u00e1 manual de instru\u00e7\u00f5es que fa\u00e7a inteiramente jus \u00e0 individualidade, \u00e0 hist\u00f3ria pessoal e \u00e0s possibilidades de desenvolvimento de algu\u00e9m. Mas existe este manual de instru\u00e7\u00f5es que, apesar de n\u00e3o abranger tudo, \u00e9 de grande ajuda, muito informativo e, at\u00e9 mesmo, divertido. O leitor se surpreender\u00e1 com este livro!<\/p>\n<p><strong>Stefanie Stahl<\/strong>,<em> nascida em 1963, e Melanie Alt, nascida em 1974, s\u00e3o formadas em psicologia com especializa\u00e7\u00e3o em psicoterapia e avalia\u00e7\u00f5es judiciais familiares.<\/em><\/p>\n<p><strong>N\u00ba DE P\u00c1GINAS: 296<\/strong><\/p>\n","protected":false},"excerpt":{"rendered":"<p>Editora Vozes<\/p>\n","protected":false},"author":1,"featured_media":194592,"comment_status":"open","ping_status":"open","sticky":false,"template":"","format":"standard","meta":[],"categories":[1],"tags":[238],"acf":[],"yoast_head":"<!-- This site is optimized with the Yoast SEO plugin v19.2 - https:\/\/yoast.com\/wordpress\/plugins\/seo\/ -->\n<title>Lan\u00e7amentos da semana - Not\u00edcias - Franciscanos<\/title>\n<meta name=\"robots\" content=\"index, follow, max-snippet:-1, max-image-preview:large, max-video-preview:-1\" \/>\n<link rel=\"canonical\" href=\"https:\/\/franciscanos.org.br\/noticias\/lancamentos-da-semana-12.html\" \/>\n<meta property=\"og:locale\" content=\"pt_BR\" \/>\n<meta property=\"og:type\" content=\"article\" \/>\n<meta property=\"og:title\" content=\"Lan\u00e7amentos da semana - Not\u00edcias - Franciscanos\" \/>\n<meta property=\"og:description\" content=\"Editora Vozes\" \/>\n<meta property=\"og:url\" content=\"https:\/\/franciscanos.org.br\/noticias\/lancamentos-da-semana-12.html\" \/>\n<meta property=\"og:site_name\" content=\"Not\u00edcias - Franciscanos\" \/>\n<meta property=\"article:published_time\" content=\"2016-01-25T11:05:19+00:00\" \/>\n<meta property=\"article:modified_time\" content=\"2019-01-23T17:10:08+00:00\" \/>\n<meta property=\"og:image\" content=\"https:\/\/franciscanos.org.br\/noticias\/wp-content\/uploads\/2017\/11\/vozes.png\" \/>\n\t<meta property=\"og:image:width\" content=\"273\" \/>\n\t<meta property=\"og:image:height\" content=\"181\" \/>\n\t<meta property=\"og:image:type\" content=\"image\/png\" \/>\n<meta name=\"author\" content=\"admin\" \/>\n<meta name=\"twitter:card\" content=\"summary_large_image\" \/>\n<meta name=\"twitter:label1\" content=\"Escrito por\" \/>\n\t<meta name=\"twitter:data1\" content=\"admin\" \/>\n\t<meta name=\"twitter:label2\" content=\"Est. tempo de leitura\" \/>\n\t<meta name=\"twitter:data2\" content=\"13 minutos\" \/>\n<script type=\"application\/ld+json\" class=\"yoast-schema-graph\">{\"@context\":\"https:\/\/schema.org\",\"@graph\":[{\"@type\":\"WebSite\",\"@id\":\"https:\/\/franciscanos.org.br\/noticias\/#website\",\"url\":\"https:\/\/franciscanos.org.br\/noticias\/\",\"name\":\"Not\u00edcias - Franciscanos\",\"description\":\"Prov\u00edncia Franciscana da Imaculada Concei\u00e7\u00e3o do Brasil - Ordem dos Frades Menores - OFM\",\"potentialAction\":[{\"@type\":\"SearchAction\",\"target\":{\"@type\":\"EntryPoint\",\"urlTemplate\":\"https:\/\/franciscanos.org.br\/noticias\/?s={search_term_string}\"},\"query-input\":\"required name=search_term_string\"}],\"inLanguage\":\"pt-BR\"},{\"@type\":\"ImageObject\",\"inLanguage\":\"pt-BR\",\"@id\":\"https:\/\/franciscanos.org.br\/noticias\/lancamentos-da-semana-12.html#primaryimage\",\"url\":\"https:\/\/franciscanos.org.br\/noticias\/wp-content\/uploads\/2017\/11\/vozes.png\",\"contentUrl\":\"https:\/\/franciscanos.org.br\/noticias\/wp-content\/uploads\/2017\/11\/vozes.png\",\"width\":273,\"height\":181},{\"@type\":\"WebPage\",\"@id\":\"https:\/\/franciscanos.org.br\/noticias\/lancamentos-da-semana-12.html#webpage\",\"url\":\"https:\/\/franciscanos.org.br\/noticias\/lancamentos-da-semana-12.html\",\"name\":\"Lan\u00e7amentos da semana - Not\u00edcias - Franciscanos\",\"isPartOf\":{\"@id\":\"https:\/\/franciscanos.org.br\/noticias\/#website\"},\"primaryImageOfPage\":{\"@id\":\"https:\/\/franciscanos.org.br\/noticias\/lancamentos-da-semana-12.html#primaryimage\"},\"datePublished\":\"2016-01-25T11:05:19+00:00\",\"dateModified\":\"2019-01-23T17:10:08+00:00\",\"author\":{\"@id\":\"https:\/\/franciscanos.org.br\/noticias\/#\/schema\/person\/b38fbf43118f02820bd932f2e4b14ad3\"},\"breadcrumb\":{\"@id\":\"https:\/\/franciscanos.org.br\/noticias\/lancamentos-da-semana-12.html#breadcrumb\"},\"inLanguage\":\"pt-BR\",\"potentialAction\":[{\"@type\":\"ReadAction\",\"target\":[\"https:\/\/franciscanos.org.br\/noticias\/lancamentos-da-semana-12.html\"]}]},{\"@type\":\"BreadcrumbList\",\"@id\":\"https:\/\/franciscanos.org.br\/noticias\/lancamentos-da-semana-12.html#breadcrumb\",\"itemListElement\":[{\"@type\":\"ListItem\",\"position\":1,\"name\":\"Home\",\"item\":\"https:\/\/franciscanos.org.br\/noticias\"},{\"@type\":\"ListItem\",\"position\":2,\"name\":\"Lan\u00e7amentos da semana\"}]},{\"@type\":\"Person\",\"@id\":\"https:\/\/franciscanos.org.br\/noticias\/#\/schema\/person\/b38fbf43118f02820bd932f2e4b14ad3\",\"name\":\"admin\",\"image\":{\"@type\":\"ImageObject\",\"inLanguage\":\"pt-BR\",\"@id\":\"https:\/\/franciscanos.org.br\/noticias\/#\/schema\/person\/image\/\",\"url\":\"https:\/\/secure.gravatar.com\/avatar\/e8495742d34d0ba6448ea1c628263b3e?s=96&d=mm&r=g\",\"contentUrl\":\"https:\/\/secure.gravatar.com\/avatar\/e8495742d34d0ba6448ea1c628263b3e?s=96&d=mm&r=g\",\"caption\":\"admin\"},\"url\":\"https:\/\/franciscanos.org.br\/noticias\/author\/admin\"}]}<\/script>\n<!-- \/ Yoast SEO plugin. -->","yoast_head_json":{"title":"Lan\u00e7amentos da semana - Not\u00edcias - Franciscanos","robots":{"index":"index","follow":"follow","max-snippet":"max-snippet:-1","max-image-preview":"max-image-preview:large","max-video-preview":"max-video-preview:-1"},"canonical":"https:\/\/franciscanos.org.br\/noticias\/lancamentos-da-semana-12.html","og_locale":"pt_BR","og_type":"article","og_title":"Lan\u00e7amentos da semana - Not\u00edcias - Franciscanos","og_description":"Editora Vozes","og_url":"https:\/\/franciscanos.org.br\/noticias\/lancamentos-da-semana-12.html","og_site_name":"Not\u00edcias - Franciscanos","article_published_time":"2016-01-25T11:05:19+00:00","article_modified_time":"2019-01-23T17:10:08+00:00","og_image":[{"width":273,"height":181,"url":"https:\/\/franciscanos.org.br\/noticias\/wp-content\/uploads\/2017\/11\/vozes.png","type":"image\/png"}],"author":"admin","twitter_card":"summary_large_image","twitter_misc":{"Escrito por":"admin","Est. tempo de leitura":"13 minutos"},"schema":{"@context":"https:\/\/schema.org","@graph":[{"@type":"WebSite","@id":"https:\/\/franciscanos.org.br\/noticias\/#website","url":"https:\/\/franciscanos.org.br\/noticias\/","name":"Not\u00edcias - Franciscanos","description":"Prov\u00edncia Franciscana da Imaculada Concei\u00e7\u00e3o do Brasil - Ordem dos Frades Menores - OFM","potentialAction":[{"@type":"SearchAction","target":{"@type":"EntryPoint","urlTemplate":"https:\/\/franciscanos.org.br\/noticias\/?s={search_term_string}"},"query-input":"required name=search_term_string"}],"inLanguage":"pt-BR"},{"@type":"ImageObject","inLanguage":"pt-BR","@id":"https:\/\/franciscanos.org.br\/noticias\/lancamentos-da-semana-12.html#primaryimage","url":"https:\/\/franciscanos.org.br\/noticias\/wp-content\/uploads\/2017\/11\/vozes.png","contentUrl":"https:\/\/franciscanos.org.br\/noticias\/wp-content\/uploads\/2017\/11\/vozes.png","width":273,"height":181},{"@type":"WebPage","@id":"https:\/\/franciscanos.org.br\/noticias\/lancamentos-da-semana-12.html#webpage","url":"https:\/\/franciscanos.org.br\/noticias\/lancamentos-da-semana-12.html","name":"Lan\u00e7amentos da semana - Not\u00edcias - Franciscanos","isPartOf":{"@id":"https:\/\/franciscanos.org.br\/noticias\/#website"},"primaryImageOfPage":{"@id":"https:\/\/franciscanos.org.br\/noticias\/lancamentos-da-semana-12.html#primaryimage"},"datePublished":"2016-01-25T11:05:19+00:00","dateModified":"2019-01-23T17:10:08+00:00","author":{"@id":"https:\/\/franciscanos.org.br\/noticias\/#\/schema\/person\/b38fbf43118f02820bd932f2e4b14ad3"},"breadcrumb":{"@id":"https:\/\/franciscanos.org.br\/noticias\/lancamentos-da-semana-12.html#breadcrumb"},"inLanguage":"pt-BR","potentialAction":[{"@type":"ReadAction","target":["https:\/\/franciscanos.org.br\/noticias\/lancamentos-da-semana-12.html"]}]},{"@type":"BreadcrumbList","@id":"https:\/\/franciscanos.org.br\/noticias\/lancamentos-da-semana-12.html#breadcrumb","itemListElement":[{"@type":"ListItem","position":1,"name":"Home","item":"https:\/\/franciscanos.org.br\/noticias"},{"@type":"ListItem","position":2,"name":"Lan\u00e7amentos da semana"}]},{"@type":"Person","@id":"https:\/\/franciscanos.org.br\/noticias\/#\/schema\/person\/b38fbf43118f02820bd932f2e4b14ad3","name":"admin","image":{"@type":"ImageObject","inLanguage":"pt-BR","@id":"https:\/\/franciscanos.org.br\/noticias\/#\/schema\/person\/image\/","url":"https:\/\/secure.gravatar.com\/avatar\/e8495742d34d0ba6448ea1c628263b3e?s=96&d=mm&r=g","contentUrl":"https:\/\/secure.gravatar.com\/avatar\/e8495742d34d0ba6448ea1c628263b3e?s=96&d=mm&r=g","caption":"admin"},"url":"https:\/\/franciscanos.org.br\/noticias\/author\/admin"}]}},"_links":{"self":[{"href":"https:\/\/franciscanos.org.br\/noticias\/wp-json\/wp\/v2\/posts\/103281"}],"collection":[{"href":"https:\/\/franciscanos.org.br\/noticias\/wp-json\/wp\/v2\/posts"}],"about":[{"href":"https:\/\/franciscanos.org.br\/noticias\/wp-json\/wp\/v2\/types\/post"}],"author":[{"embeddable":true,"href":"https:\/\/franciscanos.org.br\/noticias\/wp-json\/wp\/v2\/users\/1"}],"replies":[{"embeddable":true,"href":"https:\/\/franciscanos.org.br\/noticias\/wp-json\/wp\/v2\/comments?post=103281"}],"version-history":[{"count":0,"href":"https:\/\/franciscanos.org.br\/noticias\/wp-json\/wp\/v2\/posts\/103281\/revisions"}],"wp:featuredmedia":[{"embeddable":true,"href":"https:\/\/franciscanos.org.br\/noticias\/wp-json\/wp\/v2\/media\/194592"}],"wp:attachment":[{"href":"https:\/\/franciscanos.org.br\/noticias\/wp-json\/wp\/v2\/media?parent=103281"}],"wp:term":[{"taxonomy":"category","embeddable":true,"href":"https:\/\/franciscanos.org.br\/noticias\/wp-json\/wp\/v2\/categories?post=103281"},{"taxonomy":"post_tag","embeddable":true,"href":"https:\/\/franciscanos.org.br\/noticias\/wp-json\/wp\/v2\/tags?post=103281"}],"curies":[{"name":"wp","href":"https:\/\/api.w.org\/{rel}","templated":true}]}}