{"id":102941,"date":"2016-01-24T22:53:59","date_gmt":"2016-01-25T00:53:59","guid":{"rendered":"http:\/\/franciscanos.org.br\/?p=102941"},"modified":"2023-01-25T10:05:14","modified_gmt":"2023-01-25T13:05:14","slug":"prontos-para-o-servico-a-fraternidade-provincial","status":"publish","type":"post","link":"https:\/\/franciscanos.org.br\/noticias\/prontos-para-o-servico-a-fraternidade-provincial.html","title":{"rendered":"Prontos para o servi\u00e7o \u00e0 Fraternidade Provincial"},"content":{"rendered":"<p><img loading=\"lazy\" src=\"http:\/\/franciscanos.org.br\/wp-content\/uploads\/2016\/01\/alto14.jpg\" alt=\"alto\" width=\"820\" height=\"439\" \/><\/p>\n<p><strong>Agudos (SP)<\/strong> &#8211; O Cap\u00edtulo Provincial eletivo da Prov\u00edncia da Imaculada Concei\u00e7\u00e3o cumpriu mais uma etapa importante neste domingo, 24 de janeiro, ao dar posse ao novo Vig\u00e1rio Provincial, Frei Evaristo Spengler (com a nomea\u00e7\u00e3o de Frei Evaristo para bispo, foi eleito <strong>Frei C\u00e9sar K\u00fclkamp<\/strong>), e aos Definidores eleitos &#8211; Frei C\u00e9sar K\u00fclkamp, Frei Jo\u00e3o Mannes, Frei Gustavo Medella, Frei Jo\u00e3o Francisco da Silva, Frei Paulo Pereira e Frei Jos\u00e9 Francisco de C\u00e1ssia dos Santos &#8211; na Capela do Semin\u00e1rio Santo Ant\u00f4nio, em Agudos (SP).<\/p>\n<p>O rito teve in\u00edcio com a chamada dos eleitos pelo secret\u00e1rio do Cap\u00edtulo, Frei Sandro Roberto da Costa. Primeiro, ele chamou o Vig\u00e1rio Provincial, Frei Evaristo Spengler, que se aproximou do presidente do Cap\u00edtulo, Frei Nestor In\u00e1cio Schwerz, e do Ministro Provincial Frei Fid\u00eancio Vanboemmel. Ajoelhado diante do presidente do Cap\u00edtulo, ele foi confirmado como eleito e recitou a promessa de cumprir o dever do cargo. Depois, os Definidores repetiram a mesma promessa ajoelhados: \u201cCom o aux\u00edlio da Sant\u00edssima Trindade, da Imaculada Virgem Maria, de nosso Patriarca S\u00e3o Francisco, de todos os Santos e Santas da nossa Ordem, prometo cumprir fiel e zelosamente, os santos deveres do meu cargo, que, pela bondade de Deus, me foram confiados em santa obedi\u00eancia, nesta nossa Prov\u00edncia Franciscana da Imaculada Concei\u00e7\u00e3o\u201d.<\/p>\n<p>Para Frei Nestor, o t\u00edtulo desta celebra\u00e7\u00e3o, &#8220;tomada de posse&#8230;&#8221;, na verdade n\u00e3o quer dizer que os Definidores v\u00e3o tomar posse. &#8220;Voc\u00eas v\u00e3o receber o Esp\u00edrito do Senhor para prestar esse servi\u00e7o a toda a Fraternidade. E \u00e9 a Fraternidade que vai tomar posse de voc\u00eas para que ajudem o Ministro Provincial na anima\u00e7\u00e3o dela. Ou seja, animar a vida e a miss\u00e3o desta Fraternidade, sobretudo segundo as orienta\u00e7\u00f5es deste Cap\u00edtulo&#8221;, enfatizou.<\/p>\n<p><img loading=\"lazy\" src=\"http:\/\/franciscanos.org.br\/wp-content\/uploads\/2016\/01\/alto37.jpg\" alt=\"alto3\" width=\"820\" height=\"312\" \/><\/p>\n<p><em><strong>\u00a0Da esq. para dir.: Frei C\u00e9sar, Frei Mannes, Frei Gustavo, Frei Fid\u00eancio, Frei Nestor, Frei Evaristo, Frei Jo\u00e3o Francisco, Frei Paulo, Frei Jos\u00e9 Francisco e Frei Sandro da Costa.\u00a0<\/strong><\/em><\/p>\n<p>Frei Nestor abordou tamb\u00e9m outro aspecto importante neste processo. &#8220;Voc\u00eas n\u00e3o v\u00e3o ser simplesmente representantes de uma regi\u00e3o ou de um grupo. Voc\u00eas v\u00e3o ser Definidores e Vig\u00e1rio Provincial de toda a Fraternidade. V\u00e3o pensar e buscar o bem de toda a Fraternidade&#8221;, exortou. &#8220;Claro, que perto de sua atividade ou trabalho,\u00a0 poder\u00e3o falar com mais propriedade, mais autoridade a partir dali, mas sempre pensando no bem de toda a Fraternidade&#8221;, insistiu.<\/p>\n<p>Terminou dizendo que o Vig\u00e1rio e os Definidores v\u00e3o ser refer\u00eancia para a Fraternidade na medida em que crescerem como irm\u00e3os dentro desse servi\u00e7o na Prov\u00edncia e na Ordem.<\/p>\n<p>Na sua fala, Frei Fid\u00eancio tamb\u00e9m insistiu na fraternidade que devera existir no governo provincial. &#8220;Uma fraternidade entre n\u00f3s, onde saibamos, sobretudo, ouvir&#8221;, disse. &#8220;Dessa forma, saberemos amar e respeitar toda a Prov\u00edncia&#8221;, ensinou.<\/p>\n<p><img loading=\"lazy\" src=\"http:\/\/franciscanos.org.br\/wp-content\/uploads\/2016\/01\/alto48.jpg\" alt=\"alto4\" width=\"820\" height=\"388\" \/><\/p>\n<p>Frei Fid\u00eancio agradeceu a Prov\u00edncia por esses irm\u00e3os. &#8220;Quero agradecer esses irm\u00e3os que a Prov\u00edncia me deu para, juntos, conduzirmos esta Prov\u00edncia da Imaculada Concei\u00e7\u00e3o, em conformidade com aquilo que prometemos ao Senhor no dia da nossa profiss\u00e3o religiosa&#8221;, agradeceu.<\/p>\n<p>Frei Fid\u00eancio lembrou um texto da <em>Sacrum Commercium<\/em>, onde Francisco re\u00fane os irm\u00e3os para falar da Dama Pobreza. &#8220;Se n\u00f3s quisermos atingir o cume onde mora a Senhora Dona Pobreza, \u00e9 preciso fazer como Francisco ao dizer a seus cavaleiros: &#8216;Preparai como homens fortes&#8217;. Acho que \u00e9 isso que n\u00f3s temos que ter presente em primeiro lugar: Devemos ser homens fortes. Mas para isso precisamos, como diz Francisco em outro texto, depor a canga da vontade pr\u00f3pria: morrer para nossas vontades e colocar em nossos ombros as exig\u00eancias evang\u00e9licas. Assim, juntos, serviremos bem a Prov\u00edncia da Imaculada Concei\u00e7\u00e3o. Ent\u00e3o, muito obrigado a todos e obrigado a voc\u00eas pelo sim generoso e a tudo aquilo que estamos propondo viver com o nosso Plano de Evangeliza\u00e7\u00e3o&#8221;, completou o Ministro Provincial.<\/p>\n<p>Em seguida o presidente do Cap\u00edtulo fez a ora\u00e7\u00e3o final e o novo governo deu a b\u00ean\u00e7\u00e3o de S\u00e3o Francisco.<\/p>\n<p>&nbsp;<\/p>\n<p><strong>CELEBRA\u00c7\u00c3O EUCAR\u00cdSTICA<\/strong><\/p>\n<p><img loading=\"lazy\" src=\"http:\/\/franciscanos.org.br\/wp-content\/uploads\/2016\/01\/alto15.jpg\" alt=\"alto\" width=\"820\" height=\"391\" \/><\/p>\n<p>O sexto dia do Cap\u00edtulo Provincial, que est\u00e1 em andamento no Semin\u00e1rio Santo Ant\u00f4nio de Agudos (SP), come\u00e7ou com a Celebra\u00e7\u00e3o Eucar\u00edstica presidida por Frei Paulo Pereira e concelebrada por Frei Adriano Nascimento, Frei Ludovico Garmus e o di\u00e1cono Frei Edvaldo Soares.<\/p>\n<p>Frei Ludovico, exegeta e professor do Instituto Teol\u00f3gico Franciscano de Petr\u00f3polis, tornou sua homilia uma aula de exegese e de como se deve ser feita uma celebra\u00e7\u00e3o. &#8220;Se n\u00f3s prestarmos a aten\u00e7\u00e3o nesta primeira leitura teremos o verdadeiro rito da proclama\u00e7\u00e3o da Palavra de Deus&#8221;, disse.<\/p>\n<p>&#8220;Desta leitura e celebra\u00e7\u00e3o da Palavra, podemos dizer que o povo teve uma experi\u00eancia de Deus; saiu alegre e forte para enfrentar a vida no dia a dia&#8221;, acrescentou. &#8220;Liturgia faz parte da celebra\u00e7\u00e3o da evangeliza\u00e7\u00e3o da nossa f\u00e9. \u00c9 a\u00ed que se d\u00e1 a experi\u00eancia de Deus. Se nossas celebra\u00e7\u00f5es n\u00e3o ajudam o povo que vem a n\u00f3s, que celebra conosco, a ter a experi\u00eancia de Deus, o que \u00e9 que estamos fazendo?&#8221;, perguntou.<\/p>\n<p><img loading=\"lazy\" class=\"alignleft size-full wp-image-102947\" src=\"http:\/\/franciscanos.org.br\/wp-content\/uploads\/2016\/01\/paulo2.jpg\" alt=\"paulo\" width=\"300\" height=\"400\" \/><\/p>\n<p>No Evangelho, temos partes da celebra\u00e7\u00e3o, diz Frei Ludovico, pois se sup\u00f5e um ambiente preparado na sinagoga. &#8220;Em vez de dizer o que os ouvintes deveriam fazer, Jesus se pergunta \u2018o que Deus quer que eu fa\u00e7a\u2019. Sua resposta ao Pai \u00e9 adotar o texto lido como programa de sua miss\u00e3o: a) sente-se movido pelo Esp\u00edrito do Senhor, que sobre ele repousou no batismo (3,21-22); b) sua miss\u00e3o \u00e9 anunciar a boa-nova aos pobres; c) libertar os aprisionados; d) devolver a vis\u00e3o aos cegos; e) libertar os oprimidos; f) proclamar o ano da \u201cgra\u00e7a\u201d do Senhor, isto \u00e9, um ano do perd\u00e3o de todas as d\u00edvidas, de modo que os insolventes aprisionados sejam libertados&#8221;.<\/p>\n<p>Frei Ludovico termina a sua homilia comentando a carta de S\u00e3o Paulo aos Cor\u00edntios. &#8220;Paulo continua a falar sobre os dons do Esp\u00edrito Santo. Agora d\u00e1 o exemplo do corpo e seus membros. Batizados e alimentados pelo mesmo Esp\u00edrito, fazemos o corpo de Cristo. \u00c9 o Esp\u00edrito une judeus e gregos, escravos e livres vivam em harmonia neste mesmo corpo de Cristo. \u2013 S\u00e3o Francisco de Assis exorta a seus irm\u00e3os a \u201cn\u00e3o perder o Esp\u00edrito do Senhor e seu santo modo de operar\u201d&#8217;.<\/p>\n<p>Antes da b\u00ean\u00e7\u00e3o final, Frei Paulo lembrou que falar em Cap\u00edtulo Provincial \u00e9 fazer uma liga\u00e7\u00e3o com transfer\u00eancias e mudan\u00e7as. &#8220;Mas o Cap\u00edtulo \u00e9 antes de tudo um momento de confraterniza\u00e7\u00e3o e revigoramento&#8221;, disse.<\/p>\n<p>Ele convidou os irm\u00e3os da Ordem Franciscana Secular para chegarem at\u00e9 o presbit\u00e9rio para a b\u00ean\u00e7\u00e3o final. A Fraternidade da OFS de Agudos est\u00e1 celebrando este ano 25 anos de sua funda\u00e7\u00e3o.<\/p>\n<p><strong>Equipe de Comunica\u00e7\u00e3o do Cap\u00edtulo Provincial<\/strong><\/p>\n","protected":false},"excerpt":{"rendered":"<p>Cap\u00edtulo Provincial<\/p>\n","protected":false},"author":1,"featured_media":217725,"comment_status":"open","ping_status":"open","sticky":false,"template":"","format":"standard","meta":[],"categories":[1],"tags":[1379,1277,668],"acf":[],"yoast_head":"<!-- This site is optimized with the Yoast SEO plugin v19.2 - https:\/\/yoast.com\/wordpress\/plugins\/seo\/ -->\n<title>Prontos para o servi\u00e7o \u00e0 Fraternidade Provincial - Not\u00edcias - Franciscanos<\/title>\n<meta name=\"robots\" content=\"index, follow, max-snippet:-1, max-image-preview:large, max-video-preview:-1\" \/>\n<link rel=\"canonical\" href=\"https:\/\/franciscanos.org.br\/noticias\/prontos-para-o-servico-a-fraternidade-provincial.html\" \/>\n<meta property=\"og:locale\" content=\"pt_BR\" \/>\n<meta property=\"og:type\" content=\"article\" \/>\n<meta property=\"og:title\" content=\"Prontos para o servi\u00e7o \u00e0 Fraternidade Provincial - Not\u00edcias - Franciscanos\" \/>\n<meta property=\"og:description\" content=\"Cap\u00edtulo Provincial\" \/>\n<meta property=\"og:url\" content=\"https:\/\/franciscanos.org.br\/noticias\/prontos-para-o-servico-a-fraternidade-provincial.html\" \/>\n<meta property=\"og:site_name\" content=\"Not\u00edcias - Franciscanos\" \/>\n<meta property=\"article:published_time\" content=\"2016-01-25T00:53:59+00:00\" \/>\n<meta property=\"article:modified_time\" content=\"2023-01-25T13:05:14+00:00\" \/>\n<meta property=\"og:image\" content=\"https:\/\/franciscanos.org.br\/noticias\/wp-content\/uploads\/2016\/01\/alto14.jpg\" \/>\n\t<meta property=\"og:image:width\" content=\"273\" \/>\n\t<meta property=\"og:image:height\" content=\"181\" \/>\n\t<meta property=\"og:image:type\" content=\"image\/jpeg\" \/>\n<meta name=\"author\" content=\"admin\" \/>\n<meta name=\"twitter:card\" content=\"summary_large_image\" \/>\n<meta name=\"twitter:label1\" content=\"Escrito por\" \/>\n\t<meta name=\"twitter:data1\" content=\"admin\" \/>\n\t<meta name=\"twitter:label2\" content=\"Est. tempo de leitura\" \/>\n\t<meta name=\"twitter:data2\" content=\"6 minutos\" \/>\n<script type=\"application\/ld+json\" class=\"yoast-schema-graph\">{\"@context\":\"https:\/\/schema.org\",\"@graph\":[{\"@type\":\"WebSite\",\"@id\":\"https:\/\/franciscanos.org.br\/noticias\/#website\",\"url\":\"https:\/\/franciscanos.org.br\/noticias\/\",\"name\":\"Not\u00edcias - Franciscanos\",\"description\":\"Prov\u00edncia Franciscana da Imaculada Concei\u00e7\u00e3o do Brasil - Ordem dos Frades Menores - OFM\",\"potentialAction\":[{\"@type\":\"SearchAction\",\"target\":{\"@type\":\"EntryPoint\",\"urlTemplate\":\"https:\/\/franciscanos.org.br\/noticias\/?s={search_term_string}\"},\"query-input\":\"required name=search_term_string\"}],\"inLanguage\":\"pt-BR\"},{\"@type\":\"ImageObject\",\"inLanguage\":\"pt-BR\",\"@id\":\"https:\/\/franciscanos.org.br\/noticias\/prontos-para-o-servico-a-fraternidade-provincial.html#primaryimage\",\"url\":\"https:\/\/franciscanos.org.br\/noticias\/wp-content\/uploads\/2016\/01\/alto14.jpg\",\"contentUrl\":\"https:\/\/franciscanos.org.br\/noticias\/wp-content\/uploads\/2016\/01\/alto14.jpg\",\"width\":273,\"height\":181},{\"@type\":\"WebPage\",\"@id\":\"https:\/\/franciscanos.org.br\/noticias\/prontos-para-o-servico-a-fraternidade-provincial.html#webpage\",\"url\":\"https:\/\/franciscanos.org.br\/noticias\/prontos-para-o-servico-a-fraternidade-provincial.html\",\"name\":\"Prontos para o servi\u00e7o \u00e0 Fraternidade Provincial - Not\u00edcias - Franciscanos\",\"isPartOf\":{\"@id\":\"https:\/\/franciscanos.org.br\/noticias\/#website\"},\"primaryImageOfPage\":{\"@id\":\"https:\/\/franciscanos.org.br\/noticias\/prontos-para-o-servico-a-fraternidade-provincial.html#primaryimage\"},\"datePublished\":\"2016-01-25T00:53:59+00:00\",\"dateModified\":\"2023-01-25T13:05:14+00:00\",\"author\":{\"@id\":\"https:\/\/franciscanos.org.br\/noticias\/#\/schema\/person\/b38fbf43118f02820bd932f2e4b14ad3\"},\"breadcrumb\":{\"@id\":\"https:\/\/franciscanos.org.br\/noticias\/prontos-para-o-servico-a-fraternidade-provincial.html#breadcrumb\"},\"inLanguage\":\"pt-BR\",\"potentialAction\":[{\"@type\":\"ReadAction\",\"target\":[\"https:\/\/franciscanos.org.br\/noticias\/prontos-para-o-servico-a-fraternidade-provincial.html\"]}]},{\"@type\":\"BreadcrumbList\",\"@id\":\"https:\/\/franciscanos.org.br\/noticias\/prontos-para-o-servico-a-fraternidade-provincial.html#breadcrumb\",\"itemListElement\":[{\"@type\":\"ListItem\",\"position\":1,\"name\":\"Home\",\"item\":\"https:\/\/franciscanos.org.br\/noticias\"},{\"@type\":\"ListItem\",\"position\":2,\"name\":\"Prontos para o servi\u00e7o \u00e0 Fraternidade Provincial\"}]},{\"@type\":\"Person\",\"@id\":\"https:\/\/franciscanos.org.br\/noticias\/#\/schema\/person\/b38fbf43118f02820bd932f2e4b14ad3\",\"name\":\"admin\",\"image\":{\"@type\":\"ImageObject\",\"inLanguage\":\"pt-BR\",\"@id\":\"https:\/\/franciscanos.org.br\/noticias\/#\/schema\/person\/image\/\",\"url\":\"https:\/\/secure.gravatar.com\/avatar\/e8495742d34d0ba6448ea1c628263b3e?s=96&d=mm&r=g\",\"contentUrl\":\"https:\/\/secure.gravatar.com\/avatar\/e8495742d34d0ba6448ea1c628263b3e?s=96&d=mm&r=g\",\"caption\":\"admin\"},\"url\":\"https:\/\/franciscanos.org.br\/noticias\/author\/admin\"}]}<\/script>\n<!-- \/ Yoast SEO plugin. -->","yoast_head_json":{"title":"Prontos para o servi\u00e7o \u00e0 Fraternidade Provincial - Not\u00edcias - Franciscanos","robots":{"index":"index","follow":"follow","max-snippet":"max-snippet:-1","max-image-preview":"max-image-preview:large","max-video-preview":"max-video-preview:-1"},"canonical":"https:\/\/franciscanos.org.br\/noticias\/prontos-para-o-servico-a-fraternidade-provincial.html","og_locale":"pt_BR","og_type":"article","og_title":"Prontos para o servi\u00e7o \u00e0 Fraternidade Provincial - Not\u00edcias - Franciscanos","og_description":"Cap\u00edtulo Provincial","og_url":"https:\/\/franciscanos.org.br\/noticias\/prontos-para-o-servico-a-fraternidade-provincial.html","og_site_name":"Not\u00edcias - Franciscanos","article_published_time":"2016-01-25T00:53:59+00:00","article_modified_time":"2023-01-25T13:05:14+00:00","og_image":[{"width":273,"height":181,"url":"https:\/\/franciscanos.org.br\/noticias\/wp-content\/uploads\/2016\/01\/alto14.jpg","type":"image\/jpeg"}],"author":"admin","twitter_card":"summary_large_image","twitter_misc":{"Escrito por":"admin","Est. tempo de leitura":"6 minutos"},"schema":{"@context":"https:\/\/schema.org","@graph":[{"@type":"WebSite","@id":"https:\/\/franciscanos.org.br\/noticias\/#website","url":"https:\/\/franciscanos.org.br\/noticias\/","name":"Not\u00edcias - Franciscanos","description":"Prov\u00edncia Franciscana da Imaculada Concei\u00e7\u00e3o do Brasil - Ordem dos Frades Menores - OFM","potentialAction":[{"@type":"SearchAction","target":{"@type":"EntryPoint","urlTemplate":"https:\/\/franciscanos.org.br\/noticias\/?s={search_term_string}"},"query-input":"required name=search_term_string"}],"inLanguage":"pt-BR"},{"@type":"ImageObject","inLanguage":"pt-BR","@id":"https:\/\/franciscanos.org.br\/noticias\/prontos-para-o-servico-a-fraternidade-provincial.html#primaryimage","url":"https:\/\/franciscanos.org.br\/noticias\/wp-content\/uploads\/2016\/01\/alto14.jpg","contentUrl":"https:\/\/franciscanos.org.br\/noticias\/wp-content\/uploads\/2016\/01\/alto14.jpg","width":273,"height":181},{"@type":"WebPage","@id":"https:\/\/franciscanos.org.br\/noticias\/prontos-para-o-servico-a-fraternidade-provincial.html#webpage","url":"https:\/\/franciscanos.org.br\/noticias\/prontos-para-o-servico-a-fraternidade-provincial.html","name":"Prontos para o servi\u00e7o \u00e0 Fraternidade Provincial - Not\u00edcias - Franciscanos","isPartOf":{"@id":"https:\/\/franciscanos.org.br\/noticias\/#website"},"primaryImageOfPage":{"@id":"https:\/\/franciscanos.org.br\/noticias\/prontos-para-o-servico-a-fraternidade-provincial.html#primaryimage"},"datePublished":"2016-01-25T00:53:59+00:00","dateModified":"2023-01-25T13:05:14+00:00","author":{"@id":"https:\/\/franciscanos.org.br\/noticias\/#\/schema\/person\/b38fbf43118f02820bd932f2e4b14ad3"},"breadcrumb":{"@id":"https:\/\/franciscanos.org.br\/noticias\/prontos-para-o-servico-a-fraternidade-provincial.html#breadcrumb"},"inLanguage":"pt-BR","potentialAction":[{"@type":"ReadAction","target":["https:\/\/franciscanos.org.br\/noticias\/prontos-para-o-servico-a-fraternidade-provincial.html"]}]},{"@type":"BreadcrumbList","@id":"https:\/\/franciscanos.org.br\/noticias\/prontos-para-o-servico-a-fraternidade-provincial.html#breadcrumb","itemListElement":[{"@type":"ListItem","position":1,"name":"Home","item":"https:\/\/franciscanos.org.br\/noticias"},{"@type":"ListItem","position":2,"name":"Prontos para o servi\u00e7o \u00e0 Fraternidade Provincial"}]},{"@type":"Person","@id":"https:\/\/franciscanos.org.br\/noticias\/#\/schema\/person\/b38fbf43118f02820bd932f2e4b14ad3","name":"admin","image":{"@type":"ImageObject","inLanguage":"pt-BR","@id":"https:\/\/franciscanos.org.br\/noticias\/#\/schema\/person\/image\/","url":"https:\/\/secure.gravatar.com\/avatar\/e8495742d34d0ba6448ea1c628263b3e?s=96&d=mm&r=g","contentUrl":"https:\/\/secure.gravatar.com\/avatar\/e8495742d34d0ba6448ea1c628263b3e?s=96&d=mm&r=g","caption":"admin"},"url":"https:\/\/franciscanos.org.br\/noticias\/author\/admin"}]}},"_links":{"self":[{"href":"https:\/\/franciscanos.org.br\/noticias\/wp-json\/wp\/v2\/posts\/102941"}],"collection":[{"href":"https:\/\/franciscanos.org.br\/noticias\/wp-json\/wp\/v2\/posts"}],"about":[{"href":"https:\/\/franciscanos.org.br\/noticias\/wp-json\/wp\/v2\/types\/post"}],"author":[{"embeddable":true,"href":"https:\/\/franciscanos.org.br\/noticias\/wp-json\/wp\/v2\/users\/1"}],"replies":[{"embeddable":true,"href":"https:\/\/franciscanos.org.br\/noticias\/wp-json\/wp\/v2\/comments?post=102941"}],"version-history":[{"count":2,"href":"https:\/\/franciscanos.org.br\/noticias\/wp-json\/wp\/v2\/posts\/102941\/revisions"}],"predecessor-version":[{"id":241916,"href":"https:\/\/franciscanos.org.br\/noticias\/wp-json\/wp\/v2\/posts\/102941\/revisions\/241916"}],"wp:featuredmedia":[{"embeddable":true,"href":"https:\/\/franciscanos.org.br\/noticias\/wp-json\/wp\/v2\/media\/217725"}],"wp:attachment":[{"href":"https:\/\/franciscanos.org.br\/noticias\/wp-json\/wp\/v2\/media?parent=102941"}],"wp:term":[{"taxonomy":"category","embeddable":true,"href":"https:\/\/franciscanos.org.br\/noticias\/wp-json\/wp\/v2\/categories?post=102941"},{"taxonomy":"post_tag","embeddable":true,"href":"https:\/\/franciscanos.org.br\/noticias\/wp-json\/wp\/v2\/tags?post=102941"}],"curies":[{"name":"wp","href":"https:\/\/api.w.org\/{rel}","templated":true}]}}