{"id":10268,"date":"2012-01-04T07:46:16","date_gmt":"2012-01-04T09:46:16","guid":{"rendered":"http:\/\/new.franciscanos.org.br\/?p=10268"},"modified":"2019-09-13T12:46:12","modified_gmt":"2019-09-13T15:46:12","slug":"primeira-profissao-em-rodeio","status":"publish","type":"post","link":"https:\/\/franciscanos.org.br\/noticias\/primeira-profissao-em-rodeio.html","title":{"rendered":"Primeira Profiss\u00e3o em Rodeio"},"content":{"rendered":"<p><a href=\"http:\/\/franciscanos.org.br\/wp-content\/uploads\/2012\/01\/1623_040112_noviciado_3.jpg\"><img loading=\"lazy\" class=\"alignleft size-full wp-image-10304\" title=\"1623_040112_noviciado_3\" src=\"http:\/\/franciscanos.org.br\/wp-content\/uploads\/2012\/01\/1623_040112_noviciado_3.jpg\" alt=\"\" width=\"300\" height=\"225\" \/><\/a><\/p>\n<p>Neste 4 de janeiro, \u00e0s 19 horas, o Noviciado Franciscano de Rodeio (SC) ter\u00e1 um dia solene com a Primeira Profiss\u00e3o dos novi\u00e7os na Ordem dos Frades Menores: Frei Claudinei Canan\u00e9a Bustamante, Frei Cristiano Aparecido Maciel e \u00a0Frei Juliano Fachini Fernandes e a profiss\u00e3o solene de Frei Robson Luiz Scudela. \u00a0O angolano Frei Mvula Nzaji Andr\u00e9 tamb\u00e9m \u00e9 novi\u00e7o, mas sua primeira profiss\u00e3o ser\u00e1 no dia 29 de janeiro, na sede da Prov\u00edncia, na Vila Clementino, \u00e0s 19 horas. Ele iniciou o noviciado com atraso de um m\u00eas, por isso sua profiss\u00e3o ser\u00e1 feita \u00e0 parte. \u00a0A celebra\u00e7\u00e3o ser\u00e1 presidida pelo Ministro Provincial, Frei Fid\u00eancio Vanboemmel.<\/p>\n<p>Os novi\u00e7os foram orientados pelo Mestre e Definidor da Prov\u00edncia, Frei Samuel Ferreira de Lima, e pela fraternidade local. Na Ordem Franciscana, os votos simples da profiss\u00e3o tempor\u00e1ria s\u00e3o renovados anualmente at\u00e9 o momento da profiss\u00e3o solene.<\/p>\n<table border=\"0\" width=\"300\" cellspacing=\"0\" cellpadding=\"0\" align=\"right\">\n<tbody>\n<tr>\n<td valign=\"top\" width=\"27%\"><img loading=\"lazy\" title=\"1623_040112_claudinei\" src=\"http:\/\/franciscanos.org.br\/wp-content\/uploads\/2012\/01\/1623_040112_claudinei.jpg\" alt=\"\" width=\"80\" height=\"105\" border=\"0\" \/><\/td>\n<td valign=\"top\" width=\"73%\"><span class=\"style6\"><strong>Claudinei Canan\u00e9a Bustamante<\/strong><br \/>\n<strong>Nascimento:<\/strong> 06\/01\/1988<br \/>\n<strong>Naturalidade:<\/strong> Paraty\/RJ<\/span><\/td>\n<\/tr>\n<tr>\n<td valign=\"top\" width=\"27%\"><img loading=\"lazy\" title=\"1623_040112_cristiano\" src=\"http:\/\/franciscanos.org.br\/wp-content\/uploads\/2012\/01\/1623_040112_cristiano.jpg\" alt=\"\" width=\"80\" height=\"107\" border=\"0\" \/><\/td>\n<td valign=\"top\"><span class=\"style6\"><strong>Cristiano Aparecido Maciel<\/strong><br \/>\n<strong>Nascimento:<\/strong> 10\/12\/1985<br \/>\n<strong>Naturalidade:<\/strong> Ribeir\u00e3o Bonito\/SP<\/span><\/td>\n<\/tr>\n<tr>\n<td valign=\"top\" width=\"27%\"><img loading=\"lazy\" title=\"1623_040112_juliano\" src=\"http:\/\/franciscanos.org.br\/wp-content\/uploads\/2012\/01\/1623_040112_juliano.jpg\" alt=\"\" width=\"80\" height=\"107\" border=\"0\" \/><\/td>\n<td valign=\"top\"><span class=\"style6\"><strong>Juliano Fachini Fernandes<\/strong><br \/>\n<strong>Nascimento:<\/strong> 23\/01\/1982<br \/>\n<strong>Naturalidade:<\/strong> Rio do Sul\/SC<\/span><\/td>\n<\/tr>\n<tr>\n<td valign=\"top\" width=\"27%\"><img loading=\"lazy\" title=\"1623_040112_mu\" src=\"http:\/\/franciscanos.org.br\/wp-content\/uploads\/2012\/01\/1623_040112_mu.jpg\" alt=\"\" width=\"80\" height=\"107\" border=\"0\" \/><\/td>\n<td valign=\"top\"><span class=\"style6\"><span class=\"style6\"><strong>Mvula Nzaji Andr\u00e9<\/strong><br \/>\n<strong>Nascimento:<\/strong> 25\/01\/1978<br \/>\n<strong>Naturalidade:<\/strong>Marimba\/ Angola<\/span><\/span><\/td>\n<\/tr>\n<\/tbody>\n<\/table>\n<p>\u201cOs irm\u00e3os entregam-se totalmente a Deus, sumamente amado, pela profiss\u00e3o da obedi\u00eancia, da pobreza e da castidade, que deve ser vivida segundo o esp\u00edrito de S\u00e3o Francisco; contraem uma alian\u00e7a com Deus, e sua vida se torna, por toda a exist\u00eancia, um sacrif\u00edcio oferecido a Deus na caridade\u201d, segundo a orienta\u00e7\u00e3o das Constitui\u00e7\u00f5es Gerais da Ordem Franciscana.<\/p>\n<p>A profiss\u00e3o religiosa na Ordem Franciscana, emitida nas m\u00e3os do Ministro Provincial, Frei Fid\u00eancio Vanboemmel, faz-se nos seguintes termos:<\/p>\n<p>&#8220;Para louvor e gl\u00f3ria da Sant\u00edssima Trindade. Eu, Frei N.N. , tendo o Senhor me dado a gra\u00e7a de seguir mais de perto o Evangelho e os passos de nosso Senhor Jesus Cristo, em tuas m\u00e3os, Frei Fid\u00eancio Vanboemmel, com firme f\u00e9 e vontade, fa\u00e7o voto a Deus, Pai santo e todo-poderoso, de viver por um ano, em obedi\u00eancia, sem nada de pr\u00f3prio e em castidade. Ao mesmo tempo, professo a vida e a regra dos Frades Menores, confirmada pelo Papa Hon\u00f3rio, e prometo observ\u00e1-la fielmente segundo as Constitui\u00e7\u00f5es da Ordem dos Frades Menores. Entrego-me, pois, de todo o cora\u00e7\u00e3o a esta Fraternidade, para que, pela a\u00e7\u00e3o eficaz do Esp\u00edrito Santo, guiado pelo exemplo de Maria Imaculada, por intercess\u00e3o de nosso Pai Francisco e de todos os santos, e com a ajuda fraterna de todos, eu possa tender constantemente para a perfeita caridade, no servi\u00e7o a Deus, \u00e0 Igreja e aos homens&#8221;.<\/p>\n<p><strong>Frei Robson Scudela faz profiss\u00e3o solene em Rodeio<\/strong><\/p>\n<p><a href=\"http:\/\/franciscanos.org.br\/wp-content\/uploads\/2012\/01\/1623_040112_robson.jpg\"><img loading=\"lazy\" class=\"size-full wp-image-10293 alignleft\" title=\"1623_040112_robson\" src=\"http:\/\/franciscanos.org.br\/wp-content\/uploads\/2012\/01\/1623_040112_robson.jpg\" alt=\"\" width=\"150\" height=\"158\" \/><\/a>Depois de passar uma experi\u00eancia de dois anos na Miss\u00e3o de Angola e concluir os estudos de Filosofia, Frei Robson Luiz Scudela vai professar solenemente na Ordem dos Frades Menores neste dia 4 de janeiro, \u00e0s 19 horas, na Igreja Matriz S\u00e3o Francisco de Assis de Rodeio (SC).<\/p>\n<p>Frei Robson \u00e9 natural de Xaxim, no Oeste Catarinense. Nasceu no dia 27 de outubro de 1986 e vestiu o h\u00e1bito franciscano no dia 8 de janeiro de 2006, em Rodeio. Antes da experi\u00eancia em Angola, Frei Robson cursou Filosofia em Curitiba. Depois da profiss\u00e3o, o novo professo solene da Prov\u00edncia da Imaculada ir\u00e1 morar em Petr\u00f3polis para cursar Teologia no Instituto Franciscano de Petr\u00f3polis (RJ).<\/p>\n","protected":false},"excerpt":{"rendered":"<p>SAV<\/p>\n","protected":false},"author":1,"featured_media":210847,"comment_status":"closed","ping_status":"open","sticky":false,"template":"","format":"standard","meta":[],"categories":[1],"tags":[127,128],"acf":[],"yoast_head":"<!-- This site is optimized with the Yoast SEO plugin v19.2 - https:\/\/yoast.com\/wordpress\/plugins\/seo\/ -->\n<title>Primeira Profiss\u00e3o em Rodeio - Not\u00edcias - Franciscanos<\/title>\n<meta name=\"robots\" content=\"index, follow, max-snippet:-1, max-image-preview:large, max-video-preview:-1\" \/>\n<link rel=\"canonical\" href=\"https:\/\/franciscanos.org.br\/noticias\/primeira-profissao-em-rodeio.html\" \/>\n<meta property=\"og:locale\" content=\"pt_BR\" \/>\n<meta property=\"og:type\" content=\"article\" \/>\n<meta property=\"og:title\" content=\"Primeira Profiss\u00e3o em Rodeio - Not\u00edcias - Franciscanos\" \/>\n<meta property=\"og:description\" content=\"SAV\" \/>\n<meta property=\"og:url\" content=\"https:\/\/franciscanos.org.br\/noticias\/primeira-profissao-em-rodeio.html\" \/>\n<meta property=\"og:site_name\" content=\"Not\u00edcias - Franciscanos\" \/>\n<meta property=\"article:published_time\" content=\"2012-01-04T09:46:16+00:00\" \/>\n<meta property=\"article:modified_time\" content=\"2019-09-13T15:46:12+00:00\" \/>\n<meta property=\"og:image\" content=\"https:\/\/franciscanos.org.br\/noticias\/wp-content\/uploads\/2012\/01\/1623_040112_noviciado_3.jpg\" \/>\n\t<meta property=\"og:image:width\" content=\"273\" \/>\n\t<meta property=\"og:image:height\" content=\"181\" \/>\n\t<meta property=\"og:image:type\" content=\"image\/jpeg\" \/>\n<meta name=\"author\" content=\"admin\" \/>\n<meta name=\"twitter:card\" content=\"summary_large_image\" \/>\n<meta name=\"twitter:label1\" content=\"Escrito por\" \/>\n\t<meta name=\"twitter:data1\" content=\"admin\" \/>\n\t<meta name=\"twitter:label2\" content=\"Est. tempo de leitura\" \/>\n\t<meta name=\"twitter:data2\" content=\"3 minutos\" \/>\n<script type=\"application\/ld+json\" class=\"yoast-schema-graph\">{\"@context\":\"https:\/\/schema.org\",\"@graph\":[{\"@type\":\"WebSite\",\"@id\":\"https:\/\/franciscanos.org.br\/noticias\/#website\",\"url\":\"https:\/\/franciscanos.org.br\/noticias\/\",\"name\":\"Not\u00edcias - Franciscanos\",\"description\":\"Prov\u00edncia Franciscana da Imaculada Concei\u00e7\u00e3o do Brasil - Ordem dos Frades Menores - OFM\",\"potentialAction\":[{\"@type\":\"SearchAction\",\"target\":{\"@type\":\"EntryPoint\",\"urlTemplate\":\"https:\/\/franciscanos.org.br\/noticias\/?s={search_term_string}\"},\"query-input\":\"required name=search_term_string\"}],\"inLanguage\":\"pt-BR\"},{\"@type\":\"ImageObject\",\"inLanguage\":\"pt-BR\",\"@id\":\"https:\/\/franciscanos.org.br\/noticias\/primeira-profissao-em-rodeio.html#primaryimage\",\"url\":\"https:\/\/franciscanos.org.br\/noticias\/wp-content\/uploads\/2012\/01\/1623_040112_noviciado_3.jpg\",\"contentUrl\":\"https:\/\/franciscanos.org.br\/noticias\/wp-content\/uploads\/2012\/01\/1623_040112_noviciado_3.jpg\",\"width\":273,\"height\":181},{\"@type\":\"WebPage\",\"@id\":\"https:\/\/franciscanos.org.br\/noticias\/primeira-profissao-em-rodeio.html#webpage\",\"url\":\"https:\/\/franciscanos.org.br\/noticias\/primeira-profissao-em-rodeio.html\",\"name\":\"Primeira Profiss\u00e3o em Rodeio - Not\u00edcias - Franciscanos\",\"isPartOf\":{\"@id\":\"https:\/\/franciscanos.org.br\/noticias\/#website\"},\"primaryImageOfPage\":{\"@id\":\"https:\/\/franciscanos.org.br\/noticias\/primeira-profissao-em-rodeio.html#primaryimage\"},\"datePublished\":\"2012-01-04T09:46:16+00:00\",\"dateModified\":\"2019-09-13T15:46:12+00:00\",\"author\":{\"@id\":\"https:\/\/franciscanos.org.br\/noticias\/#\/schema\/person\/b38fbf43118f02820bd932f2e4b14ad3\"},\"breadcrumb\":{\"@id\":\"https:\/\/franciscanos.org.br\/noticias\/primeira-profissao-em-rodeio.html#breadcrumb\"},\"inLanguage\":\"pt-BR\",\"potentialAction\":[{\"@type\":\"ReadAction\",\"target\":[\"https:\/\/franciscanos.org.br\/noticias\/primeira-profissao-em-rodeio.html\"]}]},{\"@type\":\"BreadcrumbList\",\"@id\":\"https:\/\/franciscanos.org.br\/noticias\/primeira-profissao-em-rodeio.html#breadcrumb\",\"itemListElement\":[{\"@type\":\"ListItem\",\"position\":1,\"name\":\"Home\",\"item\":\"https:\/\/franciscanos.org.br\/noticias\"},{\"@type\":\"ListItem\",\"position\":2,\"name\":\"Primeira Profiss\u00e3o em Rodeio\"}]},{\"@type\":\"Person\",\"@id\":\"https:\/\/franciscanos.org.br\/noticias\/#\/schema\/person\/b38fbf43118f02820bd932f2e4b14ad3\",\"name\":\"admin\",\"image\":{\"@type\":\"ImageObject\",\"inLanguage\":\"pt-BR\",\"@id\":\"https:\/\/franciscanos.org.br\/noticias\/#\/schema\/person\/image\/\",\"url\":\"https:\/\/secure.gravatar.com\/avatar\/e8495742d34d0ba6448ea1c628263b3e?s=96&d=mm&r=g\",\"contentUrl\":\"https:\/\/secure.gravatar.com\/avatar\/e8495742d34d0ba6448ea1c628263b3e?s=96&d=mm&r=g\",\"caption\":\"admin\"},\"url\":\"https:\/\/franciscanos.org.br\/noticias\/author\/admin\"}]}<\/script>\n<!-- \/ Yoast SEO plugin. -->","yoast_head_json":{"title":"Primeira Profiss\u00e3o em Rodeio - Not\u00edcias - Franciscanos","robots":{"index":"index","follow":"follow","max-snippet":"max-snippet:-1","max-image-preview":"max-image-preview:large","max-video-preview":"max-video-preview:-1"},"canonical":"https:\/\/franciscanos.org.br\/noticias\/primeira-profissao-em-rodeio.html","og_locale":"pt_BR","og_type":"article","og_title":"Primeira Profiss\u00e3o em Rodeio - Not\u00edcias - Franciscanos","og_description":"SAV","og_url":"https:\/\/franciscanos.org.br\/noticias\/primeira-profissao-em-rodeio.html","og_site_name":"Not\u00edcias - Franciscanos","article_published_time":"2012-01-04T09:46:16+00:00","article_modified_time":"2019-09-13T15:46:12+00:00","og_image":[{"width":273,"height":181,"url":"https:\/\/franciscanos.org.br\/noticias\/wp-content\/uploads\/2012\/01\/1623_040112_noviciado_3.jpg","type":"image\/jpeg"}],"author":"admin","twitter_card":"summary_large_image","twitter_misc":{"Escrito por":"admin","Est. tempo de leitura":"3 minutos"},"schema":{"@context":"https:\/\/schema.org","@graph":[{"@type":"WebSite","@id":"https:\/\/franciscanos.org.br\/noticias\/#website","url":"https:\/\/franciscanos.org.br\/noticias\/","name":"Not\u00edcias - Franciscanos","description":"Prov\u00edncia Franciscana da Imaculada Concei\u00e7\u00e3o do Brasil - Ordem dos Frades Menores - OFM","potentialAction":[{"@type":"SearchAction","target":{"@type":"EntryPoint","urlTemplate":"https:\/\/franciscanos.org.br\/noticias\/?s={search_term_string}"},"query-input":"required name=search_term_string"}],"inLanguage":"pt-BR"},{"@type":"ImageObject","inLanguage":"pt-BR","@id":"https:\/\/franciscanos.org.br\/noticias\/primeira-profissao-em-rodeio.html#primaryimage","url":"https:\/\/franciscanos.org.br\/noticias\/wp-content\/uploads\/2012\/01\/1623_040112_noviciado_3.jpg","contentUrl":"https:\/\/franciscanos.org.br\/noticias\/wp-content\/uploads\/2012\/01\/1623_040112_noviciado_3.jpg","width":273,"height":181},{"@type":"WebPage","@id":"https:\/\/franciscanos.org.br\/noticias\/primeira-profissao-em-rodeio.html#webpage","url":"https:\/\/franciscanos.org.br\/noticias\/primeira-profissao-em-rodeio.html","name":"Primeira Profiss\u00e3o em Rodeio - Not\u00edcias - Franciscanos","isPartOf":{"@id":"https:\/\/franciscanos.org.br\/noticias\/#website"},"primaryImageOfPage":{"@id":"https:\/\/franciscanos.org.br\/noticias\/primeira-profissao-em-rodeio.html#primaryimage"},"datePublished":"2012-01-04T09:46:16+00:00","dateModified":"2019-09-13T15:46:12+00:00","author":{"@id":"https:\/\/franciscanos.org.br\/noticias\/#\/schema\/person\/b38fbf43118f02820bd932f2e4b14ad3"},"breadcrumb":{"@id":"https:\/\/franciscanos.org.br\/noticias\/primeira-profissao-em-rodeio.html#breadcrumb"},"inLanguage":"pt-BR","potentialAction":[{"@type":"ReadAction","target":["https:\/\/franciscanos.org.br\/noticias\/primeira-profissao-em-rodeio.html"]}]},{"@type":"BreadcrumbList","@id":"https:\/\/franciscanos.org.br\/noticias\/primeira-profissao-em-rodeio.html#breadcrumb","itemListElement":[{"@type":"ListItem","position":1,"name":"Home","item":"https:\/\/franciscanos.org.br\/noticias"},{"@type":"ListItem","position":2,"name":"Primeira Profiss\u00e3o em Rodeio"}]},{"@type":"Person","@id":"https:\/\/franciscanos.org.br\/noticias\/#\/schema\/person\/b38fbf43118f02820bd932f2e4b14ad3","name":"admin","image":{"@type":"ImageObject","inLanguage":"pt-BR","@id":"https:\/\/franciscanos.org.br\/noticias\/#\/schema\/person\/image\/","url":"https:\/\/secure.gravatar.com\/avatar\/e8495742d34d0ba6448ea1c628263b3e?s=96&d=mm&r=g","contentUrl":"https:\/\/secure.gravatar.com\/avatar\/e8495742d34d0ba6448ea1c628263b3e?s=96&d=mm&r=g","caption":"admin"},"url":"https:\/\/franciscanos.org.br\/noticias\/author\/admin"}]}},"_links":{"self":[{"href":"https:\/\/franciscanos.org.br\/noticias\/wp-json\/wp\/v2\/posts\/10268"}],"collection":[{"href":"https:\/\/franciscanos.org.br\/noticias\/wp-json\/wp\/v2\/posts"}],"about":[{"href":"https:\/\/franciscanos.org.br\/noticias\/wp-json\/wp\/v2\/types\/post"}],"author":[{"embeddable":true,"href":"https:\/\/franciscanos.org.br\/noticias\/wp-json\/wp\/v2\/users\/1"}],"replies":[{"embeddable":true,"href":"https:\/\/franciscanos.org.br\/noticias\/wp-json\/wp\/v2\/comments?post=10268"}],"version-history":[{"count":0,"href":"https:\/\/franciscanos.org.br\/noticias\/wp-json\/wp\/v2\/posts\/10268\/revisions"}],"wp:featuredmedia":[{"embeddable":true,"href":"https:\/\/franciscanos.org.br\/noticias\/wp-json\/wp\/v2\/media\/210847"}],"wp:attachment":[{"href":"https:\/\/franciscanos.org.br\/noticias\/wp-json\/wp\/v2\/media?parent=10268"}],"wp:term":[{"taxonomy":"category","embeddable":true,"href":"https:\/\/franciscanos.org.br\/noticias\/wp-json\/wp\/v2\/categories?post=10268"},{"taxonomy":"post_tag","embeddable":true,"href":"https:\/\/franciscanos.org.br\/noticias\/wp-json\/wp\/v2\/tags?post=10268"}],"curies":[{"name":"wp","href":"https:\/\/api.w.org\/{rel}","templated":true}]}}